{"id":4230,"date":"2016-07-18T10:45:00","date_gmt":"2016-07-18T08:45:00","guid":{"rendered":"http:\/\/www.naturparkmagazin.de\/stechlin\/?p=4230"},"modified":"2016-07-26T13:10:30","modified_gmt":"2016-07-26T11:10:30","slug":"bernd-ewert-nabu-regionalverband-neuruppin","status":"publish","type":"post","link":"https:\/\/www.naturparkmagazin.de\/stechlin\/bernd-ewert-nabu-regionalverband-neuruppin\/","title":{"rendered":"Bernd Ewert (NABU-Regionalverband Neuruppin)"},"content":{"rendered":"<p>Ohne das ehrenamtliche Engagement w\u00e4ren viele Erfolge im Naturpark undenkbar. Bernd Ewert geh\u00f6rt als Vorsitzender des NABU-Regionalverbandes Neuruppin zu den Unerm\u00fcdlichen, die sich im Ehrenamt f\u00fcr den Erhalt der Natur engagieren. Der im Hauptberuf als Lehrer arbeitende Mann aus Zechlinerh\u00fctte setzt sich seit der Wende f\u00fcr die Ausweisung\u00a0des Naturparks und seine erfolgreiche Entwicklung ein. Als Gr\u00fcndungsmitglied des Kuratoriums und Vorstandsmitglied von Anfang an bis heute geh\u00f6rt er zum Urgestein dieser Interessenvertretung. Mit den an den Rheinsberger Gew\u00e4ssern br\u00fctenden Fischadlern ist er als Horstbetreuer schon lange &#8222;<em>per Du<\/em>&#8222;.<\/p>\n<div id=\"attachment_4309\" style=\"width: 310px\" class=\"wp-caption alignleft\"><a href=\"https:\/\/www.naturparkmagazin.de\/stechlin\/wp-content\/uploads\/sites\/38\/prominent-bernd-ewert_DSC_0037.jpg\"><img aria-describedby=\"caption-attachment-4309\" decoding=\"async\" loading=\"lazy\" class=\"wp-image-4309 size-thumbnail\" src=\"https:\/\/www.naturparkmagazin.de\/stechlin\/wp-content\/uploads\/sites\/38\/prominent-bernd-ewert_DSC_0037-300x180.jpg\" alt=\"prominent bernd ewert_DSC_0037\" width=\"300\" height=\"180\" srcset=\"https:\/\/www.naturparkmagazin.de\/stechlin\/wp-content\/uploads\/sites\/38\/prominent-bernd-ewert_DSC_0037-300x180.jpg 300w, https:\/\/www.naturparkmagazin.de\/stechlin\/wp-content\/uploads\/sites\/38\/prominent-bernd-ewert_DSC_0037.jpg 500w, https:\/\/www.naturparkmagazin.de\/stechlin\/wp-content\/uploads\/sites\/38\/prominent-bernd-ewert_DSC_0037-200x120.jpg 200w\" sizes=\"(max-width: 300px) 100vw, 300px\" \/><\/a><p id=\"caption-attachment-4309\" class=\"wp-caption-text\">Bernd Ewert unterwegs als Fischadler-Horstbetreuer<\/p><\/div>\n<p>&nbsp;<\/p>\n<p>&nbsp;<\/p>\n<p>&nbsp;<\/p>\n<p>&nbsp;<\/p>\n<p>&nbsp;<\/p>\n<p>&nbsp;<\/p>\n<p>Dass heute noch Fischadler im Naturpark traditionell auf B\u00e4umen br\u00fcten und nicht nur auf Strommasten ist seiner Initiative zu verdanken. Allein in diesem Jahr hat er die Erneuerung von 4 Nistunterlagen f\u00fcr Baumbr\u00fcter organisiert. Seine Sch\u00fctzlinge danken es ihm, in dem sie alle Horststandorte nach ihrer R\u00fcckkehr aus dem Winterquartier sofort wieder als Brutstandort angenommen haben.<\/p>\n<p>weitere Infos unter: <a href=\"http:\/\/www.nabu-neuruppin.de\">www.nabu-neuruppin.de<\/a><\/p>\n","protected":false},"excerpt":{"rendered":"<p>Ohne das ehrenamtliche Engagement w\u00e4ren viele Erfolge im Naturpark undenkbar. Bernd Ewert geh\u00f6rt als Vorsitzender des NABU-Regionalverbandes Neuruppin zu den Unerm\u00fcdlichen im Ehrenamt.<\/p>\n","protected":false},"author":39,"featured_media":4248,"comment_status":"open","ping_status":"open","sticky":false,"template":"","format":"standard","meta":[],"categories":[8],"tags":[],"yoast_head":"<!-- This site is optimized with the Yoast SEO plugin v19.10 - https:\/\/yoast.com\/wordpress\/plugins\/seo\/ -->\n<title>Bernd Ewert (NABU-Regionalverband Neuruppin) - Naturpark Stechlin-Ruppiner Land<\/title>\n<meta name=\"robots\" content=\"index, follow, max-snippet:-1, max-image-preview:large, max-video-preview:-1\" \/>\n<link rel=\"canonical\" href=\"https:\/\/www.naturparkmagazin.de\/stechlin\/bernd-ewert-nabu-regionalverband-neuruppin\/\" \/>\n<meta property=\"og:locale\" content=\"de_DE\" \/>\n<meta property=\"og:type\" content=\"article\" \/>\n<meta property=\"og:title\" content=\"Bernd Ewert (NABU-Regionalverband Neuruppin) - Naturpark Stechlin-Ruppiner Land\" \/>\n<meta property=\"og:description\" content=\"Ohne das ehrenamtliche Engagement w\u00e4ren viele Erfolge im Naturpark undenkbar. Bernd Ewert geh\u00f6rt als Vorsitzender des NABU-Regionalverbandes Neuruppin zu den Unerm\u00fcdlichen im Ehrenamt.\" \/>\n<meta property=\"og:url\" content=\"https:\/\/www.naturparkmagazin.de\/stechlin\/bernd-ewert-nabu-regionalverband-neuruppin\/\" \/>\n<meta property=\"og:site_name\" content=\"Naturpark Stechlin-Ruppiner Land\" \/>\n<meta property=\"article:published_time\" content=\"2016-07-18T08:45:00+00:00\" \/>\n<meta property=\"article:modified_time\" content=\"2016-07-26T11:10:30+00:00\" \/>\n<meta property=\"og:image\" content=\"https:\/\/www.naturparkmagazin.de\/stechlin\/wp-content\/uploads\/sites\/38\/Bernd-Ewert.jpg\" \/>\n\t<meta property=\"og:image:width\" content=\"200\" \/>\n\t<meta property=\"og:image:height\" content=\"200\" \/>\n\t<meta property=\"og:image:type\" content=\"image\/jpeg\" \/>\n<meta name=\"author\" content=\"marioschrumpf\" \/>\n<meta name=\"twitter:label1\" content=\"Verfasst von\" \/>\n\t<meta name=\"twitter:data1\" content=\"marioschrumpf\" \/>\n\t<meta name=\"twitter:label2\" content=\"Gesch\u00e4tzte Lesezeit\" \/>\n\t<meta name=\"twitter:data2\" content=\"1\u00a0Minute\" \/>\n<script type=\"application\/ld+json\" class=\"yoast-schema-graph\">{\"@context\":\"https:\/\/schema.org\",\"@graph\":[{\"@type\":\"WebPage\",\"@id\":\"https:\/\/www.naturparkmagazin.de\/stechlin\/bernd-ewert-nabu-regionalverband-neuruppin\/\",\"url\":\"https:\/\/www.naturparkmagazin.de\/stechlin\/bernd-ewert-nabu-regionalverband-neuruppin\/\",\"name\":\"Bernd Ewert (NABU-Regionalverband Neuruppin) - Naturpark Stechlin-Ruppiner Land\",\"isPartOf\":{\"@id\":\"https:\/\/www.naturparkmagazin.de\/stechlin\/#website\"},\"datePublished\":\"2016-07-18T08:45:00+00:00\",\"dateModified\":\"2016-07-26T11:10:30+00:00\",\"author\":{\"@id\":\"https:\/\/www.naturparkmagazin.de\/stechlin\/#\/schema\/person\/3f0d93203df21c806dd63c76d9bb28bc\"},\"breadcrumb\":{\"@id\":\"https:\/\/www.naturparkmagazin.de\/stechlin\/bernd-ewert-nabu-regionalverband-neuruppin\/#breadcrumb\"},\"inLanguage\":\"de\",\"potentialAction\":[{\"@type\":\"ReadAction\",\"target\":[\"https:\/\/www.naturparkmagazin.de\/stechlin\/bernd-ewert-nabu-regionalverband-neuruppin\/\"]}]},{\"@type\":\"BreadcrumbList\",\"@id\":\"https:\/\/www.naturparkmagazin.de\/stechlin\/bernd-ewert-nabu-regionalverband-neuruppin\/#breadcrumb\",\"itemListElement\":[{\"@type\":\"ListItem\",\"position\":1,\"name\":\"Home\",\"item\":\"https:\/\/www.naturparkmagazin.de\/stechlin\/\"},{\"@type\":\"ListItem\",\"position\":2,\"name\":\"Bernd Ewert (NABU-Regionalverband Neuruppin)\"}]},{\"@type\":\"WebSite\",\"@id\":\"https:\/\/www.naturparkmagazin.de\/stechlin\/#website\",\"url\":\"https:\/\/www.naturparkmagazin.de\/stechlin\/\",\"name\":\"Naturpark Stechlin-Ruppiner Land\",\"description\":\"\",\"potentialAction\":[{\"@type\":\"SearchAction\",\"target\":{\"@type\":\"EntryPoint\",\"urlTemplate\":\"https:\/\/www.naturparkmagazin.de\/stechlin\/?s={search_term_string}\"},\"query-input\":\"required name=search_term_string\"}],\"inLanguage\":\"de\"},{\"@type\":\"Person\",\"@id\":\"https:\/\/www.naturparkmagazin.de\/stechlin\/#\/schema\/person\/3f0d93203df21c806dd63c76d9bb28bc\",\"name\":\"marioschrumpf\",\"url\":\"https:\/\/www.naturparkmagazin.de\/stechlin\/author\/marioschrumpf\/\"}]}<\/script>\n<!-- \/ Yoast SEO plugin. -->","yoast_head_json":{"title":"Bernd Ewert (NABU-Regionalverband Neuruppin) - Naturpark Stechlin-Ruppiner Land","robots":{"index":"index","follow":"follow","max-snippet":"max-snippet:-1","max-image-preview":"max-image-preview:large","max-video-preview":"max-video-preview:-1"},"canonical":"https:\/\/www.naturparkmagazin.de\/stechlin\/bernd-ewert-nabu-regionalverband-neuruppin\/","og_locale":"de_DE","og_type":"article","og_title":"Bernd Ewert (NABU-Regionalverband Neuruppin) - Naturpark Stechlin-Ruppiner Land","og_description":"Ohne das ehrenamtliche Engagement w\u00e4ren viele Erfolge im Naturpark undenkbar. Bernd Ewert geh\u00f6rt als Vorsitzender des NABU-Regionalverbandes Neuruppin zu den Unerm\u00fcdlichen im Ehrenamt.","og_url":"https:\/\/www.naturparkmagazin.de\/stechlin\/bernd-ewert-nabu-regionalverband-neuruppin\/","og_site_name":"Naturpark Stechlin-Ruppiner Land","article_published_time":"2016-07-18T08:45:00+00:00","article_modified_time":"2016-07-26T11:10:30+00:00","og_image":[{"width":200,"height":200,"url":"https:\/\/www.naturparkmagazin.de\/stechlin\/wp-content\/uploads\/sites\/38\/Bernd-Ewert.jpg","type":"image\/jpeg"}],"author":"marioschrumpf","twitter_misc":{"Verfasst von":"marioschrumpf","Gesch\u00e4tzte Lesezeit":"1\u00a0Minute"},"schema":{"@context":"https:\/\/schema.org","@graph":[{"@type":"WebPage","@id":"https:\/\/www.naturparkmagazin.de\/stechlin\/bernd-ewert-nabu-regionalverband-neuruppin\/","url":"https:\/\/www.naturparkmagazin.de\/stechlin\/bernd-ewert-nabu-regionalverband-neuruppin\/","name":"Bernd Ewert (NABU-Regionalverband Neuruppin) - Naturpark Stechlin-Ruppiner Land","isPartOf":{"@id":"https:\/\/www.naturparkmagazin.de\/stechlin\/#website"},"datePublished":"2016-07-18T08:45:00+00:00","dateModified":"2016-07-26T11:10:30+00:00","author":{"@id":"https:\/\/www.naturparkmagazin.de\/stechlin\/#\/schema\/person\/3f0d93203df21c806dd63c76d9bb28bc"},"breadcrumb":{"@id":"https:\/\/www.naturparkmagazin.de\/stechlin\/bernd-ewert-nabu-regionalverband-neuruppin\/#breadcrumb"},"inLanguage":"de","potentialAction":[{"@type":"ReadAction","target":["https:\/\/www.naturparkmagazin.de\/stechlin\/bernd-ewert-nabu-regionalverband-neuruppin\/"]}]},{"@type":"BreadcrumbList","@id":"https:\/\/www.naturparkmagazin.de\/stechlin\/bernd-ewert-nabu-regionalverband-neuruppin\/#breadcrumb","itemListElement":[{"@type":"ListItem","position":1,"name":"Home","item":"https:\/\/www.naturparkmagazin.de\/stechlin\/"},{"@type":"ListItem","position":2,"name":"Bernd Ewert (NABU-Regionalverband Neuruppin)"}]},{"@type":"WebSite","@id":"https:\/\/www.naturparkmagazin.de\/stechlin\/#website","url":"https:\/\/www.naturparkmagazin.de\/stechlin\/","name":"Naturpark Stechlin-Ruppiner Land","description":"","potentialAction":[{"@type":"SearchAction","target":{"@type":"EntryPoint","urlTemplate":"https:\/\/www.naturparkmagazin.de\/stechlin\/?s={search_term_string}"},"query-input":"required name=search_term_string"}],"inLanguage":"de"},{"@type":"Person","@id":"https:\/\/www.naturparkmagazin.de\/stechlin\/#\/schema\/person\/3f0d93203df21c806dd63c76d9bb28bc","name":"marioschrumpf","url":"https:\/\/www.naturparkmagazin.de\/stechlin\/author\/marioschrumpf\/"}]}},"_links":{"self":[{"href":"https:\/\/www.naturparkmagazin.de\/stechlin\/wp-json\/wp\/v2\/posts\/4230"}],"collection":[{"href":"https:\/\/www.naturparkmagazin.de\/stechlin\/wp-json\/wp\/v2\/posts"}],"about":[{"href":"https:\/\/www.naturparkmagazin.de\/stechlin\/wp-json\/wp\/v2\/types\/post"}],"author":[{"embeddable":true,"href":"https:\/\/www.naturparkmagazin.de\/stechlin\/wp-json\/wp\/v2\/users\/39"}],"replies":[{"embeddable":true,"href":"https:\/\/www.naturparkmagazin.de\/stechlin\/wp-json\/wp\/v2\/comments?post=4230"}],"version-history":[{"count":6,"href":"https:\/\/www.naturparkmagazin.de\/stechlin\/wp-json\/wp\/v2\/posts\/4230\/revisions"}],"predecessor-version":[{"id":4351,"href":"https:\/\/www.naturparkmagazin.de\/stechlin\/wp-json\/wp\/v2\/posts\/4230\/revisions\/4351"}],"wp:featuredmedia":[{"embeddable":true,"href":"https:\/\/www.naturparkmagazin.de\/stechlin\/wp-json\/wp\/v2\/media\/4248"}],"wp:attachment":[{"href":"https:\/\/www.naturparkmagazin.de\/stechlin\/wp-json\/wp\/v2\/media?parent=4230"}],"wp:term":[{"taxonomy":"category","embeddable":true,"href":"https:\/\/www.naturparkmagazin.de\/stechlin\/wp-json\/wp\/v2\/categories?post=4230"},{"taxonomy":"post_tag","embeddable":true,"href":"https:\/\/www.naturparkmagazin.de\/stechlin\/wp-json\/wp\/v2\/tags?post=4230"}],"curies":[{"name":"wp","href":"https:\/\/api.w.org\/{rel}","templated":true}]}}