{"id":4368,"date":"2016-08-15T08:00:07","date_gmt":"2016-08-15T06:00:07","guid":{"rendered":"http:\/\/www.naturparkmagazin.de\/stechlin\/?p=4368"},"modified":"2016-08-15T13:53:44","modified_gmt":"2016-08-15T11:53:44","slug":"nachlese-zum-xvi-internationalen-kunstsymposium","status":"publish","type":"post","link":"https:\/\/www.naturparkmagazin.de\/stechlin\/nachlese-zum-xvi-internationalen-kunstsymposium\/","title":{"rendered":"Nachlese zum XVI. Internationalen Kunstsymposium"},"content":{"rendered":"<div id=\"attachment_4370\" style=\"width: 310px\" class=\"wp-caption alignleft\"><a href=\"https:\/\/www.naturparkmagazin.de\/stechlin\/wp-content\/uploads\/sites\/38\/16.Kunstsymposium01.jpg\"><img aria-describedby=\"caption-attachment-4370\" decoding=\"async\" loading=\"lazy\" class=\"size-thumbnail wp-image-4370\" src=\"https:\/\/www.naturparkmagazin.de\/stechlin\/wp-content\/uploads\/sites\/38\/16.Kunstsymposium01-300x180.jpg\" alt=\"&quot;Ohne Titel&quot; (Selly Busse)\" width=\"300\" height=\"180\" srcset=\"https:\/\/www.naturparkmagazin.de\/stechlin\/wp-content\/uploads\/sites\/38\/16.Kunstsymposium01-300x180.jpg 300w, https:\/\/www.naturparkmagazin.de\/stechlin\/wp-content\/uploads\/sites\/38\/16.Kunstsymposium01.jpg 500w, https:\/\/www.naturparkmagazin.de\/stechlin\/wp-content\/uploads\/sites\/38\/16.Kunstsymposium01-200x120.jpg 200w\" sizes=\"(max-width: 300px) 100vw, 300px\" \/><\/a><p id=\"caption-attachment-4370\" class=\"wp-caption-text\">&#8222;Ohne Titel&#8220; (Sally Busse)<\/p><\/div>\n<p>&nbsp;<\/p>\n<p>&nbsp;<\/p>\n<p>&nbsp;<\/p>\n<p>&nbsp;<\/p>\n<p>&nbsp;<\/p>\n<p>&nbsp;<\/p>\n<p>&nbsp;<\/p>\n<p>&nbsp;<\/p>\n<div id=\"attachment_4372\" style=\"width: 190px\" class=\"wp-caption alignleft\"><a href=\"https:\/\/www.naturparkmagazin.de\/stechlin\/wp-content\/uploads\/sites\/38\/16.Kunstsymposium33.jpg\"><img aria-describedby=\"caption-attachment-4372\" decoding=\"async\" loading=\"lazy\" class=\"size-full wp-image-4372\" src=\"https:\/\/www.naturparkmagazin.de\/stechlin\/wp-content\/uploads\/sites\/38\/16.Kunstsymposium33.jpg\" alt=\"&quot;Die K\u00f6nigslibelle&quot; (Uwe Thamm)\" width=\"180\" height=\"300\" \/><\/a><p id=\"caption-attachment-4372\" class=\"wp-caption-text\">&#8222;Die K\u00f6nigslibelle&#8220; (Uwe Thamm)<\/p><\/div>\n<p>&nbsp;<\/p>\n<p>&nbsp;<\/p>\n<p>&nbsp;<\/p>\n<p>&nbsp;<\/p>\n<p>&nbsp;<\/p>\n<p>&nbsp;<\/p>\n<p>&nbsp;<\/p>\n<p>&nbsp;<\/p>\n<p>&nbsp;<\/p>\n<p>&nbsp;<\/p>\n<p>&nbsp;<\/p>\n<p>&nbsp;<\/p>\n<p>Beeindruckende Holzskulpturen und Bilder sind beim Kunstsymposium in Kunsterspring entstanden. Die Mitglieder des Neuglobsower Ortsbeirates freuen sich schon auf das kommende Fr\u00fchjahr. Dann werden insgesamt 8 Holzskulpturen am Rundwanderweg um den Dagowsee mit finanzieller Unterst\u00fctzung aus dem EU-Life-Projekt Feuchtw\u00e4lder aufgestellt.<\/p>\n<div id=\"attachment_4371\" style=\"width: 190px\" class=\"wp-caption alignleft\"><a href=\"https:\/\/www.naturparkmagazin.de\/stechlin\/wp-content\/uploads\/sites\/38\/16.Kunstsymposium26.jpg\"><img aria-describedby=\"caption-attachment-4371\" decoding=\"async\" loading=\"lazy\" class=\"size-full wp-image-4371\" src=\"https:\/\/www.naturparkmagazin.de\/stechlin\/wp-content\/uploads\/sites\/38\/16.Kunstsymposium26.jpg\" alt=\"&quot;Sonnenanbeterin&quot; (Gudrun Lomas)\" width=\"180\" height=\"300\" \/><\/a><p id=\"caption-attachment-4371\" class=\"wp-caption-text\">&#8222;Sonnenanbeterin&#8220; (Gudrun Lomas)<\/p><\/div>\n<p>&nbsp;<\/p>\n","protected":false},"excerpt":{"rendered":"<p>Beeindruckende Holzskulpturen und Bilder sind beim Kunstsymposium in Kunsterspring entstanden.<\/p>\n","protected":false},"author":39,"featured_media":4369,"comment_status":"open","ping_status":"open","sticky":false,"template":"","format":"standard","meta":[],"categories":[7],"tags":[],"yoast_head":"<!-- This site is optimized with the Yoast SEO plugin v19.10 - https:\/\/yoast.com\/wordpress\/plugins\/seo\/ -->\n<title>Nachlese zum XVI. Internationalen Kunstsymposium - Naturpark Stechlin-Ruppiner Land<\/title>\n<meta name=\"robots\" content=\"index, follow, max-snippet:-1, max-image-preview:large, max-video-preview:-1\" \/>\n<link rel=\"canonical\" href=\"https:\/\/www.naturparkmagazin.de\/stechlin\/nachlese-zum-xvi-internationalen-kunstsymposium\/\" \/>\n<meta property=\"og:locale\" content=\"de_DE\" \/>\n<meta property=\"og:type\" content=\"article\" \/>\n<meta property=\"og:title\" content=\"Nachlese zum XVI. Internationalen Kunstsymposium - Naturpark Stechlin-Ruppiner Land\" \/>\n<meta property=\"og:description\" content=\"Beeindruckende Holzskulpturen und Bilder sind beim Kunstsymposium in Kunsterspring entstanden.\" \/>\n<meta property=\"og:url\" content=\"https:\/\/www.naturparkmagazin.de\/stechlin\/nachlese-zum-xvi-internationalen-kunstsymposium\/\" \/>\n<meta property=\"og:site_name\" content=\"Naturpark Stechlin-Ruppiner Land\" \/>\n<meta property=\"article:published_time\" content=\"2016-08-15T06:00:07+00:00\" \/>\n<meta property=\"article:modified_time\" content=\"2016-08-15T11:53:44+00:00\" \/>\n<meta property=\"og:image\" content=\"https:\/\/www.naturparkmagazin.de\/stechlin\/wp-content\/uploads\/sites\/38\/16.Kunstsymposium2016.jpg\" \/>\n\t<meta property=\"og:image:width\" content=\"200\" \/>\n\t<meta property=\"og:image:height\" content=\"200\" \/>\n\t<meta property=\"og:image:type\" content=\"image\/jpeg\" \/>\n<meta name=\"author\" content=\"marioschrumpf\" \/>\n<meta name=\"twitter:label1\" content=\"Verfasst von\" \/>\n\t<meta name=\"twitter:data1\" content=\"marioschrumpf\" \/>\n<script type=\"application\/ld+json\" class=\"yoast-schema-graph\">{\"@context\":\"https:\/\/schema.org\",\"@graph\":[{\"@type\":\"WebPage\",\"@id\":\"https:\/\/www.naturparkmagazin.de\/stechlin\/nachlese-zum-xvi-internationalen-kunstsymposium\/\",\"url\":\"https:\/\/www.naturparkmagazin.de\/stechlin\/nachlese-zum-xvi-internationalen-kunstsymposium\/\",\"name\":\"Nachlese zum XVI. Internationalen Kunstsymposium - Naturpark Stechlin-Ruppiner Land\",\"isPartOf\":{\"@id\":\"https:\/\/www.naturparkmagazin.de\/stechlin\/#website\"},\"datePublished\":\"2016-08-15T06:00:07+00:00\",\"dateModified\":\"2016-08-15T11:53:44+00:00\",\"author\":{\"@id\":\"https:\/\/www.naturparkmagazin.de\/stechlin\/#\/schema\/person\/3f0d93203df21c806dd63c76d9bb28bc\"},\"breadcrumb\":{\"@id\":\"https:\/\/www.naturparkmagazin.de\/stechlin\/nachlese-zum-xvi-internationalen-kunstsymposium\/#breadcrumb\"},\"inLanguage\":\"de\",\"potentialAction\":[{\"@type\":\"ReadAction\",\"target\":[\"https:\/\/www.naturparkmagazin.de\/stechlin\/nachlese-zum-xvi-internationalen-kunstsymposium\/\"]}]},{\"@type\":\"BreadcrumbList\",\"@id\":\"https:\/\/www.naturparkmagazin.de\/stechlin\/nachlese-zum-xvi-internationalen-kunstsymposium\/#breadcrumb\",\"itemListElement\":[{\"@type\":\"ListItem\",\"position\":1,\"name\":\"Home\",\"item\":\"https:\/\/www.naturparkmagazin.de\/stechlin\/\"},{\"@type\":\"ListItem\",\"position\":2,\"name\":\"Nachlese zum XVI. Internationalen Kunstsymposium\"}]},{\"@type\":\"WebSite\",\"@id\":\"https:\/\/www.naturparkmagazin.de\/stechlin\/#website\",\"url\":\"https:\/\/www.naturparkmagazin.de\/stechlin\/\",\"name\":\"Naturpark Stechlin-Ruppiner Land\",\"description\":\"\",\"potentialAction\":[{\"@type\":\"SearchAction\",\"target\":{\"@type\":\"EntryPoint\",\"urlTemplate\":\"https:\/\/www.naturparkmagazin.de\/stechlin\/?s={search_term_string}\"},\"query-input\":\"required name=search_term_string\"}],\"inLanguage\":\"de\"},{\"@type\":\"Person\",\"@id\":\"https:\/\/www.naturparkmagazin.de\/stechlin\/#\/schema\/person\/3f0d93203df21c806dd63c76d9bb28bc\",\"name\":\"marioschrumpf\",\"url\":\"https:\/\/www.naturparkmagazin.de\/stechlin\/author\/marioschrumpf\/\"}]}<\/script>\n<!-- \/ Yoast SEO plugin. -->","yoast_head_json":{"title":"Nachlese zum XVI. Internationalen Kunstsymposium - Naturpark Stechlin-Ruppiner Land","robots":{"index":"index","follow":"follow","max-snippet":"max-snippet:-1","max-image-preview":"max-image-preview:large","max-video-preview":"max-video-preview:-1"},"canonical":"https:\/\/www.naturparkmagazin.de\/stechlin\/nachlese-zum-xvi-internationalen-kunstsymposium\/","og_locale":"de_DE","og_type":"article","og_title":"Nachlese zum XVI. Internationalen Kunstsymposium - Naturpark Stechlin-Ruppiner Land","og_description":"Beeindruckende Holzskulpturen und Bilder sind beim Kunstsymposium in Kunsterspring entstanden.","og_url":"https:\/\/www.naturparkmagazin.de\/stechlin\/nachlese-zum-xvi-internationalen-kunstsymposium\/","og_site_name":"Naturpark Stechlin-Ruppiner Land","article_published_time":"2016-08-15T06:00:07+00:00","article_modified_time":"2016-08-15T11:53:44+00:00","og_image":[{"width":200,"height":200,"url":"https:\/\/www.naturparkmagazin.de\/stechlin\/wp-content\/uploads\/sites\/38\/16.Kunstsymposium2016.jpg","type":"image\/jpeg"}],"author":"marioschrumpf","twitter_misc":{"Verfasst von":"marioschrumpf"},"schema":{"@context":"https:\/\/schema.org","@graph":[{"@type":"WebPage","@id":"https:\/\/www.naturparkmagazin.de\/stechlin\/nachlese-zum-xvi-internationalen-kunstsymposium\/","url":"https:\/\/www.naturparkmagazin.de\/stechlin\/nachlese-zum-xvi-internationalen-kunstsymposium\/","name":"Nachlese zum XVI. Internationalen Kunstsymposium - Naturpark Stechlin-Ruppiner Land","isPartOf":{"@id":"https:\/\/www.naturparkmagazin.de\/stechlin\/#website"},"datePublished":"2016-08-15T06:00:07+00:00","dateModified":"2016-08-15T11:53:44+00:00","author":{"@id":"https:\/\/www.naturparkmagazin.de\/stechlin\/#\/schema\/person\/3f0d93203df21c806dd63c76d9bb28bc"},"breadcrumb":{"@id":"https:\/\/www.naturparkmagazin.de\/stechlin\/nachlese-zum-xvi-internationalen-kunstsymposium\/#breadcrumb"},"inLanguage":"de","potentialAction":[{"@type":"ReadAction","target":["https:\/\/www.naturparkmagazin.de\/stechlin\/nachlese-zum-xvi-internationalen-kunstsymposium\/"]}]},{"@type":"BreadcrumbList","@id":"https:\/\/www.naturparkmagazin.de\/stechlin\/nachlese-zum-xvi-internationalen-kunstsymposium\/#breadcrumb","itemListElement":[{"@type":"ListItem","position":1,"name":"Home","item":"https:\/\/www.naturparkmagazin.de\/stechlin\/"},{"@type":"ListItem","position":2,"name":"Nachlese zum XVI. Internationalen Kunstsymposium"}]},{"@type":"WebSite","@id":"https:\/\/www.naturparkmagazin.de\/stechlin\/#website","url":"https:\/\/www.naturparkmagazin.de\/stechlin\/","name":"Naturpark Stechlin-Ruppiner Land","description":"","potentialAction":[{"@type":"SearchAction","target":{"@type":"EntryPoint","urlTemplate":"https:\/\/www.naturparkmagazin.de\/stechlin\/?s={search_term_string}"},"query-input":"required name=search_term_string"}],"inLanguage":"de"},{"@type":"Person","@id":"https:\/\/www.naturparkmagazin.de\/stechlin\/#\/schema\/person\/3f0d93203df21c806dd63c76d9bb28bc","name":"marioschrumpf","url":"https:\/\/www.naturparkmagazin.de\/stechlin\/author\/marioschrumpf\/"}]}},"_links":{"self":[{"href":"https:\/\/www.naturparkmagazin.de\/stechlin\/wp-json\/wp\/v2\/posts\/4368"}],"collection":[{"href":"https:\/\/www.naturparkmagazin.de\/stechlin\/wp-json\/wp\/v2\/posts"}],"about":[{"href":"https:\/\/www.naturparkmagazin.de\/stechlin\/wp-json\/wp\/v2\/types\/post"}],"author":[{"embeddable":true,"href":"https:\/\/www.naturparkmagazin.de\/stechlin\/wp-json\/wp\/v2\/users\/39"}],"replies":[{"embeddable":true,"href":"https:\/\/www.naturparkmagazin.de\/stechlin\/wp-json\/wp\/v2\/comments?post=4368"}],"version-history":[{"count":9,"href":"https:\/\/www.naturparkmagazin.de\/stechlin\/wp-json\/wp\/v2\/posts\/4368\/revisions"}],"predecessor-version":[{"id":4450,"href":"https:\/\/www.naturparkmagazin.de\/stechlin\/wp-json\/wp\/v2\/posts\/4368\/revisions\/4450"}],"wp:featuredmedia":[{"embeddable":true,"href":"https:\/\/www.naturparkmagazin.de\/stechlin\/wp-json\/wp\/v2\/media\/4369"}],"wp:attachment":[{"href":"https:\/\/www.naturparkmagazin.de\/stechlin\/wp-json\/wp\/v2\/media?parent=4368"}],"wp:term":[{"taxonomy":"category","embeddable":true,"href":"https:\/\/www.naturparkmagazin.de\/stechlin\/wp-json\/wp\/v2\/categories?post=4368"},{"taxonomy":"post_tag","embeddable":true,"href":"https:\/\/www.naturparkmagazin.de\/stechlin\/wp-json\/wp\/v2\/tags?post=4368"}],"curies":[{"name":"wp","href":"https:\/\/api.w.org\/{rel}","templated":true}]}}