{"id":4379,"date":"2016-08-15T08:10:50","date_gmt":"2016-08-15T06:10:50","guid":{"rendered":"http:\/\/www.naturparkmagazin.de\/stechlin\/?p=4379"},"modified":"2016-08-15T13:51:04","modified_gmt":"2016-08-15T11:51:04","slug":"festival-der-zukunft-zum-30jaehrigen-jubilaeum-des-bundesumweltministeriums","status":"publish","type":"post","link":"https:\/\/www.naturparkmagazin.de\/stechlin\/festival-der-zukunft-zum-30jaehrigen-jubilaeum-des-bundesumweltministeriums\/","title":{"rendered":"&#8222;Festival der Zukunft&#8220; zum 30j\u00e4hrigen Jubil\u00e4um des Bundesumweltministeriums"},"content":{"rendered":"<div id=\"attachment_4380\" style=\"width: 310px\" class=\"wp-caption alignleft\"><a href=\"https:\/\/www.naturparkmagazin.de\/stechlin\/wp-content\/uploads\/sites\/38\/F\u00fchrung-Arne-Taudt.jpg\"><img aria-describedby=\"caption-attachment-4380\" decoding=\"async\" loading=\"lazy\" class=\"size-thumbnail wp-image-4380\" src=\"https:\/\/www.naturparkmagazin.de\/stechlin\/wp-content\/uploads\/sites\/38\/F\u00fchrung-Arne-Taudt-300x180.jpg\" alt=\"F\u00fchrung des neuen zertifizierten Natur- und Landschaftsf\u00fchrer Arne Taudt.\" width=\"300\" height=\"180\" srcset=\"https:\/\/www.naturparkmagazin.de\/stechlin\/wp-content\/uploads\/sites\/38\/F\u00fchrung-Arne-Taudt-300x180.jpg 300w, https:\/\/www.naturparkmagazin.de\/stechlin\/wp-content\/uploads\/sites\/38\/F\u00fchrung-Arne-Taudt.jpg 500w, https:\/\/www.naturparkmagazin.de\/stechlin\/wp-content\/uploads\/sites\/38\/F\u00fchrung-Arne-Taudt-200x120.jpg 200w\" sizes=\"(max-width: 300px) 100vw, 300px\" \/><\/a><p id=\"caption-attachment-4380\" class=\"wp-caption-text\">F\u00fchrung des neuen zertifizierten Natur- und Landschaftsf\u00fchrers Arne Taudt.<\/p><\/div>\n<p>&nbsp;<\/p>\n<p>&nbsp;<\/p>\n<p>&nbsp;<\/p>\n<p>&nbsp;<\/p>\n<p>&nbsp;<\/p>\n<p>&nbsp;<\/p>\n<p>&nbsp;<\/p>\n<p>&nbsp;<\/p>\n<p>Das Bundesministerium f\u00fcr Umwelt, Naturschutz, Bau und Reaktorsicherheit (BMUB) feiert am <strong>10. und 11. September<\/strong> anl\u00e4sslich seines 30-j\u00e4hrigen Geburtstages das Festival der Zukunft und l\u00e4dt dazu breit ein. Laut BMUB erz\u00e4hlen, erleben und entwerfen wir gemeinsam mit \u00fcber 80 Partnern und vielen G\u00e4sten die Zukunft der Umweltpolitik &#8211; kreativ, kritisch und gern auch kontrovers. Der Naturpark Stechlin-Ruppiner Land wird dabei am 11. September auf dem &#8222;Marktplatz der Ideen, Initiativen und Projekte&#8220; am Stand des Verbandes Deutscher Naturparke (VDN) pr\u00e4sent sein.<\/p>\n<div id=\"attachment_4381\" style=\"width: 310px\" class=\"wp-caption alignleft\"><a href=\"https:\/\/www.naturparkmagazin.de\/stechlin\/wp-content\/uploads\/sites\/38\/F\u00fchrung-Elke-Kopf.jpg\"><img aria-describedby=\"caption-attachment-4381\" decoding=\"async\" loading=\"lazy\" class=\"size-thumbnail wp-image-4381\" src=\"https:\/\/www.naturparkmagazin.de\/stechlin\/wp-content\/uploads\/sites\/38\/F\u00fchrung-Elke-Kopf-300x180.jpg\" alt=\"F\u00fchrung der neuen zertifizierten Natur- und Landschaftsf\u00fchrerin Elke Kopf.\" width=\"300\" height=\"180\" srcset=\"https:\/\/www.naturparkmagazin.de\/stechlin\/wp-content\/uploads\/sites\/38\/F\u00fchrung-Elke-Kopf-300x180.jpg 300w, https:\/\/www.naturparkmagazin.de\/stechlin\/wp-content\/uploads\/sites\/38\/F\u00fchrung-Elke-Kopf.jpg 500w, https:\/\/www.naturparkmagazin.de\/stechlin\/wp-content\/uploads\/sites\/38\/F\u00fchrung-Elke-Kopf-200x120.jpg 200w\" sizes=\"(max-width: 300px) 100vw, 300px\" \/><\/a><p id=\"caption-attachment-4381\" class=\"wp-caption-text\">F\u00fchrung mit der neuen zertifizierten Natur- und Landschaftsf\u00fchrerin Elke Kopf.<\/p><\/div>\n<p>&nbsp;<\/p>\n<p>&nbsp;<\/p>\n<p>&nbsp;<\/p>\n<p>&nbsp;<\/p>\n<p>&nbsp;<\/p>\n<p>&nbsp;<\/p>\n<p>&nbsp;<\/p>\n<p>&nbsp;<\/p>\n<p>Die Natur- und Landschaftsf\u00fchrer werden zusammen mit Naturparkleiter Mario Schrumpf den neuer\u00f6ffneten Heidewanderweg in der Kyritz-Ruppiner Heide und die Angebote der Natur- und Landschaftsf\u00fchrer vorstellen. Mehr Informationen finden Sie unter: <a href=\"http:\/\/www.bmub.bund.de\/bmub\/30-jahre-bmub\/umweltpolitik-30\/\">http:\/\/www.bmub.bund.de\/bmub\/30-jahre-bmub\/umweltpolitik-30\/<\/a><\/p>\n<div id=\"attachment_4382\" style=\"width: 310px\" class=\"wp-caption alignleft\"><a href=\"https:\/\/www.naturparkmagazin.de\/stechlin\/wp-content\/uploads\/sites\/38\/F\u00fchrung-Nicole-R\u00f6ssler.jpg\"><img aria-describedby=\"caption-attachment-4382\" decoding=\"async\" loading=\"lazy\" class=\"size-thumbnail wp-image-4382\" src=\"https:\/\/www.naturparkmagazin.de\/stechlin\/wp-content\/uploads\/sites\/38\/F\u00fchrung-Nicole-R\u00f6ssler-300x180.jpg\" alt=\"F\u00fchrung mit der neuen zertifizierten Natur- und Landschaftsf\u00fchrerin Nicole R\u00f6ssler.\" width=\"300\" height=\"180\" srcset=\"https:\/\/www.naturparkmagazin.de\/stechlin\/wp-content\/uploads\/sites\/38\/F\u00fchrung-Nicole-R\u00f6ssler-300x180.jpg 300w, https:\/\/www.naturparkmagazin.de\/stechlin\/wp-content\/uploads\/sites\/38\/F\u00fchrung-Nicole-R\u00f6ssler.jpg 500w, https:\/\/www.naturparkmagazin.de\/stechlin\/wp-content\/uploads\/sites\/38\/F\u00fchrung-Nicole-R\u00f6ssler-200x120.jpg 200w\" sizes=\"(max-width: 300px) 100vw, 300px\" \/><\/a><p id=\"caption-attachment-4382\" class=\"wp-caption-text\">F\u00fchrung mit der neuen zertifizierten Natur- und Landschaftsf\u00fchrerin Nicole R\u00f6ssler.<\/p><\/div>\n<p>&nbsp;<\/p>\n<p>&nbsp;<\/p>\n","protected":false},"excerpt":{"rendered":"<p>Das Bundesministerium f\u00fcr Umwelt, Naturschutz, Bau und Reaktorsicherheit (BMUB) feiert am 10. und 11. September anl\u00e4sslich seines 30-j\u00e4hrigen Geburtstages das Festival der Zukunft und l\u00e4dt dazu breit ein. <\/p>\n","protected":false},"author":39,"featured_media":3973,"comment_status":"open","ping_status":"open","sticky":false,"template":"","format":"standard","meta":[],"categories":[7],"tags":[],"yoast_head":"<!-- This site is optimized with the Yoast SEO plugin v19.10 - https:\/\/yoast.com\/wordpress\/plugins\/seo\/ -->\n<title>&quot;Festival der Zukunft&quot; zum 30j\u00e4hrigen Jubil\u00e4um des Bundesumweltministeriums - Naturpark Stechlin-Ruppiner Land<\/title>\n<meta name=\"robots\" content=\"index, follow, max-snippet:-1, max-image-preview:large, max-video-preview:-1\" \/>\n<link rel=\"canonical\" href=\"https:\/\/www.naturparkmagazin.de\/stechlin\/festival-der-zukunft-zum-30jaehrigen-jubilaeum-des-bundesumweltministeriums\/\" \/>\n<meta property=\"og:locale\" content=\"de_DE\" \/>\n<meta property=\"og:type\" content=\"article\" \/>\n<meta property=\"og:title\" content=\"&quot;Festival der Zukunft&quot; zum 30j\u00e4hrigen Jubil\u00e4um des Bundesumweltministeriums - Naturpark Stechlin-Ruppiner Land\" \/>\n<meta property=\"og:description\" content=\"Das Bundesministerium f\u00fcr Umwelt, Naturschutz, Bau und Reaktorsicherheit (BMUB) feiert am 10. und 11. September anl\u00e4sslich seines 30-j\u00e4hrigen Geburtstages das Festival der Zukunft und l\u00e4dt dazu breit ein.\" \/>\n<meta property=\"og:url\" content=\"https:\/\/www.naturparkmagazin.de\/stechlin\/festival-der-zukunft-zum-30jaehrigen-jubilaeum-des-bundesumweltministeriums\/\" \/>\n<meta property=\"og:site_name\" content=\"Naturpark Stechlin-Ruppiner Land\" \/>\n<meta property=\"article:published_time\" content=\"2016-08-15T06:10:50+00:00\" \/>\n<meta property=\"article:modified_time\" content=\"2016-08-15T11:51:04+00:00\" \/>\n<meta property=\"og:image\" content=\"https:\/\/www.naturparkmagazin.de\/stechlin\/wp-content\/uploads\/sites\/38\/Er\u00f6ffnung-Heidewanderweg.jpg\" \/>\n\t<meta property=\"og:image:width\" content=\"200\" \/>\n\t<meta property=\"og:image:height\" content=\"200\" \/>\n\t<meta property=\"og:image:type\" content=\"image\/jpeg\" \/>\n<meta name=\"author\" content=\"marioschrumpf\" \/>\n<meta name=\"twitter:label1\" content=\"Verfasst von\" \/>\n\t<meta name=\"twitter:data1\" content=\"marioschrumpf\" \/>\n\t<meta name=\"twitter:label2\" content=\"Gesch\u00e4tzte Lesezeit\" \/>\n\t<meta name=\"twitter:data2\" content=\"1\u00a0Minute\" \/>\n<script type=\"application\/ld+json\" class=\"yoast-schema-graph\">{\"@context\":\"https:\/\/schema.org\",\"@graph\":[{\"@type\":\"WebPage\",\"@id\":\"https:\/\/www.naturparkmagazin.de\/stechlin\/festival-der-zukunft-zum-30jaehrigen-jubilaeum-des-bundesumweltministeriums\/\",\"url\":\"https:\/\/www.naturparkmagazin.de\/stechlin\/festival-der-zukunft-zum-30jaehrigen-jubilaeum-des-bundesumweltministeriums\/\",\"name\":\"\\\"Festival der Zukunft\\\" zum 30j\u00e4hrigen Jubil\u00e4um des Bundesumweltministeriums - Naturpark Stechlin-Ruppiner Land\",\"isPartOf\":{\"@id\":\"https:\/\/www.naturparkmagazin.de\/stechlin\/#website\"},\"datePublished\":\"2016-08-15T06:10:50+00:00\",\"dateModified\":\"2016-08-15T11:51:04+00:00\",\"author\":{\"@id\":\"https:\/\/www.naturparkmagazin.de\/stechlin\/#\/schema\/person\/3f0d93203df21c806dd63c76d9bb28bc\"},\"breadcrumb\":{\"@id\":\"https:\/\/www.naturparkmagazin.de\/stechlin\/festival-der-zukunft-zum-30jaehrigen-jubilaeum-des-bundesumweltministeriums\/#breadcrumb\"},\"inLanguage\":\"de\",\"potentialAction\":[{\"@type\":\"ReadAction\",\"target\":[\"https:\/\/www.naturparkmagazin.de\/stechlin\/festival-der-zukunft-zum-30jaehrigen-jubilaeum-des-bundesumweltministeriums\/\"]}]},{\"@type\":\"BreadcrumbList\",\"@id\":\"https:\/\/www.naturparkmagazin.de\/stechlin\/festival-der-zukunft-zum-30jaehrigen-jubilaeum-des-bundesumweltministeriums\/#breadcrumb\",\"itemListElement\":[{\"@type\":\"ListItem\",\"position\":1,\"name\":\"Home\",\"item\":\"https:\/\/www.naturparkmagazin.de\/stechlin\/\"},{\"@type\":\"ListItem\",\"position\":2,\"name\":\"&#8222;Festival der Zukunft&#8220; zum 30j\u00e4hrigen Jubil\u00e4um des Bundesumweltministeriums\"}]},{\"@type\":\"WebSite\",\"@id\":\"https:\/\/www.naturparkmagazin.de\/stechlin\/#website\",\"url\":\"https:\/\/www.naturparkmagazin.de\/stechlin\/\",\"name\":\"Naturpark Stechlin-Ruppiner Land\",\"description\":\"\",\"potentialAction\":[{\"@type\":\"SearchAction\",\"target\":{\"@type\":\"EntryPoint\",\"urlTemplate\":\"https:\/\/www.naturparkmagazin.de\/stechlin\/?s={search_term_string}\"},\"query-input\":\"required name=search_term_string\"}],\"inLanguage\":\"de\"},{\"@type\":\"Person\",\"@id\":\"https:\/\/www.naturparkmagazin.de\/stechlin\/#\/schema\/person\/3f0d93203df21c806dd63c76d9bb28bc\",\"name\":\"marioschrumpf\",\"url\":\"https:\/\/www.naturparkmagazin.de\/stechlin\/author\/marioschrumpf\/\"}]}<\/script>\n<!-- \/ Yoast SEO plugin. -->","yoast_head_json":{"title":"\"Festival der Zukunft\" zum 30j\u00e4hrigen Jubil\u00e4um des Bundesumweltministeriums - Naturpark Stechlin-Ruppiner Land","robots":{"index":"index","follow":"follow","max-snippet":"max-snippet:-1","max-image-preview":"max-image-preview:large","max-video-preview":"max-video-preview:-1"},"canonical":"https:\/\/www.naturparkmagazin.de\/stechlin\/festival-der-zukunft-zum-30jaehrigen-jubilaeum-des-bundesumweltministeriums\/","og_locale":"de_DE","og_type":"article","og_title":"\"Festival der Zukunft\" zum 30j\u00e4hrigen Jubil\u00e4um des Bundesumweltministeriums - Naturpark Stechlin-Ruppiner Land","og_description":"Das Bundesministerium f\u00fcr Umwelt, Naturschutz, Bau und Reaktorsicherheit (BMUB) feiert am 10. und 11. September anl\u00e4sslich seines 30-j\u00e4hrigen Geburtstages das Festival der Zukunft und l\u00e4dt dazu breit ein.","og_url":"https:\/\/www.naturparkmagazin.de\/stechlin\/festival-der-zukunft-zum-30jaehrigen-jubilaeum-des-bundesumweltministeriums\/","og_site_name":"Naturpark Stechlin-Ruppiner Land","article_published_time":"2016-08-15T06:10:50+00:00","article_modified_time":"2016-08-15T11:51:04+00:00","og_image":[{"width":200,"height":200,"url":"https:\/\/www.naturparkmagazin.de\/stechlin\/wp-content\/uploads\/sites\/38\/Er\u00f6ffnung-Heidewanderweg.jpg","type":"image\/jpeg"}],"author":"marioschrumpf","twitter_misc":{"Verfasst von":"marioschrumpf","Gesch\u00e4tzte Lesezeit":"1\u00a0Minute"},"schema":{"@context":"https:\/\/schema.org","@graph":[{"@type":"WebPage","@id":"https:\/\/www.naturparkmagazin.de\/stechlin\/festival-der-zukunft-zum-30jaehrigen-jubilaeum-des-bundesumweltministeriums\/","url":"https:\/\/www.naturparkmagazin.de\/stechlin\/festival-der-zukunft-zum-30jaehrigen-jubilaeum-des-bundesumweltministeriums\/","name":"\"Festival der Zukunft\" zum 30j\u00e4hrigen Jubil\u00e4um des Bundesumweltministeriums - Naturpark Stechlin-Ruppiner Land","isPartOf":{"@id":"https:\/\/www.naturparkmagazin.de\/stechlin\/#website"},"datePublished":"2016-08-15T06:10:50+00:00","dateModified":"2016-08-15T11:51:04+00:00","author":{"@id":"https:\/\/www.naturparkmagazin.de\/stechlin\/#\/schema\/person\/3f0d93203df21c806dd63c76d9bb28bc"},"breadcrumb":{"@id":"https:\/\/www.naturparkmagazin.de\/stechlin\/festival-der-zukunft-zum-30jaehrigen-jubilaeum-des-bundesumweltministeriums\/#breadcrumb"},"inLanguage":"de","potentialAction":[{"@type":"ReadAction","target":["https:\/\/www.naturparkmagazin.de\/stechlin\/festival-der-zukunft-zum-30jaehrigen-jubilaeum-des-bundesumweltministeriums\/"]}]},{"@type":"BreadcrumbList","@id":"https:\/\/www.naturparkmagazin.de\/stechlin\/festival-der-zukunft-zum-30jaehrigen-jubilaeum-des-bundesumweltministeriums\/#breadcrumb","itemListElement":[{"@type":"ListItem","position":1,"name":"Home","item":"https:\/\/www.naturparkmagazin.de\/stechlin\/"},{"@type":"ListItem","position":2,"name":"&#8222;Festival der Zukunft&#8220; zum 30j\u00e4hrigen Jubil\u00e4um des Bundesumweltministeriums"}]},{"@type":"WebSite","@id":"https:\/\/www.naturparkmagazin.de\/stechlin\/#website","url":"https:\/\/www.naturparkmagazin.de\/stechlin\/","name":"Naturpark Stechlin-Ruppiner Land","description":"","potentialAction":[{"@type":"SearchAction","target":{"@type":"EntryPoint","urlTemplate":"https:\/\/www.naturparkmagazin.de\/stechlin\/?s={search_term_string}"},"query-input":"required name=search_term_string"}],"inLanguage":"de"},{"@type":"Person","@id":"https:\/\/www.naturparkmagazin.de\/stechlin\/#\/schema\/person\/3f0d93203df21c806dd63c76d9bb28bc","name":"marioschrumpf","url":"https:\/\/www.naturparkmagazin.de\/stechlin\/author\/marioschrumpf\/"}]}},"_links":{"self":[{"href":"https:\/\/www.naturparkmagazin.de\/stechlin\/wp-json\/wp\/v2\/posts\/4379"}],"collection":[{"href":"https:\/\/www.naturparkmagazin.de\/stechlin\/wp-json\/wp\/v2\/posts"}],"about":[{"href":"https:\/\/www.naturparkmagazin.de\/stechlin\/wp-json\/wp\/v2\/types\/post"}],"author":[{"embeddable":true,"href":"https:\/\/www.naturparkmagazin.de\/stechlin\/wp-json\/wp\/v2\/users\/39"}],"replies":[{"embeddable":true,"href":"https:\/\/www.naturparkmagazin.de\/stechlin\/wp-json\/wp\/v2\/comments?post=4379"}],"version-history":[{"count":4,"href":"https:\/\/www.naturparkmagazin.de\/stechlin\/wp-json\/wp\/v2\/posts\/4379\/revisions"}],"predecessor-version":[{"id":4447,"href":"https:\/\/www.naturparkmagazin.de\/stechlin\/wp-json\/wp\/v2\/posts\/4379\/revisions\/4447"}],"wp:featuredmedia":[{"embeddable":true,"href":"https:\/\/www.naturparkmagazin.de\/stechlin\/wp-json\/wp\/v2\/media\/3973"}],"wp:attachment":[{"href":"https:\/\/www.naturparkmagazin.de\/stechlin\/wp-json\/wp\/v2\/media?parent=4379"}],"wp:term":[{"taxonomy":"category","embeddable":true,"href":"https:\/\/www.naturparkmagazin.de\/stechlin\/wp-json\/wp\/v2\/categories?post=4379"},{"taxonomy":"post_tag","embeddable":true,"href":"https:\/\/www.naturparkmagazin.de\/stechlin\/wp-json\/wp\/v2\/tags?post=4379"}],"curies":[{"name":"wp","href":"https:\/\/api.w.org\/{rel}","templated":true}]}}