{"id":45,"date":"2013-07-15T10:00:18","date_gmt":"2013-07-15T08:00:18","guid":{"rendered":"http:\/\/www.naturparkmagazin.de\/stechlin\/?p=45"},"modified":"2013-07-15T10:00:18","modified_gmt":"2013-07-15T08:00:18","slug":"liebe-leserin-lieber-leser","status":"publish","type":"post","link":"https:\/\/www.naturparkmagazin.de\/stechlin\/liebe-leserin-lieber-leser\/","title":{"rendered":"Liebe Leserin, lieber Leser!"},"content":{"rendered":"<p>Heute halten Sie den ersten Newsletter des Naturparks Stechlin-Ruppiner Land in der Hand!<\/p>\n<p>Zuk\u00fcnftig wollen wir Sie mit Unterst\u00fctzung des Verbandes der deutschen Naturparke monatlich \u00fcber Neuigkeiten aus Ihrem Naturpark informieren.<\/p>\n<p>Der Naturpark hat sich zu einem Markenzeichen in unserer Region entwickelt! Neben der wundersch\u00f6nen Landschaft laden gerade im Sommer viele Partner zu Veranstaltungen unter freiem Himmel ein. Vom Maulbeerfest in Zernikow, \u00fcber die lange Nacht der Naturwacht bis zum Internationalen Kunstsymposium in Buchholz reicht im August die Palette. Genie\u00dfen Sie den Sommer! Viel Spa\u00df beim lesen!<\/p>\n<p>Dr. Mario Schrumpf<\/p>\n<p>Leiter des Naturparks<\/p>\n","protected":false},"excerpt":{"rendered":"<p>Heute halten Sie den ersten Newsletter des Naturparks Stechlin-Ruppiner Land in der Hand! Zuk\u00fcnftig wollen wir Sie mit Unterst\u00fctzung des Verbandes der deutschen Naturparke monatlich \u00fcber Neuigkeiten aus Ihrem Naturpark informieren. Der Naturpark hat sich zu einem Markenzeichen in unserer Region entwickelt! Neben der wundersch\u00f6nen Landschaft laden gerade im Sommer viele Partner zu Veranstaltungen unter<\/p>\n","protected":false},"author":39,"featured_media":46,"comment_status":"open","ping_status":"open","sticky":false,"template":"","format":"standard","meta":[],"categories":[52],"tags":[],"yoast_head":"<!-- This site is optimized with the Yoast SEO plugin v19.10 - https:\/\/yoast.com\/wordpress\/plugins\/seo\/ -->\n<title>Liebe Leserin, lieber Leser! - Naturpark Stechlin-Ruppiner Land<\/title>\n<meta name=\"robots\" content=\"index, follow, max-snippet:-1, max-image-preview:large, max-video-preview:-1\" \/>\n<link rel=\"canonical\" href=\"https:\/\/www.naturparkmagazin.de\/stechlin\/liebe-leserin-lieber-leser\/\" \/>\n<meta property=\"og:locale\" content=\"de_DE\" \/>\n<meta property=\"og:type\" content=\"article\" \/>\n<meta property=\"og:title\" content=\"Liebe Leserin, lieber Leser! - Naturpark Stechlin-Ruppiner Land\" \/>\n<meta property=\"og:description\" content=\"Heute halten Sie den ersten Newsletter des Naturparks Stechlin-Ruppiner Land in der Hand! Zuk\u00fcnftig wollen wir Sie mit Unterst\u00fctzung des Verbandes der deutschen Naturparke monatlich \u00fcber Neuigkeiten aus Ihrem Naturpark informieren. Der Naturpark hat sich zu einem Markenzeichen in unserer Region entwickelt! Neben der wundersch\u00f6nen Landschaft laden gerade im Sommer viele Partner zu Veranstaltungen unter\" \/>\n<meta property=\"og:url\" content=\"https:\/\/www.naturparkmagazin.de\/stechlin\/liebe-leserin-lieber-leser\/\" \/>\n<meta property=\"og:site_name\" content=\"Naturpark Stechlin-Ruppiner Land\" \/>\n<meta property=\"article:published_time\" content=\"2013-07-15T08:00:18+00:00\" \/>\n<meta property=\"og:image\" content=\"https:\/\/www.naturparkmagazin.de\/stechlin\/wp-content\/uploads\/sites\/38\/Titelbild.jpg\" \/>\n\t<meta property=\"og:image:width\" content=\"1624\" \/>\n\t<meta property=\"og:image:height\" content=\"1045\" \/>\n\t<meta property=\"og:image:type\" content=\"image\/jpeg\" \/>\n<meta name=\"author\" content=\"marioschrumpf\" \/>\n<meta name=\"twitter:label1\" content=\"Verfasst von\" \/>\n\t<meta name=\"twitter:data1\" content=\"marioschrumpf\" \/>\n<script type=\"application\/ld+json\" class=\"yoast-schema-graph\">{\"@context\":\"https:\/\/schema.org\",\"@graph\":[{\"@type\":\"WebPage\",\"@id\":\"https:\/\/www.naturparkmagazin.de\/stechlin\/liebe-leserin-lieber-leser\/\",\"url\":\"https:\/\/www.naturparkmagazin.de\/stechlin\/liebe-leserin-lieber-leser\/\",\"name\":\"Liebe Leserin, lieber Leser! - Naturpark Stechlin-Ruppiner Land\",\"isPartOf\":{\"@id\":\"https:\/\/www.naturparkmagazin.de\/stechlin\/#website\"},\"datePublished\":\"2013-07-15T08:00:18+00:00\",\"dateModified\":\"2013-07-15T08:00:18+00:00\",\"author\":{\"@id\":\"https:\/\/www.naturparkmagazin.de\/stechlin\/#\/schema\/person\/3f0d93203df21c806dd63c76d9bb28bc\"},\"breadcrumb\":{\"@id\":\"https:\/\/www.naturparkmagazin.de\/stechlin\/liebe-leserin-lieber-leser\/#breadcrumb\"},\"inLanguage\":\"de\",\"potentialAction\":[{\"@type\":\"ReadAction\",\"target\":[\"https:\/\/www.naturparkmagazin.de\/stechlin\/liebe-leserin-lieber-leser\/\"]}]},{\"@type\":\"BreadcrumbList\",\"@id\":\"https:\/\/www.naturparkmagazin.de\/stechlin\/liebe-leserin-lieber-leser\/#breadcrumb\",\"itemListElement\":[{\"@type\":\"ListItem\",\"position\":1,\"name\":\"Home\",\"item\":\"https:\/\/www.naturparkmagazin.de\/stechlin\/\"},{\"@type\":\"ListItem\",\"position\":2,\"name\":\"Liebe Leserin, lieber Leser!\"}]},{\"@type\":\"WebSite\",\"@id\":\"https:\/\/www.naturparkmagazin.de\/stechlin\/#website\",\"url\":\"https:\/\/www.naturparkmagazin.de\/stechlin\/\",\"name\":\"Naturpark Stechlin-Ruppiner Land\",\"description\":\"\",\"potentialAction\":[{\"@type\":\"SearchAction\",\"target\":{\"@type\":\"EntryPoint\",\"urlTemplate\":\"https:\/\/www.naturparkmagazin.de\/stechlin\/?s={search_term_string}\"},\"query-input\":\"required name=search_term_string\"}],\"inLanguage\":\"de\"},{\"@type\":\"Person\",\"@id\":\"https:\/\/www.naturparkmagazin.de\/stechlin\/#\/schema\/person\/3f0d93203df21c806dd63c76d9bb28bc\",\"name\":\"marioschrumpf\",\"url\":\"https:\/\/www.naturparkmagazin.de\/stechlin\/author\/marioschrumpf\/\"}]}<\/script>\n<!-- \/ Yoast SEO plugin. -->","yoast_head_json":{"title":"Liebe Leserin, lieber Leser! - Naturpark Stechlin-Ruppiner Land","robots":{"index":"index","follow":"follow","max-snippet":"max-snippet:-1","max-image-preview":"max-image-preview:large","max-video-preview":"max-video-preview:-1"},"canonical":"https:\/\/www.naturparkmagazin.de\/stechlin\/liebe-leserin-lieber-leser\/","og_locale":"de_DE","og_type":"article","og_title":"Liebe Leserin, lieber Leser! - Naturpark Stechlin-Ruppiner Land","og_description":"Heute halten Sie den ersten Newsletter des Naturparks Stechlin-Ruppiner Land in der Hand! Zuk\u00fcnftig wollen wir Sie mit Unterst\u00fctzung des Verbandes der deutschen Naturparke monatlich \u00fcber Neuigkeiten aus Ihrem Naturpark informieren. Der Naturpark hat sich zu einem Markenzeichen in unserer Region entwickelt! Neben der wundersch\u00f6nen Landschaft laden gerade im Sommer viele Partner zu Veranstaltungen unter","og_url":"https:\/\/www.naturparkmagazin.de\/stechlin\/liebe-leserin-lieber-leser\/","og_site_name":"Naturpark Stechlin-Ruppiner Land","article_published_time":"2013-07-15T08:00:18+00:00","og_image":[{"width":1624,"height":1045,"url":"https:\/\/www.naturparkmagazin.de\/stechlin\/wp-content\/uploads\/sites\/38\/Titelbild.jpg","type":"image\/jpeg"}],"author":"marioschrumpf","twitter_misc":{"Verfasst von":"marioschrumpf"},"schema":{"@context":"https:\/\/schema.org","@graph":[{"@type":"WebPage","@id":"https:\/\/www.naturparkmagazin.de\/stechlin\/liebe-leserin-lieber-leser\/","url":"https:\/\/www.naturparkmagazin.de\/stechlin\/liebe-leserin-lieber-leser\/","name":"Liebe Leserin, lieber Leser! - Naturpark Stechlin-Ruppiner Land","isPartOf":{"@id":"https:\/\/www.naturparkmagazin.de\/stechlin\/#website"},"datePublished":"2013-07-15T08:00:18+00:00","dateModified":"2013-07-15T08:00:18+00:00","author":{"@id":"https:\/\/www.naturparkmagazin.de\/stechlin\/#\/schema\/person\/3f0d93203df21c806dd63c76d9bb28bc"},"breadcrumb":{"@id":"https:\/\/www.naturparkmagazin.de\/stechlin\/liebe-leserin-lieber-leser\/#breadcrumb"},"inLanguage":"de","potentialAction":[{"@type":"ReadAction","target":["https:\/\/www.naturparkmagazin.de\/stechlin\/liebe-leserin-lieber-leser\/"]}]},{"@type":"BreadcrumbList","@id":"https:\/\/www.naturparkmagazin.de\/stechlin\/liebe-leserin-lieber-leser\/#breadcrumb","itemListElement":[{"@type":"ListItem","position":1,"name":"Home","item":"https:\/\/www.naturparkmagazin.de\/stechlin\/"},{"@type":"ListItem","position":2,"name":"Liebe Leserin, lieber Leser!"}]},{"@type":"WebSite","@id":"https:\/\/www.naturparkmagazin.de\/stechlin\/#website","url":"https:\/\/www.naturparkmagazin.de\/stechlin\/","name":"Naturpark Stechlin-Ruppiner Land","description":"","potentialAction":[{"@type":"SearchAction","target":{"@type":"EntryPoint","urlTemplate":"https:\/\/www.naturparkmagazin.de\/stechlin\/?s={search_term_string}"},"query-input":"required name=search_term_string"}],"inLanguage":"de"},{"@type":"Person","@id":"https:\/\/www.naturparkmagazin.de\/stechlin\/#\/schema\/person\/3f0d93203df21c806dd63c76d9bb28bc","name":"marioschrumpf","url":"https:\/\/www.naturparkmagazin.de\/stechlin\/author\/marioschrumpf\/"}]}},"_links":{"self":[{"href":"https:\/\/www.naturparkmagazin.de\/stechlin\/wp-json\/wp\/v2\/posts\/45"}],"collection":[{"href":"https:\/\/www.naturparkmagazin.de\/stechlin\/wp-json\/wp\/v2\/posts"}],"about":[{"href":"https:\/\/www.naturparkmagazin.de\/stechlin\/wp-json\/wp\/v2\/types\/post"}],"author":[{"embeddable":true,"href":"https:\/\/www.naturparkmagazin.de\/stechlin\/wp-json\/wp\/v2\/users\/39"}],"replies":[{"embeddable":true,"href":"https:\/\/www.naturparkmagazin.de\/stechlin\/wp-json\/wp\/v2\/comments?post=45"}],"version-history":[{"count":2,"href":"https:\/\/www.naturparkmagazin.de\/stechlin\/wp-json\/wp\/v2\/posts\/45\/revisions"}],"predecessor-version":[{"id":74,"href":"https:\/\/www.naturparkmagazin.de\/stechlin\/wp-json\/wp\/v2\/posts\/45\/revisions\/74"}],"wp:featuredmedia":[{"embeddable":true,"href":"https:\/\/www.naturparkmagazin.de\/stechlin\/wp-json\/wp\/v2\/media\/46"}],"wp:attachment":[{"href":"https:\/\/www.naturparkmagazin.de\/stechlin\/wp-json\/wp\/v2\/media?parent=45"}],"wp:term":[{"taxonomy":"category","embeddable":true,"href":"https:\/\/www.naturparkmagazin.de\/stechlin\/wp-json\/wp\/v2\/categories?post=45"},{"taxonomy":"post_tag","embeddable":true,"href":"https:\/\/www.naturparkmagazin.de\/stechlin\/wp-json\/wp\/v2\/tags?post=45"}],"curies":[{"name":"wp","href":"https:\/\/api.w.org\/{rel}","templated":true}]}}