{"id":4507,"date":"2016-09-16T14:57:29","date_gmt":"2016-09-16T12:57:29","guid":{"rendered":"http:\/\/www.naturparkmagazin.de\/stechlin\/?p=4507"},"modified":"2016-09-16T15:39:02","modified_gmt":"2016-09-16T13:39:02","slug":"fachgremium-des-eu-life-projektes-tagte-in-zernikow","status":"publish","type":"post","link":"https:\/\/www.naturparkmagazin.de\/stechlin\/fachgremium-des-eu-life-projektes-tagte-in-zernikow\/","title":{"rendered":"Fachgremium des EU-Life-Projektes tagte in Zernikow"},"content":{"rendered":"<div id=\"attachment_4509\" style=\"width: 310px\" class=\"wp-caption alignleft\"><a href=\"https:\/\/www.naturparkmagazin.de\/stechlin\/wp-content\/uploads\/sites\/38\/EU-Life_Fachgremium984_kompr.jpg\"><img aria-describedby=\"caption-attachment-4509\" decoding=\"async\" loading=\"lazy\" class=\"size-thumbnail wp-image-4509\" src=\"https:\/\/www.naturparkmagazin.de\/stechlin\/wp-content\/uploads\/sites\/38\/EU-Life_Fachgremium984_kompr-300x180.jpg\" alt=\"Diskussion der geplanten Sohlaufh\u00f6hung am Rheinsberger Rhin.\" width=\"300\" height=\"180\" srcset=\"https:\/\/www.naturparkmagazin.de\/stechlin\/wp-content\/uploads\/sites\/38\/EU-Life_Fachgremium984_kompr-300x180.jpg 300w, https:\/\/www.naturparkmagazin.de\/stechlin\/wp-content\/uploads\/sites\/38\/EU-Life_Fachgremium984_kompr.jpg 500w, https:\/\/www.naturparkmagazin.de\/stechlin\/wp-content\/uploads\/sites\/38\/EU-Life_Fachgremium984_kompr-200x120.jpg 200w\" sizes=\"(max-width: 300px) 100vw, 300px\" \/><\/a><p id=\"caption-attachment-4509\" class=\"wp-caption-text\">Diskussion der geplanten Sohlaufh\u00f6hung am Rheinsberger Rhin.<\/p><\/div>\n<p>&nbsp;<\/p>\n<p>&nbsp;<\/p>\n<p>&nbsp;<\/p>\n<p>&nbsp;<\/p>\n<p>&nbsp;<\/p>\n<p>&nbsp;<\/p>\n<p><a href=\"https:\/\/www.naturparkmagazin.de\/stechlin\/wp-content\/uploads\/sites\/38\/csm_logoFeuchtwaelder_ce48e8a61b1.png\"><img decoding=\"async\" loading=\"lazy\" class=\"alignleft size-full wp-image-2049\" src=\"https:\/\/www.naturparkmagazin.de\/stechlin\/wp-content\/uploads\/sites\/38\/csm_logoFeuchtwaelder_ce48e8a61b1.png\" alt=\"csm_logoFeuchtwaelder_ce48e8a61b\" width=\"230\" height=\"62\" srcset=\"https:\/\/www.naturparkmagazin.de\/stechlin\/wp-content\/uploads\/sites\/38\/csm_logoFeuchtwaelder_ce48e8a61b1.png 230w, https:\/\/www.naturparkmagazin.de\/stechlin\/wp-content\/uploads\/sites\/38\/csm_logoFeuchtwaelder_ce48e8a61b1-200x54.png 200w\" sizes=\"(max-width: 230px) 100vw, 230px\" \/><\/a><\/p>\n<p>&nbsp;<\/p>\n<p>&nbsp;<\/p>\n<p>Am 14.\/15.9.2016 tagte die projektbegleitende Arbeitsgruppe des landesweiten EU-Life-Projektes auf Gut Zernikow. Projektleiter Michael Zauft berichtete \u00fcber den aktuellen Stand der Projektumsetzung in den einzelnen Projektgebieten. W\u00e4hrend der Exkursion wurden geplante bzw. bereits realisierte Ma\u00dfnahmen am Rheinsberger Rhin und am Kleinen Rhin, am Polzowkanal sowie am Dagowsee besichtigt und diskutiert.<\/p>\n<p>Der Austausch mit Fachleuten aus Wissenschaft und Fachbeh\u00f6rden verschiedener Bundesl\u00e4nder war sehr fruchtbar. Der Erfahrungsschatz der Teilnehmer brachte neue Impulse f\u00fcr die weitere Projektarbeit.<\/p>\n<div id=\"attachment_4510\" style=\"width: 310px\" class=\"wp-caption alignleft\"><a href=\"https:\/\/www.naturparkmagazin.de\/stechlin\/wp-content\/uploads\/sites\/38\/EU-Life_Fachgrmium963_kompr.jpg\"><img aria-describedby=\"caption-attachment-4510\" decoding=\"async\" loading=\"lazy\" class=\"size-thumbnail wp-image-4510\" src=\"https:\/\/www.naturparkmagazin.de\/stechlin\/wp-content\/uploads\/sites\/38\/EU-Life_Fachgrmium963_kompr-300x180.jpg\" alt=\"Vorbesprechung in Zippelsf\u00f6rde\" width=\"300\" height=\"180\" srcset=\"https:\/\/www.naturparkmagazin.de\/stechlin\/wp-content\/uploads\/sites\/38\/EU-Life_Fachgrmium963_kompr-300x180.jpg 300w, https:\/\/www.naturparkmagazin.de\/stechlin\/wp-content\/uploads\/sites\/38\/EU-Life_Fachgrmium963_kompr.jpg 500w, https:\/\/www.naturparkmagazin.de\/stechlin\/wp-content\/uploads\/sites\/38\/EU-Life_Fachgrmium963_kompr-200x120.jpg 200w\" sizes=\"(max-width: 300px) 100vw, 300px\" \/><\/a><p id=\"caption-attachment-4510\" class=\"wp-caption-text\">Vorbesprechung in Zippelsf\u00f6rde<\/p><\/div>\n<p>&nbsp;<\/p>\n<p>&nbsp;<\/p>\n","protected":false},"excerpt":{"rendered":"<p>Am 14.\/15.9.2016 tagte die projektbegleitende Arbeitsgruppe des landesweiten EU-Life-Projektes auf Gut Zernikow.<\/p>\n","protected":false},"author":39,"featured_media":4508,"comment_status":"open","ping_status":"open","sticky":false,"template":"","format":"standard","meta":[],"categories":[7],"tags":[],"yoast_head":"<!-- This site is optimized with the Yoast SEO plugin v19.10 - https:\/\/yoast.com\/wordpress\/plugins\/seo\/ -->\n<title>Fachgremium des EU-Life-Projektes tagte in Zernikow - Naturpark Stechlin-Ruppiner Land<\/title>\n<meta name=\"robots\" content=\"index, follow, max-snippet:-1, max-image-preview:large, max-video-preview:-1\" \/>\n<link rel=\"canonical\" href=\"https:\/\/www.naturparkmagazin.de\/stechlin\/fachgremium-des-eu-life-projektes-tagte-in-zernikow\/\" \/>\n<meta property=\"og:locale\" content=\"de_DE\" \/>\n<meta property=\"og:type\" content=\"article\" \/>\n<meta property=\"og:title\" content=\"Fachgremium des EU-Life-Projektes tagte in Zernikow - Naturpark Stechlin-Ruppiner Land\" \/>\n<meta property=\"og:description\" content=\"Am 14.\/15.9.2016 tagte die projektbegleitende Arbeitsgruppe des landesweiten EU-Life-Projektes auf Gut Zernikow.\" \/>\n<meta property=\"og:url\" content=\"https:\/\/www.naturparkmagazin.de\/stechlin\/fachgremium-des-eu-life-projektes-tagte-in-zernikow\/\" \/>\n<meta property=\"og:site_name\" content=\"Naturpark Stechlin-Ruppiner Land\" \/>\n<meta property=\"article:published_time\" content=\"2016-09-16T12:57:29+00:00\" \/>\n<meta property=\"article:modified_time\" content=\"2016-09-16T13:39:02+00:00\" \/>\n<meta property=\"og:image\" content=\"https:\/\/www.naturparkmagazin.de\/stechlin\/wp-content\/uploads\/sites\/38\/EU-Life_Fachgemium.jpg\" \/>\n\t<meta property=\"og:image:width\" content=\"200\" \/>\n\t<meta property=\"og:image:height\" content=\"200\" \/>\n\t<meta property=\"og:image:type\" content=\"image\/jpeg\" \/>\n<meta name=\"author\" content=\"marioschrumpf\" \/>\n<meta name=\"twitter:label1\" content=\"Verfasst von\" \/>\n\t<meta name=\"twitter:data1\" content=\"marioschrumpf\" \/>\n\t<meta name=\"twitter:label2\" content=\"Gesch\u00e4tzte Lesezeit\" \/>\n\t<meta name=\"twitter:data2\" content=\"1\u00a0Minute\" \/>\n<script type=\"application\/ld+json\" class=\"yoast-schema-graph\">{\"@context\":\"https:\/\/schema.org\",\"@graph\":[{\"@type\":\"WebPage\",\"@id\":\"https:\/\/www.naturparkmagazin.de\/stechlin\/fachgremium-des-eu-life-projektes-tagte-in-zernikow\/\",\"url\":\"https:\/\/www.naturparkmagazin.de\/stechlin\/fachgremium-des-eu-life-projektes-tagte-in-zernikow\/\",\"name\":\"Fachgremium des EU-Life-Projektes tagte in Zernikow - Naturpark Stechlin-Ruppiner Land\",\"isPartOf\":{\"@id\":\"https:\/\/www.naturparkmagazin.de\/stechlin\/#website\"},\"datePublished\":\"2016-09-16T12:57:29+00:00\",\"dateModified\":\"2016-09-16T13:39:02+00:00\",\"author\":{\"@id\":\"https:\/\/www.naturparkmagazin.de\/stechlin\/#\/schema\/person\/3f0d93203df21c806dd63c76d9bb28bc\"},\"breadcrumb\":{\"@id\":\"https:\/\/www.naturparkmagazin.de\/stechlin\/fachgremium-des-eu-life-projektes-tagte-in-zernikow\/#breadcrumb\"},\"inLanguage\":\"de\",\"potentialAction\":[{\"@type\":\"ReadAction\",\"target\":[\"https:\/\/www.naturparkmagazin.de\/stechlin\/fachgremium-des-eu-life-projektes-tagte-in-zernikow\/\"]}]},{\"@type\":\"BreadcrumbList\",\"@id\":\"https:\/\/www.naturparkmagazin.de\/stechlin\/fachgremium-des-eu-life-projektes-tagte-in-zernikow\/#breadcrumb\",\"itemListElement\":[{\"@type\":\"ListItem\",\"position\":1,\"name\":\"Home\",\"item\":\"https:\/\/www.naturparkmagazin.de\/stechlin\/\"},{\"@type\":\"ListItem\",\"position\":2,\"name\":\"Fachgremium des EU-Life-Projektes tagte in Zernikow\"}]},{\"@type\":\"WebSite\",\"@id\":\"https:\/\/www.naturparkmagazin.de\/stechlin\/#website\",\"url\":\"https:\/\/www.naturparkmagazin.de\/stechlin\/\",\"name\":\"Naturpark Stechlin-Ruppiner Land\",\"description\":\"\",\"potentialAction\":[{\"@type\":\"SearchAction\",\"target\":{\"@type\":\"EntryPoint\",\"urlTemplate\":\"https:\/\/www.naturparkmagazin.de\/stechlin\/?s={search_term_string}\"},\"query-input\":\"required name=search_term_string\"}],\"inLanguage\":\"de\"},{\"@type\":\"Person\",\"@id\":\"https:\/\/www.naturparkmagazin.de\/stechlin\/#\/schema\/person\/3f0d93203df21c806dd63c76d9bb28bc\",\"name\":\"marioschrumpf\",\"url\":\"https:\/\/www.naturparkmagazin.de\/stechlin\/author\/marioschrumpf\/\"}]}<\/script>\n<!-- \/ Yoast SEO plugin. -->","yoast_head_json":{"title":"Fachgremium des EU-Life-Projektes tagte in Zernikow - Naturpark Stechlin-Ruppiner Land","robots":{"index":"index","follow":"follow","max-snippet":"max-snippet:-1","max-image-preview":"max-image-preview:large","max-video-preview":"max-video-preview:-1"},"canonical":"https:\/\/www.naturparkmagazin.de\/stechlin\/fachgremium-des-eu-life-projektes-tagte-in-zernikow\/","og_locale":"de_DE","og_type":"article","og_title":"Fachgremium des EU-Life-Projektes tagte in Zernikow - Naturpark Stechlin-Ruppiner Land","og_description":"Am 14.\/15.9.2016 tagte die projektbegleitende Arbeitsgruppe des landesweiten EU-Life-Projektes auf Gut Zernikow.","og_url":"https:\/\/www.naturparkmagazin.de\/stechlin\/fachgremium-des-eu-life-projektes-tagte-in-zernikow\/","og_site_name":"Naturpark Stechlin-Ruppiner Land","article_published_time":"2016-09-16T12:57:29+00:00","article_modified_time":"2016-09-16T13:39:02+00:00","og_image":[{"width":200,"height":200,"url":"https:\/\/www.naturparkmagazin.de\/stechlin\/wp-content\/uploads\/sites\/38\/EU-Life_Fachgemium.jpg","type":"image\/jpeg"}],"author":"marioschrumpf","twitter_misc":{"Verfasst von":"marioschrumpf","Gesch\u00e4tzte Lesezeit":"1\u00a0Minute"},"schema":{"@context":"https:\/\/schema.org","@graph":[{"@type":"WebPage","@id":"https:\/\/www.naturparkmagazin.de\/stechlin\/fachgremium-des-eu-life-projektes-tagte-in-zernikow\/","url":"https:\/\/www.naturparkmagazin.de\/stechlin\/fachgremium-des-eu-life-projektes-tagte-in-zernikow\/","name":"Fachgremium des EU-Life-Projektes tagte in Zernikow - Naturpark Stechlin-Ruppiner Land","isPartOf":{"@id":"https:\/\/www.naturparkmagazin.de\/stechlin\/#website"},"datePublished":"2016-09-16T12:57:29+00:00","dateModified":"2016-09-16T13:39:02+00:00","author":{"@id":"https:\/\/www.naturparkmagazin.de\/stechlin\/#\/schema\/person\/3f0d93203df21c806dd63c76d9bb28bc"},"breadcrumb":{"@id":"https:\/\/www.naturparkmagazin.de\/stechlin\/fachgremium-des-eu-life-projektes-tagte-in-zernikow\/#breadcrumb"},"inLanguage":"de","potentialAction":[{"@type":"ReadAction","target":["https:\/\/www.naturparkmagazin.de\/stechlin\/fachgremium-des-eu-life-projektes-tagte-in-zernikow\/"]}]},{"@type":"BreadcrumbList","@id":"https:\/\/www.naturparkmagazin.de\/stechlin\/fachgremium-des-eu-life-projektes-tagte-in-zernikow\/#breadcrumb","itemListElement":[{"@type":"ListItem","position":1,"name":"Home","item":"https:\/\/www.naturparkmagazin.de\/stechlin\/"},{"@type":"ListItem","position":2,"name":"Fachgremium des EU-Life-Projektes tagte in Zernikow"}]},{"@type":"WebSite","@id":"https:\/\/www.naturparkmagazin.de\/stechlin\/#website","url":"https:\/\/www.naturparkmagazin.de\/stechlin\/","name":"Naturpark Stechlin-Ruppiner Land","description":"","potentialAction":[{"@type":"SearchAction","target":{"@type":"EntryPoint","urlTemplate":"https:\/\/www.naturparkmagazin.de\/stechlin\/?s={search_term_string}"},"query-input":"required name=search_term_string"}],"inLanguage":"de"},{"@type":"Person","@id":"https:\/\/www.naturparkmagazin.de\/stechlin\/#\/schema\/person\/3f0d93203df21c806dd63c76d9bb28bc","name":"marioschrumpf","url":"https:\/\/www.naturparkmagazin.de\/stechlin\/author\/marioschrumpf\/"}]}},"_links":{"self":[{"href":"https:\/\/www.naturparkmagazin.de\/stechlin\/wp-json\/wp\/v2\/posts\/4507"}],"collection":[{"href":"https:\/\/www.naturparkmagazin.de\/stechlin\/wp-json\/wp\/v2\/posts"}],"about":[{"href":"https:\/\/www.naturparkmagazin.de\/stechlin\/wp-json\/wp\/v2\/types\/post"}],"author":[{"embeddable":true,"href":"https:\/\/www.naturparkmagazin.de\/stechlin\/wp-json\/wp\/v2\/users\/39"}],"replies":[{"embeddable":true,"href":"https:\/\/www.naturparkmagazin.de\/stechlin\/wp-json\/wp\/v2\/comments?post=4507"}],"version-history":[{"count":4,"href":"https:\/\/www.naturparkmagazin.de\/stechlin\/wp-json\/wp\/v2\/posts\/4507\/revisions"}],"predecessor-version":[{"id":4539,"href":"https:\/\/www.naturparkmagazin.de\/stechlin\/wp-json\/wp\/v2\/posts\/4507\/revisions\/4539"}],"wp:featuredmedia":[{"embeddable":true,"href":"https:\/\/www.naturparkmagazin.de\/stechlin\/wp-json\/wp\/v2\/media\/4508"}],"wp:attachment":[{"href":"https:\/\/www.naturparkmagazin.de\/stechlin\/wp-json\/wp\/v2\/media?parent=4507"}],"wp:term":[{"taxonomy":"category","embeddable":true,"href":"https:\/\/www.naturparkmagazin.de\/stechlin\/wp-json\/wp\/v2\/categories?post=4507"},{"taxonomy":"post_tag","embeddable":true,"href":"https:\/\/www.naturparkmagazin.de\/stechlin\/wp-json\/wp\/v2\/tags?post=4507"}],"curies":[{"name":"wp","href":"https:\/\/api.w.org\/{rel}","templated":true}]}}