{"id":457,"date":"2013-11-27T21:45:11","date_gmt":"2013-11-27T19:45:11","guid":{"rendered":"http:\/\/www.naturparkmagazin.de\/stechlin\/?p=457"},"modified":"2013-12-02T16:59:39","modified_gmt":"2013-12-02T14:59:39","slug":"kommunale-arbeitsgemeinschaft-kyritz-ruppiner-heide-kag-tagte","status":"publish","type":"post","link":"https:\/\/www.naturparkmagazin.de\/stechlin\/kommunale-arbeitsgemeinschaft-kyritz-ruppiner-heide-kag-tagte\/","title":{"rendered":"Kommunale Arbeitsgemeinschaft Kyritz-Ruppiner Heide (KAG) tagte"},"content":{"rendered":"<div id=\"attachment_478\" style=\"width: 630px\" class=\"wp-caption aligncenter\"><a href=\"https:\/\/www.naturparkmagazin.de\/stechlin\/wp-content\/uploads\/sites\/38\/k-Kranate.jpg\"><img aria-describedby=\"caption-attachment-478\" decoding=\"async\" loading=\"lazy\" class=\"size-medium wp-image-478 \" title=\"Copyright: Dr. Mario Schrumpf\" alt=\"Copyright: Dr. Mario Schrumpf\" src=\"https:\/\/www.naturparkmagazin.de\/stechlin\/wp-content\/uploads\/sites\/38\/k-Kranate-620x415.jpg\" width=\"620\" height=\"415\" srcset=\"https:\/\/www.naturparkmagazin.de\/stechlin\/wp-content\/uploads\/sites\/38\/k-Kranate-620x415.jpg 620w, https:\/\/www.naturparkmagazin.de\/stechlin\/wp-content\/uploads\/sites\/38\/k-Kranate-300x201.jpg 300w, https:\/\/www.naturparkmagazin.de\/stechlin\/wp-content\/uploads\/sites\/38\/k-Kranate-940x629.jpg 940w, https:\/\/www.naturparkmagazin.de\/stechlin\/wp-content\/uploads\/sites\/38\/k-Kranate-670x449.jpg 670w, https:\/\/www.naturparkmagazin.de\/stechlin\/wp-content\/uploads\/sites\/38\/k-Kranate-200x134.jpg 200w, https:\/\/www.naturparkmagazin.de\/stechlin\/wp-content\/uploads\/sites\/38\/k-Kranate.jpg 1936w\" sizes=\"(max-width: 620px) 100vw, 620px\" \/><\/a><p id=\"caption-attachment-478\" class=\"wp-caption-text\">Copyright: Dr. Mario Schrumpf<\/p><\/div>\n<p style=\"text-align: center\">\n<p>Am 19. November tagte in Neuruppin die Kommunale Arbeitsgemeinschaft Kyritz-Ruppiner Heide. Der Naturpark als Mitglied der KAG wurde durch seinen Leiter Dr. Mario Schrumpf vertreten. Im Mittelpunkt stand die Vorstellung der Ergebnisse der geomagnetischen Bodensondierung. Mit dieser Methode wurden die Bereiche des ehemaligen Truppen\u00fcbungsplatzes technisch erkundet, die sich innerhalb eines 1000 Meter Radius um die Ortschaften Griebsee-Walkm\u00fchle, Schweinrich, Lutterow, Gadow, Basdorf, Fretzdorf, Glienicke, Rossow und Pfalzheim befinden. Die Fachfirmen untersuchten auch betriebsnotwendige Wege und Brandschutzstreiefen aud einer L\u00e4nge von insgesamt rund 236 Kilometern. Die eingesetzten Verfahren sind in der Lage, eisenhaltige Metalle, wie sie in den meisten von den russischen Truppen eingesetzten Kampfmitteln enthalten sind, bis in meherere Meter Tiefe zu orten. Daneben werden zwangsl\u00e4ufig auch andere ferromagnetische Gegenst\u00e4nde wie Eisenschrott, Munitionsh\u00fclsen und Fragmente detonierter Kampfmittel angezeigt. Diese sogenannten St\u00f6rk\u00f6rper im Erdboden werden durch die fahr- oder tragbaren Sondensysteme erfasst, informationstechnisch verarbeitet und hinsichtlich ihrer Position, Verteilung, Gr\u00f6\u00dfe und Tiefenlage dargestellt. Als Ergebnis der Untersuchungen wurden im Bereich der Ortsrandlage auf einem Netz von 143 repr\u00e4sentativen, jeweils drei Meter breiten Sondierungsprofilen mit einer Gesamtl\u00e4nge von rund 56 Kilometern insgesamt fast 11.000 Objekte detektiert. Zwischen den einzelnen Ortsrandlagen schwanken die durchschnittlichen St\u00f6rk\u00f6rperdichten von gut zwei bis zu knapp neun Objekten auf 100 Quadratmetern. Ein unerwartetes Resultat der technischen Erkundung liegt in der hohen St\u00f6rk\u00f6rperbelastung der Ortsrandlagen im Norden der Liegenschaft. Um Erkenntnisse zur Gef\u00e4hrlichkeit des sogenannten St\u00f6rk\u00f6rperinventars zu erlangen, sind auf Grundlage der nun vorliegenden Informationen\u00a0 zur Lage der Objekte in naher Zukunft umfangreiche Testfeldr\u00e4umungen erforderlich. Zur n\u00e4heren Bestimmung der St\u00f6rk\u00f6rper werden diese auf etwa f\u00fcnf Prozent der Untersuchungsfl\u00e4che ausgegraben. Konkret beabsichtigt die Bundesanstalt f\u00fcr Immobilienaufgaben, in den n\u00e4chsten Jahren bis zu 259 Testfelder in den Ortsrandlagen und bis zu 236 Testfelder auf Betriebswegen und Brandschutzstreifen zu r\u00e4umen. Oberste Priorit\u00e4t hat die Sicherheit der Bewohner der unmittelbar an dem ehemaligen T\u00dcP angrenzenden Siedlungsbereiche. Erste Priorit\u00e4t bei den Betriebswegen hat die Ber\u00e4umung des geplanten s\u00fcdlichen Kutschweges von Neuglienicke nach Fretzdorf. Desweiteren stand der zuk\u00fcnftige Name unter dem das Areal touristisch vermarktet werden soll auf der Tagesordnung. Freie Heide, M\u00e4rkische Heide, Ruppiner Heide, Wittstock-Ruppiner Heide &#8230; waren nur einige der nicht abschlie\u00dfend diskutierten Varianten. Auch ein Logo wird f\u00fcr die Zukunft gesucht. In 2014 werden wieder Kremserfahrten durch die Heide stattfinden. Die Bundesforst und die Sielmann-Stiftung haben die notwendige Begleitung der Touren zugesichert. Die Friedensscheune Zempow wird erneut Ganztagesangebote mit Einf\u00fchrungsvortrag, Besuch der Ausstellung in Zempow, Kutschfahrt durch die Heide und Imbiss anbieten.<\/p>\n","protected":false},"excerpt":{"rendered":"<p>Am 19. November tagte in Neuruppin die Kommunale Arbeitsgemeinschaft Kyritz-Ruppiner Heide. Der Naturpark als Mitglied der KAG wurde durch seinen Leiter Dr. Mario Schrumpf vertreten. <\/p>\n","protected":false},"author":39,"featured_media":460,"comment_status":"open","ping_status":"open","sticky":false,"template":"","format":"standard","meta":[],"categories":[7],"tags":[],"yoast_head":"<!-- This site is optimized with the Yoast SEO plugin v19.10 - https:\/\/yoast.com\/wordpress\/plugins\/seo\/ -->\n<title>Kommunale Arbeitsgemeinschaft Kyritz-Ruppiner Heide (KAG) tagte - Naturpark Stechlin-Ruppiner Land<\/title>\n<meta name=\"robots\" content=\"index, follow, max-snippet:-1, max-image-preview:large, max-video-preview:-1\" \/>\n<link rel=\"canonical\" href=\"https:\/\/www.naturparkmagazin.de\/stechlin\/kommunale-arbeitsgemeinschaft-kyritz-ruppiner-heide-kag-tagte\/\" \/>\n<meta property=\"og:locale\" content=\"de_DE\" \/>\n<meta property=\"og:type\" content=\"article\" \/>\n<meta property=\"og:title\" content=\"Kommunale Arbeitsgemeinschaft Kyritz-Ruppiner Heide (KAG) tagte - Naturpark Stechlin-Ruppiner Land\" \/>\n<meta property=\"og:description\" content=\"Am 19. November tagte in Neuruppin die Kommunale Arbeitsgemeinschaft Kyritz-Ruppiner Heide. Der Naturpark als Mitglied der KAG wurde durch seinen Leiter Dr. Mario Schrumpf vertreten.\" \/>\n<meta property=\"og:url\" content=\"https:\/\/www.naturparkmagazin.de\/stechlin\/kommunale-arbeitsgemeinschaft-kyritz-ruppiner-heide-kag-tagte\/\" \/>\n<meta property=\"og:site_name\" content=\"Naturpark Stechlin-Ruppiner Land\" \/>\n<meta property=\"article:published_time\" content=\"2013-11-27T19:45:11+00:00\" \/>\n<meta property=\"article:modified_time\" content=\"2013-12-02T14:59:39+00:00\" \/>\n<meta property=\"og:image\" content=\"https:\/\/www.naturparkmagazin.de\/stechlin\/wp-content\/uploads\/sites\/38\/k-KRH-Schrott.jpg\" \/>\n\t<meta property=\"og:image:width\" content=\"1936\" \/>\n\t<meta property=\"og:image:height\" content=\"1296\" \/>\n\t<meta property=\"og:image:type\" content=\"image\/jpeg\" \/>\n<meta name=\"author\" content=\"marioschrumpf\" \/>\n<meta name=\"twitter:label1\" content=\"Verfasst von\" \/>\n\t<meta name=\"twitter:data1\" content=\"marioschrumpf\" \/>\n\t<meta name=\"twitter:label2\" content=\"Gesch\u00e4tzte Lesezeit\" \/>\n\t<meta name=\"twitter:data2\" content=\"2\u00a0Minuten\" \/>\n<script type=\"application\/ld+json\" class=\"yoast-schema-graph\">{\"@context\":\"https:\/\/schema.org\",\"@graph\":[{\"@type\":\"WebPage\",\"@id\":\"https:\/\/www.naturparkmagazin.de\/stechlin\/kommunale-arbeitsgemeinschaft-kyritz-ruppiner-heide-kag-tagte\/\",\"url\":\"https:\/\/www.naturparkmagazin.de\/stechlin\/kommunale-arbeitsgemeinschaft-kyritz-ruppiner-heide-kag-tagte\/\",\"name\":\"Kommunale Arbeitsgemeinschaft Kyritz-Ruppiner Heide (KAG) tagte - Naturpark Stechlin-Ruppiner Land\",\"isPartOf\":{\"@id\":\"https:\/\/www.naturparkmagazin.de\/stechlin\/#website\"},\"datePublished\":\"2013-11-27T19:45:11+00:00\",\"dateModified\":\"2013-12-02T14:59:39+00:00\",\"author\":{\"@id\":\"https:\/\/www.naturparkmagazin.de\/stechlin\/#\/schema\/person\/3f0d93203df21c806dd63c76d9bb28bc\"},\"breadcrumb\":{\"@id\":\"https:\/\/www.naturparkmagazin.de\/stechlin\/kommunale-arbeitsgemeinschaft-kyritz-ruppiner-heide-kag-tagte\/#breadcrumb\"},\"inLanguage\":\"de\",\"potentialAction\":[{\"@type\":\"ReadAction\",\"target\":[\"https:\/\/www.naturparkmagazin.de\/stechlin\/kommunale-arbeitsgemeinschaft-kyritz-ruppiner-heide-kag-tagte\/\"]}]},{\"@type\":\"BreadcrumbList\",\"@id\":\"https:\/\/www.naturparkmagazin.de\/stechlin\/kommunale-arbeitsgemeinschaft-kyritz-ruppiner-heide-kag-tagte\/#breadcrumb\",\"itemListElement\":[{\"@type\":\"ListItem\",\"position\":1,\"name\":\"Home\",\"item\":\"https:\/\/www.naturparkmagazin.de\/stechlin\/\"},{\"@type\":\"ListItem\",\"position\":2,\"name\":\"Kommunale Arbeitsgemeinschaft Kyritz-Ruppiner Heide (KAG) tagte\"}]},{\"@type\":\"WebSite\",\"@id\":\"https:\/\/www.naturparkmagazin.de\/stechlin\/#website\",\"url\":\"https:\/\/www.naturparkmagazin.de\/stechlin\/\",\"name\":\"Naturpark Stechlin-Ruppiner Land\",\"description\":\"\",\"potentialAction\":[{\"@type\":\"SearchAction\",\"target\":{\"@type\":\"EntryPoint\",\"urlTemplate\":\"https:\/\/www.naturparkmagazin.de\/stechlin\/?s={search_term_string}\"},\"query-input\":\"required name=search_term_string\"}],\"inLanguage\":\"de\"},{\"@type\":\"Person\",\"@id\":\"https:\/\/www.naturparkmagazin.de\/stechlin\/#\/schema\/person\/3f0d93203df21c806dd63c76d9bb28bc\",\"name\":\"marioschrumpf\",\"url\":\"https:\/\/www.naturparkmagazin.de\/stechlin\/author\/marioschrumpf\/\"}]}<\/script>\n<!-- \/ Yoast SEO plugin. -->","yoast_head_json":{"title":"Kommunale Arbeitsgemeinschaft Kyritz-Ruppiner Heide (KAG) tagte - Naturpark Stechlin-Ruppiner Land","robots":{"index":"index","follow":"follow","max-snippet":"max-snippet:-1","max-image-preview":"max-image-preview:large","max-video-preview":"max-video-preview:-1"},"canonical":"https:\/\/www.naturparkmagazin.de\/stechlin\/kommunale-arbeitsgemeinschaft-kyritz-ruppiner-heide-kag-tagte\/","og_locale":"de_DE","og_type":"article","og_title":"Kommunale Arbeitsgemeinschaft Kyritz-Ruppiner Heide (KAG) tagte - Naturpark Stechlin-Ruppiner Land","og_description":"Am 19. November tagte in Neuruppin die Kommunale Arbeitsgemeinschaft Kyritz-Ruppiner Heide. Der Naturpark als Mitglied der KAG wurde durch seinen Leiter Dr. Mario Schrumpf vertreten.","og_url":"https:\/\/www.naturparkmagazin.de\/stechlin\/kommunale-arbeitsgemeinschaft-kyritz-ruppiner-heide-kag-tagte\/","og_site_name":"Naturpark Stechlin-Ruppiner Land","article_published_time":"2013-11-27T19:45:11+00:00","article_modified_time":"2013-12-02T14:59:39+00:00","og_image":[{"width":1936,"height":1296,"url":"https:\/\/www.naturparkmagazin.de\/stechlin\/wp-content\/uploads\/sites\/38\/k-KRH-Schrott.jpg","type":"image\/jpeg"}],"author":"marioschrumpf","twitter_misc":{"Verfasst von":"marioschrumpf","Gesch\u00e4tzte Lesezeit":"2\u00a0Minuten"},"schema":{"@context":"https:\/\/schema.org","@graph":[{"@type":"WebPage","@id":"https:\/\/www.naturparkmagazin.de\/stechlin\/kommunale-arbeitsgemeinschaft-kyritz-ruppiner-heide-kag-tagte\/","url":"https:\/\/www.naturparkmagazin.de\/stechlin\/kommunale-arbeitsgemeinschaft-kyritz-ruppiner-heide-kag-tagte\/","name":"Kommunale Arbeitsgemeinschaft Kyritz-Ruppiner Heide (KAG) tagte - Naturpark Stechlin-Ruppiner Land","isPartOf":{"@id":"https:\/\/www.naturparkmagazin.de\/stechlin\/#website"},"datePublished":"2013-11-27T19:45:11+00:00","dateModified":"2013-12-02T14:59:39+00:00","author":{"@id":"https:\/\/www.naturparkmagazin.de\/stechlin\/#\/schema\/person\/3f0d93203df21c806dd63c76d9bb28bc"},"breadcrumb":{"@id":"https:\/\/www.naturparkmagazin.de\/stechlin\/kommunale-arbeitsgemeinschaft-kyritz-ruppiner-heide-kag-tagte\/#breadcrumb"},"inLanguage":"de","potentialAction":[{"@type":"ReadAction","target":["https:\/\/www.naturparkmagazin.de\/stechlin\/kommunale-arbeitsgemeinschaft-kyritz-ruppiner-heide-kag-tagte\/"]}]},{"@type":"BreadcrumbList","@id":"https:\/\/www.naturparkmagazin.de\/stechlin\/kommunale-arbeitsgemeinschaft-kyritz-ruppiner-heide-kag-tagte\/#breadcrumb","itemListElement":[{"@type":"ListItem","position":1,"name":"Home","item":"https:\/\/www.naturparkmagazin.de\/stechlin\/"},{"@type":"ListItem","position":2,"name":"Kommunale Arbeitsgemeinschaft Kyritz-Ruppiner Heide (KAG) tagte"}]},{"@type":"WebSite","@id":"https:\/\/www.naturparkmagazin.de\/stechlin\/#website","url":"https:\/\/www.naturparkmagazin.de\/stechlin\/","name":"Naturpark Stechlin-Ruppiner Land","description":"","potentialAction":[{"@type":"SearchAction","target":{"@type":"EntryPoint","urlTemplate":"https:\/\/www.naturparkmagazin.de\/stechlin\/?s={search_term_string}"},"query-input":"required name=search_term_string"}],"inLanguage":"de"},{"@type":"Person","@id":"https:\/\/www.naturparkmagazin.de\/stechlin\/#\/schema\/person\/3f0d93203df21c806dd63c76d9bb28bc","name":"marioschrumpf","url":"https:\/\/www.naturparkmagazin.de\/stechlin\/author\/marioschrumpf\/"}]}},"_links":{"self":[{"href":"https:\/\/www.naturparkmagazin.de\/stechlin\/wp-json\/wp\/v2\/posts\/457"}],"collection":[{"href":"https:\/\/www.naturparkmagazin.de\/stechlin\/wp-json\/wp\/v2\/posts"}],"about":[{"href":"https:\/\/www.naturparkmagazin.de\/stechlin\/wp-json\/wp\/v2\/types\/post"}],"author":[{"embeddable":true,"href":"https:\/\/www.naturparkmagazin.de\/stechlin\/wp-json\/wp\/v2\/users\/39"}],"replies":[{"embeddable":true,"href":"https:\/\/www.naturparkmagazin.de\/stechlin\/wp-json\/wp\/v2\/comments?post=457"}],"version-history":[{"count":7,"href":"https:\/\/www.naturparkmagazin.de\/stechlin\/wp-json\/wp\/v2\/posts\/457\/revisions"}],"predecessor-version":[{"id":536,"href":"https:\/\/www.naturparkmagazin.de\/stechlin\/wp-json\/wp\/v2\/posts\/457\/revisions\/536"}],"wp:featuredmedia":[{"embeddable":true,"href":"https:\/\/www.naturparkmagazin.de\/stechlin\/wp-json\/wp\/v2\/media\/460"}],"wp:attachment":[{"href":"https:\/\/www.naturparkmagazin.de\/stechlin\/wp-json\/wp\/v2\/media?parent=457"}],"wp:term":[{"taxonomy":"category","embeddable":true,"href":"https:\/\/www.naturparkmagazin.de\/stechlin\/wp-json\/wp\/v2\/categories?post=457"},{"taxonomy":"post_tag","embeddable":true,"href":"https:\/\/www.naturparkmagazin.de\/stechlin\/wp-json\/wp\/v2\/tags?post=457"}],"curies":[{"name":"wp","href":"https:\/\/api.w.org\/{rel}","templated":true}]}}