{"id":4601,"date":"2016-10-18T08:45:44","date_gmt":"2016-10-18T06:45:44","guid":{"rendered":"http:\/\/www.naturparkmagazin.de\/stechlin\/?p=4601"},"modified":"2016-10-20T20:29:09","modified_gmt":"2016-10-20T18:29:09","slug":"robert-franck","status":"publish","type":"post","link":"https:\/\/www.naturparkmagazin.de\/stechlin\/robert-franck\/","title":{"rendered":"Robert Franck &#8211; der mit dem Wolf &#8230;"},"content":{"rendered":"<div id=\"attachment_4250\" style=\"width: 310px\" class=\"wp-caption alignnone\"><a href=\"https:\/\/www.naturparkmagazin.de\/stechlin\/wp-content\/uploads\/sites\/38\/Fischadlertafel_Einweihung1.jpg\"><img aria-describedby=\"caption-attachment-4250\" decoding=\"async\" loading=\"lazy\" class=\"wp-image-4250 size-thumbnail\" src=\"https:\/\/www.naturparkmagazin.de\/stechlin\/wp-content\/uploads\/sites\/38\/Fischadlertafel_Einweihung1-300x180.jpg\" alt=\"Frank Stieldorf, Gesch\u00e4ftsf\u00fchrer der Preussenquelle, nach der \u00dcbergabe der Patenschaftsurkunde f\u00fcr drei Fischadlerpaare.\" width=\"300\" height=\"180\" srcset=\"https:\/\/www.naturparkmagazin.de\/stechlin\/wp-content\/uploads\/sites\/38\/Fischadlertafel_Einweihung1-300x180.jpg 300w, https:\/\/www.naturparkmagazin.de\/stechlin\/wp-content\/uploads\/sites\/38\/Fischadlertafel_Einweihung1.jpg 500w, https:\/\/www.naturparkmagazin.de\/stechlin\/wp-content\/uploads\/sites\/38\/Fischadlertafel_Einweihung1-200x120.jpg 200w\" sizes=\"(max-width: 300px) 100vw, 300px\" \/><\/a><p id=\"caption-attachment-4250\" class=\"wp-caption-text\">Als Horstbetreuer ist Robert Franck f\u00fcr die Fischadler am Grienericksee zust\u00e4ndig.<\/p><\/div>\n<p>&nbsp;<\/p>\n<p>&nbsp;<\/p>\n<p>Robert Franck aus Rheinsberg geh\u00f6rt seit vielen Jahren zu den Engagierten im ehrenamtlichen Naturschutz. Als Wolfsbeauftragter ist er f\u00fcr das Landesamt f\u00fcr Umwelt fast rund um die Uhr in Sachen Wolfsschutz in seiner Freizeit in den Landkreisen Oberhavel und Ostprignitz-Ruppin unterwegs.<\/p>\n<p>Als zertifizierter Natur- und Landschaftsf\u00fchrer des Naturparks genie\u00dft er sowohl bei Natursch\u00fctzern als auch bei J\u00e4gern hohes Ansehen. So verwundert es nicht, dass er als Pr\u00e4sidiumsmitglied des Landesjagdverbandes Brandenburg f\u00fcr den Bereich Naturschutz und Wolfsmanagement landesweit Verantwortung tr\u00e4gt. Dar\u00fcberhinaus k\u00fcmmert sich der als privater Unternehmer im Kanutourismus arbeitende Franck um die Horstbetreuung gesch\u00fctzter Greifv\u00f6gel im Rheinsberger Seengebiet.<\/p>\n<p>Als Vorsitzender des Rheinsberger Heimatvereins engagiert er sich f\u00fcr die touristische Infrastruktur, wie Infotafeln und Wegeleitsysteme sowie Veranstaltungen in seiner Heimatstadt Rheinsberg.<\/p>\n<p>&nbsp;<\/p>\n","protected":false},"excerpt":{"rendered":"<p>Robert Franck aus Rheinsberg geh\u00f6rt seit vielen Jahren zu den Engagierten im ehrenamtlichen Naturschutz.<\/p>\n","protected":false},"author":39,"featured_media":4602,"comment_status":"open","ping_status":"open","sticky":false,"template":"","format":"standard","meta":[],"categories":[8],"tags":[],"yoast_head":"<!-- This site is optimized with the Yoast SEO plugin v19.10 - https:\/\/yoast.com\/wordpress\/plugins\/seo\/ -->\n<title>Robert Franck - der mit dem Wolf ... - Naturpark Stechlin-Ruppiner Land<\/title>\n<meta name=\"robots\" content=\"index, follow, max-snippet:-1, max-image-preview:large, max-video-preview:-1\" \/>\n<link rel=\"canonical\" href=\"https:\/\/www.naturparkmagazin.de\/stechlin\/robert-franck\/\" \/>\n<meta property=\"og:locale\" content=\"de_DE\" \/>\n<meta property=\"og:type\" content=\"article\" \/>\n<meta property=\"og:title\" content=\"Robert Franck - der mit dem Wolf ... - Naturpark Stechlin-Ruppiner Land\" \/>\n<meta property=\"og:description\" content=\"Robert Franck aus Rheinsberg geh\u00f6rt seit vielen Jahren zu den Engagierten im ehrenamtlichen Naturschutz.\" \/>\n<meta property=\"og:url\" content=\"https:\/\/www.naturparkmagazin.de\/stechlin\/robert-franck\/\" \/>\n<meta property=\"og:site_name\" content=\"Naturpark Stechlin-Ruppiner Land\" \/>\n<meta property=\"article:published_time\" content=\"2016-10-18T06:45:44+00:00\" \/>\n<meta property=\"article:modified_time\" content=\"2016-10-20T18:29:09+00:00\" \/>\n<meta property=\"og:image\" content=\"https:\/\/www.naturparkmagazin.de\/stechlin\/wp-content\/uploads\/sites\/38\/Robert-Franck_015.jpg\" \/>\n\t<meta property=\"og:image:width\" content=\"200\" \/>\n\t<meta property=\"og:image:height\" content=\"200\" \/>\n\t<meta property=\"og:image:type\" content=\"image\/jpeg\" \/>\n<meta name=\"author\" content=\"marioschrumpf\" \/>\n<meta name=\"twitter:label1\" content=\"Verfasst von\" \/>\n\t<meta name=\"twitter:data1\" content=\"marioschrumpf\" \/>\n\t<meta name=\"twitter:label2\" content=\"Gesch\u00e4tzte Lesezeit\" \/>\n\t<meta name=\"twitter:data2\" content=\"1\u00a0Minute\" \/>\n<script type=\"application\/ld+json\" class=\"yoast-schema-graph\">{\"@context\":\"https:\/\/schema.org\",\"@graph\":[{\"@type\":\"WebPage\",\"@id\":\"https:\/\/www.naturparkmagazin.de\/stechlin\/robert-franck\/\",\"url\":\"https:\/\/www.naturparkmagazin.de\/stechlin\/robert-franck\/\",\"name\":\"Robert Franck - der mit dem Wolf ... - Naturpark Stechlin-Ruppiner Land\",\"isPartOf\":{\"@id\":\"https:\/\/www.naturparkmagazin.de\/stechlin\/#website\"},\"datePublished\":\"2016-10-18T06:45:44+00:00\",\"dateModified\":\"2016-10-20T18:29:09+00:00\",\"author\":{\"@id\":\"https:\/\/www.naturparkmagazin.de\/stechlin\/#\/schema\/person\/3f0d93203df21c806dd63c76d9bb28bc\"},\"breadcrumb\":{\"@id\":\"https:\/\/www.naturparkmagazin.de\/stechlin\/robert-franck\/#breadcrumb\"},\"inLanguage\":\"de\",\"potentialAction\":[{\"@type\":\"ReadAction\",\"target\":[\"https:\/\/www.naturparkmagazin.de\/stechlin\/robert-franck\/\"]}]},{\"@type\":\"BreadcrumbList\",\"@id\":\"https:\/\/www.naturparkmagazin.de\/stechlin\/robert-franck\/#breadcrumb\",\"itemListElement\":[{\"@type\":\"ListItem\",\"position\":1,\"name\":\"Home\",\"item\":\"https:\/\/www.naturparkmagazin.de\/stechlin\/\"},{\"@type\":\"ListItem\",\"position\":2,\"name\":\"Robert Franck &#8211; der mit dem Wolf &#8230;\"}]},{\"@type\":\"WebSite\",\"@id\":\"https:\/\/www.naturparkmagazin.de\/stechlin\/#website\",\"url\":\"https:\/\/www.naturparkmagazin.de\/stechlin\/\",\"name\":\"Naturpark Stechlin-Ruppiner Land\",\"description\":\"\",\"potentialAction\":[{\"@type\":\"SearchAction\",\"target\":{\"@type\":\"EntryPoint\",\"urlTemplate\":\"https:\/\/www.naturparkmagazin.de\/stechlin\/?s={search_term_string}\"},\"query-input\":\"required name=search_term_string\"}],\"inLanguage\":\"de\"},{\"@type\":\"Person\",\"@id\":\"https:\/\/www.naturparkmagazin.de\/stechlin\/#\/schema\/person\/3f0d93203df21c806dd63c76d9bb28bc\",\"name\":\"marioschrumpf\",\"url\":\"https:\/\/www.naturparkmagazin.de\/stechlin\/author\/marioschrumpf\/\"}]}<\/script>\n<!-- \/ Yoast SEO plugin. -->","yoast_head_json":{"title":"Robert Franck - der mit dem Wolf ... - Naturpark Stechlin-Ruppiner Land","robots":{"index":"index","follow":"follow","max-snippet":"max-snippet:-1","max-image-preview":"max-image-preview:large","max-video-preview":"max-video-preview:-1"},"canonical":"https:\/\/www.naturparkmagazin.de\/stechlin\/robert-franck\/","og_locale":"de_DE","og_type":"article","og_title":"Robert Franck - der mit dem Wolf ... - Naturpark Stechlin-Ruppiner Land","og_description":"Robert Franck aus Rheinsberg geh\u00f6rt seit vielen Jahren zu den Engagierten im ehrenamtlichen Naturschutz.","og_url":"https:\/\/www.naturparkmagazin.de\/stechlin\/robert-franck\/","og_site_name":"Naturpark Stechlin-Ruppiner Land","article_published_time":"2016-10-18T06:45:44+00:00","article_modified_time":"2016-10-20T18:29:09+00:00","og_image":[{"width":200,"height":200,"url":"https:\/\/www.naturparkmagazin.de\/stechlin\/wp-content\/uploads\/sites\/38\/Robert-Franck_015.jpg","type":"image\/jpeg"}],"author":"marioschrumpf","twitter_misc":{"Verfasst von":"marioschrumpf","Gesch\u00e4tzte Lesezeit":"1\u00a0Minute"},"schema":{"@context":"https:\/\/schema.org","@graph":[{"@type":"WebPage","@id":"https:\/\/www.naturparkmagazin.de\/stechlin\/robert-franck\/","url":"https:\/\/www.naturparkmagazin.de\/stechlin\/robert-franck\/","name":"Robert Franck - der mit dem Wolf ... - Naturpark Stechlin-Ruppiner Land","isPartOf":{"@id":"https:\/\/www.naturparkmagazin.de\/stechlin\/#website"},"datePublished":"2016-10-18T06:45:44+00:00","dateModified":"2016-10-20T18:29:09+00:00","author":{"@id":"https:\/\/www.naturparkmagazin.de\/stechlin\/#\/schema\/person\/3f0d93203df21c806dd63c76d9bb28bc"},"breadcrumb":{"@id":"https:\/\/www.naturparkmagazin.de\/stechlin\/robert-franck\/#breadcrumb"},"inLanguage":"de","potentialAction":[{"@type":"ReadAction","target":["https:\/\/www.naturparkmagazin.de\/stechlin\/robert-franck\/"]}]},{"@type":"BreadcrumbList","@id":"https:\/\/www.naturparkmagazin.de\/stechlin\/robert-franck\/#breadcrumb","itemListElement":[{"@type":"ListItem","position":1,"name":"Home","item":"https:\/\/www.naturparkmagazin.de\/stechlin\/"},{"@type":"ListItem","position":2,"name":"Robert Franck &#8211; der mit dem Wolf &#8230;"}]},{"@type":"WebSite","@id":"https:\/\/www.naturparkmagazin.de\/stechlin\/#website","url":"https:\/\/www.naturparkmagazin.de\/stechlin\/","name":"Naturpark Stechlin-Ruppiner Land","description":"","potentialAction":[{"@type":"SearchAction","target":{"@type":"EntryPoint","urlTemplate":"https:\/\/www.naturparkmagazin.de\/stechlin\/?s={search_term_string}"},"query-input":"required name=search_term_string"}],"inLanguage":"de"},{"@type":"Person","@id":"https:\/\/www.naturparkmagazin.de\/stechlin\/#\/schema\/person\/3f0d93203df21c806dd63c76d9bb28bc","name":"marioschrumpf","url":"https:\/\/www.naturparkmagazin.de\/stechlin\/author\/marioschrumpf\/"}]}},"_links":{"self":[{"href":"https:\/\/www.naturparkmagazin.de\/stechlin\/wp-json\/wp\/v2\/posts\/4601"}],"collection":[{"href":"https:\/\/www.naturparkmagazin.de\/stechlin\/wp-json\/wp\/v2\/posts"}],"about":[{"href":"https:\/\/www.naturparkmagazin.de\/stechlin\/wp-json\/wp\/v2\/types\/post"}],"author":[{"embeddable":true,"href":"https:\/\/www.naturparkmagazin.de\/stechlin\/wp-json\/wp\/v2\/users\/39"}],"replies":[{"embeddable":true,"href":"https:\/\/www.naturparkmagazin.de\/stechlin\/wp-json\/wp\/v2\/comments?post=4601"}],"version-history":[{"count":5,"href":"https:\/\/www.naturparkmagazin.de\/stechlin\/wp-json\/wp\/v2\/posts\/4601\/revisions"}],"predecessor-version":[{"id":4722,"href":"https:\/\/www.naturparkmagazin.de\/stechlin\/wp-json\/wp\/v2\/posts\/4601\/revisions\/4722"}],"wp:featuredmedia":[{"embeddable":true,"href":"https:\/\/www.naturparkmagazin.de\/stechlin\/wp-json\/wp\/v2\/media\/4602"}],"wp:attachment":[{"href":"https:\/\/www.naturparkmagazin.de\/stechlin\/wp-json\/wp\/v2\/media?parent=4601"}],"wp:term":[{"taxonomy":"category","embeddable":true,"href":"https:\/\/www.naturparkmagazin.de\/stechlin\/wp-json\/wp\/v2\/categories?post=4601"},{"taxonomy":"post_tag","embeddable":true,"href":"https:\/\/www.naturparkmagazin.de\/stechlin\/wp-json\/wp\/v2\/tags?post=4601"}],"curies":[{"name":"wp","href":"https:\/\/api.w.org\/{rel}","templated":true}]}}