{"id":4623,"date":"2016-10-18T12:01:13","date_gmt":"2016-10-18T10:01:13","guid":{"rendered":"http:\/\/www.naturparkmagazin.de\/stechlin\/?p=4623"},"modified":"2016-10-20T08:46:43","modified_gmt":"2016-10-20T06:46:43","slug":"grundschueler-aus-walsleben-und-wildberg-erkunden-die-kyritz-ruppiner-heide","status":"publish","type":"post","link":"https:\/\/www.naturparkmagazin.de\/stechlin\/grundschueler-aus-walsleben-und-wildberg-erkunden-die-kyritz-ruppiner-heide\/","title":{"rendered":"Grundsch\u00fcler aus Walsleben und Wildberg erkundeten die Kyritz-Ruppiner Heide"},"content":{"rendered":"<div id=\"attachment_4625\" style=\"width: 310px\" class=\"wp-caption alignleft\"><a href=\"https:\/\/www.naturparkmagazin.de\/stechlin\/wp-content\/uploads\/sites\/38\/F\u00fchlk\u00e4sten.jpg\"><img aria-describedby=\"caption-attachment-4625\" decoding=\"async\" loading=\"lazy\" class=\"size-thumbnail wp-image-4625\" src=\"https:\/\/www.naturparkmagazin.de\/stechlin\/wp-content\/uploads\/sites\/38\/F\u00fchlk\u00e4sten-300x180.jpg\" alt=\"F\u00fchlk\u00e4sten\" width=\"300\" height=\"180\" srcset=\"https:\/\/www.naturparkmagazin.de\/stechlin\/wp-content\/uploads\/sites\/38\/F\u00fchlk\u00e4sten-300x180.jpg 300w, https:\/\/www.naturparkmagazin.de\/stechlin\/wp-content\/uploads\/sites\/38\/F\u00fchlk\u00e4sten.jpg 500w, https:\/\/www.naturparkmagazin.de\/stechlin\/wp-content\/uploads\/sites\/38\/F\u00fchlk\u00e4sten-200x120.jpg 200w\" sizes=\"(max-width: 300px) 100vw, 300px\" \/><\/a><p id=\"caption-attachment-4625\" class=\"wp-caption-text\">Ei oder Apfel? Was liegt in der Black Box?<\/p><\/div>\n<p>&nbsp;<\/p>\n<p>&nbsp;<\/p>\n<p>&nbsp;<\/p>\n<p>&nbsp;<\/p>\n<p>&nbsp;<\/p>\n<p>&nbsp;<\/p>\n<p>&nbsp;<\/p>\n<p>&nbsp;<\/p>\n<p>Am Freitag vor den Oktoberferien unternahmen Viertkl\u00e4ssler der beiden <a href=\"http:\/\/www.temnitzer-grundschulen.de\/\">Temnitzer Grundschulen<\/a> aus Wildberg und Walsleben eine Exkursion in die Kyritz-Ruppiner Heide. Die Kinder wurden mit dem Bus in den Schulen abgeholt, der sie bis nach Pfalzheim brachte. In vier Gruppen aufgeteilt und von jeweils einem ausgebildeten Natur- und Landschaftsf\u00fchrer sowie einem Lehrer begleitet war eine Wanderung vom Parkplatz in Pfalzheim zum Sielmannh\u00fcgel die erste Erlebnisetappe der Naturerkundung am Rande der Heide.<\/p>\n<div id=\"attachment_4627\" style=\"width: 310px\" class=\"wp-caption alignleft\"><a href=\"https:\/\/www.naturparkmagazin.de\/stechlin\/wp-content\/uploads\/sites\/38\/Natur-und-Landschaftsf\u00fchrer-des-Naturparks-Stechlin-Ruppiner-Land-am-14-10-2016.jpg\"><img aria-describedby=\"caption-attachment-4627\" decoding=\"async\" loading=\"lazy\" class=\"wp-image-4627 size-thumbnail\" src=\"https:\/\/www.naturparkmagazin.de\/stechlin\/wp-content\/uploads\/sites\/38\/Natur-und-Landschaftsf\u00fchrer-des-Naturparks-Stechlin-Ruppiner-Land-am-14-10-2016-300x180.jpg\" alt=\"NP SRL\/J\u00fcrgen Paul\" width=\"300\" height=\"180\" srcset=\"https:\/\/www.naturparkmagazin.de\/stechlin\/wp-content\/uploads\/sites\/38\/Natur-und-Landschaftsf\u00fchrer-des-Naturparks-Stechlin-Ruppiner-Land-am-14-10-2016-300x180.jpg 300w, https:\/\/www.naturparkmagazin.de\/stechlin\/wp-content\/uploads\/sites\/38\/Natur-und-Landschaftsf\u00fchrer-des-Naturparks-Stechlin-Ruppiner-Land-am-14-10-2016.jpg 500w, https:\/\/www.naturparkmagazin.de\/stechlin\/wp-content\/uploads\/sites\/38\/Natur-und-Landschaftsf\u00fchrer-des-Naturparks-Stechlin-Ruppiner-Land-am-14-10-2016-200x120.jpg 200w\" sizes=\"(max-width: 300px) 100vw, 300px\" \/><\/a><p id=\"caption-attachment-4627\" class=\"wp-caption-text\">Die Mannschaft des &#8222;Heide-Trail&#8220;.<\/p><\/div>\n<p>&nbsp;<\/p>\n<p>&nbsp;<\/p>\n<p>&nbsp;<\/p>\n<p>&nbsp;<\/p>\n<p>&nbsp;<\/p>\n<p>&nbsp;<\/p>\n<p>&nbsp;<\/p>\n<p>&nbsp;<\/p>\n<p>F\u00fcr das Pilotprojekt<strong> \u201eSchule in der Kyritz-Ruppiner Heide\u201c<\/strong> legten sich die Landschaftsf\u00fchrer G\u00fcnter Lutz, J\u00fcrgen Paul, Olaf Wolff, Andree Kienast und Torsten Stelly richtig ins Zeug. Verpackt mit Spa\u00df und Spiel vermittelten Sie an mehreren Stationen, wie z. B. an den F\u00fchlk\u00e4sten, viel Wissenswertes zur Natur und zur Geschichte der <a href=\"http:\/\/www.kyritz-ruppiner-heide.de\/\">Kyritz-Ruppiner Heide.<\/a> Nach zweieinhalb Stunden Aktivprogramm und Naturerlebnis gab es ein herzhaftes Heidepicknick mit warmen Getr\u00e4nken. F\u00fcr das leckere Essen und die flexible Organisation des Heidepicknicks bekam Ursula L\u00fcck als \u201e<em>Mutter der Kompanie<\/em>\u201c noch ein spontanes Gesangsst\u00e4ndchen von den Sch\u00fclern als Dankesch\u00f6n.<\/p>\n<div id=\"attachment_4626\" style=\"width: 310px\" class=\"wp-caption alignleft\"><a href=\"https:\/\/www.naturparkmagazin.de\/stechlin\/wp-content\/uploads\/sites\/38\/Heidepicknick-14-10-2016.jpg\"><img aria-describedby=\"caption-attachment-4626\" decoding=\"async\" loading=\"lazy\" class=\"size-thumbnail wp-image-4626\" src=\"https:\/\/www.naturparkmagazin.de\/stechlin\/wp-content\/uploads\/sites\/38\/Heidepicknick-14-10-2016-300x180.jpg\" alt=\"Heidepicknick\" width=\"300\" height=\"180\" srcset=\"https:\/\/www.naturparkmagazin.de\/stechlin\/wp-content\/uploads\/sites\/38\/Heidepicknick-14-10-2016-300x180.jpg 300w, https:\/\/www.naturparkmagazin.de\/stechlin\/wp-content\/uploads\/sites\/38\/Heidepicknick-14-10-2016.jpg 500w, https:\/\/www.naturparkmagazin.de\/stechlin\/wp-content\/uploads\/sites\/38\/Heidepicknick-14-10-2016-200x120.jpg 200w\" sizes=\"(max-width: 300px) 100vw, 300px\" \/><\/a><p id=\"caption-attachment-4626\" class=\"wp-caption-text\">Ein Imbiss mit regionalen Produkten geh\u00f6rt zum Programm.<\/p><\/div>\n<p>&nbsp;<\/p>\n<p>&nbsp;<\/p>\n<p>&nbsp;<\/p>\n<p>&nbsp;<\/p>\n<p>&nbsp;<\/p>\n<p>&nbsp;<\/p>\n<p>&nbsp;<\/p>\n<p>&nbsp;<\/p>\n<p>Nicht nur die Kinder fanden den Projekttag gelungen, auch die Lehrer und das Amt Temnitz k\u00f6nnen sich dieses besondere Angebot f\u00fcr weitere Schulklassen der Region sehr gut vorstellen.<\/p>\n<p>Kontaktadressen f\u00fcr interessierte Schulen:<\/p>\n<p>Olaf Wolff &#8211; Tel. 03391 512672 und email <a href=\"mailto:info@nordic-walking-fitness.com\">info@nordic-walking-fitness.com<\/a><\/p>\n<p>G\u00fcnter Lutz &#8211; Tel: 033963-40304 und email <a href=\"mailto:urlaubsberatung@t-online.de\">urlaubsberatung@t-online.de<\/a><\/p>\n<p>&nbsp;<\/p>\n<div id=\"attachment_4678\" style=\"width: 310px\" class=\"wp-caption alignleft\"><a href=\"https:\/\/www.naturparkmagazin.de\/stechlin\/wp-content\/uploads\/sites\/38\/schule-in-der-heide-2.jpg\"><img aria-describedby=\"caption-attachment-4678\" decoding=\"async\" loading=\"lazy\" class=\"size-thumbnail wp-image-4678\" src=\"https:\/\/www.naturparkmagazin.de\/stechlin\/wp-content\/uploads\/sites\/38\/schule-in-der-heide-2-300x180.jpg\" alt=\"Herbst in der Heide\" width=\"300\" height=\"180\" srcset=\"https:\/\/www.naturparkmagazin.de\/stechlin\/wp-content\/uploads\/sites\/38\/schule-in-der-heide-2-300x180.jpg 300w, https:\/\/www.naturparkmagazin.de\/stechlin\/wp-content\/uploads\/sites\/38\/schule-in-der-heide-2.jpg 500w, https:\/\/www.naturparkmagazin.de\/stechlin\/wp-content\/uploads\/sites\/38\/schule-in-der-heide-2-200x120.jpg 200w\" sizes=\"(max-width: 300px) 100vw, 300px\" \/><\/a><p id=\"caption-attachment-4678\" class=\"wp-caption-text\">Herbst in der Heide<\/p><\/div>\n","protected":false},"excerpt":{"rendered":"<p>F\u00fcr das Pilotprojekt \u201eSchule in der Kyritz-Ruppiner Heide\u201c legten sich die Natur- und Landschaftsf\u00fchrer G\u00fcnter Lutz, J\u00fcrgen Paul, Olaf Wolff, Andree Kienast und Torsten Stelly richtig ins Zeug.<\/p>\n","protected":false},"author":39,"featured_media":4624,"comment_status":"open","ping_status":"open","sticky":false,"template":"","format":"standard","meta":[],"categories":[7],"tags":[],"yoast_head":"<!-- This site is optimized with the Yoast SEO plugin v19.10 - https:\/\/yoast.com\/wordpress\/plugins\/seo\/ -->\n<title>Grundsch\u00fcler aus Walsleben und Wildberg erkundeten die Kyritz-Ruppiner Heide - Naturpark Stechlin-Ruppiner Land<\/title>\n<meta name=\"robots\" content=\"index, follow, max-snippet:-1, max-image-preview:large, max-video-preview:-1\" \/>\n<link rel=\"canonical\" href=\"https:\/\/www.naturparkmagazin.de\/stechlin\/grundschueler-aus-walsleben-und-wildberg-erkunden-die-kyritz-ruppiner-heide\/\" \/>\n<meta property=\"og:locale\" content=\"de_DE\" \/>\n<meta property=\"og:type\" content=\"article\" \/>\n<meta property=\"og:title\" content=\"Grundsch\u00fcler aus Walsleben und Wildberg erkundeten die Kyritz-Ruppiner Heide - Naturpark Stechlin-Ruppiner Land\" \/>\n<meta property=\"og:description\" content=\"F\u00fcr das Pilotprojekt \u201eSchule in der Kyritz-Ruppiner Heide\u201c legten sich die Natur- und Landschaftsf\u00fchrer G\u00fcnter Lutz, J\u00fcrgen Paul, Olaf Wolff, Andree Kienast und Torsten Stelly richtig ins Zeug.\" \/>\n<meta property=\"og:url\" content=\"https:\/\/www.naturparkmagazin.de\/stechlin\/grundschueler-aus-walsleben-und-wildberg-erkunden-die-kyritz-ruppiner-heide\/\" \/>\n<meta property=\"og:site_name\" content=\"Naturpark Stechlin-Ruppiner Land\" \/>\n<meta property=\"article:published_time\" content=\"2016-10-18T10:01:13+00:00\" \/>\n<meta property=\"article:modified_time\" content=\"2016-10-20T06:46:43+00:00\" \/>\n<meta property=\"og:image\" content=\"https:\/\/www.naturparkmagazin.de\/stechlin\/wp-content\/uploads\/sites\/38\/schule_in_der_heide-Infotafel-Sielmanns-naturlandschaft.jpg\" \/>\n\t<meta property=\"og:image:width\" content=\"200\" \/>\n\t<meta property=\"og:image:height\" content=\"200\" \/>\n\t<meta property=\"og:image:type\" content=\"image\/jpeg\" \/>\n<meta name=\"author\" content=\"marioschrumpf\" \/>\n<meta name=\"twitter:label1\" content=\"Verfasst von\" \/>\n\t<meta name=\"twitter:data1\" content=\"marioschrumpf\" \/>\n\t<meta name=\"twitter:label2\" content=\"Gesch\u00e4tzte Lesezeit\" \/>\n\t<meta name=\"twitter:data2\" content=\"2\u00a0Minuten\" \/>\n<script type=\"application\/ld+json\" class=\"yoast-schema-graph\">{\"@context\":\"https:\/\/schema.org\",\"@graph\":[{\"@type\":\"WebPage\",\"@id\":\"https:\/\/www.naturparkmagazin.de\/stechlin\/grundschueler-aus-walsleben-und-wildberg-erkunden-die-kyritz-ruppiner-heide\/\",\"url\":\"https:\/\/www.naturparkmagazin.de\/stechlin\/grundschueler-aus-walsleben-und-wildberg-erkunden-die-kyritz-ruppiner-heide\/\",\"name\":\"Grundsch\u00fcler aus Walsleben und Wildberg erkundeten die Kyritz-Ruppiner Heide - Naturpark Stechlin-Ruppiner Land\",\"isPartOf\":{\"@id\":\"https:\/\/www.naturparkmagazin.de\/stechlin\/#website\"},\"datePublished\":\"2016-10-18T10:01:13+00:00\",\"dateModified\":\"2016-10-20T06:46:43+00:00\",\"author\":{\"@id\":\"https:\/\/www.naturparkmagazin.de\/stechlin\/#\/schema\/person\/3f0d93203df21c806dd63c76d9bb28bc\"},\"breadcrumb\":{\"@id\":\"https:\/\/www.naturparkmagazin.de\/stechlin\/grundschueler-aus-walsleben-und-wildberg-erkunden-die-kyritz-ruppiner-heide\/#breadcrumb\"},\"inLanguage\":\"de\",\"potentialAction\":[{\"@type\":\"ReadAction\",\"target\":[\"https:\/\/www.naturparkmagazin.de\/stechlin\/grundschueler-aus-walsleben-und-wildberg-erkunden-die-kyritz-ruppiner-heide\/\"]}]},{\"@type\":\"BreadcrumbList\",\"@id\":\"https:\/\/www.naturparkmagazin.de\/stechlin\/grundschueler-aus-walsleben-und-wildberg-erkunden-die-kyritz-ruppiner-heide\/#breadcrumb\",\"itemListElement\":[{\"@type\":\"ListItem\",\"position\":1,\"name\":\"Home\",\"item\":\"https:\/\/www.naturparkmagazin.de\/stechlin\/\"},{\"@type\":\"ListItem\",\"position\":2,\"name\":\"Grundsch\u00fcler aus Walsleben und Wildberg erkundeten die Kyritz-Ruppiner Heide\"}]},{\"@type\":\"WebSite\",\"@id\":\"https:\/\/www.naturparkmagazin.de\/stechlin\/#website\",\"url\":\"https:\/\/www.naturparkmagazin.de\/stechlin\/\",\"name\":\"Naturpark Stechlin-Ruppiner Land\",\"description\":\"\",\"potentialAction\":[{\"@type\":\"SearchAction\",\"target\":{\"@type\":\"EntryPoint\",\"urlTemplate\":\"https:\/\/www.naturparkmagazin.de\/stechlin\/?s={search_term_string}\"},\"query-input\":\"required name=search_term_string\"}],\"inLanguage\":\"de\"},{\"@type\":\"Person\",\"@id\":\"https:\/\/www.naturparkmagazin.de\/stechlin\/#\/schema\/person\/3f0d93203df21c806dd63c76d9bb28bc\",\"name\":\"marioschrumpf\",\"url\":\"https:\/\/www.naturparkmagazin.de\/stechlin\/author\/marioschrumpf\/\"}]}<\/script>\n<!-- \/ Yoast SEO plugin. -->","yoast_head_json":{"title":"Grundsch\u00fcler aus Walsleben und Wildberg erkundeten die Kyritz-Ruppiner Heide - Naturpark Stechlin-Ruppiner Land","robots":{"index":"index","follow":"follow","max-snippet":"max-snippet:-1","max-image-preview":"max-image-preview:large","max-video-preview":"max-video-preview:-1"},"canonical":"https:\/\/www.naturparkmagazin.de\/stechlin\/grundschueler-aus-walsleben-und-wildberg-erkunden-die-kyritz-ruppiner-heide\/","og_locale":"de_DE","og_type":"article","og_title":"Grundsch\u00fcler aus Walsleben und Wildberg erkundeten die Kyritz-Ruppiner Heide - Naturpark Stechlin-Ruppiner Land","og_description":"F\u00fcr das Pilotprojekt \u201eSchule in der Kyritz-Ruppiner Heide\u201c legten sich die Natur- und Landschaftsf\u00fchrer G\u00fcnter Lutz, J\u00fcrgen Paul, Olaf Wolff, Andree Kienast und Torsten Stelly richtig ins Zeug.","og_url":"https:\/\/www.naturparkmagazin.de\/stechlin\/grundschueler-aus-walsleben-und-wildberg-erkunden-die-kyritz-ruppiner-heide\/","og_site_name":"Naturpark Stechlin-Ruppiner Land","article_published_time":"2016-10-18T10:01:13+00:00","article_modified_time":"2016-10-20T06:46:43+00:00","og_image":[{"width":200,"height":200,"url":"https:\/\/www.naturparkmagazin.de\/stechlin\/wp-content\/uploads\/sites\/38\/schule_in_der_heide-Infotafel-Sielmanns-naturlandschaft.jpg","type":"image\/jpeg"}],"author":"marioschrumpf","twitter_misc":{"Verfasst von":"marioschrumpf","Gesch\u00e4tzte Lesezeit":"2\u00a0Minuten"},"schema":{"@context":"https:\/\/schema.org","@graph":[{"@type":"WebPage","@id":"https:\/\/www.naturparkmagazin.de\/stechlin\/grundschueler-aus-walsleben-und-wildberg-erkunden-die-kyritz-ruppiner-heide\/","url":"https:\/\/www.naturparkmagazin.de\/stechlin\/grundschueler-aus-walsleben-und-wildberg-erkunden-die-kyritz-ruppiner-heide\/","name":"Grundsch\u00fcler aus Walsleben und Wildberg erkundeten die Kyritz-Ruppiner Heide - Naturpark Stechlin-Ruppiner Land","isPartOf":{"@id":"https:\/\/www.naturparkmagazin.de\/stechlin\/#website"},"datePublished":"2016-10-18T10:01:13+00:00","dateModified":"2016-10-20T06:46:43+00:00","author":{"@id":"https:\/\/www.naturparkmagazin.de\/stechlin\/#\/schema\/person\/3f0d93203df21c806dd63c76d9bb28bc"},"breadcrumb":{"@id":"https:\/\/www.naturparkmagazin.de\/stechlin\/grundschueler-aus-walsleben-und-wildberg-erkunden-die-kyritz-ruppiner-heide\/#breadcrumb"},"inLanguage":"de","potentialAction":[{"@type":"ReadAction","target":["https:\/\/www.naturparkmagazin.de\/stechlin\/grundschueler-aus-walsleben-und-wildberg-erkunden-die-kyritz-ruppiner-heide\/"]}]},{"@type":"BreadcrumbList","@id":"https:\/\/www.naturparkmagazin.de\/stechlin\/grundschueler-aus-walsleben-und-wildberg-erkunden-die-kyritz-ruppiner-heide\/#breadcrumb","itemListElement":[{"@type":"ListItem","position":1,"name":"Home","item":"https:\/\/www.naturparkmagazin.de\/stechlin\/"},{"@type":"ListItem","position":2,"name":"Grundsch\u00fcler aus Walsleben und Wildberg erkundeten die Kyritz-Ruppiner Heide"}]},{"@type":"WebSite","@id":"https:\/\/www.naturparkmagazin.de\/stechlin\/#website","url":"https:\/\/www.naturparkmagazin.de\/stechlin\/","name":"Naturpark Stechlin-Ruppiner Land","description":"","potentialAction":[{"@type":"SearchAction","target":{"@type":"EntryPoint","urlTemplate":"https:\/\/www.naturparkmagazin.de\/stechlin\/?s={search_term_string}"},"query-input":"required name=search_term_string"}],"inLanguage":"de"},{"@type":"Person","@id":"https:\/\/www.naturparkmagazin.de\/stechlin\/#\/schema\/person\/3f0d93203df21c806dd63c76d9bb28bc","name":"marioschrumpf","url":"https:\/\/www.naturparkmagazin.de\/stechlin\/author\/marioschrumpf\/"}]}},"_links":{"self":[{"href":"https:\/\/www.naturparkmagazin.de\/stechlin\/wp-json\/wp\/v2\/posts\/4623"}],"collection":[{"href":"https:\/\/www.naturparkmagazin.de\/stechlin\/wp-json\/wp\/v2\/posts"}],"about":[{"href":"https:\/\/www.naturparkmagazin.de\/stechlin\/wp-json\/wp\/v2\/types\/post"}],"author":[{"embeddable":true,"href":"https:\/\/www.naturparkmagazin.de\/stechlin\/wp-json\/wp\/v2\/users\/39"}],"replies":[{"embeddable":true,"href":"https:\/\/www.naturparkmagazin.de\/stechlin\/wp-json\/wp\/v2\/comments?post=4623"}],"version-history":[{"count":9,"href":"https:\/\/www.naturparkmagazin.de\/stechlin\/wp-json\/wp\/v2\/posts\/4623\/revisions"}],"predecessor-version":[{"id":4702,"href":"https:\/\/www.naturparkmagazin.de\/stechlin\/wp-json\/wp\/v2\/posts\/4623\/revisions\/4702"}],"wp:featuredmedia":[{"embeddable":true,"href":"https:\/\/www.naturparkmagazin.de\/stechlin\/wp-json\/wp\/v2\/media\/4624"}],"wp:attachment":[{"href":"https:\/\/www.naturparkmagazin.de\/stechlin\/wp-json\/wp\/v2\/media?parent=4623"}],"wp:term":[{"taxonomy":"category","embeddable":true,"href":"https:\/\/www.naturparkmagazin.de\/stechlin\/wp-json\/wp\/v2\/categories?post=4623"},{"taxonomy":"post_tag","embeddable":true,"href":"https:\/\/www.naturparkmagazin.de\/stechlin\/wp-json\/wp\/v2\/tags?post=4623"}],"curies":[{"name":"wp","href":"https:\/\/api.w.org\/{rel}","templated":true}]}}