{"id":4638,"date":"2016-10-19T08:52:38","date_gmt":"2016-10-19T06:52:38","guid":{"rendered":"http:\/\/www.naturparkmagazin.de\/stechlin\/?p=4638"},"modified":"2016-10-20T08:19:33","modified_gmt":"2016-10-20T06:19:33","slug":"ministerpraesident-woidke-gratuliert-naturwacht-zum-25-geburtstag","status":"publish","type":"post","link":"https:\/\/www.naturparkmagazin.de\/stechlin\/ministerpraesident-woidke-gratuliert-naturwacht-zum-25-geburtstag\/","title":{"rendered":"Ministerpr\u00e4sident Woidke gratulierte Naturwacht zum 25. Geburtstag"},"content":{"rendered":"<div id=\"attachment_4641\" style=\"width: 190px\" class=\"wp-caption alignleft\"><a href=\"https:\/\/www.naturparkmagazin.de\/stechlin\/wp-content\/uploads\/sites\/38\/Dieter-Woidke.jpg\"><img aria-describedby=\"caption-attachment-4641\" decoding=\"async\" loading=\"lazy\" class=\"size-full wp-image-4641\" src=\"https:\/\/www.naturparkmagazin.de\/stechlin\/wp-content\/uploads\/sites\/38\/Dieter-Woidke.jpg\" alt=\"Ministerpr\u00e4sident Dietmar Woidke ist Brandenburgs bislang einziger Ehren-Ranger.\" width=\"180\" height=\"250\" \/><\/a><p id=\"caption-attachment-4641\" class=\"wp-caption-text\">Ministerpr\u00e4sident Dietmar Woidke ist Brandenburgs bislang einziger Ehren-Ranger.<\/p><\/div>\n<p>&nbsp;<\/p>\n<p>&nbsp;<\/p>\n<p>&nbsp;<\/p>\n<p>&nbsp;<\/p>\n<p>&nbsp;<\/p>\n<p>&nbsp;<\/p>\n<p>&nbsp;<\/p>\n<p>&nbsp;<\/p>\n<p>&nbsp;<\/p>\n<p>&nbsp;<\/p>\n<p>&nbsp;<\/p>\n<p>160 G\u00e4ste aus ganz Brandenburg folgten der Einladung der Brandenburgischen Naturwacht zur Festveranstaltung\u00a0nach Lindow\/Mark in unseren Naturpark. Gemeinsam mit Umweltstaatssekret\u00e4rin Carolin Schilde gratulierte Ministerpr\u00e4sident Dietmar Woidke den Brandenburgischen Rangern.<\/p>\n<p>Woidke, der gleichzeitig auch erster und bislang einziger Ehren-Ranger ist, sagte zu den Naturw\u00e4chtern: &#8222;<em>Viele von ihnen haben 1991 in einer au\u00dfergew\u00f6hnlichen Arbeitsbeschaffungsma\u00dfnahme begonnen. Bis heute haben sie sich stets weiter qualifiziert und sind l\u00e4ngst regional verwurzelte Experten f\u00fcr den Schutz von Tier- und Pflanzenarten, die dar\u00fcber hinaus immer ein offenes Ohr f\u00fcr lokale Akteure haben. Sie machen Naturschutz und Regionalentwicklung<\/em>.&#8220;<\/p>\n<p>Umweltstaatssekret\u00e4rin Schilde, zugleich Stiftungsratsvorsitzende des Naturschutzfonds Brandenburg, umriss die Aufgabenvielfalt der Ranger: &#8222;<em>Sie sind Mittler zwischen Mensch und Natur, betreuen Junior-Ranger, arbeiten mit Freiwilligen zusammen, sind im Artenschutz aktiv und gerade bei F\u00fchrungen in Brandenburgs Gro\u00dfschutzgebieten ganz wichtige Multiplikatoren. F\u00fcr ihre wertvolle T\u00e4tigkeit und ihr Engagement danke ich sehr.<\/em>&#8220;<\/p>\n<p>Proffessor Vera Luthardt von der Hochschule f\u00fcr Nachhaltige Entwicklung Eberswalde skizzierte die wichtigsten Stationen in einem Vierteljahrhundert Naturwacht Brandenburg. Anschlie\u00dfend hie\u00df es B\u00fchne frei f\u00fcr die Ranger, die in zehn Szenen Meilensteine in der Geschichte der Naturwacht nachstellten.<\/p>\n<div id=\"attachment_4640\" style=\"width: 310px\" class=\"wp-caption alignleft\"><a href=\"https:\/\/www.naturparkmagazin.de\/stechlin\/wp-content\/uploads\/sites\/38\/25-Jahre-NaWa_1.jpg\"><img aria-describedby=\"caption-attachment-4640\" decoding=\"async\" loading=\"lazy\" class=\"size-thumbnail wp-image-4640\" src=\"https:\/\/www.naturparkmagazin.de\/stechlin\/wp-content\/uploads\/sites\/38\/25-Jahre-NaWa_1-300x180.jpg\" alt=\"In 10 Szenen stellten die Ranger Meilensteine der Geschichte der Naturwacht nach.\" width=\"300\" height=\"180\" srcset=\"https:\/\/www.naturparkmagazin.de\/stechlin\/wp-content\/uploads\/sites\/38\/25-Jahre-NaWa_1-300x180.jpg 300w, https:\/\/www.naturparkmagazin.de\/stechlin\/wp-content\/uploads\/sites\/38\/25-Jahre-NaWa_1.jpg 500w, https:\/\/www.naturparkmagazin.de\/stechlin\/wp-content\/uploads\/sites\/38\/25-Jahre-NaWa_1-200x120.jpg 200w\" sizes=\"(max-width: 300px) 100vw, 300px\" \/><\/a><p id=\"caption-attachment-4640\" class=\"wp-caption-text\">In 10 Szenen stellten die Ranger Meilensteine der Geschichte der Naturwacht nach.<\/p><\/div>\n<p>&nbsp;<\/p>\n<p>&nbsp;<\/p>\n<p>&nbsp;<\/p>\n<p>&nbsp;<\/p>\n<p>&nbsp;<\/p>\n<p>&nbsp;<\/p>\n<p>&nbsp;<\/p>\n<p>&nbsp;<\/p>\n<p>1991 gegr\u00fcndet, wurde die Naturwacht 1997 der Stiftung NaturSchutzFonds Brandenburg angegliedert und ihr damit erstmals eine langfristige Perspektive gesichert. Derzeit arbeiten rund 90 Frauen und M\u00e4nner in den 15 Gro\u00dfschutzgebieten des Landes (ein Nationalpark, 3 Biosph\u00e4renreservate, 11 Naturparke).<\/p>\n<p>&nbsp;<\/p>\n","protected":false},"excerpt":{"rendered":"<p>160 G\u00e4ste aus ganz Brandenburg folgten der Einladung der Brandenburgischen Naturwacht zur Festveranstaltung nach Lindow\/Mark in unseren Naturpark.<\/p>\n","protected":false},"author":39,"featured_media":4639,"comment_status":"open","ping_status":"open","sticky":false,"template":"","format":"standard","meta":[],"categories":[7],"tags":[],"yoast_head":"<!-- This site is optimized with the Yoast SEO plugin v19.10 - https:\/\/yoast.com\/wordpress\/plugins\/seo\/ -->\n<title>Ministerpr\u00e4sident Woidke gratulierte Naturwacht zum 25. Geburtstag - Naturpark Stechlin-Ruppiner Land<\/title>\n<meta name=\"robots\" content=\"index, follow, max-snippet:-1, max-image-preview:large, max-video-preview:-1\" \/>\n<link rel=\"canonical\" href=\"https:\/\/www.naturparkmagazin.de\/stechlin\/ministerpraesident-woidke-gratuliert-naturwacht-zum-25-geburtstag\/\" \/>\n<meta property=\"og:locale\" content=\"de_DE\" \/>\n<meta property=\"og:type\" content=\"article\" \/>\n<meta property=\"og:title\" content=\"Ministerpr\u00e4sident Woidke gratulierte Naturwacht zum 25. Geburtstag - Naturpark Stechlin-Ruppiner Land\" \/>\n<meta property=\"og:description\" content=\"160 G\u00e4ste aus ganz Brandenburg folgten der Einladung der Brandenburgischen Naturwacht zur Festveranstaltung nach Lindow\/Mark in unseren Naturpark.\" \/>\n<meta property=\"og:url\" content=\"https:\/\/www.naturparkmagazin.de\/stechlin\/ministerpraesident-woidke-gratuliert-naturwacht-zum-25-geburtstag\/\" \/>\n<meta property=\"og:site_name\" content=\"Naturpark Stechlin-Ruppiner Land\" \/>\n<meta property=\"article:published_time\" content=\"2016-10-19T06:52:38+00:00\" \/>\n<meta property=\"article:modified_time\" content=\"2016-10-20T06:19:33+00:00\" \/>\n<meta property=\"og:image\" content=\"https:\/\/www.naturparkmagazin.de\/stechlin\/wp-content\/uploads\/sites\/38\/25-jahre-NaWa.jpg\" \/>\n\t<meta property=\"og:image:width\" content=\"200\" \/>\n\t<meta property=\"og:image:height\" content=\"200\" \/>\n\t<meta property=\"og:image:type\" content=\"image\/jpeg\" \/>\n<meta name=\"author\" content=\"marioschrumpf\" \/>\n<meta name=\"twitter:label1\" content=\"Verfasst von\" \/>\n\t<meta name=\"twitter:data1\" content=\"marioschrumpf\" \/>\n\t<meta name=\"twitter:label2\" content=\"Gesch\u00e4tzte Lesezeit\" \/>\n\t<meta name=\"twitter:data2\" content=\"1\u00a0Minute\" \/>\n<script type=\"application\/ld+json\" class=\"yoast-schema-graph\">{\"@context\":\"https:\/\/schema.org\",\"@graph\":[{\"@type\":\"WebPage\",\"@id\":\"https:\/\/www.naturparkmagazin.de\/stechlin\/ministerpraesident-woidke-gratuliert-naturwacht-zum-25-geburtstag\/\",\"url\":\"https:\/\/www.naturparkmagazin.de\/stechlin\/ministerpraesident-woidke-gratuliert-naturwacht-zum-25-geburtstag\/\",\"name\":\"Ministerpr\u00e4sident Woidke gratulierte Naturwacht zum 25. Geburtstag - Naturpark Stechlin-Ruppiner Land\",\"isPartOf\":{\"@id\":\"https:\/\/www.naturparkmagazin.de\/stechlin\/#website\"},\"datePublished\":\"2016-10-19T06:52:38+00:00\",\"dateModified\":\"2016-10-20T06:19:33+00:00\",\"author\":{\"@id\":\"https:\/\/www.naturparkmagazin.de\/stechlin\/#\/schema\/person\/3f0d93203df21c806dd63c76d9bb28bc\"},\"breadcrumb\":{\"@id\":\"https:\/\/www.naturparkmagazin.de\/stechlin\/ministerpraesident-woidke-gratuliert-naturwacht-zum-25-geburtstag\/#breadcrumb\"},\"inLanguage\":\"de\",\"potentialAction\":[{\"@type\":\"ReadAction\",\"target\":[\"https:\/\/www.naturparkmagazin.de\/stechlin\/ministerpraesident-woidke-gratuliert-naturwacht-zum-25-geburtstag\/\"]}]},{\"@type\":\"BreadcrumbList\",\"@id\":\"https:\/\/www.naturparkmagazin.de\/stechlin\/ministerpraesident-woidke-gratuliert-naturwacht-zum-25-geburtstag\/#breadcrumb\",\"itemListElement\":[{\"@type\":\"ListItem\",\"position\":1,\"name\":\"Home\",\"item\":\"https:\/\/www.naturparkmagazin.de\/stechlin\/\"},{\"@type\":\"ListItem\",\"position\":2,\"name\":\"Ministerpr\u00e4sident Woidke gratulierte Naturwacht zum 25. Geburtstag\"}]},{\"@type\":\"WebSite\",\"@id\":\"https:\/\/www.naturparkmagazin.de\/stechlin\/#website\",\"url\":\"https:\/\/www.naturparkmagazin.de\/stechlin\/\",\"name\":\"Naturpark Stechlin-Ruppiner Land\",\"description\":\"\",\"potentialAction\":[{\"@type\":\"SearchAction\",\"target\":{\"@type\":\"EntryPoint\",\"urlTemplate\":\"https:\/\/www.naturparkmagazin.de\/stechlin\/?s={search_term_string}\"},\"query-input\":\"required name=search_term_string\"}],\"inLanguage\":\"de\"},{\"@type\":\"Person\",\"@id\":\"https:\/\/www.naturparkmagazin.de\/stechlin\/#\/schema\/person\/3f0d93203df21c806dd63c76d9bb28bc\",\"name\":\"marioschrumpf\",\"url\":\"https:\/\/www.naturparkmagazin.de\/stechlin\/author\/marioschrumpf\/\"}]}<\/script>\n<!-- \/ Yoast SEO plugin. -->","yoast_head_json":{"title":"Ministerpr\u00e4sident Woidke gratulierte Naturwacht zum 25. Geburtstag - Naturpark Stechlin-Ruppiner Land","robots":{"index":"index","follow":"follow","max-snippet":"max-snippet:-1","max-image-preview":"max-image-preview:large","max-video-preview":"max-video-preview:-1"},"canonical":"https:\/\/www.naturparkmagazin.de\/stechlin\/ministerpraesident-woidke-gratuliert-naturwacht-zum-25-geburtstag\/","og_locale":"de_DE","og_type":"article","og_title":"Ministerpr\u00e4sident Woidke gratulierte Naturwacht zum 25. Geburtstag - Naturpark Stechlin-Ruppiner Land","og_description":"160 G\u00e4ste aus ganz Brandenburg folgten der Einladung der Brandenburgischen Naturwacht zur Festveranstaltung nach Lindow\/Mark in unseren Naturpark.","og_url":"https:\/\/www.naturparkmagazin.de\/stechlin\/ministerpraesident-woidke-gratuliert-naturwacht-zum-25-geburtstag\/","og_site_name":"Naturpark Stechlin-Ruppiner Land","article_published_time":"2016-10-19T06:52:38+00:00","article_modified_time":"2016-10-20T06:19:33+00:00","og_image":[{"width":200,"height":200,"url":"https:\/\/www.naturparkmagazin.de\/stechlin\/wp-content\/uploads\/sites\/38\/25-jahre-NaWa.jpg","type":"image\/jpeg"}],"author":"marioschrumpf","twitter_misc":{"Verfasst von":"marioschrumpf","Gesch\u00e4tzte Lesezeit":"1\u00a0Minute"},"schema":{"@context":"https:\/\/schema.org","@graph":[{"@type":"WebPage","@id":"https:\/\/www.naturparkmagazin.de\/stechlin\/ministerpraesident-woidke-gratuliert-naturwacht-zum-25-geburtstag\/","url":"https:\/\/www.naturparkmagazin.de\/stechlin\/ministerpraesident-woidke-gratuliert-naturwacht-zum-25-geburtstag\/","name":"Ministerpr\u00e4sident Woidke gratulierte Naturwacht zum 25. Geburtstag - Naturpark Stechlin-Ruppiner Land","isPartOf":{"@id":"https:\/\/www.naturparkmagazin.de\/stechlin\/#website"},"datePublished":"2016-10-19T06:52:38+00:00","dateModified":"2016-10-20T06:19:33+00:00","author":{"@id":"https:\/\/www.naturparkmagazin.de\/stechlin\/#\/schema\/person\/3f0d93203df21c806dd63c76d9bb28bc"},"breadcrumb":{"@id":"https:\/\/www.naturparkmagazin.de\/stechlin\/ministerpraesident-woidke-gratuliert-naturwacht-zum-25-geburtstag\/#breadcrumb"},"inLanguage":"de","potentialAction":[{"@type":"ReadAction","target":["https:\/\/www.naturparkmagazin.de\/stechlin\/ministerpraesident-woidke-gratuliert-naturwacht-zum-25-geburtstag\/"]}]},{"@type":"BreadcrumbList","@id":"https:\/\/www.naturparkmagazin.de\/stechlin\/ministerpraesident-woidke-gratuliert-naturwacht-zum-25-geburtstag\/#breadcrumb","itemListElement":[{"@type":"ListItem","position":1,"name":"Home","item":"https:\/\/www.naturparkmagazin.de\/stechlin\/"},{"@type":"ListItem","position":2,"name":"Ministerpr\u00e4sident Woidke gratulierte Naturwacht zum 25. Geburtstag"}]},{"@type":"WebSite","@id":"https:\/\/www.naturparkmagazin.de\/stechlin\/#website","url":"https:\/\/www.naturparkmagazin.de\/stechlin\/","name":"Naturpark Stechlin-Ruppiner Land","description":"","potentialAction":[{"@type":"SearchAction","target":{"@type":"EntryPoint","urlTemplate":"https:\/\/www.naturparkmagazin.de\/stechlin\/?s={search_term_string}"},"query-input":"required name=search_term_string"}],"inLanguage":"de"},{"@type":"Person","@id":"https:\/\/www.naturparkmagazin.de\/stechlin\/#\/schema\/person\/3f0d93203df21c806dd63c76d9bb28bc","name":"marioschrumpf","url":"https:\/\/www.naturparkmagazin.de\/stechlin\/author\/marioschrumpf\/"}]}},"_links":{"self":[{"href":"https:\/\/www.naturparkmagazin.de\/stechlin\/wp-json\/wp\/v2\/posts\/4638"}],"collection":[{"href":"https:\/\/www.naturparkmagazin.de\/stechlin\/wp-json\/wp\/v2\/posts"}],"about":[{"href":"https:\/\/www.naturparkmagazin.de\/stechlin\/wp-json\/wp\/v2\/types\/post"}],"author":[{"embeddable":true,"href":"https:\/\/www.naturparkmagazin.de\/stechlin\/wp-json\/wp\/v2\/users\/39"}],"replies":[{"embeddable":true,"href":"https:\/\/www.naturparkmagazin.de\/stechlin\/wp-json\/wp\/v2\/comments?post=4638"}],"version-history":[{"count":5,"href":"https:\/\/www.naturparkmagazin.de\/stechlin\/wp-json\/wp\/v2\/posts\/4638\/revisions"}],"predecessor-version":[{"id":4691,"href":"https:\/\/www.naturparkmagazin.de\/stechlin\/wp-json\/wp\/v2\/posts\/4638\/revisions\/4691"}],"wp:featuredmedia":[{"embeddable":true,"href":"https:\/\/www.naturparkmagazin.de\/stechlin\/wp-json\/wp\/v2\/media\/4639"}],"wp:attachment":[{"href":"https:\/\/www.naturparkmagazin.de\/stechlin\/wp-json\/wp\/v2\/media?parent=4638"}],"wp:term":[{"taxonomy":"category","embeddable":true,"href":"https:\/\/www.naturparkmagazin.de\/stechlin\/wp-json\/wp\/v2\/categories?post=4638"},{"taxonomy":"post_tag","embeddable":true,"href":"https:\/\/www.naturparkmagazin.de\/stechlin\/wp-json\/wp\/v2\/tags?post=4638"}],"curies":[{"name":"wp","href":"https:\/\/api.w.org\/{rel}","templated":true}]}}