{"id":4645,"date":"2016-10-19T09:19:01","date_gmt":"2016-10-19T07:19:01","guid":{"rendered":"http:\/\/www.naturparkmagazin.de\/stechlin\/?p=4645"},"modified":"2016-10-20T08:14:40","modified_gmt":"2016-10-20T06:14:40","slug":"arbeitskreis-umwelt-des-bundesverbandes-deutscher-stiftungen-tagte-im-naturpark","status":"publish","type":"post","link":"https:\/\/www.naturparkmagazin.de\/stechlin\/arbeitskreis-umwelt-des-bundesverbandes-deutscher-stiftungen-tagte-im-naturpark\/","title":{"rendered":"Arbeitskreis Umwelt des Bundesverbandes Deutscher Stiftungen tagte im Naturpark"},"content":{"rendered":"<div id=\"attachment_4648\" style=\"width: 310px\" class=\"wp-caption alignleft\"><a href=\"https:\/\/www.naturparkmagazin.de\/stechlin\/wp-content\/uploads\/sites\/38\/AK-Umwelt_Wahnhoff.jpg\"><img aria-describedby=\"caption-attachment-4648\" decoding=\"async\" loading=\"lazy\" class=\"size-thumbnail wp-image-4648\" src=\"https:\/\/www.naturparkmagazin.de\/stechlin\/wp-content\/uploads\/sites\/38\/AK-Umwelt_Wahnhoff-300x180.jpg\" alt=\"Prof. Dr. Werner Wahmhoff, der Leiter des Arbeitskreises Umwelt und Vertreter der Deutschen Bundesstiftung Umwelt f\u00fchrte in das Thema ein.\" width=\"300\" height=\"180\" srcset=\"https:\/\/www.naturparkmagazin.de\/stechlin\/wp-content\/uploads\/sites\/38\/AK-Umwelt_Wahnhoff-300x180.jpg 300w, https:\/\/www.naturparkmagazin.de\/stechlin\/wp-content\/uploads\/sites\/38\/AK-Umwelt_Wahnhoff.jpg 500w, https:\/\/www.naturparkmagazin.de\/stechlin\/wp-content\/uploads\/sites\/38\/AK-Umwelt_Wahnhoff-200x120.jpg 200w\" sizes=\"(max-width: 300px) 100vw, 300px\" \/><\/a><p id=\"caption-attachment-4648\" class=\"wp-caption-text\">Prof. Dr. Werner Wahmhoff, der Leiter des Arbeitskreises Umwelt und Vertreter der Deutschen Bundesstiftung Umwelt f\u00fchrte in das Thema ein.<\/p><\/div>\n<p>&nbsp;<\/p>\n<p>&nbsp;<\/p>\n<p>&nbsp;<\/p>\n<p>&nbsp;<\/p>\n<p>&nbsp;<\/p>\n<p>&nbsp;<\/p>\n<p>&nbsp;<\/p>\n<div id=\"attachment_4647\" style=\"width: 310px\" class=\"wp-caption alignleft\"><a href=\"https:\/\/www.naturparkmagazin.de\/stechlin\/wp-content\/uploads\/sites\/38\/AK-Umwelt-.jpg\"><img aria-describedby=\"caption-attachment-4647\" decoding=\"async\" loading=\"lazy\" class=\"size-thumbnail wp-image-4647\" src=\"https:\/\/www.naturparkmagazin.de\/stechlin\/wp-content\/uploads\/sites\/38\/AK-Umwelt--300x180.jpg\" alt=\"Konstruktive Atmosph\u00e4re w\u00e4hrend der Arbeitskreis-Sitzung im Saal der Regionalwerkstatt Stechlin.\" width=\"300\" height=\"180\" srcset=\"https:\/\/www.naturparkmagazin.de\/stechlin\/wp-content\/uploads\/sites\/38\/AK-Umwelt--300x180.jpg 300w, https:\/\/www.naturparkmagazin.de\/stechlin\/wp-content\/uploads\/sites\/38\/AK-Umwelt-.jpg 500w, https:\/\/www.naturparkmagazin.de\/stechlin\/wp-content\/uploads\/sites\/38\/AK-Umwelt--200x120.jpg 200w\" sizes=\"(max-width: 300px) 100vw, 300px\" \/><\/a><p id=\"caption-attachment-4647\" class=\"wp-caption-text\">Konstruktive Atmosph\u00e4re w\u00e4hrend der Arbeitskreis-Sitzung im Saal der Regionalwerkstatt Stechlin.<\/p><\/div>\n<p>&nbsp;<\/p>\n<p>&nbsp;<\/p>\n<p>&nbsp;<\/p>\n<p>&nbsp;<\/p>\n<p>&nbsp;<\/p>\n<p>&nbsp;<\/p>\n<p>&nbsp;<\/p>\n<p>&nbsp;<\/p>\n<p>&nbsp;<\/p>\n<p>&nbsp;<\/p>\n<p>&#8222;<em>Gew\u00e4sserschutz auf dem Pr\u00fcfstand &#8211; Bilanz und Ausblick im Jahr 17 nach Inkrafttreten der EU-Wasserrahmenrichtlinie<\/em>&#8220; war das Thema der Herbsttagung mit 50 Stiftungsvertretern aus ganz Deutschland. Gew\u00e4sser geh\u00f6ren europaweit zu den am st\u00e4rksten bedrohten \u00d6kosystemen. Welchen Beitrag leisten Umweltstiftungen zu ihrem Schutz? Der Arbeitskreis Umwelt diskutierte, ob und wie das ehrgeizige Ziel, alle nat\u00fcrlichen Oberfl\u00e4chengew\u00e4sser gem\u00e4\u00df EU-Wasserrahmenrichtlinie in einen &#8222;<em>guten Zustand<\/em>&#8220; zu versetzen, erreicht werden kann. Sollten Umweltstiftungen angesichts der gro\u00dfen Herausforderungen den politischen Druck erh\u00f6hen? Was muss getan werden, um mehr Menschen f\u00fcr das Thema zu sensibilisieren? Eine Exkursion zur Gew\u00e4sserrenaturierung in das Naturschutzgebiet Stechlin unter Leitung von Michael Zauft, Projektleiter des EU-Life-Projektes Feuchtw\u00e4lder beim NaturSchutzFonds Brandenburg rundete die Tagung ab.<\/p>\n<div id=\"attachment_4649\" style=\"width: 310px\" class=\"wp-caption alignleft\"><a href=\"https:\/\/www.naturparkmagazin.de\/stechlin\/wp-content\/uploads\/sites\/38\/AK-Umwelt_Zauft.jpg\"><img aria-describedby=\"caption-attachment-4649\" decoding=\"async\" loading=\"lazy\" class=\"size-thumbnail wp-image-4649\" src=\"https:\/\/www.naturparkmagazin.de\/stechlin\/wp-content\/uploads\/sites\/38\/AK-Umwelt_Zauft-300x180.jpg\" alt=\"Michael Zauft vom NaturSchutzFonds Brandenburg stellte im Saal und auf der anschlie\u00dfenden Exkursion das EU-Life-Projekt Feuchtw\u00e4lder vor.\" width=\"300\" height=\"180\" srcset=\"https:\/\/www.naturparkmagazin.de\/stechlin\/wp-content\/uploads\/sites\/38\/AK-Umwelt_Zauft-300x180.jpg 300w, https:\/\/www.naturparkmagazin.de\/stechlin\/wp-content\/uploads\/sites\/38\/AK-Umwelt_Zauft.jpg 500w, https:\/\/www.naturparkmagazin.de\/stechlin\/wp-content\/uploads\/sites\/38\/AK-Umwelt_Zauft-200x120.jpg 200w\" sizes=\"(max-width: 300px) 100vw, 300px\" \/><\/a><p id=\"caption-attachment-4649\" class=\"wp-caption-text\">Michael Zauft vom NaturSchutzFonds Brandenburg stellte im Saal und auf der anschlie\u00dfenden Exkursion das EU-Life-Projekt Feuchtw\u00e4lder vor.<\/p><\/div>\n","protected":false},"excerpt":{"rendered":"<p>&#8222;Gew\u00e4sserschutz auf dem Pr\u00fcfstand &#8211; Bilanz und Ausblick im Jahr 17 nach Inkrafttreten der EU-Wasserrahmenrichtlinie&#8220; war das Thema der Herbsttagung mit 50 Stiftungsvertretern aus ganz Deutschland.<\/p>\n","protected":false},"author":39,"featured_media":4646,"comment_status":"open","ping_status":"open","sticky":false,"template":"","format":"standard","meta":[],"categories":[7],"tags":[],"yoast_head":"<!-- This site is optimized with the Yoast SEO plugin v19.10 - https:\/\/yoast.com\/wordpress\/plugins\/seo\/ -->\n<title>Arbeitskreis Umwelt des Bundesverbandes Deutscher Stiftungen tagte im Naturpark - Naturpark Stechlin-Ruppiner Land<\/title>\n<meta name=\"robots\" content=\"index, follow, max-snippet:-1, max-image-preview:large, max-video-preview:-1\" \/>\n<link rel=\"canonical\" href=\"https:\/\/www.naturparkmagazin.de\/stechlin\/arbeitskreis-umwelt-des-bundesverbandes-deutscher-stiftungen-tagte-im-naturpark\/\" \/>\n<meta property=\"og:locale\" content=\"de_DE\" \/>\n<meta property=\"og:type\" content=\"article\" \/>\n<meta property=\"og:title\" content=\"Arbeitskreis Umwelt des Bundesverbandes Deutscher Stiftungen tagte im Naturpark - Naturpark Stechlin-Ruppiner Land\" \/>\n<meta property=\"og:description\" content=\"&quot;Gew\u00e4sserschutz auf dem Pr\u00fcfstand - Bilanz und Ausblick im Jahr 17 nach Inkrafttreten der EU-Wasserrahmenrichtlinie&quot; war das Thema der Herbsttagung mit 50 Stiftungsvertretern aus ganz Deutschland.\" \/>\n<meta property=\"og:url\" content=\"https:\/\/www.naturparkmagazin.de\/stechlin\/arbeitskreis-umwelt-des-bundesverbandes-deutscher-stiftungen-tagte-im-naturpark\/\" \/>\n<meta property=\"og:site_name\" content=\"Naturpark Stechlin-Ruppiner Land\" \/>\n<meta property=\"article:published_time\" content=\"2016-10-19T07:19:01+00:00\" \/>\n<meta property=\"article:modified_time\" content=\"2016-10-20T06:14:40+00:00\" \/>\n<meta property=\"og:image\" content=\"https:\/\/www.naturparkmagazin.de\/stechlin\/wp-content\/uploads\/sites\/38\/AK-Umwelt.jpg\" \/>\n\t<meta property=\"og:image:width\" content=\"200\" \/>\n\t<meta property=\"og:image:height\" content=\"200\" \/>\n\t<meta property=\"og:image:type\" content=\"image\/jpeg\" \/>\n<meta name=\"author\" content=\"marioschrumpf\" \/>\n<meta name=\"twitter:label1\" content=\"Verfasst von\" \/>\n\t<meta name=\"twitter:data1\" content=\"marioschrumpf\" \/>\n\t<meta name=\"twitter:label2\" content=\"Gesch\u00e4tzte Lesezeit\" \/>\n\t<meta name=\"twitter:data2\" content=\"1\u00a0Minute\" \/>\n<script type=\"application\/ld+json\" class=\"yoast-schema-graph\">{\"@context\":\"https:\/\/schema.org\",\"@graph\":[{\"@type\":\"WebPage\",\"@id\":\"https:\/\/www.naturparkmagazin.de\/stechlin\/arbeitskreis-umwelt-des-bundesverbandes-deutscher-stiftungen-tagte-im-naturpark\/\",\"url\":\"https:\/\/www.naturparkmagazin.de\/stechlin\/arbeitskreis-umwelt-des-bundesverbandes-deutscher-stiftungen-tagte-im-naturpark\/\",\"name\":\"Arbeitskreis Umwelt des Bundesverbandes Deutscher Stiftungen tagte im Naturpark - Naturpark Stechlin-Ruppiner Land\",\"isPartOf\":{\"@id\":\"https:\/\/www.naturparkmagazin.de\/stechlin\/#website\"},\"datePublished\":\"2016-10-19T07:19:01+00:00\",\"dateModified\":\"2016-10-20T06:14:40+00:00\",\"author\":{\"@id\":\"https:\/\/www.naturparkmagazin.de\/stechlin\/#\/schema\/person\/3f0d93203df21c806dd63c76d9bb28bc\"},\"breadcrumb\":{\"@id\":\"https:\/\/www.naturparkmagazin.de\/stechlin\/arbeitskreis-umwelt-des-bundesverbandes-deutscher-stiftungen-tagte-im-naturpark\/#breadcrumb\"},\"inLanguage\":\"de\",\"potentialAction\":[{\"@type\":\"ReadAction\",\"target\":[\"https:\/\/www.naturparkmagazin.de\/stechlin\/arbeitskreis-umwelt-des-bundesverbandes-deutscher-stiftungen-tagte-im-naturpark\/\"]}]},{\"@type\":\"BreadcrumbList\",\"@id\":\"https:\/\/www.naturparkmagazin.de\/stechlin\/arbeitskreis-umwelt-des-bundesverbandes-deutscher-stiftungen-tagte-im-naturpark\/#breadcrumb\",\"itemListElement\":[{\"@type\":\"ListItem\",\"position\":1,\"name\":\"Home\",\"item\":\"https:\/\/www.naturparkmagazin.de\/stechlin\/\"},{\"@type\":\"ListItem\",\"position\":2,\"name\":\"Arbeitskreis Umwelt des Bundesverbandes Deutscher Stiftungen tagte im Naturpark\"}]},{\"@type\":\"WebSite\",\"@id\":\"https:\/\/www.naturparkmagazin.de\/stechlin\/#website\",\"url\":\"https:\/\/www.naturparkmagazin.de\/stechlin\/\",\"name\":\"Naturpark Stechlin-Ruppiner Land\",\"description\":\"\",\"potentialAction\":[{\"@type\":\"SearchAction\",\"target\":{\"@type\":\"EntryPoint\",\"urlTemplate\":\"https:\/\/www.naturparkmagazin.de\/stechlin\/?s={search_term_string}\"},\"query-input\":\"required name=search_term_string\"}],\"inLanguage\":\"de\"},{\"@type\":\"Person\",\"@id\":\"https:\/\/www.naturparkmagazin.de\/stechlin\/#\/schema\/person\/3f0d93203df21c806dd63c76d9bb28bc\",\"name\":\"marioschrumpf\",\"url\":\"https:\/\/www.naturparkmagazin.de\/stechlin\/author\/marioschrumpf\/\"}]}<\/script>\n<!-- \/ Yoast SEO plugin. -->","yoast_head_json":{"title":"Arbeitskreis Umwelt des Bundesverbandes Deutscher Stiftungen tagte im Naturpark - Naturpark Stechlin-Ruppiner Land","robots":{"index":"index","follow":"follow","max-snippet":"max-snippet:-1","max-image-preview":"max-image-preview:large","max-video-preview":"max-video-preview:-1"},"canonical":"https:\/\/www.naturparkmagazin.de\/stechlin\/arbeitskreis-umwelt-des-bundesverbandes-deutscher-stiftungen-tagte-im-naturpark\/","og_locale":"de_DE","og_type":"article","og_title":"Arbeitskreis Umwelt des Bundesverbandes Deutscher Stiftungen tagte im Naturpark - Naturpark Stechlin-Ruppiner Land","og_description":"\"Gew\u00e4sserschutz auf dem Pr\u00fcfstand - Bilanz und Ausblick im Jahr 17 nach Inkrafttreten der EU-Wasserrahmenrichtlinie\" war das Thema der Herbsttagung mit 50 Stiftungsvertretern aus ganz Deutschland.","og_url":"https:\/\/www.naturparkmagazin.de\/stechlin\/arbeitskreis-umwelt-des-bundesverbandes-deutscher-stiftungen-tagte-im-naturpark\/","og_site_name":"Naturpark Stechlin-Ruppiner Land","article_published_time":"2016-10-19T07:19:01+00:00","article_modified_time":"2016-10-20T06:14:40+00:00","og_image":[{"width":200,"height":200,"url":"https:\/\/www.naturparkmagazin.de\/stechlin\/wp-content\/uploads\/sites\/38\/AK-Umwelt.jpg","type":"image\/jpeg"}],"author":"marioschrumpf","twitter_misc":{"Verfasst von":"marioschrumpf","Gesch\u00e4tzte Lesezeit":"1\u00a0Minute"},"schema":{"@context":"https:\/\/schema.org","@graph":[{"@type":"WebPage","@id":"https:\/\/www.naturparkmagazin.de\/stechlin\/arbeitskreis-umwelt-des-bundesverbandes-deutscher-stiftungen-tagte-im-naturpark\/","url":"https:\/\/www.naturparkmagazin.de\/stechlin\/arbeitskreis-umwelt-des-bundesverbandes-deutscher-stiftungen-tagte-im-naturpark\/","name":"Arbeitskreis Umwelt des Bundesverbandes Deutscher Stiftungen tagte im Naturpark - Naturpark Stechlin-Ruppiner Land","isPartOf":{"@id":"https:\/\/www.naturparkmagazin.de\/stechlin\/#website"},"datePublished":"2016-10-19T07:19:01+00:00","dateModified":"2016-10-20T06:14:40+00:00","author":{"@id":"https:\/\/www.naturparkmagazin.de\/stechlin\/#\/schema\/person\/3f0d93203df21c806dd63c76d9bb28bc"},"breadcrumb":{"@id":"https:\/\/www.naturparkmagazin.de\/stechlin\/arbeitskreis-umwelt-des-bundesverbandes-deutscher-stiftungen-tagte-im-naturpark\/#breadcrumb"},"inLanguage":"de","potentialAction":[{"@type":"ReadAction","target":["https:\/\/www.naturparkmagazin.de\/stechlin\/arbeitskreis-umwelt-des-bundesverbandes-deutscher-stiftungen-tagte-im-naturpark\/"]}]},{"@type":"BreadcrumbList","@id":"https:\/\/www.naturparkmagazin.de\/stechlin\/arbeitskreis-umwelt-des-bundesverbandes-deutscher-stiftungen-tagte-im-naturpark\/#breadcrumb","itemListElement":[{"@type":"ListItem","position":1,"name":"Home","item":"https:\/\/www.naturparkmagazin.de\/stechlin\/"},{"@type":"ListItem","position":2,"name":"Arbeitskreis Umwelt des Bundesverbandes Deutscher Stiftungen tagte im Naturpark"}]},{"@type":"WebSite","@id":"https:\/\/www.naturparkmagazin.de\/stechlin\/#website","url":"https:\/\/www.naturparkmagazin.de\/stechlin\/","name":"Naturpark Stechlin-Ruppiner Land","description":"","potentialAction":[{"@type":"SearchAction","target":{"@type":"EntryPoint","urlTemplate":"https:\/\/www.naturparkmagazin.de\/stechlin\/?s={search_term_string}"},"query-input":"required name=search_term_string"}],"inLanguage":"de"},{"@type":"Person","@id":"https:\/\/www.naturparkmagazin.de\/stechlin\/#\/schema\/person\/3f0d93203df21c806dd63c76d9bb28bc","name":"marioschrumpf","url":"https:\/\/www.naturparkmagazin.de\/stechlin\/author\/marioschrumpf\/"}]}},"_links":{"self":[{"href":"https:\/\/www.naturparkmagazin.de\/stechlin\/wp-json\/wp\/v2\/posts\/4645"}],"collection":[{"href":"https:\/\/www.naturparkmagazin.de\/stechlin\/wp-json\/wp\/v2\/posts"}],"about":[{"href":"https:\/\/www.naturparkmagazin.de\/stechlin\/wp-json\/wp\/v2\/types\/post"}],"author":[{"embeddable":true,"href":"https:\/\/www.naturparkmagazin.de\/stechlin\/wp-json\/wp\/v2\/users\/39"}],"replies":[{"embeddable":true,"href":"https:\/\/www.naturparkmagazin.de\/stechlin\/wp-json\/wp\/v2\/comments?post=4645"}],"version-history":[{"count":4,"href":"https:\/\/www.naturparkmagazin.de\/stechlin\/wp-json\/wp\/v2\/posts\/4645\/revisions"}],"predecessor-version":[{"id":4688,"href":"https:\/\/www.naturparkmagazin.de\/stechlin\/wp-json\/wp\/v2\/posts\/4645\/revisions\/4688"}],"wp:featuredmedia":[{"embeddable":true,"href":"https:\/\/www.naturparkmagazin.de\/stechlin\/wp-json\/wp\/v2\/media\/4646"}],"wp:attachment":[{"href":"https:\/\/www.naturparkmagazin.de\/stechlin\/wp-json\/wp\/v2\/media?parent=4645"}],"wp:term":[{"taxonomy":"category","embeddable":true,"href":"https:\/\/www.naturparkmagazin.de\/stechlin\/wp-json\/wp\/v2\/categories?post=4645"},{"taxonomy":"post_tag","embeddable":true,"href":"https:\/\/www.naturparkmagazin.de\/stechlin\/wp-json\/wp\/v2\/tags?post=4645"}],"curies":[{"name":"wp","href":"https:\/\/api.w.org\/{rel}","templated":true}]}}