{"id":4651,"date":"2016-10-19T10:05:29","date_gmt":"2016-10-19T08:05:29","guid":{"rendered":"http:\/\/www.naturparkmagazin.de\/stechlin\/?p=4651"},"modified":"2025-01-24T10:26:22","modified_gmt":"2025-01-24T09:26:22","slug":"trotz-regen-besucherrekord-zum-13-menzer-apfeltag","status":"publish","type":"post","link":"https:\/\/www.naturparkmagazin.de\/stechlin\/trotz-regen-besucherrekord-zum-13-menzer-apfeltag\/","title":{"rendered":"Trotz Regen &#8211; Besucherrekord zum 13. Menzer Apfeltag (2016)"},"content":{"rendered":"<div id=\"attachment_4654\" style=\"width: 310px\" class=\"wp-caption alignleft\"><a href=\"https:\/\/www.naturparkmagazin.de\/stechlin\/wp-content\/uploads\/sites\/38\/Apfeltag-16_1.jpg\"><img aria-describedby=\"caption-attachment-4654\" decoding=\"async\" loading=\"lazy\" class=\"size-thumbnail wp-image-4654\" src=\"https:\/\/www.naturparkmagazin.de\/stechlin\/wp-content\/uploads\/sites\/38\/Apfeltag-16_1-300x180.jpg\" alt=\"Zehdenicks Apfelmann J\u00fcrgen Sinnecker diskutiert mit Sch\u00fclern der Menzer Naturparkschule \u00fcber \u00c4pfel.\" width=\"300\" height=\"180\" srcset=\"https:\/\/www.naturparkmagazin.de\/stechlin\/wp-content\/uploads\/sites\/38\/Apfeltag-16_1-300x180.jpg 300w, https:\/\/www.naturparkmagazin.de\/stechlin\/wp-content\/uploads\/sites\/38\/Apfeltag-16_1.jpg 500w, https:\/\/www.naturparkmagazin.de\/stechlin\/wp-content\/uploads\/sites\/38\/Apfeltag-16_1-200x120.jpg 200w\" sizes=\"(max-width: 300px) 100vw, 300px\" \/><\/a><p id=\"caption-attachment-4654\" class=\"wp-caption-text\">Zehdenicks Apfelmann J\u00fcrgen Sinnecker diskutiert mit Sch\u00fclern der Menzer Naturparkschule \u00fcber \u00c4pfel.<\/p><\/div>\n<p>&nbsp;<\/p>\n<p>&nbsp;<\/p>\n<p>&nbsp;<\/p>\n<p>&nbsp;<\/p>\n<p>&nbsp;<\/p>\n<p>&nbsp;<\/p>\n<p>&nbsp;<\/p>\n<p>Auch wenn es Petrus in diesem Jahr nicht gut meinte mit den Besuchern des Apfeltages, das Interesse an der paradiesischen Frucht ist ungebrochen. Pfarrer Mathias Wolf brachte es auf den Punkt, als er in seiner geistigen Besinnung dazu aufrief, sich an der Pracht der \u00c4pfel zu erfreuen und nicht nach dem Wurm im Apfel zu suchen. Anstatt \u00fcber den Regen und das schlechte Wetter zu lamentieren, kamen die Besucher in Scharen nach Menz. 17 Kuchen wurden zum traditionellen Apfelkuchenwettbewerb eingereicht. Die f\u00fcnfk\u00f6pfige Jury hatten wieder Schwerstarbeit zu verrichten, bevor die Gewinner kurz nach 12 Uhr von Naturparkleiter Mario Schrumpf bekanntgegeben wurden.<\/p>\n<div id=\"attachment_4653\" style=\"width: 310px\" class=\"wp-caption alignleft\"><a href=\"https:\/\/www.naturparkmagazin.de\/stechlin\/wp-content\/uploads\/sites\/38\/Apfel-16_2.jpg\"><img aria-describedby=\"caption-attachment-4653\" decoding=\"async\" loading=\"lazy\" class=\"size-thumbnail wp-image-4653\" src=\"https:\/\/www.naturparkmagazin.de\/stechlin\/wp-content\/uploads\/sites\/38\/Apfel-16_2-300x171.jpg\" alt=\"17 Apfelkuchen hatte die Jury zu verkosten.\" width=\"300\" height=\"171\" srcset=\"https:\/\/www.naturparkmagazin.de\/stechlin\/wp-content\/uploads\/sites\/38\/Apfel-16_2-300x171.jpg 300w, https:\/\/www.naturparkmagazin.de\/stechlin\/wp-content\/uploads\/sites\/38\/Apfel-16_2-200x114.jpg 200w, https:\/\/www.naturparkmagazin.de\/stechlin\/wp-content\/uploads\/sites\/38\/Apfel-16_2.jpg 526w\" sizes=\"(max-width: 300px) 100vw, 300px\" \/><\/a><p id=\"caption-attachment-4653\" class=\"wp-caption-text\">17 Apfelkuchen hatte die Jury zu verkosten.<\/p><\/div>\n<p>&nbsp;<\/p>\n<p>&nbsp;<\/p>\n<p>&nbsp;<\/p>\n<p>&nbsp;<\/p>\n<p>&nbsp;<\/p>\n<p>&nbsp;<\/p>\n<p>&nbsp;<\/p>\n<p>Erstmalig gewann mit Lisa Laurent eine 11j\u00e4hrige aus Altl\u00fcdersdorf, \u00a0gefolgt von Bernd Ilgner aus Marienthal und Jutta Friedrich aus Himmelpfort punktgleich auf dem 2. Platz.<\/p>\n<div id=\"attachment_4656\" style=\"width: 310px\" class=\"wp-caption alignleft\"><a href=\"https:\/\/www.naturparkmagazin.de\/stechlin\/wp-content\/uploads\/sites\/38\/Apfel-16_5.jpg\"><img aria-describedby=\"caption-attachment-4656\" decoding=\"async\" loading=\"lazy\" class=\"size-thumbnail wp-image-4656\" src=\"https:\/\/www.naturparkmagazin.de\/stechlin\/wp-content\/uploads\/sites\/38\/Apfel-16_5-300x180.jpg\" alt=\"Trotz Regen hatte die Baumschule Fischer viele Kunden.\" width=\"300\" height=\"180\" srcset=\"https:\/\/www.naturparkmagazin.de\/stechlin\/wp-content\/uploads\/sites\/38\/Apfel-16_5-300x180.jpg 300w, https:\/\/www.naturparkmagazin.de\/stechlin\/wp-content\/uploads\/sites\/38\/Apfel-16_5.jpg 500w, https:\/\/www.naturparkmagazin.de\/stechlin\/wp-content\/uploads\/sites\/38\/Apfel-16_5-200x120.jpg 200w\" sizes=\"(max-width: 300px) 100vw, 300px\" \/><\/a><p id=\"caption-attachment-4656\" class=\"wp-caption-text\">Trotz Regen hatte die Baumschule Fischer viele Kunden.<\/p><\/div>\n<p>&nbsp;<\/p>\n<p>&nbsp;<\/p>\n<p>&nbsp;<\/p>\n<p>&nbsp;<\/p>\n<p>&nbsp;<\/p>\n<p>&nbsp;<\/p>\n<p>&nbsp;<\/p>\n<div id=\"attachment_4657\" style=\"width: 310px\" class=\"wp-caption alignleft\"><a href=\"https:\/\/www.naturparkmagazin.de\/stechlin\/wp-content\/uploads\/sites\/38\/Apfel-16_6.jpg\"><img aria-describedby=\"caption-attachment-4657\" decoding=\"async\" loading=\"lazy\" class=\"size-thumbnail wp-image-4657\" src=\"https:\/\/www.naturparkmagazin.de\/stechlin\/wp-content\/uploads\/sites\/38\/Apfel-16_6-300x180.jpg\" alt=\"Michael von Arnim an seiner mobilen Apfelsaftpresse.\" width=\"300\" height=\"180\" srcset=\"https:\/\/www.naturparkmagazin.de\/stechlin\/wp-content\/uploads\/sites\/38\/Apfel-16_6-300x180.jpg 300w, https:\/\/www.naturparkmagazin.de\/stechlin\/wp-content\/uploads\/sites\/38\/Apfel-16_6.jpg 500w, https:\/\/www.naturparkmagazin.de\/stechlin\/wp-content\/uploads\/sites\/38\/Apfel-16_6-200x120.jpg 200w\" sizes=\"(max-width: 300px) 100vw, 300px\" \/><\/a><p id=\"caption-attachment-4657\" class=\"wp-caption-text\">Michael von Arnim an seiner mobilen Apfelsaftpresse.<\/p><\/div>\n<p>&nbsp;<\/p>\n<p>&nbsp;<\/p>\n<p>&nbsp;<\/p>\n<p>&nbsp;<\/p>\n<p>&nbsp;<\/p>\n<p>&nbsp;<\/p>\n<p>&nbsp;<\/p>\n<p>&nbsp;<\/p>\n<p>Im Rahmen des Genressourcenprojektes Streuobst wechselten 130 Apfelhochst\u00e4mme mit alten Sorten den Besitzer. Die Apfelgr\u00e4fin Daisy von Arnim aus der Uckermark war mit ihrer mobilen Saftpresse und einer Auswahl ihres Apfelprodukt-Sortiments pers\u00f6nlich vor Ort. Punkt 11 Uhr war der Seminarraum bis auf den letzten Platz besetzt, als Brandenburgs Apfelpapst, Hilmar Schw\u00e4rzel seine Vortrag \u00fcber die Geschichte der Obstz\u00fcchtung im Brandenburgischen M\u00fcncheberg begann. Seit mehr als 80 Jahren werden dort Obstsorten gez\u00fcchtet, die speziell an das Klima in der Mark Brandenburg angepasst sind.\u00a0\u00c4pfel dieser Sorten waren in der Sortenausstellung zu sehen, die der Zehdenicker Apfelmann, J\u00fcrgen Sinnecker, im Saal pr\u00e4sentierte.<\/p>\n<p>&nbsp;<\/p>\n<div id=\"attachment_4655\" style=\"width: 310px\" class=\"wp-caption alignleft\"><a href=\"https:\/\/www.naturparkmagazin.de\/stechlin\/wp-content\/uploads\/sites\/38\/Apfel-16_3.jpg\"><img aria-describedby=\"caption-attachment-4655\" decoding=\"async\" loading=\"lazy\" class=\"size-thumbnail wp-image-4655\" src=\"https:\/\/www.naturparkmagazin.de\/stechlin\/wp-content\/uploads\/sites\/38\/Apfel-16_3-300x194.jpg\" alt=\"Bis auf den letzten Platz war der Seminarraum zum Vortrag von Brandenburg's Apfelpapst Hilmar Schw\u00e4rzel besetzt.\" width=\"300\" height=\"194\" srcset=\"https:\/\/www.naturparkmagazin.de\/stechlin\/wp-content\/uploads\/sites\/38\/Apfel-16_3-300x194.jpg 300w, https:\/\/www.naturparkmagazin.de\/stechlin\/wp-content\/uploads\/sites\/38\/Apfel-16_3.jpg 500w, https:\/\/www.naturparkmagazin.de\/stechlin\/wp-content\/uploads\/sites\/38\/Apfel-16_3-200x129.jpg 200w\" sizes=\"(max-width: 300px) 100vw, 300px\" \/><\/a><p id=\"caption-attachment-4655\" class=\"wp-caption-text\">Bis auf den letzten Platz war der Seminarraum zum Vortrag von Brandenburg&#8217;s Apfelpapst Hilmar Schw\u00e4rzel besetzt.<\/p><\/div>\n<p>&nbsp;<\/p>\n<p>&nbsp;<\/p>\n<p>&nbsp;<\/p>\n<p>&nbsp;<\/p>\n<p>&nbsp;<\/p>\n<p>&nbsp;<\/p>\n<p>&nbsp;<\/p>\n<div id=\"attachment_4658\" style=\"width: 310px\" class=\"wp-caption alignleft\"><a href=\"https:\/\/www.naturparkmagazin.de\/stechlin\/wp-content\/uploads\/sites\/38\/Apfel-16_7.jpg\"><img aria-describedby=\"caption-attachment-4658\" decoding=\"async\" loading=\"lazy\" class=\"size-thumbnail wp-image-4658\" src=\"https:\/\/www.naturparkmagazin.de\/stechlin\/wp-content\/uploads\/sites\/38\/Apfel-16_7-300x180.jpg\" alt=\"Das Feuerwehrblasorchester Gransee sorgte f\u00fcr die kulturelle Umrahmung.\" width=\"300\" height=\"180\" srcset=\"https:\/\/www.naturparkmagazin.de\/stechlin\/wp-content\/uploads\/sites\/38\/Apfel-16_7-300x180.jpg 300w, https:\/\/www.naturparkmagazin.de\/stechlin\/wp-content\/uploads\/sites\/38\/Apfel-16_7.jpg 500w, https:\/\/www.naturparkmagazin.de\/stechlin\/wp-content\/uploads\/sites\/38\/Apfel-16_7-200x120.jpg 200w\" sizes=\"(max-width: 300px) 100vw, 300px\" \/><\/a><p id=\"caption-attachment-4658\" class=\"wp-caption-text\">Das Feuerwehrblasorchester Gransee sorgte f\u00fcr die kulturelle Umrahmung.<\/p><\/div>\n<p>&nbsp;<\/p>\n","protected":false},"excerpt":{"rendered":"<p>Auch wenn es Petrus in diesem Jahr nicht gut meinte mit den Besuchern des Apfeltages, das Interesse an der paradiesischen Frucht ist ungebrochen.<\/p>\n","protected":false},"author":39,"featured_media":4652,"comment_status":"open","ping_status":"open","sticky":false,"template":"","format":"standard","meta":[],"categories":[7],"tags":[],"yoast_head":"<!-- This site is optimized with the Yoast SEO plugin v19.10 - https:\/\/yoast.com\/wordpress\/plugins\/seo\/ -->\n<title>Trotz Regen - Besucherrekord zum 13. Menzer Apfeltag (2016) - Naturpark Stechlin-Ruppiner Land<\/title>\n<meta name=\"robots\" content=\"index, follow, max-snippet:-1, max-image-preview:large, max-video-preview:-1\" \/>\n<link rel=\"canonical\" href=\"https:\/\/www.naturparkmagazin.de\/stechlin\/trotz-regen-besucherrekord-zum-13-menzer-apfeltag\/\" \/>\n<meta property=\"og:locale\" content=\"de_DE\" \/>\n<meta property=\"og:type\" content=\"article\" \/>\n<meta property=\"og:title\" content=\"Trotz Regen - Besucherrekord zum 13. Menzer Apfeltag (2016) - Naturpark Stechlin-Ruppiner Land\" \/>\n<meta property=\"og:description\" content=\"Auch wenn es Petrus in diesem Jahr nicht gut meinte mit den Besuchern des Apfeltages, das Interesse an der paradiesischen Frucht ist ungebrochen.\" \/>\n<meta property=\"og:url\" content=\"https:\/\/www.naturparkmagazin.de\/stechlin\/trotz-regen-besucherrekord-zum-13-menzer-apfeltag\/\" \/>\n<meta property=\"og:site_name\" content=\"Naturpark Stechlin-Ruppiner Land\" \/>\n<meta property=\"article:published_time\" content=\"2016-10-19T08:05:29+00:00\" \/>\n<meta property=\"article:modified_time\" content=\"2025-01-24T09:26:22+00:00\" \/>\n<meta property=\"og:image\" content=\"https:\/\/www.naturparkmagazin.de\/stechlin\/wp-content\/uploads\/sites\/38\/Apfel-2016.jpg\" \/>\n\t<meta property=\"og:image:width\" content=\"200\" \/>\n\t<meta property=\"og:image:height\" content=\"200\" \/>\n\t<meta property=\"og:image:type\" content=\"image\/jpeg\" \/>\n<meta name=\"author\" content=\"marioschrumpf\" \/>\n<meta name=\"twitter:label1\" content=\"Verfasst von\" \/>\n\t<meta name=\"twitter:data1\" content=\"marioschrumpf\" \/>\n\t<meta name=\"twitter:label2\" content=\"Gesch\u00e4tzte Lesezeit\" \/>\n\t<meta name=\"twitter:data2\" content=\"3\u00a0Minuten\" \/>\n<script type=\"application\/ld+json\" class=\"yoast-schema-graph\">{\"@context\":\"https:\/\/schema.org\",\"@graph\":[{\"@type\":\"WebPage\",\"@id\":\"https:\/\/www.naturparkmagazin.de\/stechlin\/trotz-regen-besucherrekord-zum-13-menzer-apfeltag\/\",\"url\":\"https:\/\/www.naturparkmagazin.de\/stechlin\/trotz-regen-besucherrekord-zum-13-menzer-apfeltag\/\",\"name\":\"Trotz Regen - Besucherrekord zum 13. Menzer Apfeltag (2016) - Naturpark Stechlin-Ruppiner Land\",\"isPartOf\":{\"@id\":\"https:\/\/www.naturparkmagazin.de\/stechlin\/#website\"},\"datePublished\":\"2016-10-19T08:05:29+00:00\",\"dateModified\":\"2025-01-24T09:26:22+00:00\",\"author\":{\"@id\":\"https:\/\/www.naturparkmagazin.de\/stechlin\/#\/schema\/person\/3f0d93203df21c806dd63c76d9bb28bc\"},\"breadcrumb\":{\"@id\":\"https:\/\/www.naturparkmagazin.de\/stechlin\/trotz-regen-besucherrekord-zum-13-menzer-apfeltag\/#breadcrumb\"},\"inLanguage\":\"de\",\"potentialAction\":[{\"@type\":\"ReadAction\",\"target\":[\"https:\/\/www.naturparkmagazin.de\/stechlin\/trotz-regen-besucherrekord-zum-13-menzer-apfeltag\/\"]}]},{\"@type\":\"BreadcrumbList\",\"@id\":\"https:\/\/www.naturparkmagazin.de\/stechlin\/trotz-regen-besucherrekord-zum-13-menzer-apfeltag\/#breadcrumb\",\"itemListElement\":[{\"@type\":\"ListItem\",\"position\":1,\"name\":\"Home\",\"item\":\"https:\/\/www.naturparkmagazin.de\/stechlin\/\"},{\"@type\":\"ListItem\",\"position\":2,\"name\":\"Trotz Regen &#8211; Besucherrekord zum 13. Menzer Apfeltag (2016)\"}]},{\"@type\":\"WebSite\",\"@id\":\"https:\/\/www.naturparkmagazin.de\/stechlin\/#website\",\"url\":\"https:\/\/www.naturparkmagazin.de\/stechlin\/\",\"name\":\"Naturpark Stechlin-Ruppiner Land\",\"description\":\"\",\"potentialAction\":[{\"@type\":\"SearchAction\",\"target\":{\"@type\":\"EntryPoint\",\"urlTemplate\":\"https:\/\/www.naturparkmagazin.de\/stechlin\/?s={search_term_string}\"},\"query-input\":\"required name=search_term_string\"}],\"inLanguage\":\"de\"},{\"@type\":\"Person\",\"@id\":\"https:\/\/www.naturparkmagazin.de\/stechlin\/#\/schema\/person\/3f0d93203df21c806dd63c76d9bb28bc\",\"name\":\"marioschrumpf\",\"url\":\"https:\/\/www.naturparkmagazin.de\/stechlin\/author\/marioschrumpf\/\"}]}<\/script>\n<!-- \/ Yoast SEO plugin. -->","yoast_head_json":{"title":"Trotz Regen - Besucherrekord zum 13. Menzer Apfeltag (2016) - Naturpark Stechlin-Ruppiner Land","robots":{"index":"index","follow":"follow","max-snippet":"max-snippet:-1","max-image-preview":"max-image-preview:large","max-video-preview":"max-video-preview:-1"},"canonical":"https:\/\/www.naturparkmagazin.de\/stechlin\/trotz-regen-besucherrekord-zum-13-menzer-apfeltag\/","og_locale":"de_DE","og_type":"article","og_title":"Trotz Regen - Besucherrekord zum 13. Menzer Apfeltag (2016) - Naturpark Stechlin-Ruppiner Land","og_description":"Auch wenn es Petrus in diesem Jahr nicht gut meinte mit den Besuchern des Apfeltages, das Interesse an der paradiesischen Frucht ist ungebrochen.","og_url":"https:\/\/www.naturparkmagazin.de\/stechlin\/trotz-regen-besucherrekord-zum-13-menzer-apfeltag\/","og_site_name":"Naturpark Stechlin-Ruppiner Land","article_published_time":"2016-10-19T08:05:29+00:00","article_modified_time":"2025-01-24T09:26:22+00:00","og_image":[{"width":200,"height":200,"url":"https:\/\/www.naturparkmagazin.de\/stechlin\/wp-content\/uploads\/sites\/38\/Apfel-2016.jpg","type":"image\/jpeg"}],"author":"marioschrumpf","twitter_misc":{"Verfasst von":"marioschrumpf","Gesch\u00e4tzte Lesezeit":"3\u00a0Minuten"},"schema":{"@context":"https:\/\/schema.org","@graph":[{"@type":"WebPage","@id":"https:\/\/www.naturparkmagazin.de\/stechlin\/trotz-regen-besucherrekord-zum-13-menzer-apfeltag\/","url":"https:\/\/www.naturparkmagazin.de\/stechlin\/trotz-regen-besucherrekord-zum-13-menzer-apfeltag\/","name":"Trotz Regen - Besucherrekord zum 13. Menzer Apfeltag (2016) - Naturpark Stechlin-Ruppiner Land","isPartOf":{"@id":"https:\/\/www.naturparkmagazin.de\/stechlin\/#website"},"datePublished":"2016-10-19T08:05:29+00:00","dateModified":"2025-01-24T09:26:22+00:00","author":{"@id":"https:\/\/www.naturparkmagazin.de\/stechlin\/#\/schema\/person\/3f0d93203df21c806dd63c76d9bb28bc"},"breadcrumb":{"@id":"https:\/\/www.naturparkmagazin.de\/stechlin\/trotz-regen-besucherrekord-zum-13-menzer-apfeltag\/#breadcrumb"},"inLanguage":"de","potentialAction":[{"@type":"ReadAction","target":["https:\/\/www.naturparkmagazin.de\/stechlin\/trotz-regen-besucherrekord-zum-13-menzer-apfeltag\/"]}]},{"@type":"BreadcrumbList","@id":"https:\/\/www.naturparkmagazin.de\/stechlin\/trotz-regen-besucherrekord-zum-13-menzer-apfeltag\/#breadcrumb","itemListElement":[{"@type":"ListItem","position":1,"name":"Home","item":"https:\/\/www.naturparkmagazin.de\/stechlin\/"},{"@type":"ListItem","position":2,"name":"Trotz Regen &#8211; Besucherrekord zum 13. Menzer Apfeltag (2016)"}]},{"@type":"WebSite","@id":"https:\/\/www.naturparkmagazin.de\/stechlin\/#website","url":"https:\/\/www.naturparkmagazin.de\/stechlin\/","name":"Naturpark Stechlin-Ruppiner Land","description":"","potentialAction":[{"@type":"SearchAction","target":{"@type":"EntryPoint","urlTemplate":"https:\/\/www.naturparkmagazin.de\/stechlin\/?s={search_term_string}"},"query-input":"required name=search_term_string"}],"inLanguage":"de"},{"@type":"Person","@id":"https:\/\/www.naturparkmagazin.de\/stechlin\/#\/schema\/person\/3f0d93203df21c806dd63c76d9bb28bc","name":"marioschrumpf","url":"https:\/\/www.naturparkmagazin.de\/stechlin\/author\/marioschrumpf\/"}]}},"_links":{"self":[{"href":"https:\/\/www.naturparkmagazin.de\/stechlin\/wp-json\/wp\/v2\/posts\/4651"}],"collection":[{"href":"https:\/\/www.naturparkmagazin.de\/stechlin\/wp-json\/wp\/v2\/posts"}],"about":[{"href":"https:\/\/www.naturparkmagazin.de\/stechlin\/wp-json\/wp\/v2\/types\/post"}],"author":[{"embeddable":true,"href":"https:\/\/www.naturparkmagazin.de\/stechlin\/wp-json\/wp\/v2\/users\/39"}],"replies":[{"embeddable":true,"href":"https:\/\/www.naturparkmagazin.de\/stechlin\/wp-json\/wp\/v2\/comments?post=4651"}],"version-history":[{"count":5,"href":"https:\/\/www.naturparkmagazin.de\/stechlin\/wp-json\/wp\/v2\/posts\/4651\/revisions"}],"predecessor-version":[{"id":16612,"href":"https:\/\/www.naturparkmagazin.de\/stechlin\/wp-json\/wp\/v2\/posts\/4651\/revisions\/16612"}],"wp:featuredmedia":[{"embeddable":true,"href":"https:\/\/www.naturparkmagazin.de\/stechlin\/wp-json\/wp\/v2\/media\/4652"}],"wp:attachment":[{"href":"https:\/\/www.naturparkmagazin.de\/stechlin\/wp-json\/wp\/v2\/media?parent=4651"}],"wp:term":[{"taxonomy":"category","embeddable":true,"href":"https:\/\/www.naturparkmagazin.de\/stechlin\/wp-json\/wp\/v2\/categories?post=4651"},{"taxonomy":"post_tag","embeddable":true,"href":"https:\/\/www.naturparkmagazin.de\/stechlin\/wp-json\/wp\/v2\/tags?post=4651"}],"curies":[{"name":"wp","href":"https:\/\/api.w.org\/{rel}","templated":true}]}}