{"id":466,"date":"2013-11-27T21:52:27","date_gmt":"2013-11-27T19:52:27","guid":{"rendered":"http:\/\/www.naturparkmagazin.de\/stechlin\/?p=466"},"modified":"2013-12-02T12:41:03","modified_gmt":"2013-12-02T10:41:03","slug":"nach-dem-winterspaziergang-zum-bratapfel-ins-naturparkhaus-in-menz","status":"publish","type":"post","link":"https:\/\/www.naturparkmagazin.de\/stechlin\/nach-dem-winterspaziergang-zum-bratapfel-ins-naturparkhaus-in-menz\/","title":{"rendered":"Nach dem Winterspaziergang zum Bratapfel ins NaturParkHaus in Menz"},"content":{"rendered":"<div id=\"attachment_468\" style=\"width: 630px\" class=\"wp-caption aligncenter\"><a href=\"https:\/\/www.naturparkmagazin.de\/stechlin\/wp-content\/uploads\/sites\/38\/k-NPH-Winter.jpg\"><img aria-describedby=\"caption-attachment-468\" decoding=\"async\" loading=\"lazy\" class=\"size-medium wp-image-468 \" title=\"Besucherzentrum des Naturparks im Winterkleid\" alt=\"Besucherzentrum des Naturparks im Winterkleid\" src=\"https:\/\/www.naturparkmagazin.de\/stechlin\/wp-content\/uploads\/sites\/38\/k-NPH-Winter-620x465.jpg\" width=\"620\" height=\"465\" srcset=\"https:\/\/www.naturparkmagazin.de\/stechlin\/wp-content\/uploads\/sites\/38\/k-NPH-Winter-620x465.jpg 620w, https:\/\/www.naturparkmagazin.de\/stechlin\/wp-content\/uploads\/sites\/38\/k-NPH-Winter-300x225.jpg 300w, https:\/\/www.naturparkmagazin.de\/stechlin\/wp-content\/uploads\/sites\/38\/k-NPH-Winter-940x705.jpg 940w, https:\/\/www.naturparkmagazin.de\/stechlin\/wp-content\/uploads\/sites\/38\/k-NPH-Winter-580x435.jpg 580w, https:\/\/www.naturparkmagazin.de\/stechlin\/wp-content\/uploads\/sites\/38\/k-NPH-Winter-420x315.jpg 420w, https:\/\/www.naturparkmagazin.de\/stechlin\/wp-content\/uploads\/sites\/38\/k-NPH-Winter-180x135.jpg 180w, https:\/\/www.naturparkmagazin.de\/stechlin\/wp-content\/uploads\/sites\/38\/k-NPH-Winter-95x71.jpg 95w, https:\/\/www.naturparkmagazin.de\/stechlin\/wp-content\/uploads\/sites\/38\/k-NPH-Winter-670x503.jpg 670w, https:\/\/www.naturparkmagazin.de\/stechlin\/wp-content\/uploads\/sites\/38\/k-NPH-Winter-200x150.jpg 200w, https:\/\/www.naturparkmagazin.de\/stechlin\/wp-content\/uploads\/sites\/38\/k-NPH-Winter.jpg 1024w\" sizes=\"(max-width: 620px) 100vw, 620px\" \/><\/a><p id=\"caption-attachment-468\" class=\"wp-caption-text\">Besucherzentrum des Naturparks im Winterkleid<\/p><\/div>\n<p style=\"text-align: left\">Wenn das Jahresende naht, zieht ein bet\u00f6render Duft durch das NaturParkHaus Stechlin in Menz. Der alte Kachelofen ist angeheizt und Brat\u00e4pfel im Ofenfach duften verf\u00fchrerisch. Der hei\u00dfe Gl\u00fchwein wartet auf die durchgefrorenen Wanderer, die nach ausgedehnter Wanderung um den winterlichen Roofensee ins Besucherzentrum einkehren. W\u00e4re das nicht ein guter Vorschlag f\u00fcr Ihren Ausflug zu den Festtagen? Das NaturParkHaus Stechlin hat im Winter t\u00e4glich von 10-16 Uhr ge\u00f6ffnet. Vom 23.-25.12.2013\u00a0bleibt das NaturParkHaus Stechlin geschlossen, vom 26.-30.12.2013 ist von 10-16 Uhr ge\u00f6ffnet und vom 31.12.2013-1.1.2014 ist wieder geschlossen. Herzlich willkommen!<\/p>\n","protected":false},"excerpt":{"rendered":"<p>Wenn das Jahresende naht, zieht ein bet\u00f6render Duft durch das NaturParkHaus Stechlin in Menz.<\/p>\n","protected":false},"author":39,"featured_media":468,"comment_status":"open","ping_status":"open","sticky":false,"template":"","format":"standard","meta":[],"categories":[7],"tags":[],"yoast_head":"<!-- This site is optimized with the Yoast SEO plugin v19.10 - https:\/\/yoast.com\/wordpress\/plugins\/seo\/ -->\n<title>Nach dem Winterspaziergang zum Bratapfel ins NaturParkHaus in Menz - Naturpark Stechlin-Ruppiner Land<\/title>\n<meta name=\"robots\" content=\"index, follow, max-snippet:-1, max-image-preview:large, max-video-preview:-1\" \/>\n<link rel=\"canonical\" href=\"https:\/\/www.naturparkmagazin.de\/stechlin\/nach-dem-winterspaziergang-zum-bratapfel-ins-naturparkhaus-in-menz\/\" \/>\n<meta property=\"og:locale\" content=\"de_DE\" \/>\n<meta property=\"og:type\" content=\"article\" \/>\n<meta property=\"og:title\" content=\"Nach dem Winterspaziergang zum Bratapfel ins NaturParkHaus in Menz - Naturpark Stechlin-Ruppiner Land\" \/>\n<meta property=\"og:description\" content=\"Wenn das Jahresende naht, zieht ein bet\u00f6render Duft durch das NaturParkHaus Stechlin in Menz.\" \/>\n<meta property=\"og:url\" content=\"https:\/\/www.naturparkmagazin.de\/stechlin\/nach-dem-winterspaziergang-zum-bratapfel-ins-naturparkhaus-in-menz\/\" \/>\n<meta property=\"og:site_name\" content=\"Naturpark Stechlin-Ruppiner Land\" \/>\n<meta property=\"article:published_time\" content=\"2013-11-27T19:52:27+00:00\" \/>\n<meta property=\"article:modified_time\" content=\"2013-12-02T10:41:03+00:00\" \/>\n<meta property=\"og:image\" content=\"https:\/\/www.naturparkmagazin.de\/stechlin\/wp-content\/uploads\/sites\/38\/k-NPH-Winter.jpg\" \/>\n\t<meta property=\"og:image:width\" content=\"1024\" \/>\n\t<meta property=\"og:image:height\" content=\"768\" \/>\n\t<meta property=\"og:image:type\" content=\"image\/jpeg\" \/>\n<meta name=\"author\" content=\"marioschrumpf\" \/>\n<meta name=\"twitter:label1\" content=\"Verfasst von\" \/>\n\t<meta name=\"twitter:data1\" content=\"marioschrumpf\" \/>\n\t<meta name=\"twitter:label2\" content=\"Gesch\u00e4tzte Lesezeit\" \/>\n\t<meta name=\"twitter:data2\" content=\"1\u00a0Minute\" \/>\n<script type=\"application\/ld+json\" class=\"yoast-schema-graph\">{\"@context\":\"https:\/\/schema.org\",\"@graph\":[{\"@type\":\"WebPage\",\"@id\":\"https:\/\/www.naturparkmagazin.de\/stechlin\/nach-dem-winterspaziergang-zum-bratapfel-ins-naturparkhaus-in-menz\/\",\"url\":\"https:\/\/www.naturparkmagazin.de\/stechlin\/nach-dem-winterspaziergang-zum-bratapfel-ins-naturparkhaus-in-menz\/\",\"name\":\"Nach dem Winterspaziergang zum Bratapfel ins NaturParkHaus in Menz - Naturpark Stechlin-Ruppiner Land\",\"isPartOf\":{\"@id\":\"https:\/\/www.naturparkmagazin.de\/stechlin\/#website\"},\"datePublished\":\"2013-11-27T19:52:27+00:00\",\"dateModified\":\"2013-12-02T10:41:03+00:00\",\"author\":{\"@id\":\"https:\/\/www.naturparkmagazin.de\/stechlin\/#\/schema\/person\/3f0d93203df21c806dd63c76d9bb28bc\"},\"breadcrumb\":{\"@id\":\"https:\/\/www.naturparkmagazin.de\/stechlin\/nach-dem-winterspaziergang-zum-bratapfel-ins-naturparkhaus-in-menz\/#breadcrumb\"},\"inLanguage\":\"de\",\"potentialAction\":[{\"@type\":\"ReadAction\",\"target\":[\"https:\/\/www.naturparkmagazin.de\/stechlin\/nach-dem-winterspaziergang-zum-bratapfel-ins-naturparkhaus-in-menz\/\"]}]},{\"@type\":\"BreadcrumbList\",\"@id\":\"https:\/\/www.naturparkmagazin.de\/stechlin\/nach-dem-winterspaziergang-zum-bratapfel-ins-naturparkhaus-in-menz\/#breadcrumb\",\"itemListElement\":[{\"@type\":\"ListItem\",\"position\":1,\"name\":\"Home\",\"item\":\"https:\/\/www.naturparkmagazin.de\/stechlin\/\"},{\"@type\":\"ListItem\",\"position\":2,\"name\":\"Nach dem Winterspaziergang zum Bratapfel ins NaturParkHaus in Menz\"}]},{\"@type\":\"WebSite\",\"@id\":\"https:\/\/www.naturparkmagazin.de\/stechlin\/#website\",\"url\":\"https:\/\/www.naturparkmagazin.de\/stechlin\/\",\"name\":\"Naturpark Stechlin-Ruppiner Land\",\"description\":\"\",\"potentialAction\":[{\"@type\":\"SearchAction\",\"target\":{\"@type\":\"EntryPoint\",\"urlTemplate\":\"https:\/\/www.naturparkmagazin.de\/stechlin\/?s={search_term_string}\"},\"query-input\":\"required name=search_term_string\"}],\"inLanguage\":\"de\"},{\"@type\":\"Person\",\"@id\":\"https:\/\/www.naturparkmagazin.de\/stechlin\/#\/schema\/person\/3f0d93203df21c806dd63c76d9bb28bc\",\"name\":\"marioschrumpf\",\"url\":\"https:\/\/www.naturparkmagazin.de\/stechlin\/author\/marioschrumpf\/\"}]}<\/script>\n<!-- \/ Yoast SEO plugin. -->","yoast_head_json":{"title":"Nach dem Winterspaziergang zum Bratapfel ins NaturParkHaus in Menz - Naturpark Stechlin-Ruppiner Land","robots":{"index":"index","follow":"follow","max-snippet":"max-snippet:-1","max-image-preview":"max-image-preview:large","max-video-preview":"max-video-preview:-1"},"canonical":"https:\/\/www.naturparkmagazin.de\/stechlin\/nach-dem-winterspaziergang-zum-bratapfel-ins-naturparkhaus-in-menz\/","og_locale":"de_DE","og_type":"article","og_title":"Nach dem Winterspaziergang zum Bratapfel ins NaturParkHaus in Menz - Naturpark Stechlin-Ruppiner Land","og_description":"Wenn das Jahresende naht, zieht ein bet\u00f6render Duft durch das NaturParkHaus Stechlin in Menz.","og_url":"https:\/\/www.naturparkmagazin.de\/stechlin\/nach-dem-winterspaziergang-zum-bratapfel-ins-naturparkhaus-in-menz\/","og_site_name":"Naturpark Stechlin-Ruppiner Land","article_published_time":"2013-11-27T19:52:27+00:00","article_modified_time":"2013-12-02T10:41:03+00:00","og_image":[{"width":1024,"height":768,"url":"https:\/\/www.naturparkmagazin.de\/stechlin\/wp-content\/uploads\/sites\/38\/k-NPH-Winter.jpg","type":"image\/jpeg"}],"author":"marioschrumpf","twitter_misc":{"Verfasst von":"marioschrumpf","Gesch\u00e4tzte Lesezeit":"1\u00a0Minute"},"schema":{"@context":"https:\/\/schema.org","@graph":[{"@type":"WebPage","@id":"https:\/\/www.naturparkmagazin.de\/stechlin\/nach-dem-winterspaziergang-zum-bratapfel-ins-naturparkhaus-in-menz\/","url":"https:\/\/www.naturparkmagazin.de\/stechlin\/nach-dem-winterspaziergang-zum-bratapfel-ins-naturparkhaus-in-menz\/","name":"Nach dem Winterspaziergang zum Bratapfel ins NaturParkHaus in Menz - Naturpark Stechlin-Ruppiner Land","isPartOf":{"@id":"https:\/\/www.naturparkmagazin.de\/stechlin\/#website"},"datePublished":"2013-11-27T19:52:27+00:00","dateModified":"2013-12-02T10:41:03+00:00","author":{"@id":"https:\/\/www.naturparkmagazin.de\/stechlin\/#\/schema\/person\/3f0d93203df21c806dd63c76d9bb28bc"},"breadcrumb":{"@id":"https:\/\/www.naturparkmagazin.de\/stechlin\/nach-dem-winterspaziergang-zum-bratapfel-ins-naturparkhaus-in-menz\/#breadcrumb"},"inLanguage":"de","potentialAction":[{"@type":"ReadAction","target":["https:\/\/www.naturparkmagazin.de\/stechlin\/nach-dem-winterspaziergang-zum-bratapfel-ins-naturparkhaus-in-menz\/"]}]},{"@type":"BreadcrumbList","@id":"https:\/\/www.naturparkmagazin.de\/stechlin\/nach-dem-winterspaziergang-zum-bratapfel-ins-naturparkhaus-in-menz\/#breadcrumb","itemListElement":[{"@type":"ListItem","position":1,"name":"Home","item":"https:\/\/www.naturparkmagazin.de\/stechlin\/"},{"@type":"ListItem","position":2,"name":"Nach dem Winterspaziergang zum Bratapfel ins NaturParkHaus in Menz"}]},{"@type":"WebSite","@id":"https:\/\/www.naturparkmagazin.de\/stechlin\/#website","url":"https:\/\/www.naturparkmagazin.de\/stechlin\/","name":"Naturpark Stechlin-Ruppiner Land","description":"","potentialAction":[{"@type":"SearchAction","target":{"@type":"EntryPoint","urlTemplate":"https:\/\/www.naturparkmagazin.de\/stechlin\/?s={search_term_string}"},"query-input":"required name=search_term_string"}],"inLanguage":"de"},{"@type":"Person","@id":"https:\/\/www.naturparkmagazin.de\/stechlin\/#\/schema\/person\/3f0d93203df21c806dd63c76d9bb28bc","name":"marioschrumpf","url":"https:\/\/www.naturparkmagazin.de\/stechlin\/author\/marioschrumpf\/"}]}},"_links":{"self":[{"href":"https:\/\/www.naturparkmagazin.de\/stechlin\/wp-json\/wp\/v2\/posts\/466"}],"collection":[{"href":"https:\/\/www.naturparkmagazin.de\/stechlin\/wp-json\/wp\/v2\/posts"}],"about":[{"href":"https:\/\/www.naturparkmagazin.de\/stechlin\/wp-json\/wp\/v2\/types\/post"}],"author":[{"embeddable":true,"href":"https:\/\/www.naturparkmagazin.de\/stechlin\/wp-json\/wp\/v2\/users\/39"}],"replies":[{"embeddable":true,"href":"https:\/\/www.naturparkmagazin.de\/stechlin\/wp-json\/wp\/v2\/comments?post=466"}],"version-history":[{"count":6,"href":"https:\/\/www.naturparkmagazin.de\/stechlin\/wp-json\/wp\/v2\/posts\/466\/revisions"}],"predecessor-version":[{"id":515,"href":"https:\/\/www.naturparkmagazin.de\/stechlin\/wp-json\/wp\/v2\/posts\/466\/revisions\/515"}],"wp:featuredmedia":[{"embeddable":true,"href":"https:\/\/www.naturparkmagazin.de\/stechlin\/wp-json\/wp\/v2\/media\/468"}],"wp:attachment":[{"href":"https:\/\/www.naturparkmagazin.de\/stechlin\/wp-json\/wp\/v2\/media?parent=466"}],"wp:term":[{"taxonomy":"category","embeddable":true,"href":"https:\/\/www.naturparkmagazin.de\/stechlin\/wp-json\/wp\/v2\/categories?post=466"},{"taxonomy":"post_tag","embeddable":true,"href":"https:\/\/www.naturparkmagazin.de\/stechlin\/wp-json\/wp\/v2\/tags?post=466"}],"curies":[{"name":"wp","href":"https:\/\/api.w.org\/{rel}","templated":true}]}}