{"id":4662,"date":"2016-10-19T10:32:30","date_gmt":"2016-10-19T08:32:30","guid":{"rendered":"http:\/\/www.naturparkmagazin.de\/stechlin\/?p=4662"},"modified":"2016-10-27T13:01:11","modified_gmt":"2016-10-27T11:01:11","slug":"natur-und-landschaftsfuehrer-beim-1-nachhaltigkeitstag-der-rheinsberger-preussenquelle","status":"publish","type":"post","link":"https:\/\/www.naturparkmagazin.de\/stechlin\/natur-und-landschaftsfuehrer-beim-1-nachhaltigkeitstag-der-rheinsberger-preussenquelle\/","title":{"rendered":"Natur- und Landschaftsf\u00fchrer beim 1. Nachhaltigkeitstag der Rheinsberger Preussenquelle"},"content":{"rendered":"<div id=\"attachment_4664\" style=\"width: 310px\" class=\"wp-caption alignleft\"><a href=\"https:\/\/www.naturparkmagazin.de\/stechlin\/wp-content\/uploads\/sites\/38\/Nachhaltigkeitstag_01.jpg\"><img aria-describedby=\"caption-attachment-4664\" decoding=\"async\" loading=\"lazy\" class=\"size-thumbnail wp-image-4664\" src=\"https:\/\/www.naturparkmagazin.de\/stechlin\/wp-content\/uploads\/sites\/38\/Nachhaltigkeitstag_01-300x180.jpg\" alt=\"Das Team der Natur- und Landschaftsf\u00fchrer beim Nachhaltigkeitstag.\" width=\"300\" height=\"180\" srcset=\"https:\/\/www.naturparkmagazin.de\/stechlin\/wp-content\/uploads\/sites\/38\/Nachhaltigkeitstag_01-300x180.jpg 300w, https:\/\/www.naturparkmagazin.de\/stechlin\/wp-content\/uploads\/sites\/38\/Nachhaltigkeitstag_01.jpg 500w, https:\/\/www.naturparkmagazin.de\/stechlin\/wp-content\/uploads\/sites\/38\/Nachhaltigkeitstag_01-200x120.jpg 200w\" sizes=\"(max-width: 300px) 100vw, 300px\" \/><\/a><p id=\"caption-attachment-4664\" class=\"wp-caption-text\">Das Team der Natur- und Landschaftsf\u00fchrer beim Nachhaltigkeitstag.<\/p><\/div>\n<p>&nbsp;<\/p>\n<p>&nbsp;<\/p>\n<p>&nbsp;<\/p>\n<p>&nbsp;<\/p>\n<p>&nbsp;<\/p>\n<p>&nbsp;<\/p>\n<p>&nbsp;<\/p>\n<p>&nbsp;<\/p>\n<p>&nbsp;<\/p>\n<p>Das Team der Natur- und Landschaftsf\u00fchrer mit G\u00fcnter Lutz, Olaf Wolff, J\u00fcrgen Paul und Torsten Stelly erfuhr anl\u00e4sslich des 1. Nachhaltigkeitstag der Rheinsberger Preussenquelle am 7. Oktober 2016 nicht nur Interessantes \u00fcber das beste Wasser der Region, sondern traf auch viele Gleichgesinnte, die alles daf\u00fcr tun. Vor diesem Hintergrund pr\u00e4sentierten sie als Botschafter des Naturparks ihre individuellen Reise- und Naherholungsm\u00f6glichkeiten in der Natur, zur Landschaft, Geschichte und Kultur. Von besonderem Interesse waren dabei die gemeinsamen Veranstaltungen &#8222;Heide-Picknick&#8220; und &#8222;Heide-Trail&#8220;\u00a0 (Umweltbildung\/Wandertag mit Schulen) in der Kyritz-Ruppiner Heide. Im Sinne der nachhaltigen Entwicklung freut sich das Team auf weitere solche Veranstaltungen.<\/p>\n<div id=\"attachment_4666\" style=\"width: 310px\" class=\"wp-caption alignleft\"><a href=\"https:\/\/www.naturparkmagazin.de\/stechlin\/wp-content\/uploads\/sites\/38\/Nachhaltigkeitstag_1.jpg\"><img aria-describedby=\"caption-attachment-4666\" decoding=\"async\" loading=\"lazy\" class=\"size-thumbnail wp-image-4666\" src=\"https:\/\/www.naturparkmagazin.de\/stechlin\/wp-content\/uploads\/sites\/38\/Nachhaltigkeitstag_1-300x180.jpg\" alt=\"Vor der Besichtigung der Abf\u00fcllanlage musste &quot;Schutzkleidung&quot; angezogen werden.\" width=\"300\" height=\"180\" srcset=\"https:\/\/www.naturparkmagazin.de\/stechlin\/wp-content\/uploads\/sites\/38\/Nachhaltigkeitstag_1-300x180.jpg 300w, https:\/\/www.naturparkmagazin.de\/stechlin\/wp-content\/uploads\/sites\/38\/Nachhaltigkeitstag_1.jpg 500w, https:\/\/www.naturparkmagazin.de\/stechlin\/wp-content\/uploads\/sites\/38\/Nachhaltigkeitstag_1-200x120.jpg 200w\" sizes=\"(max-width: 300px) 100vw, 300px\" \/><\/a><p id=\"caption-attachment-4666\" class=\"wp-caption-text\">Vor der Besichtigung der Abf\u00fcllanlage musste &#8222;Schutzkleidung&#8220; angezogen werden.<\/p><\/div>\n<p>&nbsp;<\/p>\n<p>&nbsp;<\/p>\n<p>&nbsp;<\/p>\n<p>&nbsp;<\/p>\n<p>&nbsp;<\/p>\n<p>&nbsp;<\/p>\n<p>&nbsp;<\/p>\n<div id=\"attachment_4668\" style=\"width: 310px\" class=\"wp-caption alignleft\"><a href=\"https:\/\/www.naturparkmagazin.de\/stechlin\/wp-content\/uploads\/sites\/38\/Nachhaltigkeitstag_2.jpg\"><img aria-describedby=\"caption-attachment-4668\" decoding=\"async\" loading=\"lazy\" class=\"size-thumbnail wp-image-4668\" src=\"https:\/\/www.naturparkmagazin.de\/stechlin\/wp-content\/uploads\/sites\/38\/Nachhaltigkeitstag_2-300x180.jpg\" alt=\"Viele Besucher nutzen die Gelegenheit einen Blick hinter die Kulissen zu werfen.\" width=\"300\" height=\"180\" srcset=\"https:\/\/www.naturparkmagazin.de\/stechlin\/wp-content\/uploads\/sites\/38\/Nachhaltigkeitstag_2-300x180.jpg 300w, https:\/\/www.naturparkmagazin.de\/stechlin\/wp-content\/uploads\/sites\/38\/Nachhaltigkeitstag_2.jpg 500w, https:\/\/www.naturparkmagazin.de\/stechlin\/wp-content\/uploads\/sites\/38\/Nachhaltigkeitstag_2-200x120.jpg 200w\" sizes=\"(max-width: 300px) 100vw, 300px\" \/><\/a><p id=\"caption-attachment-4668\" class=\"wp-caption-text\">Viele Besucher nutzen die Gelegenheit einen Blick hinter die Kulissen zu werfen.<\/p><\/div>\n<p>&nbsp;<\/p>\n<p>&nbsp;<\/p>\n<p>&nbsp;<\/p>\n<p>&nbsp;<\/p>\n<p>&nbsp;<\/p>\n","protected":false},"excerpt":{"rendered":"<p>Das Team der Natur- und Landschaftsf\u00fchrer erfuhr am 1. Nachhaltigkeitstag der Rheinsberger Preussenquelle nicht nur Interessantes \u00fcber das beste Wasser der Region, sondern traf auch viele Gleichgesinnte.<\/p>\n","protected":false},"author":39,"featured_media":4663,"comment_status":"open","ping_status":"open","sticky":false,"template":"","format":"standard","meta":[],"categories":[7],"tags":[],"yoast_head":"<!-- This site is optimized with the Yoast SEO plugin v19.10 - https:\/\/yoast.com\/wordpress\/plugins\/seo\/ -->\n<title>Natur- und Landschaftsf\u00fchrer beim 1. Nachhaltigkeitstag der Rheinsberger Preussenquelle - Naturpark Stechlin-Ruppiner Land<\/title>\n<meta name=\"robots\" content=\"index, follow, max-snippet:-1, max-image-preview:large, max-video-preview:-1\" \/>\n<link rel=\"canonical\" href=\"https:\/\/www.naturparkmagazin.de\/stechlin\/natur-und-landschaftsfuehrer-beim-1-nachhaltigkeitstag-der-rheinsberger-preussenquelle\/\" \/>\n<meta property=\"og:locale\" content=\"de_DE\" \/>\n<meta property=\"og:type\" content=\"article\" \/>\n<meta property=\"og:title\" content=\"Natur- und Landschaftsf\u00fchrer beim 1. Nachhaltigkeitstag der Rheinsberger Preussenquelle - Naturpark Stechlin-Ruppiner Land\" \/>\n<meta property=\"og:description\" content=\"Das Team der Natur- und Landschaftsf\u00fchrer erfuhr am 1. Nachhaltigkeitstag der Rheinsberger Preussenquelle nicht nur Interessantes \u00fcber das beste Wasser der Region, sondern traf auch viele Gleichgesinnte.\" \/>\n<meta property=\"og:url\" content=\"https:\/\/www.naturparkmagazin.de\/stechlin\/natur-und-landschaftsfuehrer-beim-1-nachhaltigkeitstag-der-rheinsberger-preussenquelle\/\" \/>\n<meta property=\"og:site_name\" content=\"Naturpark Stechlin-Ruppiner Land\" \/>\n<meta property=\"article:published_time\" content=\"2016-10-19T08:32:30+00:00\" \/>\n<meta property=\"article:modified_time\" content=\"2016-10-27T11:01:11+00:00\" \/>\n<meta property=\"og:image\" content=\"https:\/\/www.naturparkmagazin.de\/stechlin\/wp-content\/uploads\/sites\/38\/Nachhaltigkeit-2016.jpg\" \/>\n\t<meta property=\"og:image:width\" content=\"200\" \/>\n\t<meta property=\"og:image:height\" content=\"200\" \/>\n\t<meta property=\"og:image:type\" content=\"image\/jpeg\" \/>\n<meta name=\"author\" content=\"marioschrumpf\" \/>\n<meta name=\"twitter:label1\" content=\"Verfasst von\" \/>\n\t<meta name=\"twitter:data1\" content=\"marioschrumpf\" \/>\n\t<meta name=\"twitter:label2\" content=\"Gesch\u00e4tzte Lesezeit\" \/>\n\t<meta name=\"twitter:data2\" content=\"1\u00a0Minute\" \/>\n<script type=\"application\/ld+json\" class=\"yoast-schema-graph\">{\"@context\":\"https:\/\/schema.org\",\"@graph\":[{\"@type\":\"WebPage\",\"@id\":\"https:\/\/www.naturparkmagazin.de\/stechlin\/natur-und-landschaftsfuehrer-beim-1-nachhaltigkeitstag-der-rheinsberger-preussenquelle\/\",\"url\":\"https:\/\/www.naturparkmagazin.de\/stechlin\/natur-und-landschaftsfuehrer-beim-1-nachhaltigkeitstag-der-rheinsberger-preussenquelle\/\",\"name\":\"Natur- und Landschaftsf\u00fchrer beim 1. Nachhaltigkeitstag der Rheinsberger Preussenquelle - Naturpark Stechlin-Ruppiner Land\",\"isPartOf\":{\"@id\":\"https:\/\/www.naturparkmagazin.de\/stechlin\/#website\"},\"datePublished\":\"2016-10-19T08:32:30+00:00\",\"dateModified\":\"2016-10-27T11:01:11+00:00\",\"author\":{\"@id\":\"https:\/\/www.naturparkmagazin.de\/stechlin\/#\/schema\/person\/3f0d93203df21c806dd63c76d9bb28bc\"},\"breadcrumb\":{\"@id\":\"https:\/\/www.naturparkmagazin.de\/stechlin\/natur-und-landschaftsfuehrer-beim-1-nachhaltigkeitstag-der-rheinsberger-preussenquelle\/#breadcrumb\"},\"inLanguage\":\"de\",\"potentialAction\":[{\"@type\":\"ReadAction\",\"target\":[\"https:\/\/www.naturparkmagazin.de\/stechlin\/natur-und-landschaftsfuehrer-beim-1-nachhaltigkeitstag-der-rheinsberger-preussenquelle\/\"]}]},{\"@type\":\"BreadcrumbList\",\"@id\":\"https:\/\/www.naturparkmagazin.de\/stechlin\/natur-und-landschaftsfuehrer-beim-1-nachhaltigkeitstag-der-rheinsberger-preussenquelle\/#breadcrumb\",\"itemListElement\":[{\"@type\":\"ListItem\",\"position\":1,\"name\":\"Home\",\"item\":\"https:\/\/www.naturparkmagazin.de\/stechlin\/\"},{\"@type\":\"ListItem\",\"position\":2,\"name\":\"Natur- und Landschaftsf\u00fchrer beim 1. Nachhaltigkeitstag der Rheinsberger Preussenquelle\"}]},{\"@type\":\"WebSite\",\"@id\":\"https:\/\/www.naturparkmagazin.de\/stechlin\/#website\",\"url\":\"https:\/\/www.naturparkmagazin.de\/stechlin\/\",\"name\":\"Naturpark Stechlin-Ruppiner Land\",\"description\":\"\",\"potentialAction\":[{\"@type\":\"SearchAction\",\"target\":{\"@type\":\"EntryPoint\",\"urlTemplate\":\"https:\/\/www.naturparkmagazin.de\/stechlin\/?s={search_term_string}\"},\"query-input\":\"required name=search_term_string\"}],\"inLanguage\":\"de\"},{\"@type\":\"Person\",\"@id\":\"https:\/\/www.naturparkmagazin.de\/stechlin\/#\/schema\/person\/3f0d93203df21c806dd63c76d9bb28bc\",\"name\":\"marioschrumpf\",\"url\":\"https:\/\/www.naturparkmagazin.de\/stechlin\/author\/marioschrumpf\/\"}]}<\/script>\n<!-- \/ Yoast SEO plugin. -->","yoast_head_json":{"title":"Natur- und Landschaftsf\u00fchrer beim 1. Nachhaltigkeitstag der Rheinsberger Preussenquelle - Naturpark Stechlin-Ruppiner Land","robots":{"index":"index","follow":"follow","max-snippet":"max-snippet:-1","max-image-preview":"max-image-preview:large","max-video-preview":"max-video-preview:-1"},"canonical":"https:\/\/www.naturparkmagazin.de\/stechlin\/natur-und-landschaftsfuehrer-beim-1-nachhaltigkeitstag-der-rheinsberger-preussenquelle\/","og_locale":"de_DE","og_type":"article","og_title":"Natur- und Landschaftsf\u00fchrer beim 1. Nachhaltigkeitstag der Rheinsberger Preussenquelle - Naturpark Stechlin-Ruppiner Land","og_description":"Das Team der Natur- und Landschaftsf\u00fchrer erfuhr am 1. Nachhaltigkeitstag der Rheinsberger Preussenquelle nicht nur Interessantes \u00fcber das beste Wasser der Region, sondern traf auch viele Gleichgesinnte.","og_url":"https:\/\/www.naturparkmagazin.de\/stechlin\/natur-und-landschaftsfuehrer-beim-1-nachhaltigkeitstag-der-rheinsberger-preussenquelle\/","og_site_name":"Naturpark Stechlin-Ruppiner Land","article_published_time":"2016-10-19T08:32:30+00:00","article_modified_time":"2016-10-27T11:01:11+00:00","og_image":[{"width":200,"height":200,"url":"https:\/\/www.naturparkmagazin.de\/stechlin\/wp-content\/uploads\/sites\/38\/Nachhaltigkeit-2016.jpg","type":"image\/jpeg"}],"author":"marioschrumpf","twitter_misc":{"Verfasst von":"marioschrumpf","Gesch\u00e4tzte Lesezeit":"1\u00a0Minute"},"schema":{"@context":"https:\/\/schema.org","@graph":[{"@type":"WebPage","@id":"https:\/\/www.naturparkmagazin.de\/stechlin\/natur-und-landschaftsfuehrer-beim-1-nachhaltigkeitstag-der-rheinsberger-preussenquelle\/","url":"https:\/\/www.naturparkmagazin.de\/stechlin\/natur-und-landschaftsfuehrer-beim-1-nachhaltigkeitstag-der-rheinsberger-preussenquelle\/","name":"Natur- und Landschaftsf\u00fchrer beim 1. Nachhaltigkeitstag der Rheinsberger Preussenquelle - Naturpark Stechlin-Ruppiner Land","isPartOf":{"@id":"https:\/\/www.naturparkmagazin.de\/stechlin\/#website"},"datePublished":"2016-10-19T08:32:30+00:00","dateModified":"2016-10-27T11:01:11+00:00","author":{"@id":"https:\/\/www.naturparkmagazin.de\/stechlin\/#\/schema\/person\/3f0d93203df21c806dd63c76d9bb28bc"},"breadcrumb":{"@id":"https:\/\/www.naturparkmagazin.de\/stechlin\/natur-und-landschaftsfuehrer-beim-1-nachhaltigkeitstag-der-rheinsberger-preussenquelle\/#breadcrumb"},"inLanguage":"de","potentialAction":[{"@type":"ReadAction","target":["https:\/\/www.naturparkmagazin.de\/stechlin\/natur-und-landschaftsfuehrer-beim-1-nachhaltigkeitstag-der-rheinsberger-preussenquelle\/"]}]},{"@type":"BreadcrumbList","@id":"https:\/\/www.naturparkmagazin.de\/stechlin\/natur-und-landschaftsfuehrer-beim-1-nachhaltigkeitstag-der-rheinsberger-preussenquelle\/#breadcrumb","itemListElement":[{"@type":"ListItem","position":1,"name":"Home","item":"https:\/\/www.naturparkmagazin.de\/stechlin\/"},{"@type":"ListItem","position":2,"name":"Natur- und Landschaftsf\u00fchrer beim 1. Nachhaltigkeitstag der Rheinsberger Preussenquelle"}]},{"@type":"WebSite","@id":"https:\/\/www.naturparkmagazin.de\/stechlin\/#website","url":"https:\/\/www.naturparkmagazin.de\/stechlin\/","name":"Naturpark Stechlin-Ruppiner Land","description":"","potentialAction":[{"@type":"SearchAction","target":{"@type":"EntryPoint","urlTemplate":"https:\/\/www.naturparkmagazin.de\/stechlin\/?s={search_term_string}"},"query-input":"required name=search_term_string"}],"inLanguage":"de"},{"@type":"Person","@id":"https:\/\/www.naturparkmagazin.de\/stechlin\/#\/schema\/person\/3f0d93203df21c806dd63c76d9bb28bc","name":"marioschrumpf","url":"https:\/\/www.naturparkmagazin.de\/stechlin\/author\/marioschrumpf\/"}]}},"_links":{"self":[{"href":"https:\/\/www.naturparkmagazin.de\/stechlin\/wp-json\/wp\/v2\/posts\/4662"}],"collection":[{"href":"https:\/\/www.naturparkmagazin.de\/stechlin\/wp-json\/wp\/v2\/posts"}],"about":[{"href":"https:\/\/www.naturparkmagazin.de\/stechlin\/wp-json\/wp\/v2\/types\/post"}],"author":[{"embeddable":true,"href":"https:\/\/www.naturparkmagazin.de\/stechlin\/wp-json\/wp\/v2\/users\/39"}],"replies":[{"embeddable":true,"href":"https:\/\/www.naturparkmagazin.de\/stechlin\/wp-json\/wp\/v2\/comments?post=4662"}],"version-history":[{"count":5,"href":"https:\/\/www.naturparkmagazin.de\/stechlin\/wp-json\/wp\/v2\/posts\/4662\/revisions"}],"predecessor-version":[{"id":4732,"href":"https:\/\/www.naturparkmagazin.de\/stechlin\/wp-json\/wp\/v2\/posts\/4662\/revisions\/4732"}],"wp:featuredmedia":[{"embeddable":true,"href":"https:\/\/www.naturparkmagazin.de\/stechlin\/wp-json\/wp\/v2\/media\/4663"}],"wp:attachment":[{"href":"https:\/\/www.naturparkmagazin.de\/stechlin\/wp-json\/wp\/v2\/media?parent=4662"}],"wp:term":[{"taxonomy":"category","embeddable":true,"href":"https:\/\/www.naturparkmagazin.de\/stechlin\/wp-json\/wp\/v2\/categories?post=4662"},{"taxonomy":"post_tag","embeddable":true,"href":"https:\/\/www.naturparkmagazin.de\/stechlin\/wp-json\/wp\/v2\/tags?post=4662"}],"curies":[{"name":"wp","href":"https:\/\/api.w.org\/{rel}","templated":true}]}}