{"id":4739,"date":"2016-11-14T10:36:02","date_gmt":"2016-11-14T09:36:02","guid":{"rendered":"http:\/\/www.naturparkmagazin.de\/stechlin\/?p=4739"},"modified":"2016-11-16T19:40:02","modified_gmt":"2016-11-16T18:40:02","slug":"dr-christian-ehler-mitglied-des-europaeischen-parlaments","status":"publish","type":"post","link":"https:\/\/www.naturparkmagazin.de\/stechlin\/dr-christian-ehler-mitglied-des-europaeischen-parlaments\/","title":{"rendered":"Dr. Christian Ehler (Mitglied des Europ\u00e4ischen Parlaments)"},"content":{"rendered":"<div id=\"attachment_4741\" style=\"width: 310px\" class=\"wp-caption alignleft\"><a href=\"https:\/\/www.naturparkmagazin.de\/stechlin\/wp-content\/uploads\/sites\/38\/DSC_0004_Dezember.jpg\"><img aria-describedby=\"caption-attachment-4741\" decoding=\"async\" loading=\"lazy\" class=\"size-thumbnail wp-image-4741\" src=\"https:\/\/www.naturparkmagazin.de\/stechlin\/wp-content\/uploads\/sites\/38\/DSC_0004_Dezember-300x180.jpg\" alt=\"Dr. Ehler, Rheinsbergs B\u00fcrgermeister Jan-Pieter Rau, Naturparkleiter Mario Schrumpf sowie Vertreter des Regionalmanagements OPR (v.l.n.r.)\" width=\"300\" height=\"180\" srcset=\"https:\/\/www.naturparkmagazin.de\/stechlin\/wp-content\/uploads\/sites\/38\/DSC_0004_Dezember-300x180.jpg 300w, https:\/\/www.naturparkmagazin.de\/stechlin\/wp-content\/uploads\/sites\/38\/DSC_0004_Dezember.jpg 500w, https:\/\/www.naturparkmagazin.de\/stechlin\/wp-content\/uploads\/sites\/38\/DSC_0004_Dezember-200x120.jpg 200w\" sizes=\"(max-width: 300px) 100vw, 300px\" \/><\/a><p id=\"caption-attachment-4741\" class=\"wp-caption-text\">Dr. Ehler, Rheinsbergs B\u00fcrgermeister Jan-Pieter Rau, Naturparkleiter Mario Schrumpf sowie Vertreter des Regionalmanagements OPR und des Tourismusverbandes Ruppiner Seenland\u00a0(v.l.n.r.)<\/p><\/div>\n<p>&nbsp;<\/p>\n<p>&nbsp;<\/p>\n<p>&nbsp;<\/p>\n<p>&nbsp;<\/p>\n<p>&nbsp;<\/p>\n<p>&nbsp;<\/p>\n<p>&nbsp;<\/p>\n<p>&nbsp;<\/p>\n<p>&nbsp;<\/p>\n<p>Am 2. November besuchte der in Potsdam lebende Europaabgeordnete der CDU den Naturpark Stechlin-Ruppiner Land.<\/p>\n<p>In Rheinsberg informierte sich der Parlamentarier \u00fcber das von 2008-2015 unter F\u00fchrung der Naturparkverwaltung geschaffene Wasserwanderleitsystem. Im Rahmen von zwei LAG-\u00fcbergreifenden LEADER-Projekten wurde das einheitliche Leitsystem im Norden Brandenburg zwischen der Mecklenburgischen Landesgrenze und der Berliner Stadtgrenze im Reisegebiet Ruppiner Seenland installiert. Ca. 225 T\u20ac wurden daf\u00fcr insgesamt aus unterschiedlichen Finanzierungsquellen eingesetzt. Im Juli 2015 wurde das Projekt als ELER-Projekt des Monats im Land Brandenburg durch Minister J\u00f6rg Vogels\u00e4nger ausgezeichnet.<\/p>\n<div id=\"attachment_4742\" style=\"width: 310px\" class=\"wp-caption alignleft\"><a href=\"https:\/\/www.naturparkmagazin.de\/stechlin\/wp-content\/uploads\/sites\/38\/Paddel-Dezember1.jpg\"><img aria-describedby=\"caption-attachment-4742\" decoding=\"async\" loading=\"lazy\" class=\"size-thumbnail wp-image-4742\" src=\"https:\/\/www.naturparkmagazin.de\/stechlin\/wp-content\/uploads\/sites\/38\/Paddel-Dezember1-300x180.jpg\" alt=\"Blick vom Ruppiner See auf Altruppin\" width=\"300\" height=\"180\" srcset=\"https:\/\/www.naturparkmagazin.de\/stechlin\/wp-content\/uploads\/sites\/38\/Paddel-Dezember1-300x180.jpg 300w, https:\/\/www.naturparkmagazin.de\/stechlin\/wp-content\/uploads\/sites\/38\/Paddel-Dezember1.jpg 500w, https:\/\/www.naturparkmagazin.de\/stechlin\/wp-content\/uploads\/sites\/38\/Paddel-Dezember1-200x120.jpg 200w\" sizes=\"(max-width: 300px) 100vw, 300px\" \/><\/a><p id=\"caption-attachment-4742\" class=\"wp-caption-text\">Blick vom Ruppiner See auf Altruppin<\/p><\/div>\n<p>&nbsp;<\/p>\n<p>&nbsp;<\/p>\n<p>&nbsp;<\/p>\n<p>&nbsp;<\/p>\n<p>&nbsp;<\/p>\n<p>&nbsp;<\/p>\n<p>&nbsp;<\/p>\n<p>&nbsp;<\/p>\n<p>Dr. Christian Ehler zeigte sich beeindruckt vom naturtouristischen Engagements des Naturparks und seiner Partner. Er bescheinigt, dass hier EU-Gelder sinnvoll eingesetzt wurden.<\/p>\n<div id=\"attachment_4743\" style=\"width: 310px\" class=\"wp-caption alignleft\"><a href=\"https:\/\/www.naturparkmagazin.de\/stechlin\/wp-content\/uploads\/sites\/38\/Paddel-Dezember2.jpg\"><img aria-describedby=\"caption-attachment-4743\" decoding=\"async\" loading=\"lazy\" class=\"size-thumbnail wp-image-4743\" src=\"https:\/\/www.naturparkmagazin.de\/stechlin\/wp-content\/uploads\/sites\/38\/Paddel-Dezember2-300x180.jpg\" alt=\"Kanutour auf der Oberen Havel\" width=\"300\" height=\"180\" srcset=\"https:\/\/www.naturparkmagazin.de\/stechlin\/wp-content\/uploads\/sites\/38\/Paddel-Dezember2-300x180.jpg 300w, https:\/\/www.naturparkmagazin.de\/stechlin\/wp-content\/uploads\/sites\/38\/Paddel-Dezember2.jpg 500w, https:\/\/www.naturparkmagazin.de\/stechlin\/wp-content\/uploads\/sites\/38\/Paddel-Dezember2-200x120.jpg 200w\" sizes=\"(max-width: 300px) 100vw, 300px\" \/><\/a><p id=\"caption-attachment-4743\" class=\"wp-caption-text\">Kanutour auf der Oberen Havel<\/p><\/div>\n<p>&nbsp;<\/p>\n","protected":false},"excerpt":{"rendered":"<p>Am 2. November besuchte der in Potsdam lebende Europaabgeordnete der CDU den Naturpark Stechlin-Ruppiner Land.<\/p>\n","protected":false},"author":39,"featured_media":4740,"comment_status":"open","ping_status":"open","sticky":false,"template":"","format":"standard","meta":[],"categories":[8],"tags":[],"yoast_head":"<!-- This site is optimized with the Yoast SEO plugin v19.10 - https:\/\/yoast.com\/wordpress\/plugins\/seo\/ -->\n<title>Dr. Christian Ehler (Mitglied des Europ\u00e4ischen Parlaments) - Naturpark Stechlin-Ruppiner Land<\/title>\n<meta name=\"robots\" content=\"index, follow, max-snippet:-1, max-image-preview:large, max-video-preview:-1\" \/>\n<link rel=\"canonical\" href=\"https:\/\/www.naturparkmagazin.de\/stechlin\/dr-christian-ehler-mitglied-des-europaeischen-parlaments\/\" \/>\n<meta property=\"og:locale\" content=\"de_DE\" \/>\n<meta property=\"og:type\" content=\"article\" \/>\n<meta property=\"og:title\" content=\"Dr. Christian Ehler (Mitglied des Europ\u00e4ischen Parlaments) - Naturpark Stechlin-Ruppiner Land\" \/>\n<meta property=\"og:description\" content=\"Am 2. November besuchte der in Potsdam lebende Europaabgeordnete der CDU den Naturpark Stechlin-Ruppiner Land.\" \/>\n<meta property=\"og:url\" content=\"https:\/\/www.naturparkmagazin.de\/stechlin\/dr-christian-ehler-mitglied-des-europaeischen-parlaments\/\" \/>\n<meta property=\"og:site_name\" content=\"Naturpark Stechlin-Ruppiner Land\" \/>\n<meta property=\"article:published_time\" content=\"2016-11-14T09:36:02+00:00\" \/>\n<meta property=\"article:modified_time\" content=\"2016-11-16T18:40:02+00:00\" \/>\n<meta property=\"og:image\" content=\"https:\/\/www.naturparkmagazin.de\/stechlin\/wp-content\/uploads\/sites\/38\/Dr.-Christian-Ehler.jpg\" \/>\n\t<meta property=\"og:image:width\" content=\"200\" \/>\n\t<meta property=\"og:image:height\" content=\"200\" \/>\n\t<meta property=\"og:image:type\" content=\"image\/jpeg\" \/>\n<meta name=\"author\" content=\"marioschrumpf\" \/>\n<meta name=\"twitter:label1\" content=\"Verfasst von\" \/>\n\t<meta name=\"twitter:data1\" content=\"marioschrumpf\" \/>\n\t<meta name=\"twitter:label2\" content=\"Gesch\u00e4tzte Lesezeit\" \/>\n\t<meta name=\"twitter:data2\" content=\"1\u00a0Minute\" \/>\n<script type=\"application\/ld+json\" class=\"yoast-schema-graph\">{\"@context\":\"https:\/\/schema.org\",\"@graph\":[{\"@type\":\"WebPage\",\"@id\":\"https:\/\/www.naturparkmagazin.de\/stechlin\/dr-christian-ehler-mitglied-des-europaeischen-parlaments\/\",\"url\":\"https:\/\/www.naturparkmagazin.de\/stechlin\/dr-christian-ehler-mitglied-des-europaeischen-parlaments\/\",\"name\":\"Dr. Christian Ehler (Mitglied des Europ\u00e4ischen Parlaments) - Naturpark Stechlin-Ruppiner Land\",\"isPartOf\":{\"@id\":\"https:\/\/www.naturparkmagazin.de\/stechlin\/#website\"},\"datePublished\":\"2016-11-14T09:36:02+00:00\",\"dateModified\":\"2016-11-16T18:40:02+00:00\",\"author\":{\"@id\":\"https:\/\/www.naturparkmagazin.de\/stechlin\/#\/schema\/person\/3f0d93203df21c806dd63c76d9bb28bc\"},\"breadcrumb\":{\"@id\":\"https:\/\/www.naturparkmagazin.de\/stechlin\/dr-christian-ehler-mitglied-des-europaeischen-parlaments\/#breadcrumb\"},\"inLanguage\":\"de\",\"potentialAction\":[{\"@type\":\"ReadAction\",\"target\":[\"https:\/\/www.naturparkmagazin.de\/stechlin\/dr-christian-ehler-mitglied-des-europaeischen-parlaments\/\"]}]},{\"@type\":\"BreadcrumbList\",\"@id\":\"https:\/\/www.naturparkmagazin.de\/stechlin\/dr-christian-ehler-mitglied-des-europaeischen-parlaments\/#breadcrumb\",\"itemListElement\":[{\"@type\":\"ListItem\",\"position\":1,\"name\":\"Home\",\"item\":\"https:\/\/www.naturparkmagazin.de\/stechlin\/\"},{\"@type\":\"ListItem\",\"position\":2,\"name\":\"Dr. Christian Ehler (Mitglied des Europ\u00e4ischen Parlaments)\"}]},{\"@type\":\"WebSite\",\"@id\":\"https:\/\/www.naturparkmagazin.de\/stechlin\/#website\",\"url\":\"https:\/\/www.naturparkmagazin.de\/stechlin\/\",\"name\":\"Naturpark Stechlin-Ruppiner Land\",\"description\":\"\",\"potentialAction\":[{\"@type\":\"SearchAction\",\"target\":{\"@type\":\"EntryPoint\",\"urlTemplate\":\"https:\/\/www.naturparkmagazin.de\/stechlin\/?s={search_term_string}\"},\"query-input\":\"required name=search_term_string\"}],\"inLanguage\":\"de\"},{\"@type\":\"Person\",\"@id\":\"https:\/\/www.naturparkmagazin.de\/stechlin\/#\/schema\/person\/3f0d93203df21c806dd63c76d9bb28bc\",\"name\":\"marioschrumpf\",\"url\":\"https:\/\/www.naturparkmagazin.de\/stechlin\/author\/marioschrumpf\/\"}]}<\/script>\n<!-- \/ Yoast SEO plugin. -->","yoast_head_json":{"title":"Dr. Christian Ehler (Mitglied des Europ\u00e4ischen Parlaments) - Naturpark Stechlin-Ruppiner Land","robots":{"index":"index","follow":"follow","max-snippet":"max-snippet:-1","max-image-preview":"max-image-preview:large","max-video-preview":"max-video-preview:-1"},"canonical":"https:\/\/www.naturparkmagazin.de\/stechlin\/dr-christian-ehler-mitglied-des-europaeischen-parlaments\/","og_locale":"de_DE","og_type":"article","og_title":"Dr. Christian Ehler (Mitglied des Europ\u00e4ischen Parlaments) - Naturpark Stechlin-Ruppiner Land","og_description":"Am 2. November besuchte der in Potsdam lebende Europaabgeordnete der CDU den Naturpark Stechlin-Ruppiner Land.","og_url":"https:\/\/www.naturparkmagazin.de\/stechlin\/dr-christian-ehler-mitglied-des-europaeischen-parlaments\/","og_site_name":"Naturpark Stechlin-Ruppiner Land","article_published_time":"2016-11-14T09:36:02+00:00","article_modified_time":"2016-11-16T18:40:02+00:00","og_image":[{"width":200,"height":200,"url":"https:\/\/www.naturparkmagazin.de\/stechlin\/wp-content\/uploads\/sites\/38\/Dr.-Christian-Ehler.jpg","type":"image\/jpeg"}],"author":"marioschrumpf","twitter_misc":{"Verfasst von":"marioschrumpf","Gesch\u00e4tzte Lesezeit":"1\u00a0Minute"},"schema":{"@context":"https:\/\/schema.org","@graph":[{"@type":"WebPage","@id":"https:\/\/www.naturparkmagazin.de\/stechlin\/dr-christian-ehler-mitglied-des-europaeischen-parlaments\/","url":"https:\/\/www.naturparkmagazin.de\/stechlin\/dr-christian-ehler-mitglied-des-europaeischen-parlaments\/","name":"Dr. Christian Ehler (Mitglied des Europ\u00e4ischen Parlaments) - Naturpark Stechlin-Ruppiner Land","isPartOf":{"@id":"https:\/\/www.naturparkmagazin.de\/stechlin\/#website"},"datePublished":"2016-11-14T09:36:02+00:00","dateModified":"2016-11-16T18:40:02+00:00","author":{"@id":"https:\/\/www.naturparkmagazin.de\/stechlin\/#\/schema\/person\/3f0d93203df21c806dd63c76d9bb28bc"},"breadcrumb":{"@id":"https:\/\/www.naturparkmagazin.de\/stechlin\/dr-christian-ehler-mitglied-des-europaeischen-parlaments\/#breadcrumb"},"inLanguage":"de","potentialAction":[{"@type":"ReadAction","target":["https:\/\/www.naturparkmagazin.de\/stechlin\/dr-christian-ehler-mitglied-des-europaeischen-parlaments\/"]}]},{"@type":"BreadcrumbList","@id":"https:\/\/www.naturparkmagazin.de\/stechlin\/dr-christian-ehler-mitglied-des-europaeischen-parlaments\/#breadcrumb","itemListElement":[{"@type":"ListItem","position":1,"name":"Home","item":"https:\/\/www.naturparkmagazin.de\/stechlin\/"},{"@type":"ListItem","position":2,"name":"Dr. Christian Ehler (Mitglied des Europ\u00e4ischen Parlaments)"}]},{"@type":"WebSite","@id":"https:\/\/www.naturparkmagazin.de\/stechlin\/#website","url":"https:\/\/www.naturparkmagazin.de\/stechlin\/","name":"Naturpark Stechlin-Ruppiner Land","description":"","potentialAction":[{"@type":"SearchAction","target":{"@type":"EntryPoint","urlTemplate":"https:\/\/www.naturparkmagazin.de\/stechlin\/?s={search_term_string}"},"query-input":"required name=search_term_string"}],"inLanguage":"de"},{"@type":"Person","@id":"https:\/\/www.naturparkmagazin.de\/stechlin\/#\/schema\/person\/3f0d93203df21c806dd63c76d9bb28bc","name":"marioschrumpf","url":"https:\/\/www.naturparkmagazin.de\/stechlin\/author\/marioschrumpf\/"}]}},"_links":{"self":[{"href":"https:\/\/www.naturparkmagazin.de\/stechlin\/wp-json\/wp\/v2\/posts\/4739"}],"collection":[{"href":"https:\/\/www.naturparkmagazin.de\/stechlin\/wp-json\/wp\/v2\/posts"}],"about":[{"href":"https:\/\/www.naturparkmagazin.de\/stechlin\/wp-json\/wp\/v2\/types\/post"}],"author":[{"embeddable":true,"href":"https:\/\/www.naturparkmagazin.de\/stechlin\/wp-json\/wp\/v2\/users\/39"}],"replies":[{"embeddable":true,"href":"https:\/\/www.naturparkmagazin.de\/stechlin\/wp-json\/wp\/v2\/comments?post=4739"}],"version-history":[{"count":4,"href":"https:\/\/www.naturparkmagazin.de\/stechlin\/wp-json\/wp\/v2\/posts\/4739\/revisions"}],"predecessor-version":[{"id":4823,"href":"https:\/\/www.naturparkmagazin.de\/stechlin\/wp-json\/wp\/v2\/posts\/4739\/revisions\/4823"}],"wp:featuredmedia":[{"embeddable":true,"href":"https:\/\/www.naturparkmagazin.de\/stechlin\/wp-json\/wp\/v2\/media\/4740"}],"wp:attachment":[{"href":"https:\/\/www.naturparkmagazin.de\/stechlin\/wp-json\/wp\/v2\/media?parent=4739"}],"wp:term":[{"taxonomy":"category","embeddable":true,"href":"https:\/\/www.naturparkmagazin.de\/stechlin\/wp-json\/wp\/v2\/categories?post=4739"},{"taxonomy":"post_tag","embeddable":true,"href":"https:\/\/www.naturparkmagazin.de\/stechlin\/wp-json\/wp\/v2\/tags?post=4739"}],"curies":[{"name":"wp","href":"https:\/\/api.w.org\/{rel}","templated":true}]}}