{"id":475,"date":"2013-11-27T21:48:02","date_gmt":"2013-11-27T19:48:02","guid":{"rendered":"http:\/\/www.naturparkmagazin.de\/stechlin\/?p=475"},"modified":"2013-12-02T13:06:19","modified_gmt":"2013-12-02T11:06:19","slug":"panen-fuer-die-biologische-vielfalt-als-eler-projekt-des-monats-ausgezeichnet","status":"publish","type":"post","link":"https:\/\/www.naturparkmagazin.de\/stechlin\/panen-fuer-die-biologische-vielfalt-als-eler-projekt-des-monats-ausgezeichnet\/","title":{"rendered":"Planen f\u00fcr die biologische Vielfalt als ELER-Projekt des Monats ausgezeichnet"},"content":{"rendered":"<div id=\"attachment_533\" style=\"width: 510px\" class=\"wp-caption aligncenter\"><a href=\"https:\/\/www.naturparkmagazin.de\/stechlin\/wp-content\/uploads\/sites\/38\/Biodiversit\u00e4tweb.jpg\"><img aria-describedby=\"caption-attachment-533\" decoding=\"async\" loading=\"lazy\" class=\"size-full wp-image-533 \" title=\"Biodiversit\u00e4t\" alt=\"Biodiversit\u00e4t\" src=\"https:\/\/www.naturparkmagazin.de\/stechlin\/wp-content\/uploads\/sites\/38\/Biodiversit\u00e4tweb.jpg\" width=\"500\" height=\"300\" srcset=\"https:\/\/www.naturparkmagazin.de\/stechlin\/wp-content\/uploads\/sites\/38\/Biodiversit\u00e4tweb.jpg 500w, https:\/\/www.naturparkmagazin.de\/stechlin\/wp-content\/uploads\/sites\/38\/Biodiversit\u00e4tweb-300x180.jpg 300w, https:\/\/www.naturparkmagazin.de\/stechlin\/wp-content\/uploads\/sites\/38\/Biodiversit\u00e4tweb-200x120.jpg 200w\" sizes=\"(max-width: 500px) 100vw, 500px\" \/><\/a><p id=\"caption-attachment-533\" class=\"wp-caption-text\">Biodiversit\u00e4t<\/p><\/div>\n<p style=\"text-align: center\">\n<p style=\"text-align: left\">Natura 2000 ist das weltweit gr\u00f6\u00dfte Schutzgebietsnetz. Die Europ\u00e4ische Union hat sich mit dem europ\u00e4ischen Schutzgebietsnetz Natura 2000 das Ziel gestellt, seltene und damit bedrohte Tier- und Pflanzenarten sowie deren Lebensr\u00e4ume zu sch\u00fctzen. In der Europ\u00e4ischen Union befinden sich nur noch 17 Prozent der nach europ\u00e4ischem Recht gesch\u00fctzten Lebensr\u00e4ume und Arten in einem Zustand, der ihr Fortbestehen sichert. Bei den \u00d6kosystemen sind es nur noch 11 Prozent. Etwa ein Viertel der Tierarten sind vom Aussterben bedroht. Die dazu erforderlichen Schutz- und Bewirtschaftungspl\u00e4ne und die naturschutzfachliche Bestandsaufnahme sind die Grundlage f\u00fcr das Management von Natura 2000-Gebieten. Die Stiftung NaturSchutzFonds Brandenburg hat seit 2009 f\u00fcr rund 150 Gebiete mit einer Fl\u00e4che von rund 68.000 Hektar Natura 2000-Managementpl\u00e4ne erarbeitet. Im Rahmen des Vorhabens werden dar\u00fcber hinaus durch die Naturwacht in Brandenburgs Gro\u00dfschutzgebieten die Erfassung von Arten und Lebensraumtypen im Gel\u00e4nde und eine fachliche Auswertung durch gef\u00fchrt. So wurden im Naturpark Stechlin-Ruppiner Land auf der H\u00e4lfte der Naturparkfl\u00e4chen die FFH-Lebensr\u00e4ume sowie europaweite gef\u00e4hrdete Arten wie z.B. Kammmolch und Moorfrosch\u00a0erfa\u00dft. Mit Hilfe der F\u00f6rderung aus dem Europ\u00e4ischen Agrarfonds ELER wurden die naturschutzfachlichen Erhebungen und die Erstellung der Managementpl\u00e4ne m\u00f6glich. Die Gesamtkosten beliefen sich brandenburgweit auf 8,5 Millionen Euro. Davon entfielen 5,9 Millionen Euro auf den ELER. Der F\u00f6rderung lag die Richtlinie \u00fcber die Gew\u00e4hrung von Zuwendungen f\u00fcr die F\u00f6rderung der integrierten l\u00e4ndlichen Entwicklung (ILE) und LEADER zugrunde.<\/p>\n","protected":false},"excerpt":{"rendered":"<p>Natura 2000 ist das weltweit gr\u00f6\u00dfte Schutzgebietsnetz. Die Europ\u00e4ische Union hat sich mit dem europ\u00e4ischen Schutzgebietsnetz Natura 2000 das Ziel gestellt, seltene und damit bedrohte Tier- und Pflanzenarten sowie deren Lebensr\u00e4ume zu sch\u00fctzen. <\/p>\n","protected":false},"author":39,"featured_media":476,"comment_status":"open","ping_status":"open","sticky":false,"template":"","format":"standard","meta":[],"categories":[7],"tags":[],"yoast_head":"<!-- This site is optimized with the Yoast SEO plugin v19.10 - https:\/\/yoast.com\/wordpress\/plugins\/seo\/ -->\n<title>Planen f\u00fcr die biologische Vielfalt als ELER-Projekt des Monats ausgezeichnet - Naturpark Stechlin-Ruppiner Land<\/title>\n<meta name=\"robots\" content=\"index, follow, max-snippet:-1, max-image-preview:large, max-video-preview:-1\" \/>\n<link rel=\"canonical\" href=\"https:\/\/www.naturparkmagazin.de\/stechlin\/panen-fuer-die-biologische-vielfalt-als-eler-projekt-des-monats-ausgezeichnet\/\" \/>\n<meta property=\"og:locale\" content=\"de_DE\" \/>\n<meta property=\"og:type\" content=\"article\" \/>\n<meta property=\"og:title\" content=\"Planen f\u00fcr die biologische Vielfalt als ELER-Projekt des Monats ausgezeichnet - Naturpark Stechlin-Ruppiner Land\" \/>\n<meta property=\"og:description\" content=\"Natura 2000 ist das weltweit gr\u00f6\u00dfte Schutzgebietsnetz. Die Europ\u00e4ische Union hat sich mit dem europ\u00e4ischen Schutzgebietsnetz Natura 2000 das Ziel gestellt, seltene und damit bedrohte Tier- und Pflanzenarten sowie deren Lebensr\u00e4ume zu sch\u00fctzen.\" \/>\n<meta property=\"og:url\" content=\"https:\/\/www.naturparkmagazin.de\/stechlin\/panen-fuer-die-biologische-vielfalt-als-eler-projekt-des-monats-ausgezeichnet\/\" \/>\n<meta property=\"og:site_name\" content=\"Naturpark Stechlin-Ruppiner Land\" \/>\n<meta property=\"article:published_time\" content=\"2013-11-27T19:48:02+00:00\" \/>\n<meta property=\"article:modified_time\" content=\"2013-12-02T11:06:19+00:00\" \/>\n<meta property=\"og:image\" content=\"https:\/\/www.naturparkmagazin.de\/stechlin\/wp-content\/uploads\/sites\/38\/Biodiversit\u00e4t.jpg\" \/>\n\t<meta property=\"og:image:width\" content=\"328\" \/>\n\t<meta property=\"og:image:height\" content=\"313\" \/>\n\t<meta property=\"og:image:type\" content=\"image\/jpeg\" \/>\n<meta name=\"author\" content=\"marioschrumpf\" \/>\n<meta name=\"twitter:label1\" content=\"Verfasst von\" \/>\n\t<meta name=\"twitter:data1\" content=\"marioschrumpf\" \/>\n\t<meta name=\"twitter:label2\" content=\"Gesch\u00e4tzte Lesezeit\" \/>\n\t<meta name=\"twitter:data2\" content=\"1\u00a0Minute\" \/>\n<script type=\"application\/ld+json\" class=\"yoast-schema-graph\">{\"@context\":\"https:\/\/schema.org\",\"@graph\":[{\"@type\":\"WebPage\",\"@id\":\"https:\/\/www.naturparkmagazin.de\/stechlin\/panen-fuer-die-biologische-vielfalt-als-eler-projekt-des-monats-ausgezeichnet\/\",\"url\":\"https:\/\/www.naturparkmagazin.de\/stechlin\/panen-fuer-die-biologische-vielfalt-als-eler-projekt-des-monats-ausgezeichnet\/\",\"name\":\"Planen f\u00fcr die biologische Vielfalt als ELER-Projekt des Monats ausgezeichnet - Naturpark Stechlin-Ruppiner Land\",\"isPartOf\":{\"@id\":\"https:\/\/www.naturparkmagazin.de\/stechlin\/#website\"},\"datePublished\":\"2013-11-27T19:48:02+00:00\",\"dateModified\":\"2013-12-02T11:06:19+00:00\",\"author\":{\"@id\":\"https:\/\/www.naturparkmagazin.de\/stechlin\/#\/schema\/person\/3f0d93203df21c806dd63c76d9bb28bc\"},\"breadcrumb\":{\"@id\":\"https:\/\/www.naturparkmagazin.de\/stechlin\/panen-fuer-die-biologische-vielfalt-als-eler-projekt-des-monats-ausgezeichnet\/#breadcrumb\"},\"inLanguage\":\"de\",\"potentialAction\":[{\"@type\":\"ReadAction\",\"target\":[\"https:\/\/www.naturparkmagazin.de\/stechlin\/panen-fuer-die-biologische-vielfalt-als-eler-projekt-des-monats-ausgezeichnet\/\"]}]},{\"@type\":\"BreadcrumbList\",\"@id\":\"https:\/\/www.naturparkmagazin.de\/stechlin\/panen-fuer-die-biologische-vielfalt-als-eler-projekt-des-monats-ausgezeichnet\/#breadcrumb\",\"itemListElement\":[{\"@type\":\"ListItem\",\"position\":1,\"name\":\"Home\",\"item\":\"https:\/\/www.naturparkmagazin.de\/stechlin\/\"},{\"@type\":\"ListItem\",\"position\":2,\"name\":\"Planen f\u00fcr die biologische Vielfalt als ELER-Projekt des Monats ausgezeichnet\"}]},{\"@type\":\"WebSite\",\"@id\":\"https:\/\/www.naturparkmagazin.de\/stechlin\/#website\",\"url\":\"https:\/\/www.naturparkmagazin.de\/stechlin\/\",\"name\":\"Naturpark Stechlin-Ruppiner Land\",\"description\":\"\",\"potentialAction\":[{\"@type\":\"SearchAction\",\"target\":{\"@type\":\"EntryPoint\",\"urlTemplate\":\"https:\/\/www.naturparkmagazin.de\/stechlin\/?s={search_term_string}\"},\"query-input\":\"required name=search_term_string\"}],\"inLanguage\":\"de\"},{\"@type\":\"Person\",\"@id\":\"https:\/\/www.naturparkmagazin.de\/stechlin\/#\/schema\/person\/3f0d93203df21c806dd63c76d9bb28bc\",\"name\":\"marioschrumpf\",\"url\":\"https:\/\/www.naturparkmagazin.de\/stechlin\/author\/marioschrumpf\/\"}]}<\/script>\n<!-- \/ Yoast SEO plugin. -->","yoast_head_json":{"title":"Planen f\u00fcr die biologische Vielfalt als ELER-Projekt des Monats ausgezeichnet - Naturpark Stechlin-Ruppiner Land","robots":{"index":"index","follow":"follow","max-snippet":"max-snippet:-1","max-image-preview":"max-image-preview:large","max-video-preview":"max-video-preview:-1"},"canonical":"https:\/\/www.naturparkmagazin.de\/stechlin\/panen-fuer-die-biologische-vielfalt-als-eler-projekt-des-monats-ausgezeichnet\/","og_locale":"de_DE","og_type":"article","og_title":"Planen f\u00fcr die biologische Vielfalt als ELER-Projekt des Monats ausgezeichnet - Naturpark Stechlin-Ruppiner Land","og_description":"Natura 2000 ist das weltweit gr\u00f6\u00dfte Schutzgebietsnetz. Die Europ\u00e4ische Union hat sich mit dem europ\u00e4ischen Schutzgebietsnetz Natura 2000 das Ziel gestellt, seltene und damit bedrohte Tier- und Pflanzenarten sowie deren Lebensr\u00e4ume zu sch\u00fctzen.","og_url":"https:\/\/www.naturparkmagazin.de\/stechlin\/panen-fuer-die-biologische-vielfalt-als-eler-projekt-des-monats-ausgezeichnet\/","og_site_name":"Naturpark Stechlin-Ruppiner Land","article_published_time":"2013-11-27T19:48:02+00:00","article_modified_time":"2013-12-02T11:06:19+00:00","og_image":[{"width":328,"height":313,"url":"https:\/\/www.naturparkmagazin.de\/stechlin\/wp-content\/uploads\/sites\/38\/Biodiversit\u00e4t.jpg","type":"image\/jpeg"}],"author":"marioschrumpf","twitter_misc":{"Verfasst von":"marioschrumpf","Gesch\u00e4tzte Lesezeit":"1\u00a0Minute"},"schema":{"@context":"https:\/\/schema.org","@graph":[{"@type":"WebPage","@id":"https:\/\/www.naturparkmagazin.de\/stechlin\/panen-fuer-die-biologische-vielfalt-als-eler-projekt-des-monats-ausgezeichnet\/","url":"https:\/\/www.naturparkmagazin.de\/stechlin\/panen-fuer-die-biologische-vielfalt-als-eler-projekt-des-monats-ausgezeichnet\/","name":"Planen f\u00fcr die biologische Vielfalt als ELER-Projekt des Monats ausgezeichnet - Naturpark Stechlin-Ruppiner Land","isPartOf":{"@id":"https:\/\/www.naturparkmagazin.de\/stechlin\/#website"},"datePublished":"2013-11-27T19:48:02+00:00","dateModified":"2013-12-02T11:06:19+00:00","author":{"@id":"https:\/\/www.naturparkmagazin.de\/stechlin\/#\/schema\/person\/3f0d93203df21c806dd63c76d9bb28bc"},"breadcrumb":{"@id":"https:\/\/www.naturparkmagazin.de\/stechlin\/panen-fuer-die-biologische-vielfalt-als-eler-projekt-des-monats-ausgezeichnet\/#breadcrumb"},"inLanguage":"de","potentialAction":[{"@type":"ReadAction","target":["https:\/\/www.naturparkmagazin.de\/stechlin\/panen-fuer-die-biologische-vielfalt-als-eler-projekt-des-monats-ausgezeichnet\/"]}]},{"@type":"BreadcrumbList","@id":"https:\/\/www.naturparkmagazin.de\/stechlin\/panen-fuer-die-biologische-vielfalt-als-eler-projekt-des-monats-ausgezeichnet\/#breadcrumb","itemListElement":[{"@type":"ListItem","position":1,"name":"Home","item":"https:\/\/www.naturparkmagazin.de\/stechlin\/"},{"@type":"ListItem","position":2,"name":"Planen f\u00fcr die biologische Vielfalt als ELER-Projekt des Monats ausgezeichnet"}]},{"@type":"WebSite","@id":"https:\/\/www.naturparkmagazin.de\/stechlin\/#website","url":"https:\/\/www.naturparkmagazin.de\/stechlin\/","name":"Naturpark Stechlin-Ruppiner Land","description":"","potentialAction":[{"@type":"SearchAction","target":{"@type":"EntryPoint","urlTemplate":"https:\/\/www.naturparkmagazin.de\/stechlin\/?s={search_term_string}"},"query-input":"required name=search_term_string"}],"inLanguage":"de"},{"@type":"Person","@id":"https:\/\/www.naturparkmagazin.de\/stechlin\/#\/schema\/person\/3f0d93203df21c806dd63c76d9bb28bc","name":"marioschrumpf","url":"https:\/\/www.naturparkmagazin.de\/stechlin\/author\/marioschrumpf\/"}]}},"_links":{"self":[{"href":"https:\/\/www.naturparkmagazin.de\/stechlin\/wp-json\/wp\/v2\/posts\/475"}],"collection":[{"href":"https:\/\/www.naturparkmagazin.de\/stechlin\/wp-json\/wp\/v2\/posts"}],"about":[{"href":"https:\/\/www.naturparkmagazin.de\/stechlin\/wp-json\/wp\/v2\/types\/post"}],"author":[{"embeddable":true,"href":"https:\/\/www.naturparkmagazin.de\/stechlin\/wp-json\/wp\/v2\/users\/39"}],"replies":[{"embeddable":true,"href":"https:\/\/www.naturparkmagazin.de\/stechlin\/wp-json\/wp\/v2\/comments?post=475"}],"version-history":[{"count":14,"href":"https:\/\/www.naturparkmagazin.de\/stechlin\/wp-json\/wp\/v2\/posts\/475\/revisions"}],"predecessor-version":[{"id":532,"href":"https:\/\/www.naturparkmagazin.de\/stechlin\/wp-json\/wp\/v2\/posts\/475\/revisions\/532"}],"wp:featuredmedia":[{"embeddable":true,"href":"https:\/\/www.naturparkmagazin.de\/stechlin\/wp-json\/wp\/v2\/media\/476"}],"wp:attachment":[{"href":"https:\/\/www.naturparkmagazin.de\/stechlin\/wp-json\/wp\/v2\/media?parent=475"}],"wp:term":[{"taxonomy":"category","embeddable":true,"href":"https:\/\/www.naturparkmagazin.de\/stechlin\/wp-json\/wp\/v2\/categories?post=475"},{"taxonomy":"post_tag","embeddable":true,"href":"https:\/\/www.naturparkmagazin.de\/stechlin\/wp-json\/wp\/v2\/tags?post=475"}],"curies":[{"name":"wp","href":"https:\/\/api.w.org\/{rel}","templated":true}]}}