{"id":4784,"date":"2016-11-16T16:41:01","date_gmt":"2016-11-16T15:41:01","guid":{"rendered":"http:\/\/www.naturparkmagazin.de\/stechlin\/?p=4784"},"modified":"2016-11-23T14:31:52","modified_gmt":"2016-11-23T13:31:52","slug":"das-eu-life-projekt-feuchtwaelder-in-wort-und-bild","status":"publish","type":"post","link":"https:\/\/www.naturparkmagazin.de\/stechlin\/das-eu-life-projekt-feuchtwaelder-in-wort-und-bild\/","title":{"rendered":"Das EU-Life-Projekt Feuchtw\u00e4lder in Wort und Bild"},"content":{"rendered":"<p><a href=\"https:\/\/www.naturparkmagazin.de\/stechlin\/wp-content\/uploads\/sites\/38\/k-DSC_00322.jpg\"><img decoding=\"async\" loading=\"lazy\" class=\"alignleft size-thumbnail wp-image-3251\" src=\"https:\/\/www.naturparkmagazin.de\/stechlin\/wp-content\/uploads\/sites\/38\/k-DSC_00322-300x448.jpg\" alt=\"NP SRL\/Archiv\" width=\"300\" height=\"448\" srcset=\"https:\/\/www.naturparkmagazin.de\/stechlin\/wp-content\/uploads\/sites\/38\/k-DSC_00322-300x448.jpg 300w, https:\/\/www.naturparkmagazin.de\/stechlin\/wp-content\/uploads\/sites\/38\/k-DSC_00322-620x926.jpg 620w, https:\/\/www.naturparkmagazin.de\/stechlin\/wp-content\/uploads\/sites\/38\/k-DSC_00322-200x299.jpg 200w, https:\/\/www.naturparkmagazin.de\/stechlin\/wp-content\/uploads\/sites\/38\/k-DSC_00322.jpg 648w\" sizes=\"(max-width: 300px) 100vw, 300px\" \/>\n<\/a><\/p>\n<p>&nbsp;<\/p>\n<p>&nbsp;<\/p>\n<p>&nbsp;<\/p>\n<p>&nbsp;<\/p>\n<p>&nbsp;<\/p>\n<p>&nbsp;<\/p>\n<p>&nbsp;<\/p>\n<p>&nbsp;<\/p>\n<p>&nbsp;<\/p>\n<p>&nbsp;<\/p>\n<p>&nbsp;<\/p>\n<p>&nbsp;<\/p>\n<p>&nbsp;<\/p>\n<p>&nbsp;<\/p>\n<p>&nbsp;<\/p>\n<p>Projektleiter Michael Zauft wird am <strong>2. Dezember 2016, 19:30 Uhr<\/strong> in der <strong>Regionalwerkstatt Stechlin in Menz<\/strong> das EU-Life-Projekt Feuchtw\u00e4lder vorstellen.<\/p>\n<p>Das landesweite Projekt in Tr\u00e4gerschaft des NaturSchutzFonds Brandenburg hat im Naturpark Stechlin-Ruppiner Land drei Teilgebiete. Im Kunstertal, im Stechlinseegebiet und am Rheinsberger Rhin werden bis 2023 Ma\u00dfnahmen in Au- und Feuchtw\u00e4ldern umgesetzt. Ziel ist es den Erhaltungszustand der europaweit entsprechend FFH-Richtlinie gesch\u00fctzten Lebensr\u00e4ume zu verbessern.<\/p>\n<p>Der Vortrag findet im Rahmen der Mitgliederversammlung des F\u00f6rdervereins Naturlandschaft Stechlin und Menzer Heide e. V. statt. <strong>Die Mitglieder des Vereins treffen sich bereits um 18 Uhr<\/strong>.<\/p>\n<div id=\"attachment_2772\" style=\"width: 310px\" class=\"wp-caption alignleft\"><a href=\"https:\/\/www.naturparkmagazin.de\/stechlin\/wp-content\/uploads\/sites\/38\/Ma\u00dfnahmevorstellung.jpg\"><img aria-describedby=\"caption-attachment-2772\" decoding=\"async\" loading=\"lazy\" class=\"size-thumbnail wp-image-2772\" src=\"https:\/\/www.naturparkmagazin.de\/stechlin\/wp-content\/uploads\/sites\/38\/Ma\u00dfnahmevorstellung-300x201.jpg\" alt=\"Ma\u00dfnahmevorstellung am Hellsee\" width=\"300\" height=\"201\" srcset=\"https:\/\/www.naturparkmagazin.de\/stechlin\/wp-content\/uploads\/sites\/38\/Ma\u00dfnahmevorstellung-300x201.jpg 300w, https:\/\/www.naturparkmagazin.de\/stechlin\/wp-content\/uploads\/sites\/38\/Ma\u00dfnahmevorstellung.jpg 500w, https:\/\/www.naturparkmagazin.de\/stechlin\/wp-content\/uploads\/sites\/38\/Ma\u00dfnahmevorstellung-200x134.jpg 200w\" sizes=\"(max-width: 300px) 100vw, 300px\" \/><\/a><p id=\"caption-attachment-2772\" class=\"wp-caption-text\">Ma\u00dfnahmevorstellung am Hellsee<\/p><\/div>\n<p>&nbsp;<\/p>\n","protected":false},"excerpt":{"rendered":"<p>Projektleiter Michael Zauft wird am 2. Dezember 2016, 19.30 Uhr in der Regionalwerkstatt Stechlin in Menz sein EU-Life-Projekt vorstellen.<\/p>\n","protected":false},"author":39,"featured_media":4785,"comment_status":"open","ping_status":"open","sticky":false,"template":"","format":"standard","meta":[],"categories":[11],"tags":[],"yoast_head":"<!-- This site is optimized with the Yoast SEO plugin v19.10 - https:\/\/yoast.com\/wordpress\/plugins\/seo\/ -->\n<title>Das EU-Life-Projekt Feuchtw\u00e4lder in Wort und Bild - Naturpark Stechlin-Ruppiner Land<\/title>\n<meta name=\"robots\" content=\"index, follow, max-snippet:-1, max-image-preview:large, max-video-preview:-1\" \/>\n<link rel=\"canonical\" href=\"https:\/\/www.naturparkmagazin.de\/stechlin\/das-eu-life-projekt-feuchtwaelder-in-wort-und-bild\/\" \/>\n<meta property=\"og:locale\" content=\"de_DE\" \/>\n<meta property=\"og:type\" content=\"article\" \/>\n<meta property=\"og:title\" content=\"Das EU-Life-Projekt Feuchtw\u00e4lder in Wort und Bild - Naturpark Stechlin-Ruppiner Land\" \/>\n<meta property=\"og:description\" content=\"Projektleiter Michael Zauft wird am 2. Dezember 2016, 19.30 Uhr in der Regionalwerkstatt Stechlin in Menz sein EU-Life-Projekt vorstellen.\" \/>\n<meta property=\"og:url\" content=\"https:\/\/www.naturparkmagazin.de\/stechlin\/das-eu-life-projekt-feuchtwaelder-in-wort-und-bild\/\" \/>\n<meta property=\"og:site_name\" content=\"Naturpark Stechlin-Ruppiner Land\" \/>\n<meta property=\"article:published_time\" content=\"2016-11-16T15:41:01+00:00\" \/>\n<meta property=\"article:modified_time\" content=\"2016-11-23T13:31:52+00:00\" \/>\n<meta property=\"og:image\" content=\"https:\/\/www.naturparkmagazin.de\/stechlin\/wp-content\/uploads\/sites\/38\/Michael-Zauft.jpg\" \/>\n\t<meta property=\"og:image:width\" content=\"200\" \/>\n\t<meta property=\"og:image:height\" content=\"200\" \/>\n\t<meta property=\"og:image:type\" content=\"image\/jpeg\" \/>\n<meta name=\"author\" content=\"marioschrumpf\" \/>\n<meta name=\"twitter:label1\" content=\"Verfasst von\" \/>\n\t<meta name=\"twitter:data1\" content=\"marioschrumpf\" \/>\n\t<meta name=\"twitter:label2\" content=\"Gesch\u00e4tzte Lesezeit\" \/>\n\t<meta name=\"twitter:data2\" content=\"1\u00a0Minute\" \/>\n<script type=\"application\/ld+json\" class=\"yoast-schema-graph\">{\"@context\":\"https:\/\/schema.org\",\"@graph\":[{\"@type\":\"WebPage\",\"@id\":\"https:\/\/www.naturparkmagazin.de\/stechlin\/das-eu-life-projekt-feuchtwaelder-in-wort-und-bild\/\",\"url\":\"https:\/\/www.naturparkmagazin.de\/stechlin\/das-eu-life-projekt-feuchtwaelder-in-wort-und-bild\/\",\"name\":\"Das EU-Life-Projekt Feuchtw\u00e4lder in Wort und Bild - Naturpark Stechlin-Ruppiner Land\",\"isPartOf\":{\"@id\":\"https:\/\/www.naturparkmagazin.de\/stechlin\/#website\"},\"datePublished\":\"2016-11-16T15:41:01+00:00\",\"dateModified\":\"2016-11-23T13:31:52+00:00\",\"author\":{\"@id\":\"https:\/\/www.naturparkmagazin.de\/stechlin\/#\/schema\/person\/3f0d93203df21c806dd63c76d9bb28bc\"},\"breadcrumb\":{\"@id\":\"https:\/\/www.naturparkmagazin.de\/stechlin\/das-eu-life-projekt-feuchtwaelder-in-wort-und-bild\/#breadcrumb\"},\"inLanguage\":\"de\",\"potentialAction\":[{\"@type\":\"ReadAction\",\"target\":[\"https:\/\/www.naturparkmagazin.de\/stechlin\/das-eu-life-projekt-feuchtwaelder-in-wort-und-bild\/\"]}]},{\"@type\":\"BreadcrumbList\",\"@id\":\"https:\/\/www.naturparkmagazin.de\/stechlin\/das-eu-life-projekt-feuchtwaelder-in-wort-und-bild\/#breadcrumb\",\"itemListElement\":[{\"@type\":\"ListItem\",\"position\":1,\"name\":\"Home\",\"item\":\"https:\/\/www.naturparkmagazin.de\/stechlin\/\"},{\"@type\":\"ListItem\",\"position\":2,\"name\":\"Das EU-Life-Projekt Feuchtw\u00e4lder in Wort und Bild\"}]},{\"@type\":\"WebSite\",\"@id\":\"https:\/\/www.naturparkmagazin.de\/stechlin\/#website\",\"url\":\"https:\/\/www.naturparkmagazin.de\/stechlin\/\",\"name\":\"Naturpark Stechlin-Ruppiner Land\",\"description\":\"\",\"potentialAction\":[{\"@type\":\"SearchAction\",\"target\":{\"@type\":\"EntryPoint\",\"urlTemplate\":\"https:\/\/www.naturparkmagazin.de\/stechlin\/?s={search_term_string}\"},\"query-input\":\"required name=search_term_string\"}],\"inLanguage\":\"de\"},{\"@type\":\"Person\",\"@id\":\"https:\/\/www.naturparkmagazin.de\/stechlin\/#\/schema\/person\/3f0d93203df21c806dd63c76d9bb28bc\",\"name\":\"marioschrumpf\",\"url\":\"https:\/\/www.naturparkmagazin.de\/stechlin\/author\/marioschrumpf\/\"}]}<\/script>\n<!-- \/ Yoast SEO plugin. -->","yoast_head_json":{"title":"Das EU-Life-Projekt Feuchtw\u00e4lder in Wort und Bild - Naturpark Stechlin-Ruppiner Land","robots":{"index":"index","follow":"follow","max-snippet":"max-snippet:-1","max-image-preview":"max-image-preview:large","max-video-preview":"max-video-preview:-1"},"canonical":"https:\/\/www.naturparkmagazin.de\/stechlin\/das-eu-life-projekt-feuchtwaelder-in-wort-und-bild\/","og_locale":"de_DE","og_type":"article","og_title":"Das EU-Life-Projekt Feuchtw\u00e4lder in Wort und Bild - Naturpark Stechlin-Ruppiner Land","og_description":"Projektleiter Michael Zauft wird am 2. Dezember 2016, 19.30 Uhr in der Regionalwerkstatt Stechlin in Menz sein EU-Life-Projekt vorstellen.","og_url":"https:\/\/www.naturparkmagazin.de\/stechlin\/das-eu-life-projekt-feuchtwaelder-in-wort-und-bild\/","og_site_name":"Naturpark Stechlin-Ruppiner Land","article_published_time":"2016-11-16T15:41:01+00:00","article_modified_time":"2016-11-23T13:31:52+00:00","og_image":[{"width":200,"height":200,"url":"https:\/\/www.naturparkmagazin.de\/stechlin\/wp-content\/uploads\/sites\/38\/Michael-Zauft.jpg","type":"image\/jpeg"}],"author":"marioschrumpf","twitter_misc":{"Verfasst von":"marioschrumpf","Gesch\u00e4tzte Lesezeit":"1\u00a0Minute"},"schema":{"@context":"https:\/\/schema.org","@graph":[{"@type":"WebPage","@id":"https:\/\/www.naturparkmagazin.de\/stechlin\/das-eu-life-projekt-feuchtwaelder-in-wort-und-bild\/","url":"https:\/\/www.naturparkmagazin.de\/stechlin\/das-eu-life-projekt-feuchtwaelder-in-wort-und-bild\/","name":"Das EU-Life-Projekt Feuchtw\u00e4lder in Wort und Bild - Naturpark Stechlin-Ruppiner Land","isPartOf":{"@id":"https:\/\/www.naturparkmagazin.de\/stechlin\/#website"},"datePublished":"2016-11-16T15:41:01+00:00","dateModified":"2016-11-23T13:31:52+00:00","author":{"@id":"https:\/\/www.naturparkmagazin.de\/stechlin\/#\/schema\/person\/3f0d93203df21c806dd63c76d9bb28bc"},"breadcrumb":{"@id":"https:\/\/www.naturparkmagazin.de\/stechlin\/das-eu-life-projekt-feuchtwaelder-in-wort-und-bild\/#breadcrumb"},"inLanguage":"de","potentialAction":[{"@type":"ReadAction","target":["https:\/\/www.naturparkmagazin.de\/stechlin\/das-eu-life-projekt-feuchtwaelder-in-wort-und-bild\/"]}]},{"@type":"BreadcrumbList","@id":"https:\/\/www.naturparkmagazin.de\/stechlin\/das-eu-life-projekt-feuchtwaelder-in-wort-und-bild\/#breadcrumb","itemListElement":[{"@type":"ListItem","position":1,"name":"Home","item":"https:\/\/www.naturparkmagazin.de\/stechlin\/"},{"@type":"ListItem","position":2,"name":"Das EU-Life-Projekt Feuchtw\u00e4lder in Wort und Bild"}]},{"@type":"WebSite","@id":"https:\/\/www.naturparkmagazin.de\/stechlin\/#website","url":"https:\/\/www.naturparkmagazin.de\/stechlin\/","name":"Naturpark Stechlin-Ruppiner Land","description":"","potentialAction":[{"@type":"SearchAction","target":{"@type":"EntryPoint","urlTemplate":"https:\/\/www.naturparkmagazin.de\/stechlin\/?s={search_term_string}"},"query-input":"required name=search_term_string"}],"inLanguage":"de"},{"@type":"Person","@id":"https:\/\/www.naturparkmagazin.de\/stechlin\/#\/schema\/person\/3f0d93203df21c806dd63c76d9bb28bc","name":"marioschrumpf","url":"https:\/\/www.naturparkmagazin.de\/stechlin\/author\/marioschrumpf\/"}]}},"_links":{"self":[{"href":"https:\/\/www.naturparkmagazin.de\/stechlin\/wp-json\/wp\/v2\/posts\/4784"}],"collection":[{"href":"https:\/\/www.naturparkmagazin.de\/stechlin\/wp-json\/wp\/v2\/posts"}],"about":[{"href":"https:\/\/www.naturparkmagazin.de\/stechlin\/wp-json\/wp\/v2\/types\/post"}],"author":[{"embeddable":true,"href":"https:\/\/www.naturparkmagazin.de\/stechlin\/wp-json\/wp\/v2\/users\/39"}],"replies":[{"embeddable":true,"href":"https:\/\/www.naturparkmagazin.de\/stechlin\/wp-json\/wp\/v2\/comments?post=4784"}],"version-history":[{"count":5,"href":"https:\/\/www.naturparkmagazin.de\/stechlin\/wp-json\/wp\/v2\/posts\/4784\/revisions"}],"predecessor-version":[{"id":4839,"href":"https:\/\/www.naturparkmagazin.de\/stechlin\/wp-json\/wp\/v2\/posts\/4784\/revisions\/4839"}],"wp:featuredmedia":[{"embeddable":true,"href":"https:\/\/www.naturparkmagazin.de\/stechlin\/wp-json\/wp\/v2\/media\/4785"}],"wp:attachment":[{"href":"https:\/\/www.naturparkmagazin.de\/stechlin\/wp-json\/wp\/v2\/media?parent=4784"}],"wp:term":[{"taxonomy":"category","embeddable":true,"href":"https:\/\/www.naturparkmagazin.de\/stechlin\/wp-json\/wp\/v2\/categories?post=4784"},{"taxonomy":"post_tag","embeddable":true,"href":"https:\/\/www.naturparkmagazin.de\/stechlin\/wp-json\/wp\/v2\/tags?post=4784"}],"curies":[{"name":"wp","href":"https:\/\/api.w.org\/{rel}","templated":true}]}}