{"id":4829,"date":"2016-12-13T09:02:14","date_gmt":"2016-12-13T08:02:14","guid":{"rendered":"http:\/\/www.naturparkmagazin.de\/stechlin\/?p=4829"},"modified":"2016-12-16T16:21:08","modified_gmt":"2016-12-16T15:21:08","slug":"natur-und-landschaftsfuehrer-auf-fachexkursion-im-barnim-panorama","status":"publish","type":"post","link":"https:\/\/www.naturparkmagazin.de\/stechlin\/natur-und-landschaftsfuehrer-auf-fachexkursion-im-barnim-panorama\/","title":{"rendered":"Natur- und Landschaftsf\u00fchrer auf Fachexkursion im Barnim-Panorama"},"content":{"rendered":"<div id=\"attachment_4834\" style=\"width: 310px\" class=\"wp-caption alignleft\"><a href=\"https:\/\/www.naturparkmagazin.de\/stechlin\/wp-content\/uploads\/sites\/38\/Winterschulung_38.jpg\"><img aria-describedby=\"caption-attachment-4834\" decoding=\"async\" loading=\"lazy\" class=\"size-thumbnail wp-image-4834\" src=\"https:\/\/www.naturparkmagazin.de\/stechlin\/wp-content\/uploads\/sites\/38\/Winterschulung_38-300x180.jpg\" alt=\"Das begehbare Luftbild des Naturpark Barnim begeisterte alle.\" width=\"300\" height=\"180\" srcset=\"https:\/\/www.naturparkmagazin.de\/stechlin\/wp-content\/uploads\/sites\/38\/Winterschulung_38-300x180.jpg 300w, https:\/\/www.naturparkmagazin.de\/stechlin\/wp-content\/uploads\/sites\/38\/Winterschulung_38.jpg 500w, https:\/\/www.naturparkmagazin.de\/stechlin\/wp-content\/uploads\/sites\/38\/Winterschulung_38-200x120.jpg 200w\" sizes=\"(max-width: 300px) 100vw, 300px\" \/><\/a><p id=\"caption-attachment-4834\" class=\"wp-caption-text\">Das begehbare Luftbild des Naturparks Barnim begeisterte alle.<\/p><\/div>\n<p>&nbsp;<\/p>\n<p>&nbsp;<\/p>\n<p>&nbsp;<\/p>\n<p>&nbsp;<\/p>\n<p>&nbsp;<\/p>\n<p>&nbsp;<\/p>\n<p>&nbsp;<\/p>\n<p>&nbsp;<\/p>\n<p>Im Rahmen einer Winterschulung besuchten\u00a014 Natur- und Landschaftsf\u00fchrer das Besucherzentrum des Naturparks Barnim.<\/p>\n<p>Das vor gut 2 Jahren fertiggestellte Haus geh\u00f6rt zu den modernsten Besucherzentren in Brandenburgs Nationalen Naturlandschaften. Die Ausstellung widmet sich dem Schwerpunkt Landwirtschaft und Naturschutz und integriert das ehemalige Agrarmuseum Wandlitz.<\/p>\n<div id=\"attachment_4832\" style=\"width: 310px\" class=\"wp-caption alignleft\"><a href=\"https:\/\/www.naturparkmagazin.de\/stechlin\/wp-content\/uploads\/sites\/38\/Winterschulung_19.jpg\"><img aria-describedby=\"caption-attachment-4832\" decoding=\"async\" loading=\"lazy\" class=\"size-thumbnail wp-image-4832\" src=\"https:\/\/www.naturparkmagazin.de\/stechlin\/wp-content\/uploads\/sites\/38\/Winterschulung_19-300x180.jpg\" alt=\"Die historische Landmaschinensammlung begeisterte nicht nur Technik-Fans.\" width=\"300\" height=\"180\" srcset=\"https:\/\/www.naturparkmagazin.de\/stechlin\/wp-content\/uploads\/sites\/38\/Winterschulung_19-300x180.jpg 300w, https:\/\/www.naturparkmagazin.de\/stechlin\/wp-content\/uploads\/sites\/38\/Winterschulung_19.jpg 500w, https:\/\/www.naturparkmagazin.de\/stechlin\/wp-content\/uploads\/sites\/38\/Winterschulung_19-200x120.jpg 200w\" sizes=\"(max-width: 300px) 100vw, 300px\" \/><\/a><p id=\"caption-attachment-4832\" class=\"wp-caption-text\">Die historische Landmaschinensammlung begeisterte nicht nur Technik-Fans.<\/p><\/div>\n<p>&nbsp;<\/p>\n<p>&nbsp;<\/p>\n<p>&nbsp;<\/p>\n<p>&nbsp;<\/p>\n<p>&nbsp;<\/p>\n<p>&nbsp;<\/p>\n<p>&nbsp;<\/p>\n<p>&nbsp;<\/p>\n<div id=\"attachment_4831\" style=\"width: 310px\" class=\"wp-caption alignleft\"><a href=\"https:\/\/www.naturparkmagazin.de\/stechlin\/wp-content\/uploads\/sites\/38\/Winterschulung_06.jpg\"><img aria-describedby=\"caption-attachment-4831\" decoding=\"async\" loading=\"lazy\" class=\"size-thumbnail wp-image-4831\" src=\"https:\/\/www.naturparkmagazin.de\/stechlin\/wp-content\/uploads\/sites\/38\/Winterschulung_06-300x180.jpg\" alt=\"Multivisions-Show zur Landschaftsentstehung\" width=\"300\" height=\"180\" srcset=\"https:\/\/www.naturparkmagazin.de\/stechlin\/wp-content\/uploads\/sites\/38\/Winterschulung_06-300x180.jpg 300w, https:\/\/www.naturparkmagazin.de\/stechlin\/wp-content\/uploads\/sites\/38\/Winterschulung_06.jpg 500w, https:\/\/www.naturparkmagazin.de\/stechlin\/wp-content\/uploads\/sites\/38\/Winterschulung_06-200x120.jpg 200w\" sizes=\"(max-width: 300px) 100vw, 300px\" \/><\/a><p id=\"caption-attachment-4831\" class=\"wp-caption-text\">Multivisions-Show zur Landschaftsentstehung<\/p><\/div>\n<p>&nbsp;<\/p>\n<p>&nbsp;<\/p>\n<p>&nbsp;<\/p>\n<p>&nbsp;<\/p>\n<p>&nbsp;<\/p>\n<p>&nbsp;<\/p>\n<p>&nbsp;<\/p>\n<p>&nbsp;<\/p>\n<p>Christine Papendick, Leiterin des Barnim-Panoramas lie\u00df es sich nicht nehmen die G\u00e4ste aus dem benachbarten Naturpark pers\u00f6nlich durch die Ausstellung zu f\u00fchren. Im Mittelpunkt der anschlie\u00dfenden Beratung stand die Auswertung der Saison 2016 und die Planung der kommenden Tourismussaison. Die Landesgartenschau 2019 in Wittstock\/Dosse und das Fontane-Jubil\u00e4um im gleichen Jahr sind wichtige Marken f\u00fcr die Arbeit der n\u00e4chsten Jahre. Erstmalig haben sich die im Fr\u00fchjahr neu ausgebildeten und die &#8222;Alten&#8220; Natur- und Landschaftsf\u00fchrer kennengelernt. Das Engagement der &#8222;Neuen&#8220; mit erfolgreichen Projekten, wie &#8222;Heidepicknick&#8220; oder &#8222;Heide-Sch\u00fcler-Projekt&#8220; wurde von Naturparkleiter Mario Schrumpf gew\u00fcrdigt.<\/p>\n<div id=\"attachment_4833\" style=\"width: 310px\" class=\"wp-caption alignleft\"><a href=\"https:\/\/www.naturparkmagazin.de\/stechlin\/wp-content\/uploads\/sites\/38\/Winterschulung_28.jpg\"><img aria-describedby=\"caption-attachment-4833\" decoding=\"async\" loading=\"lazy\" class=\"size-thumbnail wp-image-4833\" src=\"https:\/\/www.naturparkmagazin.de\/stechlin\/wp-content\/uploads\/sites\/38\/Winterschulung_28-300x180.jpg\" alt=\"Erfahrungsaustausch zwischen den &quot;Alten&quot; und &quot;Neuen&quot;\" width=\"300\" height=\"180\" srcset=\"https:\/\/www.naturparkmagazin.de\/stechlin\/wp-content\/uploads\/sites\/38\/Winterschulung_28-300x180.jpg 300w, https:\/\/www.naturparkmagazin.de\/stechlin\/wp-content\/uploads\/sites\/38\/Winterschulung_28.jpg 500w, https:\/\/www.naturparkmagazin.de\/stechlin\/wp-content\/uploads\/sites\/38\/Winterschulung_28-200x120.jpg 200w\" sizes=\"(max-width: 300px) 100vw, 300px\" \/><\/a><p id=\"caption-attachment-4833\" class=\"wp-caption-text\">Erfahrungsaustausch zwischen den &#8222;Alten&#8220; und den &#8222;Neuen&#8220;<\/p><\/div>\n","protected":false},"excerpt":{"rendered":"<p>Im Rahmen einer Winterschulung besuchten 14 Natur- und Landschaftsf\u00fchrer das Besucherzentrum des Naturparks Barnim.<\/p>\n","protected":false},"author":39,"featured_media":4830,"comment_status":"open","ping_status":"open","sticky":false,"template":"","format":"standard","meta":[],"categories":[7],"tags":[],"yoast_head":"<!-- This site is optimized with the Yoast SEO plugin v19.10 - https:\/\/yoast.com\/wordpress\/plugins\/seo\/ -->\n<title>Natur- und Landschaftsf\u00fchrer auf Fachexkursion im Barnim-Panorama - Naturpark Stechlin-Ruppiner Land<\/title>\n<meta name=\"robots\" content=\"index, follow, max-snippet:-1, max-image-preview:large, max-video-preview:-1\" \/>\n<link rel=\"canonical\" href=\"https:\/\/www.naturparkmagazin.de\/stechlin\/natur-und-landschaftsfuehrer-auf-fachexkursion-im-barnim-panorama\/\" \/>\n<meta property=\"og:locale\" content=\"de_DE\" \/>\n<meta property=\"og:type\" content=\"article\" \/>\n<meta property=\"og:title\" content=\"Natur- und Landschaftsf\u00fchrer auf Fachexkursion im Barnim-Panorama - Naturpark Stechlin-Ruppiner Land\" \/>\n<meta property=\"og:description\" content=\"Im Rahmen einer Winterschulung besuchten 14 Natur- und Landschaftsf\u00fchrer das Besucherzentrum des Naturparks Barnim.\" \/>\n<meta property=\"og:url\" content=\"https:\/\/www.naturparkmagazin.de\/stechlin\/natur-und-landschaftsfuehrer-auf-fachexkursion-im-barnim-panorama\/\" \/>\n<meta property=\"og:site_name\" content=\"Naturpark Stechlin-Ruppiner Land\" \/>\n<meta property=\"article:published_time\" content=\"2016-12-13T08:02:14+00:00\" \/>\n<meta property=\"article:modified_time\" content=\"2016-12-16T15:21:08+00:00\" \/>\n<meta property=\"og:image\" content=\"https:\/\/www.naturparkmagazin.de\/stechlin\/wp-content\/uploads\/sites\/38\/Winterschulung-2016.jpg\" \/>\n\t<meta property=\"og:image:width\" content=\"200\" \/>\n\t<meta property=\"og:image:height\" content=\"200\" \/>\n\t<meta property=\"og:image:type\" content=\"image\/jpeg\" \/>\n<meta name=\"author\" content=\"marioschrumpf\" \/>\n<meta name=\"twitter:label1\" content=\"Verfasst von\" \/>\n\t<meta name=\"twitter:data1\" content=\"marioschrumpf\" \/>\n\t<meta name=\"twitter:label2\" content=\"Gesch\u00e4tzte Lesezeit\" \/>\n\t<meta name=\"twitter:data2\" content=\"1\u00a0Minute\" \/>\n<script type=\"application\/ld+json\" class=\"yoast-schema-graph\">{\"@context\":\"https:\/\/schema.org\",\"@graph\":[{\"@type\":\"WebPage\",\"@id\":\"https:\/\/www.naturparkmagazin.de\/stechlin\/natur-und-landschaftsfuehrer-auf-fachexkursion-im-barnim-panorama\/\",\"url\":\"https:\/\/www.naturparkmagazin.de\/stechlin\/natur-und-landschaftsfuehrer-auf-fachexkursion-im-barnim-panorama\/\",\"name\":\"Natur- und Landschaftsf\u00fchrer auf Fachexkursion im Barnim-Panorama - Naturpark Stechlin-Ruppiner Land\",\"isPartOf\":{\"@id\":\"https:\/\/www.naturparkmagazin.de\/stechlin\/#website\"},\"datePublished\":\"2016-12-13T08:02:14+00:00\",\"dateModified\":\"2016-12-16T15:21:08+00:00\",\"author\":{\"@id\":\"https:\/\/www.naturparkmagazin.de\/stechlin\/#\/schema\/person\/3f0d93203df21c806dd63c76d9bb28bc\"},\"breadcrumb\":{\"@id\":\"https:\/\/www.naturparkmagazin.de\/stechlin\/natur-und-landschaftsfuehrer-auf-fachexkursion-im-barnim-panorama\/#breadcrumb\"},\"inLanguage\":\"de\",\"potentialAction\":[{\"@type\":\"ReadAction\",\"target\":[\"https:\/\/www.naturparkmagazin.de\/stechlin\/natur-und-landschaftsfuehrer-auf-fachexkursion-im-barnim-panorama\/\"]}]},{\"@type\":\"BreadcrumbList\",\"@id\":\"https:\/\/www.naturparkmagazin.de\/stechlin\/natur-und-landschaftsfuehrer-auf-fachexkursion-im-barnim-panorama\/#breadcrumb\",\"itemListElement\":[{\"@type\":\"ListItem\",\"position\":1,\"name\":\"Home\",\"item\":\"https:\/\/www.naturparkmagazin.de\/stechlin\/\"},{\"@type\":\"ListItem\",\"position\":2,\"name\":\"Natur- und Landschaftsf\u00fchrer auf Fachexkursion im Barnim-Panorama\"}]},{\"@type\":\"WebSite\",\"@id\":\"https:\/\/www.naturparkmagazin.de\/stechlin\/#website\",\"url\":\"https:\/\/www.naturparkmagazin.de\/stechlin\/\",\"name\":\"Naturpark Stechlin-Ruppiner Land\",\"description\":\"\",\"potentialAction\":[{\"@type\":\"SearchAction\",\"target\":{\"@type\":\"EntryPoint\",\"urlTemplate\":\"https:\/\/www.naturparkmagazin.de\/stechlin\/?s={search_term_string}\"},\"query-input\":\"required name=search_term_string\"}],\"inLanguage\":\"de\"},{\"@type\":\"Person\",\"@id\":\"https:\/\/www.naturparkmagazin.de\/stechlin\/#\/schema\/person\/3f0d93203df21c806dd63c76d9bb28bc\",\"name\":\"marioschrumpf\",\"url\":\"https:\/\/www.naturparkmagazin.de\/stechlin\/author\/marioschrumpf\/\"}]}<\/script>\n<!-- \/ Yoast SEO plugin. -->","yoast_head_json":{"title":"Natur- und Landschaftsf\u00fchrer auf Fachexkursion im Barnim-Panorama - Naturpark Stechlin-Ruppiner Land","robots":{"index":"index","follow":"follow","max-snippet":"max-snippet:-1","max-image-preview":"max-image-preview:large","max-video-preview":"max-video-preview:-1"},"canonical":"https:\/\/www.naturparkmagazin.de\/stechlin\/natur-und-landschaftsfuehrer-auf-fachexkursion-im-barnim-panorama\/","og_locale":"de_DE","og_type":"article","og_title":"Natur- und Landschaftsf\u00fchrer auf Fachexkursion im Barnim-Panorama - Naturpark Stechlin-Ruppiner Land","og_description":"Im Rahmen einer Winterschulung besuchten 14 Natur- und Landschaftsf\u00fchrer das Besucherzentrum des Naturparks Barnim.","og_url":"https:\/\/www.naturparkmagazin.de\/stechlin\/natur-und-landschaftsfuehrer-auf-fachexkursion-im-barnim-panorama\/","og_site_name":"Naturpark Stechlin-Ruppiner Land","article_published_time":"2016-12-13T08:02:14+00:00","article_modified_time":"2016-12-16T15:21:08+00:00","og_image":[{"width":200,"height":200,"url":"https:\/\/www.naturparkmagazin.de\/stechlin\/wp-content\/uploads\/sites\/38\/Winterschulung-2016.jpg","type":"image\/jpeg"}],"author":"marioschrumpf","twitter_misc":{"Verfasst von":"marioschrumpf","Gesch\u00e4tzte Lesezeit":"1\u00a0Minute"},"schema":{"@context":"https:\/\/schema.org","@graph":[{"@type":"WebPage","@id":"https:\/\/www.naturparkmagazin.de\/stechlin\/natur-und-landschaftsfuehrer-auf-fachexkursion-im-barnim-panorama\/","url":"https:\/\/www.naturparkmagazin.de\/stechlin\/natur-und-landschaftsfuehrer-auf-fachexkursion-im-barnim-panorama\/","name":"Natur- und Landschaftsf\u00fchrer auf Fachexkursion im Barnim-Panorama - Naturpark Stechlin-Ruppiner Land","isPartOf":{"@id":"https:\/\/www.naturparkmagazin.de\/stechlin\/#website"},"datePublished":"2016-12-13T08:02:14+00:00","dateModified":"2016-12-16T15:21:08+00:00","author":{"@id":"https:\/\/www.naturparkmagazin.de\/stechlin\/#\/schema\/person\/3f0d93203df21c806dd63c76d9bb28bc"},"breadcrumb":{"@id":"https:\/\/www.naturparkmagazin.de\/stechlin\/natur-und-landschaftsfuehrer-auf-fachexkursion-im-barnim-panorama\/#breadcrumb"},"inLanguage":"de","potentialAction":[{"@type":"ReadAction","target":["https:\/\/www.naturparkmagazin.de\/stechlin\/natur-und-landschaftsfuehrer-auf-fachexkursion-im-barnim-panorama\/"]}]},{"@type":"BreadcrumbList","@id":"https:\/\/www.naturparkmagazin.de\/stechlin\/natur-und-landschaftsfuehrer-auf-fachexkursion-im-barnim-panorama\/#breadcrumb","itemListElement":[{"@type":"ListItem","position":1,"name":"Home","item":"https:\/\/www.naturparkmagazin.de\/stechlin\/"},{"@type":"ListItem","position":2,"name":"Natur- und Landschaftsf\u00fchrer auf Fachexkursion im Barnim-Panorama"}]},{"@type":"WebSite","@id":"https:\/\/www.naturparkmagazin.de\/stechlin\/#website","url":"https:\/\/www.naturparkmagazin.de\/stechlin\/","name":"Naturpark Stechlin-Ruppiner Land","description":"","potentialAction":[{"@type":"SearchAction","target":{"@type":"EntryPoint","urlTemplate":"https:\/\/www.naturparkmagazin.de\/stechlin\/?s={search_term_string}"},"query-input":"required name=search_term_string"}],"inLanguage":"de"},{"@type":"Person","@id":"https:\/\/www.naturparkmagazin.de\/stechlin\/#\/schema\/person\/3f0d93203df21c806dd63c76d9bb28bc","name":"marioschrumpf","url":"https:\/\/www.naturparkmagazin.de\/stechlin\/author\/marioschrumpf\/"}]}},"_links":{"self":[{"href":"https:\/\/www.naturparkmagazin.de\/stechlin\/wp-json\/wp\/v2\/posts\/4829"}],"collection":[{"href":"https:\/\/www.naturparkmagazin.de\/stechlin\/wp-json\/wp\/v2\/posts"}],"about":[{"href":"https:\/\/www.naturparkmagazin.de\/stechlin\/wp-json\/wp\/v2\/types\/post"}],"author":[{"embeddable":true,"href":"https:\/\/www.naturparkmagazin.de\/stechlin\/wp-json\/wp\/v2\/users\/39"}],"replies":[{"embeddable":true,"href":"https:\/\/www.naturparkmagazin.de\/stechlin\/wp-json\/wp\/v2\/comments?post=4829"}],"version-history":[{"count":4,"href":"https:\/\/www.naturparkmagazin.de\/stechlin\/wp-json\/wp\/v2\/posts\/4829\/revisions"}],"predecessor-version":[{"id":4953,"href":"https:\/\/www.naturparkmagazin.de\/stechlin\/wp-json\/wp\/v2\/posts\/4829\/revisions\/4953"}],"wp:featuredmedia":[{"embeddable":true,"href":"https:\/\/www.naturparkmagazin.de\/stechlin\/wp-json\/wp\/v2\/media\/4830"}],"wp:attachment":[{"href":"https:\/\/www.naturparkmagazin.de\/stechlin\/wp-json\/wp\/v2\/media?parent=4829"}],"wp:term":[{"taxonomy":"category","embeddable":true,"href":"https:\/\/www.naturparkmagazin.de\/stechlin\/wp-json\/wp\/v2\/categories?post=4829"},{"taxonomy":"post_tag","embeddable":true,"href":"https:\/\/www.naturparkmagazin.de\/stechlin\/wp-json\/wp\/v2\/tags?post=4829"}],"curies":[{"name":"wp","href":"https:\/\/api.w.org\/{rel}","templated":true}]}}