{"id":4846,"date":"2016-12-13T09:28:11","date_gmt":"2016-12-13T08:28:11","guid":{"rendered":"http:\/\/www.naturparkmagazin.de\/stechlin\/?p=4846"},"modified":"2016-12-13T15:14:56","modified_gmt":"2016-12-13T14:14:56","slug":"susanne-dorn","status":"publish","type":"post","link":"https:\/\/www.naturparkmagazin.de\/stechlin\/susanne-dorn\/","title":{"rendered":"Susanne Dorn"},"content":{"rendered":"<div id=\"attachment_4847\" style=\"width: 210px\" class=\"wp-caption alignleft\"><a href=\"https:\/\/www.naturparkmagazin.de\/stechlin\/wp-content\/uploads\/sites\/38\/Susanne-Dorn.jpg\"><img aria-describedby=\"caption-attachment-4847\" decoding=\"async\" loading=\"lazy\" class=\"size-full wp-image-4847\" src=\"https:\/\/www.naturparkmagazin.de\/stechlin\/wp-content\/uploads\/sites\/38\/Susanne-Dorn.jpg\" alt=\"Susanne Dorn\" width=\"200\" height=\"200\" srcset=\"https:\/\/www.naturparkmagazin.de\/stechlin\/wp-content\/uploads\/sites\/38\/Susanne-Dorn.jpg 200w, https:\/\/www.naturparkmagazin.de\/stechlin\/wp-content\/uploads\/sites\/38\/Susanne-Dorn-30x30.jpg 30w\" sizes=\"(max-width: 200px) 100vw, 200px\" \/><\/a><p id=\"caption-attachment-4847\" class=\"wp-caption-text\">Susanne Dorn<\/p><\/div>\n<p>&nbsp;<\/p>\n<p>&nbsp;<\/p>\n<p>&nbsp;<\/p>\n<p>&nbsp;<\/p>\n<p>&nbsp;<\/p>\n<p>&nbsp;<\/p>\n<p>&nbsp;<\/p>\n<p>&nbsp;<\/p>\n<p>Die Amtsdirektorin des Amtes Temnitz engagiert sich in besonderem Ma\u00dfe f\u00fcr die naturtouristische Entwicklung der Kyritz-Ruppiner Heide. Auch wenn das Amt Temnitz mit ca. 400 ha aktuell nur einen prozentualen Anteil an der Naturparkfl\u00e4che von 0,6 % hat, ist\u00a0sie eine wichtige Partnerin der Naturparkverwaltung.<\/p>\n<p>Gemeinsam mit Naturparkleiter Mario Schrumpf macht sie sich in der Kommunalen Arbeitsgruppe (KAG) Kyritz-Ruppiner Heide und der Arbeitsgruppe Turm stark f\u00fcr die zivile Nutzung des Bombodroms. So ist ihr u.a. zu verdanken, dass vom R\u00e4geliner Ortsteil Pfalzheim eine mit wassergebundene Decke befestigte Zuwegung bis zur &#8222;Platzgrenze&#8220; existiert. Auch der frisch angelegte Parkplatz mit einer gro\u00dfr\u00e4umigen Schutzh\u00fctte in bemerkenswerter Architektur &#8222;geht auf ihr Konto&#8220;.<\/p>\n<p>Im Herbst letzten Jahres hat das Amt Temnitz einen F\u00f6rderantrag f\u00fcr ein Wegeleitsystem zu den Zug\u00e4ngen in die Heide in Pfalzheim, Neuglienicke und Rossow auf den Weg gebracht. Als Grundlage wurde vorab mit Gemeindemitteln eine Machbarkeitsstudie erstellt. Die ersten Veranstaltungen wie das R\u00e4geliner Heidefest, das Heidekonzert mit der Kammeroper Rheinsberg, das Anwandern mit Landrat Ralf Reinhardt oder spezielle Heide-Umweltbildungsaktionen f\u00fcr Schulen wurden vom Amt Temnitz tatkr\u00e4ftig unterst\u00fctzt.<\/p>\n<p>Nach der Freigabe des Heide-Wanderweges von Neuglienicke nach Pfalzheim und Rossow soll in den kommenden Jahren auf dem &#8222;Sielmann-H\u00fcgel&#8220; einen Naturbeobachtungsturm entstehen. Aus luftiger H\u00f6he sollen die Besucher die Gro\u00dfr\u00e4umigkeit, Unzerschnittenheit und landschaftliche Sch\u00f6nheit dieser bundesweit einmaligen Heidelandschaft erleben k\u00f6nnen.<\/p>\n","protected":false},"excerpt":{"rendered":"<p>Die Amtsdirektorin des Amtes Temnitz engagiert sich in besonderem Ma\u00dfe f\u00fcr die naturtouristische Entwicklung der Kyritz-Ruppiner Heide.<\/p>\n","protected":false},"author":39,"featured_media":4847,"comment_status":"open","ping_status":"open","sticky":false,"template":"","format":"standard","meta":[],"categories":[8],"tags":[],"yoast_head":"<!-- This site is optimized with the Yoast SEO plugin v19.10 - https:\/\/yoast.com\/wordpress\/plugins\/seo\/ -->\n<title>Susanne Dorn - Naturpark Stechlin-Ruppiner Land<\/title>\n<meta name=\"robots\" content=\"index, follow, max-snippet:-1, max-image-preview:large, max-video-preview:-1\" \/>\n<link rel=\"canonical\" href=\"https:\/\/www.naturparkmagazin.de\/stechlin\/susanne-dorn\/\" \/>\n<meta property=\"og:locale\" content=\"de_DE\" \/>\n<meta property=\"og:type\" content=\"article\" \/>\n<meta property=\"og:title\" content=\"Susanne Dorn - Naturpark Stechlin-Ruppiner Land\" \/>\n<meta property=\"og:description\" content=\"Die Amtsdirektorin des Amtes Temnitz engagiert sich in besonderem Ma\u00dfe f\u00fcr die naturtouristische Entwicklung der Kyritz-Ruppiner Heide.\" \/>\n<meta property=\"og:url\" content=\"https:\/\/www.naturparkmagazin.de\/stechlin\/susanne-dorn\/\" \/>\n<meta property=\"og:site_name\" content=\"Naturpark Stechlin-Ruppiner Land\" \/>\n<meta property=\"article:published_time\" content=\"2016-12-13T08:28:11+00:00\" \/>\n<meta property=\"article:modified_time\" content=\"2016-12-13T14:14:56+00:00\" \/>\n<meta property=\"og:image\" content=\"https:\/\/www.naturparkmagazin.de\/stechlin\/wp-content\/uploads\/sites\/38\/Susanne-Dorn.jpg\" \/>\n\t<meta property=\"og:image:width\" content=\"200\" \/>\n\t<meta property=\"og:image:height\" content=\"200\" \/>\n\t<meta property=\"og:image:type\" content=\"image\/jpeg\" \/>\n<meta name=\"author\" content=\"marioschrumpf\" \/>\n<meta name=\"twitter:label1\" content=\"Verfasst von\" \/>\n\t<meta name=\"twitter:data1\" content=\"marioschrumpf\" \/>\n\t<meta name=\"twitter:label2\" content=\"Gesch\u00e4tzte Lesezeit\" \/>\n\t<meta name=\"twitter:data2\" content=\"1\u00a0Minute\" \/>\n<script type=\"application\/ld+json\" class=\"yoast-schema-graph\">{\"@context\":\"https:\/\/schema.org\",\"@graph\":[{\"@type\":\"WebPage\",\"@id\":\"https:\/\/www.naturparkmagazin.de\/stechlin\/susanne-dorn\/\",\"url\":\"https:\/\/www.naturparkmagazin.de\/stechlin\/susanne-dorn\/\",\"name\":\"Susanne Dorn - Naturpark Stechlin-Ruppiner Land\",\"isPartOf\":{\"@id\":\"https:\/\/www.naturparkmagazin.de\/stechlin\/#website\"},\"datePublished\":\"2016-12-13T08:28:11+00:00\",\"dateModified\":\"2016-12-13T14:14:56+00:00\",\"author\":{\"@id\":\"https:\/\/www.naturparkmagazin.de\/stechlin\/#\/schema\/person\/3f0d93203df21c806dd63c76d9bb28bc\"},\"breadcrumb\":{\"@id\":\"https:\/\/www.naturparkmagazin.de\/stechlin\/susanne-dorn\/#breadcrumb\"},\"inLanguage\":\"de\",\"potentialAction\":[{\"@type\":\"ReadAction\",\"target\":[\"https:\/\/www.naturparkmagazin.de\/stechlin\/susanne-dorn\/\"]}]},{\"@type\":\"BreadcrumbList\",\"@id\":\"https:\/\/www.naturparkmagazin.de\/stechlin\/susanne-dorn\/#breadcrumb\",\"itemListElement\":[{\"@type\":\"ListItem\",\"position\":1,\"name\":\"Home\",\"item\":\"https:\/\/www.naturparkmagazin.de\/stechlin\/\"},{\"@type\":\"ListItem\",\"position\":2,\"name\":\"Susanne Dorn\"}]},{\"@type\":\"WebSite\",\"@id\":\"https:\/\/www.naturparkmagazin.de\/stechlin\/#website\",\"url\":\"https:\/\/www.naturparkmagazin.de\/stechlin\/\",\"name\":\"Naturpark Stechlin-Ruppiner Land\",\"description\":\"\",\"potentialAction\":[{\"@type\":\"SearchAction\",\"target\":{\"@type\":\"EntryPoint\",\"urlTemplate\":\"https:\/\/www.naturparkmagazin.de\/stechlin\/?s={search_term_string}\"},\"query-input\":\"required name=search_term_string\"}],\"inLanguage\":\"de\"},{\"@type\":\"Person\",\"@id\":\"https:\/\/www.naturparkmagazin.de\/stechlin\/#\/schema\/person\/3f0d93203df21c806dd63c76d9bb28bc\",\"name\":\"marioschrumpf\",\"url\":\"https:\/\/www.naturparkmagazin.de\/stechlin\/author\/marioschrumpf\/\"}]}<\/script>\n<!-- \/ Yoast SEO plugin. -->","yoast_head_json":{"title":"Susanne Dorn - Naturpark Stechlin-Ruppiner Land","robots":{"index":"index","follow":"follow","max-snippet":"max-snippet:-1","max-image-preview":"max-image-preview:large","max-video-preview":"max-video-preview:-1"},"canonical":"https:\/\/www.naturparkmagazin.de\/stechlin\/susanne-dorn\/","og_locale":"de_DE","og_type":"article","og_title":"Susanne Dorn - Naturpark Stechlin-Ruppiner Land","og_description":"Die Amtsdirektorin des Amtes Temnitz engagiert sich in besonderem Ma\u00dfe f\u00fcr die naturtouristische Entwicklung der Kyritz-Ruppiner Heide.","og_url":"https:\/\/www.naturparkmagazin.de\/stechlin\/susanne-dorn\/","og_site_name":"Naturpark Stechlin-Ruppiner Land","article_published_time":"2016-12-13T08:28:11+00:00","article_modified_time":"2016-12-13T14:14:56+00:00","og_image":[{"width":200,"height":200,"url":"https:\/\/www.naturparkmagazin.de\/stechlin\/wp-content\/uploads\/sites\/38\/Susanne-Dorn.jpg","type":"image\/jpeg"}],"author":"marioschrumpf","twitter_misc":{"Verfasst von":"marioschrumpf","Gesch\u00e4tzte Lesezeit":"1\u00a0Minute"},"schema":{"@context":"https:\/\/schema.org","@graph":[{"@type":"WebPage","@id":"https:\/\/www.naturparkmagazin.de\/stechlin\/susanne-dorn\/","url":"https:\/\/www.naturparkmagazin.de\/stechlin\/susanne-dorn\/","name":"Susanne Dorn - Naturpark Stechlin-Ruppiner Land","isPartOf":{"@id":"https:\/\/www.naturparkmagazin.de\/stechlin\/#website"},"datePublished":"2016-12-13T08:28:11+00:00","dateModified":"2016-12-13T14:14:56+00:00","author":{"@id":"https:\/\/www.naturparkmagazin.de\/stechlin\/#\/schema\/person\/3f0d93203df21c806dd63c76d9bb28bc"},"breadcrumb":{"@id":"https:\/\/www.naturparkmagazin.de\/stechlin\/susanne-dorn\/#breadcrumb"},"inLanguage":"de","potentialAction":[{"@type":"ReadAction","target":["https:\/\/www.naturparkmagazin.de\/stechlin\/susanne-dorn\/"]}]},{"@type":"BreadcrumbList","@id":"https:\/\/www.naturparkmagazin.de\/stechlin\/susanne-dorn\/#breadcrumb","itemListElement":[{"@type":"ListItem","position":1,"name":"Home","item":"https:\/\/www.naturparkmagazin.de\/stechlin\/"},{"@type":"ListItem","position":2,"name":"Susanne Dorn"}]},{"@type":"WebSite","@id":"https:\/\/www.naturparkmagazin.de\/stechlin\/#website","url":"https:\/\/www.naturparkmagazin.de\/stechlin\/","name":"Naturpark Stechlin-Ruppiner Land","description":"","potentialAction":[{"@type":"SearchAction","target":{"@type":"EntryPoint","urlTemplate":"https:\/\/www.naturparkmagazin.de\/stechlin\/?s={search_term_string}"},"query-input":"required name=search_term_string"}],"inLanguage":"de"},{"@type":"Person","@id":"https:\/\/www.naturparkmagazin.de\/stechlin\/#\/schema\/person\/3f0d93203df21c806dd63c76d9bb28bc","name":"marioschrumpf","url":"https:\/\/www.naturparkmagazin.de\/stechlin\/author\/marioschrumpf\/"}]}},"_links":{"self":[{"href":"https:\/\/www.naturparkmagazin.de\/stechlin\/wp-json\/wp\/v2\/posts\/4846"}],"collection":[{"href":"https:\/\/www.naturparkmagazin.de\/stechlin\/wp-json\/wp\/v2\/posts"}],"about":[{"href":"https:\/\/www.naturparkmagazin.de\/stechlin\/wp-json\/wp\/v2\/types\/post"}],"author":[{"embeddable":true,"href":"https:\/\/www.naturparkmagazin.de\/stechlin\/wp-json\/wp\/v2\/users\/39"}],"replies":[{"embeddable":true,"href":"https:\/\/www.naturparkmagazin.de\/stechlin\/wp-json\/wp\/v2\/comments?post=4846"}],"version-history":[{"count":4,"href":"https:\/\/www.naturparkmagazin.de\/stechlin\/wp-json\/wp\/v2\/posts\/4846\/revisions"}],"predecessor-version":[{"id":4941,"href":"https:\/\/www.naturparkmagazin.de\/stechlin\/wp-json\/wp\/v2\/posts\/4846\/revisions\/4941"}],"wp:featuredmedia":[{"embeddable":true,"href":"https:\/\/www.naturparkmagazin.de\/stechlin\/wp-json\/wp\/v2\/media\/4847"}],"wp:attachment":[{"href":"https:\/\/www.naturparkmagazin.de\/stechlin\/wp-json\/wp\/v2\/media?parent=4846"}],"wp:term":[{"taxonomy":"category","embeddable":true,"href":"https:\/\/www.naturparkmagazin.de\/stechlin\/wp-json\/wp\/v2\/categories?post=4846"},{"taxonomy":"post_tag","embeddable":true,"href":"https:\/\/www.naturparkmagazin.de\/stechlin\/wp-json\/wp\/v2\/tags?post=4846"}],"curies":[{"name":"wp","href":"https:\/\/api.w.org\/{rel}","templated":true}]}}