{"id":4849,"date":"2016-12-13T12:07:29","date_gmt":"2016-12-13T11:07:29","guid":{"rendered":"http:\/\/www.naturparkmagazin.de\/stechlin\/?p=4849"},"modified":"2016-12-13T13:22:07","modified_gmt":"2016-12-13T12:22:07","slug":"vielen-dank-den-freiwilligen-der-naturwacht","status":"publish","type":"post","link":"https:\/\/www.naturparkmagazin.de\/stechlin\/vielen-dank-den-freiwilligen-der-naturwacht\/","title":{"rendered":"Vielen Dank den Freiwilligen der Naturwacht!"},"content":{"rendered":"<p>Zum Jahresabschluss waren die Freiwilligen der Naturwacht zu einer Exkursion in die historische M\u00fchle Lychen eingeladen. Ohne ihre Mithilfe w\u00e4ren viele Arbeiten im Naturpark nicht zu erledigen. So sorgen die 23 ehrenamtlichen Aktiven daf\u00fcr, dass Fr\u00f6sche und Kr\u00f6ten im Fr\u00fchjahr sicher \u00fcber die Stra\u00dfe kommen. Die Betreuung der tempor\u00e4ren Amphibienz\u00e4une w\u00e4re ohne freiwilliges Engagement undenkbar. Andere Freiwillige lesen Monat f\u00fcr Monat im Rahmen des Gew\u00e4ssermonitorings Pegel ab oder helfen bei Veranstaltungen wie der <em>Langen Nacht der Naturwacht<\/em> oder den \u00fcber die Grenzen des Naturparks hinaus bekannte <em>Mondschein-Touren im Kanu<\/em>.<\/p>\n<div id=\"attachment_4853\" style=\"width: 310px\" class=\"wp-caption alignleft\"><a href=\"https:\/\/www.naturparkmagazin.de\/stechlin\/wp-content\/uploads\/sites\/38\/Freiwillige-2016_0056.jpg\"><img aria-describedby=\"caption-attachment-4853\" decoding=\"async\" loading=\"lazy\" class=\"size-thumbnail wp-image-4853\" src=\"https:\/\/www.naturparkmagazin.de\/stechlin\/wp-content\/uploads\/sites\/38\/Freiwillige-2016_0056-300x180.jpg\" alt=\"Auf dem Hof wurde gemeinsam ein neuer Amphibienzauntyp getestet.\" width=\"300\" height=\"180\" srcset=\"https:\/\/www.naturparkmagazin.de\/stechlin\/wp-content\/uploads\/sites\/38\/Freiwillige-2016_0056-300x180.jpg 300w, https:\/\/www.naturparkmagazin.de\/stechlin\/wp-content\/uploads\/sites\/38\/Freiwillige-2016_0056.jpg 500w, https:\/\/www.naturparkmagazin.de\/stechlin\/wp-content\/uploads\/sites\/38\/Freiwillige-2016_0056-200x120.jpg 200w\" sizes=\"(max-width: 300px) 100vw, 300px\" \/><\/a><p id=\"caption-attachment-4853\" class=\"wp-caption-text\">Auf dem Hof wurde gemeinsam der Aufbau\u00a0eines neuen Amphibienzauntyps getestet.<\/p><\/div>\n<p>&nbsp;<\/p>\n<p>&nbsp;<\/p>\n<p>&nbsp;<\/p>\n<p>&nbsp;<\/p>\n<p>&nbsp;<\/p>\n<p>&nbsp;<\/p>\n<p>&nbsp;<\/p>\n<p>&nbsp;<\/p>\n<p>Als Dankesch\u00f6n f\u00fcr die wertvolle Unterst\u00fctzung organisierte Ranger Thomas Hahn zum Jahresausklang eine Exkursion in den Nachbarnaturpark Uckerm\u00e4rkische Seen.<\/p>\n<div id=\"attachment_4855\" style=\"width: 310px\" class=\"wp-caption alignleft\"><a href=\"https:\/\/www.naturparkmagazin.de\/stechlin\/wp-content\/uploads\/sites\/38\/Freiwillige-2016_12.jpg\"><img aria-describedby=\"caption-attachment-4855\" decoding=\"async\" loading=\"lazy\" class=\"size-thumbnail wp-image-4855\" src=\"https:\/\/www.naturparkmagazin.de\/stechlin\/wp-content\/uploads\/sites\/38\/Freiwillige-2016_12-300x180.jpg\" alt=\"Roland Resch erkl\u00e4rt den Standort.\" width=\"300\" height=\"180\" srcset=\"https:\/\/www.naturparkmagazin.de\/stechlin\/wp-content\/uploads\/sites\/38\/Freiwillige-2016_12-300x180.jpg 300w, https:\/\/www.naturparkmagazin.de\/stechlin\/wp-content\/uploads\/sites\/38\/Freiwillige-2016_12.jpg 500w, https:\/\/www.naturparkmagazin.de\/stechlin\/wp-content\/uploads\/sites\/38\/Freiwillige-2016_12-200x120.jpg 200w\" sizes=\"(max-width: 300px) 100vw, 300px\" \/><\/a><p id=\"caption-attachment-4855\" class=\"wp-caption-text\">Roland Resch erkl\u00e4rt den Standort.<\/p><\/div>\n<p>&nbsp;<\/p>\n<p>&nbsp;<\/p>\n<p>&nbsp;<\/p>\n<p>&nbsp;<\/p>\n<p>&nbsp;<\/p>\n<p>&nbsp;<\/p>\n<p>&nbsp;<\/p>\n<p>&nbsp;<\/p>\n<p>Der Leiter des Naturparks, Roland Resch, lie\u00df es sich nicht nehmen die G\u00e4ste pers\u00f6nlich durch die M\u00fchle zu f\u00fchren. Quasi von der Gr\u00fcndung auf Eichenpf\u00e4hlen im Oberwasser bis unters Dach wurde alles im historischen M\u00fchlenkomplex unter die Lupe genommen. Beeindruckend f\u00fcr alle, die Bootspassage f\u00fcr Paddler durch die M\u00fchle mittels Rollenbahn. Im &#8222;Mutter-Naturpark&#8220; unseres Wasserwanderleitsystems haben sich die uckerm\u00e4rkischen Kollegen einiges einfallen lassen, um zumindest die kanutouristische Durchg\u00e4ngigkeit der Staustufe zwischen Oberpfuhlsee und Nesselpfuhlsee herzustellen.<\/p>\n<div id=\"attachment_4852\" style=\"width: 310px\" class=\"wp-caption alignleft\"><a href=\"https:\/\/www.naturparkmagazin.de\/stechlin\/wp-content\/uploads\/sites\/38\/Freiwillige-2016_0036.jpg\"><img aria-describedby=\"caption-attachment-4852\" decoding=\"async\" loading=\"lazy\" class=\"size-thumbnail wp-image-4852\" src=\"https:\/\/www.naturparkmagazin.de\/stechlin\/wp-content\/uploads\/sites\/38\/Freiwillige-2016_0036-300x180.jpg\" alt=\"\u00dcber diese Rollenbahn k\u00f6nnen Paddler ihr Boot vom Unter- ins Oberwasser zeiehen.\" width=\"300\" height=\"180\" srcset=\"https:\/\/www.naturparkmagazin.de\/stechlin\/wp-content\/uploads\/sites\/38\/Freiwillige-2016_0036-300x180.jpg 300w, https:\/\/www.naturparkmagazin.de\/stechlin\/wp-content\/uploads\/sites\/38\/Freiwillige-2016_0036.jpg 500w, https:\/\/www.naturparkmagazin.de\/stechlin\/wp-content\/uploads\/sites\/38\/Freiwillige-2016_0036-200x120.jpg 200w\" sizes=\"(max-width: 300px) 100vw, 300px\" \/><\/a><p id=\"caption-attachment-4852\" class=\"wp-caption-text\">\u00dcber diese Rollenbahn k\u00f6nnen Paddler ihr Boot vom Unter- ins Oberwasser zeiehen.<\/p><\/div>\n<p>&nbsp;<\/p>\n<p>&nbsp;<\/p>\n<p>&nbsp;<\/p>\n<p>&nbsp;<\/p>\n<p>&nbsp;<\/p>\n<p>&nbsp;<\/p>\n<p>&nbsp;<\/p>\n<div id=\"attachment_4854\" style=\"width: 310px\" class=\"wp-caption alignleft\"><a href=\"https:\/\/www.naturparkmagazin.de\/stechlin\/wp-content\/uploads\/sites\/38\/Freiwillige-2016_0061.jpg\"><img aria-describedby=\"caption-attachment-4854\" decoding=\"async\" loading=\"lazy\" class=\"size-thumbnail wp-image-4854\" src=\"https:\/\/www.naturparkmagazin.de\/stechlin\/wp-content\/uploads\/sites\/38\/Freiwillige-2016_0061-300x180.jpg\" alt=\"Abendstimmung am Gro\u00dfen Lychensee.\" width=\"300\" height=\"180\" srcset=\"https:\/\/www.naturparkmagazin.de\/stechlin\/wp-content\/uploads\/sites\/38\/Freiwillige-2016_0061-300x180.jpg 300w, https:\/\/www.naturparkmagazin.de\/stechlin\/wp-content\/uploads\/sites\/38\/Freiwillige-2016_0061.jpg 500w, https:\/\/www.naturparkmagazin.de\/stechlin\/wp-content\/uploads\/sites\/38\/Freiwillige-2016_0061-200x120.jpg 200w\" sizes=\"(max-width: 300px) 100vw, 300px\" \/><\/a><p id=\"caption-attachment-4854\" class=\"wp-caption-text\">Abendstimmung am Gro\u00dfen Lychensee.<\/p><\/div>\n<p>&nbsp;<\/p>\n<p>&nbsp;<\/p>\n<p>&nbsp;<\/p>\n<p>&nbsp;<\/p>\n<p>&nbsp;<\/p>\n<p>&nbsp;<\/p>\n<p>&nbsp;<\/p>\n<p>&nbsp;<\/p>\n<p>&nbsp;<\/p>\n<p>Nach gemeinsamer Kaffeetafel in der M\u00fchlenwirtschaft ging es auf Abendexkursion durch die Stadt der sieben Seen. Naturparkleiter Mario Schrumpf konnte einiges \u00fcber die Historie seiner uckerm\u00e4rkischen Heimatstadt berichten. Ein traumhaftes Abendrot \u00fcber dem Gro\u00dfen Lychensee mit Mondsichel und leuchtender Venus bei abendlichem Glockenl\u00e4uten der St. Johannes Kirche waren der Lohn f\u00fcr die Wanderung durch die\u00a0frostig kalte Nacht.<\/p>\n<div id=\"attachment_4856\" style=\"width: 310px\" class=\"wp-caption alignleft\"><a href=\"https:\/\/www.naturparkmagazin.de\/stechlin\/wp-content\/uploads\/sites\/38\/Freiwillige-2017_48.jpg\"><img aria-describedby=\"caption-attachment-4856\" decoding=\"async\" loading=\"lazy\" class=\"size-thumbnail wp-image-4856\" src=\"https:\/\/www.naturparkmagazin.de\/stechlin\/wp-content\/uploads\/sites\/38\/Freiwillige-2017_48-300x180.jpg\" alt=\"Zeit f\u00fcr Gespr\u00e4che bot die weihnachtliche Kaffeetafel.\" width=\"300\" height=\"180\" srcset=\"https:\/\/www.naturparkmagazin.de\/stechlin\/wp-content\/uploads\/sites\/38\/Freiwillige-2017_48-300x180.jpg 300w, https:\/\/www.naturparkmagazin.de\/stechlin\/wp-content\/uploads\/sites\/38\/Freiwillige-2017_48.jpg 500w, https:\/\/www.naturparkmagazin.de\/stechlin\/wp-content\/uploads\/sites\/38\/Freiwillige-2017_48-200x120.jpg 200w\" sizes=\"(max-width: 300px) 100vw, 300px\" \/><\/a><p id=\"caption-attachment-4856\" class=\"wp-caption-text\">Zeit f\u00fcr Gespr\u00e4che bot die weihnachtliche Kaffeetafel.<\/p><\/div>\n<p>&nbsp;<\/p>\n<p>&nbsp;<\/p>\n<p>&nbsp;<\/p>\n<p>&nbsp;<\/p>\n<p>&nbsp;<\/p>\n<p>&nbsp;<\/p>\n<p>&nbsp;<\/p>\n<p>&nbsp;<\/p>\n<p>Beim gemeinsamen Abendessen mit uckerm\u00e4rkischen Spezialit\u00e4ten war Zeit miteinander ins Gespr\u00e4ch zu kommen. Am Ende waren sich alle einig, dass auch in 2017 eine Exkursion zum Jahresausklang organisiert werden soll.<\/p>\n<p>Ein herzliches Dankesch\u00f6n an Carla Kniestedt und ihr Team f\u00fcr die Gastfreundschaft und an Thomas Hahn f\u00fcr die tolle Organisation!<\/p>\n<p>&nbsp;<\/p>\n<p>&nbsp;<\/p>\n","protected":false},"excerpt":{"rendered":"<p>Zum Jahresabschluss waren die Freiwilligen der Naturwacht zu einer Exkursion in die historische M\u00fchle Lychen eingeladen.<\/p>\n","protected":false},"author":39,"featured_media":4857,"comment_status":"open","ping_status":"open","sticky":false,"template":"","format":"standard","meta":[],"categories":[7],"tags":[],"yoast_head":"<!-- This site is optimized with the Yoast SEO plugin v19.10 - https:\/\/yoast.com\/wordpress\/plugins\/seo\/ -->\n<title>Vielen Dank den Freiwilligen der Naturwacht! - Naturpark Stechlin-Ruppiner Land<\/title>\n<meta name=\"robots\" content=\"index, follow, max-snippet:-1, max-image-preview:large, max-video-preview:-1\" \/>\n<link rel=\"canonical\" href=\"https:\/\/www.naturparkmagazin.de\/stechlin\/vielen-dank-den-freiwilligen-der-naturwacht\/\" \/>\n<meta property=\"og:locale\" content=\"de_DE\" \/>\n<meta property=\"og:type\" content=\"article\" \/>\n<meta property=\"og:title\" content=\"Vielen Dank den Freiwilligen der Naturwacht! - Naturpark Stechlin-Ruppiner Land\" \/>\n<meta property=\"og:description\" content=\"Zum Jahresabschluss waren die Freiwilligen der Naturwacht zu einer Exkursion in die historische M\u00fchle Lychen eingeladen.\" \/>\n<meta property=\"og:url\" content=\"https:\/\/www.naturparkmagazin.de\/stechlin\/vielen-dank-den-freiwilligen-der-naturwacht\/\" \/>\n<meta property=\"og:site_name\" content=\"Naturpark Stechlin-Ruppiner Land\" \/>\n<meta property=\"article:published_time\" content=\"2016-12-13T11:07:29+00:00\" \/>\n<meta property=\"article:modified_time\" content=\"2016-12-13T12:22:07+00:00\" \/>\n<meta property=\"og:image\" content=\"https:\/\/www.naturparkmagazin.de\/stechlin\/wp-content\/uploads\/sites\/38\/DSC_Freiwillige-2017_03.jpg\" \/>\n\t<meta property=\"og:image:width\" content=\"200\" \/>\n\t<meta property=\"og:image:height\" content=\"200\" \/>\n\t<meta property=\"og:image:type\" content=\"image\/jpeg\" \/>\n<meta name=\"author\" content=\"marioschrumpf\" \/>\n<meta name=\"twitter:label1\" content=\"Verfasst von\" \/>\n\t<meta name=\"twitter:data1\" content=\"marioschrumpf\" \/>\n\t<meta name=\"twitter:label2\" content=\"Gesch\u00e4tzte Lesezeit\" \/>\n\t<meta name=\"twitter:data2\" content=\"2\u00a0Minuten\" \/>\n<script type=\"application\/ld+json\" class=\"yoast-schema-graph\">{\"@context\":\"https:\/\/schema.org\",\"@graph\":[{\"@type\":\"WebPage\",\"@id\":\"https:\/\/www.naturparkmagazin.de\/stechlin\/vielen-dank-den-freiwilligen-der-naturwacht\/\",\"url\":\"https:\/\/www.naturparkmagazin.de\/stechlin\/vielen-dank-den-freiwilligen-der-naturwacht\/\",\"name\":\"Vielen Dank den Freiwilligen der Naturwacht! - Naturpark Stechlin-Ruppiner Land\",\"isPartOf\":{\"@id\":\"https:\/\/www.naturparkmagazin.de\/stechlin\/#website\"},\"datePublished\":\"2016-12-13T11:07:29+00:00\",\"dateModified\":\"2016-12-13T12:22:07+00:00\",\"author\":{\"@id\":\"https:\/\/www.naturparkmagazin.de\/stechlin\/#\/schema\/person\/3f0d93203df21c806dd63c76d9bb28bc\"},\"breadcrumb\":{\"@id\":\"https:\/\/www.naturparkmagazin.de\/stechlin\/vielen-dank-den-freiwilligen-der-naturwacht\/#breadcrumb\"},\"inLanguage\":\"de\",\"potentialAction\":[{\"@type\":\"ReadAction\",\"target\":[\"https:\/\/www.naturparkmagazin.de\/stechlin\/vielen-dank-den-freiwilligen-der-naturwacht\/\"]}]},{\"@type\":\"BreadcrumbList\",\"@id\":\"https:\/\/www.naturparkmagazin.de\/stechlin\/vielen-dank-den-freiwilligen-der-naturwacht\/#breadcrumb\",\"itemListElement\":[{\"@type\":\"ListItem\",\"position\":1,\"name\":\"Home\",\"item\":\"https:\/\/www.naturparkmagazin.de\/stechlin\/\"},{\"@type\":\"ListItem\",\"position\":2,\"name\":\"Vielen Dank den Freiwilligen der Naturwacht!\"}]},{\"@type\":\"WebSite\",\"@id\":\"https:\/\/www.naturparkmagazin.de\/stechlin\/#website\",\"url\":\"https:\/\/www.naturparkmagazin.de\/stechlin\/\",\"name\":\"Naturpark Stechlin-Ruppiner Land\",\"description\":\"\",\"potentialAction\":[{\"@type\":\"SearchAction\",\"target\":{\"@type\":\"EntryPoint\",\"urlTemplate\":\"https:\/\/www.naturparkmagazin.de\/stechlin\/?s={search_term_string}\"},\"query-input\":\"required name=search_term_string\"}],\"inLanguage\":\"de\"},{\"@type\":\"Person\",\"@id\":\"https:\/\/www.naturparkmagazin.de\/stechlin\/#\/schema\/person\/3f0d93203df21c806dd63c76d9bb28bc\",\"name\":\"marioschrumpf\",\"url\":\"https:\/\/www.naturparkmagazin.de\/stechlin\/author\/marioschrumpf\/\"}]}<\/script>\n<!-- \/ Yoast SEO plugin. -->","yoast_head_json":{"title":"Vielen Dank den Freiwilligen der Naturwacht! - Naturpark Stechlin-Ruppiner Land","robots":{"index":"index","follow":"follow","max-snippet":"max-snippet:-1","max-image-preview":"max-image-preview:large","max-video-preview":"max-video-preview:-1"},"canonical":"https:\/\/www.naturparkmagazin.de\/stechlin\/vielen-dank-den-freiwilligen-der-naturwacht\/","og_locale":"de_DE","og_type":"article","og_title":"Vielen Dank den Freiwilligen der Naturwacht! - Naturpark Stechlin-Ruppiner Land","og_description":"Zum Jahresabschluss waren die Freiwilligen der Naturwacht zu einer Exkursion in die historische M\u00fchle Lychen eingeladen.","og_url":"https:\/\/www.naturparkmagazin.de\/stechlin\/vielen-dank-den-freiwilligen-der-naturwacht\/","og_site_name":"Naturpark Stechlin-Ruppiner Land","article_published_time":"2016-12-13T11:07:29+00:00","article_modified_time":"2016-12-13T12:22:07+00:00","og_image":[{"width":200,"height":200,"url":"https:\/\/www.naturparkmagazin.de\/stechlin\/wp-content\/uploads\/sites\/38\/DSC_Freiwillige-2017_03.jpg","type":"image\/jpeg"}],"author":"marioschrumpf","twitter_misc":{"Verfasst von":"marioschrumpf","Gesch\u00e4tzte Lesezeit":"2\u00a0Minuten"},"schema":{"@context":"https:\/\/schema.org","@graph":[{"@type":"WebPage","@id":"https:\/\/www.naturparkmagazin.de\/stechlin\/vielen-dank-den-freiwilligen-der-naturwacht\/","url":"https:\/\/www.naturparkmagazin.de\/stechlin\/vielen-dank-den-freiwilligen-der-naturwacht\/","name":"Vielen Dank den Freiwilligen der Naturwacht! - Naturpark Stechlin-Ruppiner Land","isPartOf":{"@id":"https:\/\/www.naturparkmagazin.de\/stechlin\/#website"},"datePublished":"2016-12-13T11:07:29+00:00","dateModified":"2016-12-13T12:22:07+00:00","author":{"@id":"https:\/\/www.naturparkmagazin.de\/stechlin\/#\/schema\/person\/3f0d93203df21c806dd63c76d9bb28bc"},"breadcrumb":{"@id":"https:\/\/www.naturparkmagazin.de\/stechlin\/vielen-dank-den-freiwilligen-der-naturwacht\/#breadcrumb"},"inLanguage":"de","potentialAction":[{"@type":"ReadAction","target":["https:\/\/www.naturparkmagazin.de\/stechlin\/vielen-dank-den-freiwilligen-der-naturwacht\/"]}]},{"@type":"BreadcrumbList","@id":"https:\/\/www.naturparkmagazin.de\/stechlin\/vielen-dank-den-freiwilligen-der-naturwacht\/#breadcrumb","itemListElement":[{"@type":"ListItem","position":1,"name":"Home","item":"https:\/\/www.naturparkmagazin.de\/stechlin\/"},{"@type":"ListItem","position":2,"name":"Vielen Dank den Freiwilligen der Naturwacht!"}]},{"@type":"WebSite","@id":"https:\/\/www.naturparkmagazin.de\/stechlin\/#website","url":"https:\/\/www.naturparkmagazin.de\/stechlin\/","name":"Naturpark Stechlin-Ruppiner Land","description":"","potentialAction":[{"@type":"SearchAction","target":{"@type":"EntryPoint","urlTemplate":"https:\/\/www.naturparkmagazin.de\/stechlin\/?s={search_term_string}"},"query-input":"required name=search_term_string"}],"inLanguage":"de"},{"@type":"Person","@id":"https:\/\/www.naturparkmagazin.de\/stechlin\/#\/schema\/person\/3f0d93203df21c806dd63c76d9bb28bc","name":"marioschrumpf","url":"https:\/\/www.naturparkmagazin.de\/stechlin\/author\/marioschrumpf\/"}]}},"_links":{"self":[{"href":"https:\/\/www.naturparkmagazin.de\/stechlin\/wp-json\/wp\/v2\/posts\/4849"}],"collection":[{"href":"https:\/\/www.naturparkmagazin.de\/stechlin\/wp-json\/wp\/v2\/posts"}],"about":[{"href":"https:\/\/www.naturparkmagazin.de\/stechlin\/wp-json\/wp\/v2\/types\/post"}],"author":[{"embeddable":true,"href":"https:\/\/www.naturparkmagazin.de\/stechlin\/wp-json\/wp\/v2\/users\/39"}],"replies":[{"embeddable":true,"href":"https:\/\/www.naturparkmagazin.de\/stechlin\/wp-json\/wp\/v2\/comments?post=4849"}],"version-history":[{"count":5,"href":"https:\/\/www.naturparkmagazin.de\/stechlin\/wp-json\/wp\/v2\/posts\/4849\/revisions"}],"predecessor-version":[{"id":4919,"href":"https:\/\/www.naturparkmagazin.de\/stechlin\/wp-json\/wp\/v2\/posts\/4849\/revisions\/4919"}],"wp:featuredmedia":[{"embeddable":true,"href":"https:\/\/www.naturparkmagazin.de\/stechlin\/wp-json\/wp\/v2\/media\/4857"}],"wp:attachment":[{"href":"https:\/\/www.naturparkmagazin.de\/stechlin\/wp-json\/wp\/v2\/media?parent=4849"}],"wp:term":[{"taxonomy":"category","embeddable":true,"href":"https:\/\/www.naturparkmagazin.de\/stechlin\/wp-json\/wp\/v2\/categories?post=4849"},{"taxonomy":"post_tag","embeddable":true,"href":"https:\/\/www.naturparkmagazin.de\/stechlin\/wp-json\/wp\/v2\/tags?post=4849"}],"curies":[{"name":"wp","href":"https:\/\/api.w.org\/{rel}","templated":true}]}}