{"id":4864,"date":"2016-12-13T08:31:42","date_gmt":"2016-12-13T07:31:42","guid":{"rendered":"http:\/\/www.naturparkmagazin.de\/stechlin\/?p=4864"},"modified":"2016-12-16T16:22:01","modified_gmt":"2016-12-16T15:22:01","slug":"berlin-brandenburger-wanderplan-2017-erschienen","status":"publish","type":"post","link":"https:\/\/www.naturparkmagazin.de\/stechlin\/berlin-brandenburger-wanderplan-2017-erschienen\/","title":{"rendered":"Berlin-Brandenburger Wanderplan 2017 erschienen"},"content":{"rendered":"<p><a href=\"https:\/\/www.naturparkmagazin.de\/stechlin\/wp-content\/uploads\/sites\/38\/Wanderplan-20171.jpg\"><img decoding=\"async\" loading=\"lazy\" class=\"alignleft size-full wp-image-4866\" src=\"https:\/\/www.naturparkmagazin.de\/stechlin\/wp-content\/uploads\/sites\/38\/Wanderplan-20171.jpg\" alt=\"NP SRL\/Archiv\" width=\"150\" height=\"220\" \/>\n<\/a><\/p>\n<p>&nbsp;<\/p>\n<p>&nbsp;<\/p>\n<p>&nbsp;<\/p>\n<p>&nbsp;<\/p>\n<p>&nbsp;<\/p>\n<p>&nbsp;<\/p>\n<p>&nbsp;<\/p>\n<p>Zahlreiche Vorschl\u00e4ge zum Mitwandern, u.a. auch im Naturpark, unterbreitet der Wanderplan des Berliner Wanderverbandes e. V.<\/p>\n<p>Auf 100 Seiten k\u00f6nnen Wanderfreunde zwischen Januar und Dezember aus einer Vielzahl organisierter Wanderungen ausw\u00e4hlen. Dank der guten Beziehungen zum Pr\u00e4sidenten, Dr. Wolfgang Pagel, sind auch zahlreiche Termine in unserem Naturpark im Programm.<\/p>\n<p><a href=\"https:\/\/www.naturparkmagazin.de\/stechlin\/wp-content\/uploads\/sites\/38\/Logo-2017-Wandertag.jpg\"><img decoding=\"async\" loading=\"lazy\" class=\"alignleft size-thumbnail wp-image-4868\" src=\"https:\/\/www.naturparkmagazin.de\/stechlin\/wp-content\/uploads\/sites\/38\/Logo-2017-Wandertag-300x301.jpg\" alt=\"NP SRL\/VDN\" width=\"300\" height=\"301\" srcset=\"https:\/\/www.naturparkmagazin.de\/stechlin\/wp-content\/uploads\/sites\/38\/Logo-2017-Wandertag-300x301.jpg 300w, https:\/\/www.naturparkmagazin.de\/stechlin\/wp-content\/uploads\/sites\/38\/Logo-2017-Wandertag-620x622.jpg 620w, https:\/\/www.naturparkmagazin.de\/stechlin\/wp-content\/uploads\/sites\/38\/Logo-2017-Wandertag-200x201.jpg 200w, https:\/\/www.naturparkmagazin.de\/stechlin\/wp-content\/uploads\/sites\/38\/Logo-2017-Wandertag-30x30.jpg 30w, https:\/\/www.naturparkmagazin.de\/stechlin\/wp-content\/uploads\/sites\/38\/Logo-2017-Wandertag-670x672.jpg 670w, https:\/\/www.naturparkmagazin.de\/stechlin\/wp-content\/uploads\/sites\/38\/Logo-2017-Wandertag.jpg 870w\" sizes=\"(max-width: 300px) 100vw, 300px\" \/><\/a><\/p>\n<p>&nbsp;<\/p>\n<p>&nbsp;<\/p>\n<p>&nbsp;<\/p>\n<p>&nbsp;<\/p>\n<p>&nbsp;<\/p>\n<p>&nbsp;<\/p>\n<p>&nbsp;<\/p>\n<p>&nbsp;<\/p>\n<p>&nbsp;<\/p>\n<p>&nbsp;<\/p>\n<p>&nbsp;<\/p>\n<p>&nbsp;<\/p>\n<p>So l\u00e4dt der Pr\u00e4sident h\u00f6chstpers\u00f6nlich am 20. Mai im Rahmen des <strong>Bundesweiten Naturpark-Wandertages<\/strong> in die Kyritz-Ruppiner Heide ein. Vom Bahnhof Rheinsberg geht es \u00fcber 33 km durch die Ruppiner Schweiz \u00fcber Neuglienicke durch die Heide nach Rossow bis zum Bahnhof Fretzdorf.<\/p>\n<p>Natur- und Landschaftsf\u00fchrerin Renate Fechner geht am 1.7., 12.8. und 14.10. auf Exkursion ins NSG Stechlin, w\u00e4hrend im Rahmen der integrativen Sportveranstaltung &#8222;<em>Aktiv im Ruppiner Seenland<\/em>&#8220; am 16. September die Roofensee-Wanderung \u00fcber 20 bzw. 34 km startet.<\/p>\n<p><a href=\"https:\/\/www.naturparkmagazin.de\/stechlin\/wp-content\/uploads\/sites\/38\/k-DSC_00061.jpg\"><img decoding=\"async\" loading=\"lazy\" class=\"alignleft size-thumbnail wp-image-1666\" src=\"https:\/\/www.naturparkmagazin.de\/stechlin\/wp-content\/uploads\/sites\/38\/k-DSC_00061-300x225.jpg\" alt=\"NP SRL\/Dr. Mario Schrumpf\" width=\"300\" height=\"225\" srcset=\"https:\/\/www.naturparkmagazin.de\/stechlin\/wp-content\/uploads\/sites\/38\/k-DSC_00061-300x225.jpg 300w, https:\/\/www.naturparkmagazin.de\/stechlin\/wp-content\/uploads\/sites\/38\/k-DSC_00061-620x465.jpg 620w, https:\/\/www.naturparkmagazin.de\/stechlin\/wp-content\/uploads\/sites\/38\/k-DSC_00061-580x435.jpg 580w, https:\/\/www.naturparkmagazin.de\/stechlin\/wp-content\/uploads\/sites\/38\/k-DSC_00061-420x315.jpg 420w, https:\/\/www.naturparkmagazin.de\/stechlin\/wp-content\/uploads\/sites\/38\/k-DSC_00061-180x135.jpg 180w, https:\/\/www.naturparkmagazin.de\/stechlin\/wp-content\/uploads\/sites\/38\/k-DSC_00061-95x71.jpg 95w, https:\/\/www.naturparkmagazin.de\/stechlin\/wp-content\/uploads\/sites\/38\/k-DSC_00061-200x150.jpg 200w, https:\/\/www.naturparkmagazin.de\/stechlin\/wp-content\/uploads\/sites\/38\/k-DSC_00061.jpg 640w\" sizes=\"(max-width: 300px) 100vw, 300px\" \/><\/a><\/p>\n<p>&nbsp;<\/p>\n<p>&nbsp;<\/p>\n<p>&nbsp;<\/p>\n<p>&nbsp;<\/p>\n<p>&nbsp;<\/p>\n<p>&nbsp;<\/p>\n<p>&nbsp;<\/p>\n<p>&nbsp;<\/p>\n<p>&nbsp;<\/p>\n<p>Peter Krause, Gesch\u00e4ftsf\u00fchrer des Landestourismusverbandes sowie des Tourismusverbandes Ruppiner Seenland e. V. und Kuratoriumsvorsitzender unseres Naturparks hat \u00fcbrigens ein Gru\u00dfwort beigesteuert.<\/p>\n<p>Der Berlin-Brandenburger Wanderplan kann f\u00fcr eine Schutzgeb\u00fchr von 3 \u20ac + 2 \u20ac Versandkostenpauschale \u00fcber Tel.: 030\/64496897 oder per E-Mail <a href=\"mailto:bbw@berliner-wanderverband.de\">bbw@berliner-wanderverband.de<\/a> bestellt werden.<\/p>\n<p>&nbsp;<\/p>\n<div id=\"attachment_2990\" style=\"width: 310px\" class=\"wp-caption alignleft\"><a href=\"https:\/\/www.naturparkmagazin.de\/stechlin\/wp-content\/uploads\/sites\/38\/k-IGB_klein-2.jpg\"><img aria-describedby=\"caption-attachment-2990\" decoding=\"async\" loading=\"lazy\" class=\"size-thumbnail wp-image-2990\" src=\"https:\/\/www.naturparkmagazin.de\/stechlin\/wp-content\/uploads\/sites\/38\/k-IGB_klein-2-300x200.jpg\" alt=\"Herbstlicher Uferweg am Roofensee\" width=\"300\" height=\"200\" srcset=\"https:\/\/www.naturparkmagazin.de\/stechlin\/wp-content\/uploads\/sites\/38\/k-IGB_klein-2-300x200.jpg 300w, https:\/\/www.naturparkmagazin.de\/stechlin\/wp-content\/uploads\/sites\/38\/k-IGB_klein-2-620x413.jpg 620w, https:\/\/www.naturparkmagazin.de\/stechlin\/wp-content\/uploads\/sites\/38\/k-IGB_klein-2-940x627.jpg 940w, https:\/\/www.naturparkmagazin.de\/stechlin\/wp-content\/uploads\/sites\/38\/k-IGB_klein-2-670x447.jpg 670w, https:\/\/www.naturparkmagazin.de\/stechlin\/wp-content\/uploads\/sites\/38\/k-IGB_klein-2-200x133.jpg 200w, https:\/\/www.naturparkmagazin.de\/stechlin\/wp-content\/uploads\/sites\/38\/k-IGB_klein-2.jpg 960w\" sizes=\"(max-width: 300px) 100vw, 300px\" \/><\/a><p id=\"caption-attachment-2990\" class=\"wp-caption-text\">Herbstlicher Uferweg am Roofensee<\/p><\/div>\n<p><a href=\"https:\/\/www.naturparkmagazin.de\/stechlin\/wp-content\/uploads\/sites\/38\/Logo-2017-Wandertag.jpg\">\n<\/a><\/p>\n","protected":false},"excerpt":{"rendered":"<p>Zahlreiche Vorschl\u00e4ge zum Mitwandern, u.a. auch im Naturpark, unterbreitet der Wanderplan des Berliner Wanderverbandes e. V.<\/p>\n","protected":false},"author":39,"featured_media":4865,"comment_status":"open","ping_status":"open","sticky":false,"template":"","format":"standard","meta":[],"categories":[11],"tags":[],"yoast_head":"<!-- This site is optimized with the Yoast SEO plugin v19.10 - https:\/\/yoast.com\/wordpress\/plugins\/seo\/ -->\n<title>Berlin-Brandenburger Wanderplan 2017 erschienen - Naturpark Stechlin-Ruppiner Land<\/title>\n<meta name=\"robots\" content=\"index, follow, max-snippet:-1, max-image-preview:large, max-video-preview:-1\" \/>\n<link rel=\"canonical\" href=\"https:\/\/www.naturparkmagazin.de\/stechlin\/berlin-brandenburger-wanderplan-2017-erschienen\/\" \/>\n<meta property=\"og:locale\" content=\"de_DE\" \/>\n<meta property=\"og:type\" content=\"article\" \/>\n<meta property=\"og:title\" content=\"Berlin-Brandenburger Wanderplan 2017 erschienen - Naturpark Stechlin-Ruppiner Land\" \/>\n<meta property=\"og:description\" content=\"Zahlreiche Vorschl\u00e4ge zum Mitwandern, u.a. auch im Naturpark, unterbreitet der Wanderplan des Berliner Wanderverbandes e. V.\" \/>\n<meta property=\"og:url\" content=\"https:\/\/www.naturparkmagazin.de\/stechlin\/berlin-brandenburger-wanderplan-2017-erschienen\/\" \/>\n<meta property=\"og:site_name\" content=\"Naturpark Stechlin-Ruppiner Land\" \/>\n<meta property=\"article:published_time\" content=\"2016-12-13T07:31:42+00:00\" \/>\n<meta property=\"article:modified_time\" content=\"2016-12-16T15:22:01+00:00\" \/>\n<meta property=\"og:image\" content=\"https:\/\/www.naturparkmagazin.de\/stechlin\/wp-content\/uploads\/sites\/38\/Wanderplan-2017.jpg\" \/>\n\t<meta property=\"og:image:width\" content=\"200\" \/>\n\t<meta property=\"og:image:height\" content=\"200\" \/>\n\t<meta property=\"og:image:type\" content=\"image\/jpeg\" \/>\n<meta name=\"author\" content=\"marioschrumpf\" \/>\n<meta name=\"twitter:label1\" content=\"Verfasst von\" \/>\n\t<meta name=\"twitter:data1\" content=\"marioschrumpf\" \/>\n\t<meta name=\"twitter:label2\" content=\"Gesch\u00e4tzte Lesezeit\" \/>\n\t<meta name=\"twitter:data2\" content=\"1\u00a0Minute\" \/>\n<script type=\"application\/ld+json\" class=\"yoast-schema-graph\">{\"@context\":\"https:\/\/schema.org\",\"@graph\":[{\"@type\":\"WebPage\",\"@id\":\"https:\/\/www.naturparkmagazin.de\/stechlin\/berlin-brandenburger-wanderplan-2017-erschienen\/\",\"url\":\"https:\/\/www.naturparkmagazin.de\/stechlin\/berlin-brandenburger-wanderplan-2017-erschienen\/\",\"name\":\"Berlin-Brandenburger Wanderplan 2017 erschienen - Naturpark Stechlin-Ruppiner Land\",\"isPartOf\":{\"@id\":\"https:\/\/www.naturparkmagazin.de\/stechlin\/#website\"},\"datePublished\":\"2016-12-13T07:31:42+00:00\",\"dateModified\":\"2016-12-16T15:22:01+00:00\",\"author\":{\"@id\":\"https:\/\/www.naturparkmagazin.de\/stechlin\/#\/schema\/person\/3f0d93203df21c806dd63c76d9bb28bc\"},\"breadcrumb\":{\"@id\":\"https:\/\/www.naturparkmagazin.de\/stechlin\/berlin-brandenburger-wanderplan-2017-erschienen\/#breadcrumb\"},\"inLanguage\":\"de\",\"potentialAction\":[{\"@type\":\"ReadAction\",\"target\":[\"https:\/\/www.naturparkmagazin.de\/stechlin\/berlin-brandenburger-wanderplan-2017-erschienen\/\"]}]},{\"@type\":\"BreadcrumbList\",\"@id\":\"https:\/\/www.naturparkmagazin.de\/stechlin\/berlin-brandenburger-wanderplan-2017-erschienen\/#breadcrumb\",\"itemListElement\":[{\"@type\":\"ListItem\",\"position\":1,\"name\":\"Home\",\"item\":\"https:\/\/www.naturparkmagazin.de\/stechlin\/\"},{\"@type\":\"ListItem\",\"position\":2,\"name\":\"Berlin-Brandenburger Wanderplan 2017 erschienen\"}]},{\"@type\":\"WebSite\",\"@id\":\"https:\/\/www.naturparkmagazin.de\/stechlin\/#website\",\"url\":\"https:\/\/www.naturparkmagazin.de\/stechlin\/\",\"name\":\"Naturpark Stechlin-Ruppiner Land\",\"description\":\"\",\"potentialAction\":[{\"@type\":\"SearchAction\",\"target\":{\"@type\":\"EntryPoint\",\"urlTemplate\":\"https:\/\/www.naturparkmagazin.de\/stechlin\/?s={search_term_string}\"},\"query-input\":\"required name=search_term_string\"}],\"inLanguage\":\"de\"},{\"@type\":\"Person\",\"@id\":\"https:\/\/www.naturparkmagazin.de\/stechlin\/#\/schema\/person\/3f0d93203df21c806dd63c76d9bb28bc\",\"name\":\"marioschrumpf\",\"url\":\"https:\/\/www.naturparkmagazin.de\/stechlin\/author\/marioschrumpf\/\"}]}<\/script>\n<!-- \/ Yoast SEO plugin. -->","yoast_head_json":{"title":"Berlin-Brandenburger Wanderplan 2017 erschienen - Naturpark Stechlin-Ruppiner Land","robots":{"index":"index","follow":"follow","max-snippet":"max-snippet:-1","max-image-preview":"max-image-preview:large","max-video-preview":"max-video-preview:-1"},"canonical":"https:\/\/www.naturparkmagazin.de\/stechlin\/berlin-brandenburger-wanderplan-2017-erschienen\/","og_locale":"de_DE","og_type":"article","og_title":"Berlin-Brandenburger Wanderplan 2017 erschienen - Naturpark Stechlin-Ruppiner Land","og_description":"Zahlreiche Vorschl\u00e4ge zum Mitwandern, u.a. auch im Naturpark, unterbreitet der Wanderplan des Berliner Wanderverbandes e. V.","og_url":"https:\/\/www.naturparkmagazin.de\/stechlin\/berlin-brandenburger-wanderplan-2017-erschienen\/","og_site_name":"Naturpark Stechlin-Ruppiner Land","article_published_time":"2016-12-13T07:31:42+00:00","article_modified_time":"2016-12-16T15:22:01+00:00","og_image":[{"width":200,"height":200,"url":"https:\/\/www.naturparkmagazin.de\/stechlin\/wp-content\/uploads\/sites\/38\/Wanderplan-2017.jpg","type":"image\/jpeg"}],"author":"marioschrumpf","twitter_misc":{"Verfasst von":"marioschrumpf","Gesch\u00e4tzte Lesezeit":"1\u00a0Minute"},"schema":{"@context":"https:\/\/schema.org","@graph":[{"@type":"WebPage","@id":"https:\/\/www.naturparkmagazin.de\/stechlin\/berlin-brandenburger-wanderplan-2017-erschienen\/","url":"https:\/\/www.naturparkmagazin.de\/stechlin\/berlin-brandenburger-wanderplan-2017-erschienen\/","name":"Berlin-Brandenburger Wanderplan 2017 erschienen - Naturpark Stechlin-Ruppiner Land","isPartOf":{"@id":"https:\/\/www.naturparkmagazin.de\/stechlin\/#website"},"datePublished":"2016-12-13T07:31:42+00:00","dateModified":"2016-12-16T15:22:01+00:00","author":{"@id":"https:\/\/www.naturparkmagazin.de\/stechlin\/#\/schema\/person\/3f0d93203df21c806dd63c76d9bb28bc"},"breadcrumb":{"@id":"https:\/\/www.naturparkmagazin.de\/stechlin\/berlin-brandenburger-wanderplan-2017-erschienen\/#breadcrumb"},"inLanguage":"de","potentialAction":[{"@type":"ReadAction","target":["https:\/\/www.naturparkmagazin.de\/stechlin\/berlin-brandenburger-wanderplan-2017-erschienen\/"]}]},{"@type":"BreadcrumbList","@id":"https:\/\/www.naturparkmagazin.de\/stechlin\/berlin-brandenburger-wanderplan-2017-erschienen\/#breadcrumb","itemListElement":[{"@type":"ListItem","position":1,"name":"Home","item":"https:\/\/www.naturparkmagazin.de\/stechlin\/"},{"@type":"ListItem","position":2,"name":"Berlin-Brandenburger Wanderplan 2017 erschienen"}]},{"@type":"WebSite","@id":"https:\/\/www.naturparkmagazin.de\/stechlin\/#website","url":"https:\/\/www.naturparkmagazin.de\/stechlin\/","name":"Naturpark Stechlin-Ruppiner Land","description":"","potentialAction":[{"@type":"SearchAction","target":{"@type":"EntryPoint","urlTemplate":"https:\/\/www.naturparkmagazin.de\/stechlin\/?s={search_term_string}"},"query-input":"required name=search_term_string"}],"inLanguage":"de"},{"@type":"Person","@id":"https:\/\/www.naturparkmagazin.de\/stechlin\/#\/schema\/person\/3f0d93203df21c806dd63c76d9bb28bc","name":"marioschrumpf","url":"https:\/\/www.naturparkmagazin.de\/stechlin\/author\/marioschrumpf\/"}]}},"_links":{"self":[{"href":"https:\/\/www.naturparkmagazin.de\/stechlin\/wp-json\/wp\/v2\/posts\/4864"}],"collection":[{"href":"https:\/\/www.naturparkmagazin.de\/stechlin\/wp-json\/wp\/v2\/posts"}],"about":[{"href":"https:\/\/www.naturparkmagazin.de\/stechlin\/wp-json\/wp\/v2\/types\/post"}],"author":[{"embeddable":true,"href":"https:\/\/www.naturparkmagazin.de\/stechlin\/wp-json\/wp\/v2\/users\/39"}],"replies":[{"embeddable":true,"href":"https:\/\/www.naturparkmagazin.de\/stechlin\/wp-json\/wp\/v2\/comments?post=4864"}],"version-history":[{"count":7,"href":"https:\/\/www.naturparkmagazin.de\/stechlin\/wp-json\/wp\/v2\/posts\/4864\/revisions"}],"predecessor-version":[{"id":4942,"href":"https:\/\/www.naturparkmagazin.de\/stechlin\/wp-json\/wp\/v2\/posts\/4864\/revisions\/4942"}],"wp:featuredmedia":[{"embeddable":true,"href":"https:\/\/www.naturparkmagazin.de\/stechlin\/wp-json\/wp\/v2\/media\/4865"}],"wp:attachment":[{"href":"https:\/\/www.naturparkmagazin.de\/stechlin\/wp-json\/wp\/v2\/media?parent=4864"}],"wp:term":[{"taxonomy":"category","embeddable":true,"href":"https:\/\/www.naturparkmagazin.de\/stechlin\/wp-json\/wp\/v2\/categories?post=4864"},{"taxonomy":"post_tag","embeddable":true,"href":"https:\/\/www.naturparkmagazin.de\/stechlin\/wp-json\/wp\/v2\/tags?post=4864"}],"curies":[{"name":"wp","href":"https:\/\/api.w.org\/{rel}","templated":true}]}}