{"id":4873,"date":"2016-12-13T09:21:28","date_gmt":"2016-12-13T08:21:28","guid":{"rendered":"http:\/\/www.naturparkmagazin.de\/stechlin\/?p=4873"},"modified":"2016-12-13T13:31:20","modified_gmt":"2016-12-13T12:31:20","slug":"kuratorium-tagte-in-neuglobsow","status":"publish","type":"post","link":"https:\/\/www.naturparkmagazin.de\/stechlin\/kuratorium-tagte-in-neuglobsow\/","title":{"rendered":"Kuratorium tagte in Neuglobsow"},"content":{"rendered":"<p>Am 6. Dezember traf sich das Kuratorium des Naturparks zur 2. Sitzung im Jahr 2016. Gastgeber war das Leibniz-Institut f\u00fcr Gew\u00e4sser\u00f6kologie und Binnenfischerei (IGB) in Neuglobsow.<\/p>\n<div id=\"attachment_4880\" style=\"width: 310px\" class=\"wp-caption alignleft\"><a href=\"https:\/\/www.naturparkmagazin.de\/stechlin\/wp-content\/uploads\/sites\/38\/Kuratorium-0612161.jpg\"><img aria-describedby=\"caption-attachment-4880\" decoding=\"async\" loading=\"lazy\" class=\"size-thumbnail wp-image-4880\" src=\"https:\/\/www.naturparkmagazin.de\/stechlin\/wp-content\/uploads\/sites\/38\/Kuratorium-0612161-300x180.jpg\" alt=\"Dr. Peter Kasprzak referiert \u00fcber den aktuellen Zustand des Stechlin\" width=\"300\" height=\"180\" srcset=\"https:\/\/www.naturparkmagazin.de\/stechlin\/wp-content\/uploads\/sites\/38\/Kuratorium-0612161-300x180.jpg 300w, https:\/\/www.naturparkmagazin.de\/stechlin\/wp-content\/uploads\/sites\/38\/Kuratorium-0612161.jpg 500w, https:\/\/www.naturparkmagazin.de\/stechlin\/wp-content\/uploads\/sites\/38\/Kuratorium-0612161-200x120.jpg 200w\" sizes=\"(max-width: 300px) 100vw, 300px\" \/><\/a><p id=\"caption-attachment-4880\" class=\"wp-caption-text\">Dr. Peter Kasprzak referierte \u00fcber den aktuellen Zustand des Stechlin<\/p><\/div>\n<p>&nbsp;<\/p>\n<p>&nbsp;<\/p>\n<p>&nbsp;<\/p>\n<p>&nbsp;<\/p>\n<p>&nbsp;<\/p>\n<p>&nbsp;<\/p>\n<p>&nbsp;<\/p>\n<p>&nbsp;<\/p>\n<p>&nbsp;<\/p>\n<p>Dr. Peter Kasprzak berichtete \u00fcber die Arbeit des IGB am Standort Neuglobsow und referierte \u00fcber die aktuelle Situation des Gro\u00dfen Stechlinsees.<\/p>\n<p>Naturparkleiter Mario Schrumpf informierte \u00fcber die Aktivit\u00e4ten der Naturparkverwaltung seit der letzten Sitzung im Fr\u00fchjahr und gab einen Ausblick auf bevorstehende Termine.<\/p>\n<p>Silke Oldorff stellte das Projekt &#8222;<em>Tauchen f\u00fcr den Naturschutz<\/em>&#8220; vor bei dem NABU und Verband Deutscher Sporttaucher Hand in Hand arbeiten.<\/p>\n<div id=\"attachment_4881\" style=\"width: 310px\" class=\"wp-caption alignleft\"><a href=\"https:\/\/www.naturparkmagazin.de\/stechlin\/wp-content\/uploads\/sites\/38\/Kuratorium-061216_2.jpg\"><img aria-describedby=\"caption-attachment-4881\" decoding=\"async\" loading=\"lazy\" class=\"size-thumbnail wp-image-4881\" src=\"https:\/\/www.naturparkmagazin.de\/stechlin\/wp-content\/uploads\/sites\/38\/Kuratorium-061216_2-300x180.jpg\" alt=\"Silke Oldorff stellt das Projekt &quot;Tauchen f\u00fcr den Naturschutz&quot; vor\" width=\"300\" height=\"180\" srcset=\"https:\/\/www.naturparkmagazin.de\/stechlin\/wp-content\/uploads\/sites\/38\/Kuratorium-061216_2-300x180.jpg 300w, https:\/\/www.naturparkmagazin.de\/stechlin\/wp-content\/uploads\/sites\/38\/Kuratorium-061216_2.jpg 500w, https:\/\/www.naturparkmagazin.de\/stechlin\/wp-content\/uploads\/sites\/38\/Kuratorium-061216_2-200x120.jpg 200w\" sizes=\"(max-width: 300px) 100vw, 300px\" \/><\/a><p id=\"caption-attachment-4881\" class=\"wp-caption-text\">Silke Oldorff\u00a0pr\u00e4sentiert das Projekt &#8222;Tauchen f\u00fcr den Naturschutz&#8220;<\/p><\/div>\n<p>&nbsp;<\/p>\n<p>&nbsp;<\/p>\n<p>&nbsp;<\/p>\n<p>&nbsp;<\/p>\n<p>&nbsp;<\/p>\n<p>&nbsp;<\/p>\n<p>&nbsp;<\/p>\n<p>&nbsp;<\/p>\n<p>&nbsp;<\/p>\n<p>Werner N\u00fcse, Vizelandrat im Landkreises Ostprignitz-Ruppin gab einen \u00dcberblick \u00fcber die gemeinsame Sitzung der Kuratoriumsvorsitzenden der Brandenburgischen Nationalen Naturlandschaften mit der Umweltstaatssekret\u00e4rin Frau Dr. Schilde. Sie informierte die Vorsitzenden aus erster Hand \u00fcber die Entscheidung des Umweltministeriums im Zuge der Funktionalreform zu empfehlen, die Naturparke in der Landesverwaltung zu belassen und nicht an die Landkreise auszugliedern.<\/p>\n<p>Des weiteren berichtete Werner N\u00fcse \u00fcber den Antrag des Landkreises Ostprignitz-Ruppin an das Umweltministerium zur Ausweitung des Naturparks auf die gesamte Kyritz-Ruppiner Heide.<\/p>\n","protected":false},"excerpt":{"rendered":"<p>Am 6. Dezember traf sich das Kuratorium des Naturparks zur 2. Sitzung im Jahr 2016. <\/p>\n","protected":false},"author":39,"featured_media":4879,"comment_status":"open","ping_status":"open","sticky":false,"template":"","format":"standard","meta":[],"categories":[7],"tags":[],"yoast_head":"<!-- This site is optimized with the Yoast SEO plugin v19.10 - https:\/\/yoast.com\/wordpress\/plugins\/seo\/ -->\n<title>Kuratorium tagte in Neuglobsow - Naturpark Stechlin-Ruppiner Land<\/title>\n<meta name=\"robots\" content=\"index, follow, max-snippet:-1, max-image-preview:large, max-video-preview:-1\" \/>\n<link rel=\"canonical\" href=\"https:\/\/www.naturparkmagazin.de\/stechlin\/kuratorium-tagte-in-neuglobsow\/\" \/>\n<meta property=\"og:locale\" content=\"de_DE\" \/>\n<meta property=\"og:type\" content=\"article\" \/>\n<meta property=\"og:title\" content=\"Kuratorium tagte in Neuglobsow - Naturpark Stechlin-Ruppiner Land\" \/>\n<meta property=\"og:description\" content=\"Am 6. Dezember traf sich das Kuratorium des Naturparks zur 2. Sitzung im Jahr 2016.\" \/>\n<meta property=\"og:url\" content=\"https:\/\/www.naturparkmagazin.de\/stechlin\/kuratorium-tagte-in-neuglobsow\/\" \/>\n<meta property=\"og:site_name\" content=\"Naturpark Stechlin-Ruppiner Land\" \/>\n<meta property=\"article:published_time\" content=\"2016-12-13T08:21:28+00:00\" \/>\n<meta property=\"article:modified_time\" content=\"2016-12-13T12:31:20+00:00\" \/>\n<meta property=\"og:image\" content=\"https:\/\/www.naturparkmagazin.de\/stechlin\/wp-content\/uploads\/sites\/38\/Kuratorium-061216.jpg\" \/>\n\t<meta property=\"og:image:width\" content=\"200\" \/>\n\t<meta property=\"og:image:height\" content=\"200\" \/>\n\t<meta property=\"og:image:type\" content=\"image\/jpeg\" \/>\n<meta name=\"author\" content=\"marioschrumpf\" \/>\n<meta name=\"twitter:label1\" content=\"Verfasst von\" \/>\n\t<meta name=\"twitter:data1\" content=\"marioschrumpf\" \/>\n\t<meta name=\"twitter:label2\" content=\"Gesch\u00e4tzte Lesezeit\" \/>\n\t<meta name=\"twitter:data2\" content=\"1\u00a0Minute\" \/>\n<script type=\"application\/ld+json\" class=\"yoast-schema-graph\">{\"@context\":\"https:\/\/schema.org\",\"@graph\":[{\"@type\":\"WebPage\",\"@id\":\"https:\/\/www.naturparkmagazin.de\/stechlin\/kuratorium-tagte-in-neuglobsow\/\",\"url\":\"https:\/\/www.naturparkmagazin.de\/stechlin\/kuratorium-tagte-in-neuglobsow\/\",\"name\":\"Kuratorium tagte in Neuglobsow - Naturpark Stechlin-Ruppiner Land\",\"isPartOf\":{\"@id\":\"https:\/\/www.naturparkmagazin.de\/stechlin\/#website\"},\"datePublished\":\"2016-12-13T08:21:28+00:00\",\"dateModified\":\"2016-12-13T12:31:20+00:00\",\"author\":{\"@id\":\"https:\/\/www.naturparkmagazin.de\/stechlin\/#\/schema\/person\/3f0d93203df21c806dd63c76d9bb28bc\"},\"breadcrumb\":{\"@id\":\"https:\/\/www.naturparkmagazin.de\/stechlin\/kuratorium-tagte-in-neuglobsow\/#breadcrumb\"},\"inLanguage\":\"de\",\"potentialAction\":[{\"@type\":\"ReadAction\",\"target\":[\"https:\/\/www.naturparkmagazin.de\/stechlin\/kuratorium-tagte-in-neuglobsow\/\"]}]},{\"@type\":\"BreadcrumbList\",\"@id\":\"https:\/\/www.naturparkmagazin.de\/stechlin\/kuratorium-tagte-in-neuglobsow\/#breadcrumb\",\"itemListElement\":[{\"@type\":\"ListItem\",\"position\":1,\"name\":\"Home\",\"item\":\"https:\/\/www.naturparkmagazin.de\/stechlin\/\"},{\"@type\":\"ListItem\",\"position\":2,\"name\":\"Kuratorium tagte in Neuglobsow\"}]},{\"@type\":\"WebSite\",\"@id\":\"https:\/\/www.naturparkmagazin.de\/stechlin\/#website\",\"url\":\"https:\/\/www.naturparkmagazin.de\/stechlin\/\",\"name\":\"Naturpark Stechlin-Ruppiner Land\",\"description\":\"\",\"potentialAction\":[{\"@type\":\"SearchAction\",\"target\":{\"@type\":\"EntryPoint\",\"urlTemplate\":\"https:\/\/www.naturparkmagazin.de\/stechlin\/?s={search_term_string}\"},\"query-input\":\"required name=search_term_string\"}],\"inLanguage\":\"de\"},{\"@type\":\"Person\",\"@id\":\"https:\/\/www.naturparkmagazin.de\/stechlin\/#\/schema\/person\/3f0d93203df21c806dd63c76d9bb28bc\",\"name\":\"marioschrumpf\",\"url\":\"https:\/\/www.naturparkmagazin.de\/stechlin\/author\/marioschrumpf\/\"}]}<\/script>\n<!-- \/ Yoast SEO plugin. -->","yoast_head_json":{"title":"Kuratorium tagte in Neuglobsow - Naturpark Stechlin-Ruppiner Land","robots":{"index":"index","follow":"follow","max-snippet":"max-snippet:-1","max-image-preview":"max-image-preview:large","max-video-preview":"max-video-preview:-1"},"canonical":"https:\/\/www.naturparkmagazin.de\/stechlin\/kuratorium-tagte-in-neuglobsow\/","og_locale":"de_DE","og_type":"article","og_title":"Kuratorium tagte in Neuglobsow - Naturpark Stechlin-Ruppiner Land","og_description":"Am 6. Dezember traf sich das Kuratorium des Naturparks zur 2. Sitzung im Jahr 2016.","og_url":"https:\/\/www.naturparkmagazin.de\/stechlin\/kuratorium-tagte-in-neuglobsow\/","og_site_name":"Naturpark Stechlin-Ruppiner Land","article_published_time":"2016-12-13T08:21:28+00:00","article_modified_time":"2016-12-13T12:31:20+00:00","og_image":[{"width":200,"height":200,"url":"https:\/\/www.naturparkmagazin.de\/stechlin\/wp-content\/uploads\/sites\/38\/Kuratorium-061216.jpg","type":"image\/jpeg"}],"author":"marioschrumpf","twitter_misc":{"Verfasst von":"marioschrumpf","Gesch\u00e4tzte Lesezeit":"1\u00a0Minute"},"schema":{"@context":"https:\/\/schema.org","@graph":[{"@type":"WebPage","@id":"https:\/\/www.naturparkmagazin.de\/stechlin\/kuratorium-tagte-in-neuglobsow\/","url":"https:\/\/www.naturparkmagazin.de\/stechlin\/kuratorium-tagte-in-neuglobsow\/","name":"Kuratorium tagte in Neuglobsow - Naturpark Stechlin-Ruppiner Land","isPartOf":{"@id":"https:\/\/www.naturparkmagazin.de\/stechlin\/#website"},"datePublished":"2016-12-13T08:21:28+00:00","dateModified":"2016-12-13T12:31:20+00:00","author":{"@id":"https:\/\/www.naturparkmagazin.de\/stechlin\/#\/schema\/person\/3f0d93203df21c806dd63c76d9bb28bc"},"breadcrumb":{"@id":"https:\/\/www.naturparkmagazin.de\/stechlin\/kuratorium-tagte-in-neuglobsow\/#breadcrumb"},"inLanguage":"de","potentialAction":[{"@type":"ReadAction","target":["https:\/\/www.naturparkmagazin.de\/stechlin\/kuratorium-tagte-in-neuglobsow\/"]}]},{"@type":"BreadcrumbList","@id":"https:\/\/www.naturparkmagazin.de\/stechlin\/kuratorium-tagte-in-neuglobsow\/#breadcrumb","itemListElement":[{"@type":"ListItem","position":1,"name":"Home","item":"https:\/\/www.naturparkmagazin.de\/stechlin\/"},{"@type":"ListItem","position":2,"name":"Kuratorium tagte in Neuglobsow"}]},{"@type":"WebSite","@id":"https:\/\/www.naturparkmagazin.de\/stechlin\/#website","url":"https:\/\/www.naturparkmagazin.de\/stechlin\/","name":"Naturpark Stechlin-Ruppiner Land","description":"","potentialAction":[{"@type":"SearchAction","target":{"@type":"EntryPoint","urlTemplate":"https:\/\/www.naturparkmagazin.de\/stechlin\/?s={search_term_string}"},"query-input":"required name=search_term_string"}],"inLanguage":"de"},{"@type":"Person","@id":"https:\/\/www.naturparkmagazin.de\/stechlin\/#\/schema\/person\/3f0d93203df21c806dd63c76d9bb28bc","name":"marioschrumpf","url":"https:\/\/www.naturparkmagazin.de\/stechlin\/author\/marioschrumpf\/"}]}},"_links":{"self":[{"href":"https:\/\/www.naturparkmagazin.de\/stechlin\/wp-json\/wp\/v2\/posts\/4873"}],"collection":[{"href":"https:\/\/www.naturparkmagazin.de\/stechlin\/wp-json\/wp\/v2\/posts"}],"about":[{"href":"https:\/\/www.naturparkmagazin.de\/stechlin\/wp-json\/wp\/v2\/types\/post"}],"author":[{"embeddable":true,"href":"https:\/\/www.naturparkmagazin.de\/stechlin\/wp-json\/wp\/v2\/users\/39"}],"replies":[{"embeddable":true,"href":"https:\/\/www.naturparkmagazin.de\/stechlin\/wp-json\/wp\/v2\/comments?post=4873"}],"version-history":[{"count":5,"href":"https:\/\/www.naturparkmagazin.de\/stechlin\/wp-json\/wp\/v2\/posts\/4873\/revisions"}],"predecessor-version":[{"id":4882,"href":"https:\/\/www.naturparkmagazin.de\/stechlin\/wp-json\/wp\/v2\/posts\/4873\/revisions\/4882"}],"wp:featuredmedia":[{"embeddable":true,"href":"https:\/\/www.naturparkmagazin.de\/stechlin\/wp-json\/wp\/v2\/media\/4879"}],"wp:attachment":[{"href":"https:\/\/www.naturparkmagazin.de\/stechlin\/wp-json\/wp\/v2\/media?parent=4873"}],"wp:term":[{"taxonomy":"category","embeddable":true,"href":"https:\/\/www.naturparkmagazin.de\/stechlin\/wp-json\/wp\/v2\/categories?post=4873"},{"taxonomy":"post_tag","embeddable":true,"href":"https:\/\/www.naturparkmagazin.de\/stechlin\/wp-json\/wp\/v2\/tags?post=4873"}],"curies":[{"name":"wp","href":"https:\/\/api.w.org\/{rel}","templated":true}]}}