{"id":4884,"date":"2016-12-13T12:59:14","date_gmt":"2016-12-13T11:59:14","guid":{"rendered":"http:\/\/www.naturparkmagazin.de\/stechlin\/?p=4884"},"modified":"2016-12-22T12:33:25","modified_gmt":"2016-12-22T11:33:25","slug":"winterzeit-ist-waldumbauzeit","status":"publish","type":"post","link":"https:\/\/www.naturparkmagazin.de\/stechlin\/winterzeit-ist-waldumbauzeit\/","title":{"rendered":"Winterzeit ist Waldumbauzeit"},"content":{"rendered":"<p>Das EU-Life-Projekt Feuchtw\u00e4lder nutzt die Vegetationsruhe, um in Auen- und Moorw\u00e4ldern Fichten zu entnehmen.<\/p>\n<p>In den kommenden Wintermonaten zwischen Januar und Februar wird die Stiftung NaturSchutzFonds Brandenburg in Zusammenarbeit mit dem Landesbetrieb Forst und dem Piepenbrock Forstbetrieb mehrere Ma\u00dfnahmen zum \u00f6kologischen Waldumbau realisieren.<\/p>\n<p>&nbsp;<\/p>\n<div id=\"attachment_4888\" style=\"width: 310px\" class=\"wp-caption alignleft\"><a href=\"https:\/\/www.naturparkmagazin.de\/stechlin\/wp-content\/uploads\/sites\/38\/rhrhin_fichte-1.jpg\"><img aria-describedby=\"caption-attachment-4888\" decoding=\"async\" loading=\"lazy\" class=\"size-thumbnail wp-image-4888\" src=\"https:\/\/www.naturparkmagazin.de\/stechlin\/wp-content\/uploads\/sites\/38\/rhrhin_fichte-1-300x180.jpg\" alt=\"Durch die Eintiefung des Rhins sinkt der Wasserstand in der angrenzenden Aue und schafft der Fichte gute Lebensbedingungen.\" width=\"300\" height=\"180\" srcset=\"https:\/\/www.naturparkmagazin.de\/stechlin\/wp-content\/uploads\/sites\/38\/rhrhin_fichte-1-300x180.jpg 300w, https:\/\/www.naturparkmagazin.de\/stechlin\/wp-content\/uploads\/sites\/38\/rhrhin_fichte-1.jpg 500w, https:\/\/www.naturparkmagazin.de\/stechlin\/wp-content\/uploads\/sites\/38\/rhrhin_fichte-1-200x120.jpg 200w\" sizes=\"(max-width: 300px) 100vw, 300px\" \/><\/a><p id=\"caption-attachment-4888\" class=\"wp-caption-text\">Durch die Eintiefung des Rhins sinkt der Wasserstand in der angrenzenden Aue und schafft der hier nicht heimischen Fichte gute Lebensbedingungen.<\/p><\/div>\n<p>&nbsp;<\/p>\n<p>&nbsp;<\/p>\n<p>&nbsp;<\/p>\n<p>&nbsp;<\/p>\n<p>&nbsp;<\/p>\n<p>&nbsp;<\/p>\n<p>&nbsp;<\/p>\n<p>&nbsp;<\/p>\n<p>In den Mooren im Naturschutzgebiet Stechlin zwischen Rheinsberg und Menz (Landkreise Ostprignitz-Ruppin und\u00a0Oberhavel) sowie in den Auenw\u00e4ldern im Naturschutzgebiet Rheinsberger Rhin (Landkreis Ostprignitz-Ruppin) zwischen Zechow und Zippelsf\u00f6rde werden Fichten gef\u00e4llt.<\/p>\n<p>\u201e<em>Fichten sind von Natur aus im Naturpark Stechlin-Ruppiner Land nicht heimische B\u00e4ume, die entweder in der Vergangenheit angepflanzt worden oder in Folge des abgesenkten Wasserspiegels in Moore und Auen aus angrenzenden Forsten eingewandert sind. Dort verdr\u00e4ngen sie die nat\u00fcrliche Vegetation, vor allem seltene lichtbed\u00fcrftige Kr\u00e4uter und Moose<\/em>\u201c, nennt LIFE-Projektleiter Michael Zauft den Grund f\u00fcr die F\u00e4llungen.<\/p>\n<p>Fichten verdunsten viel mehr Wasser als andere Baumarten und senken so den Wasserstand in Mooren und Auen zus\u00e4tzlich ab. Gleichzeitig verdunkeln sie das ganze Jahr durch ihr dichtes Nadeldach den Boden. Ziel des EU-Life-Projektes ist es, den Lebensraum der Auen- und Moorw\u00e4lder zu verbessern, seltenen Pflanzen und Moosen wieder Wasser und Licht zu geben. So soll der Erhaltungszustand dieser europaweit\u00a0 gesch\u00fctzten Lebensr\u00e4ume nachhaltig verbessert werden.<\/p>\n<div id=\"attachment_4889\" style=\"width: 310px\" class=\"wp-caption alignleft\"><a href=\"https:\/\/www.naturparkmagazin.de\/stechlin\/wp-content\/uploads\/sites\/38\/RHRhin_fichte_3.jpg\"><img aria-describedby=\"caption-attachment-4889\" decoding=\"async\" loading=\"lazy\" class=\"size-thumbnail wp-image-4889\" src=\"https:\/\/www.naturparkmagazin.de\/stechlin\/wp-content\/uploads\/sites\/38\/RHRhin_fichte_3-300x180.jpg\" alt=\"Die Fichte wandert in den Auenwald ein.\" width=\"300\" height=\"180\" srcset=\"https:\/\/www.naturparkmagazin.de\/stechlin\/wp-content\/uploads\/sites\/38\/RHRhin_fichte_3-300x180.jpg 300w, https:\/\/www.naturparkmagazin.de\/stechlin\/wp-content\/uploads\/sites\/38\/RHRhin_fichte_3.jpg 500w, https:\/\/www.naturparkmagazin.de\/stechlin\/wp-content\/uploads\/sites\/38\/RHRhin_fichte_3-200x120.jpg 200w\" sizes=\"(max-width: 300px) 100vw, 300px\" \/><\/a><p id=\"caption-attachment-4889\" class=\"wp-caption-text\">Die Fichte wandert in den Auenwald ein.<\/p><\/div>\n<p>&nbsp;<\/p>\n<p>&nbsp;<\/p>\n<p>&nbsp;<\/p>\n<p>&nbsp;<\/p>\n<p>&nbsp;<\/p>\n<p>&nbsp;<\/p>\n<p>\u00a0Die Naturschutzma\u00dfnahme erfolgt in Zusammenarbeit von Stiftung, Naturpark Stechlin-Ruppiner Land, NABU-Stiftung Nationales Naturerbe, Landesforstbetrieb und den Piepenbrock Forstbetrieben. Gef\u00e4llt werden dabei vor allem die gro\u00dfen, alten Fichten am Rand der Moore und Auen. Hier soll \u00fcber mehrere Jahre ein Waldumbau zu Laubmischw\u00e4ldern erfolgen. Ein von der Stiftung NaturSchutzFonds Brandenburg beauftragter Forstdienstleister wird innerhalb der sensiblen Moore und Auen die aufgewachsen Jungfichten entfernen.<\/p>\n","protected":false},"excerpt":{"rendered":"<p>Das EU-Life-Projekt Feuchtw\u00e4lder nutzt die Vegetationsruhe, um in Auen- und Moorw\u00e4ldern Fichten zu entnehmen.<\/p>\n","protected":false},"author":39,"featured_media":4887,"comment_status":"open","ping_status":"open","sticky":false,"template":"","format":"standard","meta":[],"categories":[7],"tags":[],"yoast_head":"<!-- This site is optimized with the Yoast SEO plugin v19.10 - https:\/\/yoast.com\/wordpress\/plugins\/seo\/ -->\n<title>Winterzeit ist Waldumbauzeit - Naturpark Stechlin-Ruppiner Land<\/title>\n<meta name=\"robots\" content=\"index, follow, max-snippet:-1, max-image-preview:large, max-video-preview:-1\" \/>\n<link rel=\"canonical\" href=\"https:\/\/www.naturparkmagazin.de\/stechlin\/winterzeit-ist-waldumbauzeit\/\" \/>\n<meta property=\"og:locale\" content=\"de_DE\" \/>\n<meta property=\"og:type\" content=\"article\" \/>\n<meta property=\"og:title\" content=\"Winterzeit ist Waldumbauzeit - Naturpark Stechlin-Ruppiner Land\" \/>\n<meta property=\"og:description\" content=\"Das EU-Life-Projekt Feuchtw\u00e4lder nutzt die Vegetationsruhe, um in Auen- und Moorw\u00e4ldern Fichten zu entnehmen.\" \/>\n<meta property=\"og:url\" content=\"https:\/\/www.naturparkmagazin.de\/stechlin\/winterzeit-ist-waldumbauzeit\/\" \/>\n<meta property=\"og:site_name\" content=\"Naturpark Stechlin-Ruppiner Land\" \/>\n<meta property=\"article:published_time\" content=\"2016-12-13T11:59:14+00:00\" \/>\n<meta property=\"article:modified_time\" content=\"2016-12-22T11:33:25+00:00\" \/>\n<meta property=\"og:image\" content=\"https:\/\/www.naturparkmagazin.de\/stechlin\/wp-content\/uploads\/sites\/38\/Fichten_entnahmeflaeche.jpg\" \/>\n\t<meta property=\"og:image:width\" content=\"200\" \/>\n\t<meta property=\"og:image:height\" content=\"200\" \/>\n\t<meta property=\"og:image:type\" content=\"image\/jpeg\" \/>\n<meta name=\"author\" content=\"marioschrumpf\" \/>\n<meta name=\"twitter:label1\" content=\"Verfasst von\" \/>\n\t<meta name=\"twitter:data1\" content=\"marioschrumpf\" \/>\n\t<meta name=\"twitter:label2\" content=\"Gesch\u00e4tzte Lesezeit\" \/>\n\t<meta name=\"twitter:data2\" content=\"2\u00a0Minuten\" \/>\n<script type=\"application\/ld+json\" class=\"yoast-schema-graph\">{\"@context\":\"https:\/\/schema.org\",\"@graph\":[{\"@type\":\"WebPage\",\"@id\":\"https:\/\/www.naturparkmagazin.de\/stechlin\/winterzeit-ist-waldumbauzeit\/\",\"url\":\"https:\/\/www.naturparkmagazin.de\/stechlin\/winterzeit-ist-waldumbauzeit\/\",\"name\":\"Winterzeit ist Waldumbauzeit - Naturpark Stechlin-Ruppiner Land\",\"isPartOf\":{\"@id\":\"https:\/\/www.naturparkmagazin.de\/stechlin\/#website\"},\"datePublished\":\"2016-12-13T11:59:14+00:00\",\"dateModified\":\"2016-12-22T11:33:25+00:00\",\"author\":{\"@id\":\"https:\/\/www.naturparkmagazin.de\/stechlin\/#\/schema\/person\/3f0d93203df21c806dd63c76d9bb28bc\"},\"breadcrumb\":{\"@id\":\"https:\/\/www.naturparkmagazin.de\/stechlin\/winterzeit-ist-waldumbauzeit\/#breadcrumb\"},\"inLanguage\":\"de\",\"potentialAction\":[{\"@type\":\"ReadAction\",\"target\":[\"https:\/\/www.naturparkmagazin.de\/stechlin\/winterzeit-ist-waldumbauzeit\/\"]}]},{\"@type\":\"BreadcrumbList\",\"@id\":\"https:\/\/www.naturparkmagazin.de\/stechlin\/winterzeit-ist-waldumbauzeit\/#breadcrumb\",\"itemListElement\":[{\"@type\":\"ListItem\",\"position\":1,\"name\":\"Home\",\"item\":\"https:\/\/www.naturparkmagazin.de\/stechlin\/\"},{\"@type\":\"ListItem\",\"position\":2,\"name\":\"Winterzeit ist Waldumbauzeit\"}]},{\"@type\":\"WebSite\",\"@id\":\"https:\/\/www.naturparkmagazin.de\/stechlin\/#website\",\"url\":\"https:\/\/www.naturparkmagazin.de\/stechlin\/\",\"name\":\"Naturpark Stechlin-Ruppiner Land\",\"description\":\"\",\"potentialAction\":[{\"@type\":\"SearchAction\",\"target\":{\"@type\":\"EntryPoint\",\"urlTemplate\":\"https:\/\/www.naturparkmagazin.de\/stechlin\/?s={search_term_string}\"},\"query-input\":\"required name=search_term_string\"}],\"inLanguage\":\"de\"},{\"@type\":\"Person\",\"@id\":\"https:\/\/www.naturparkmagazin.de\/stechlin\/#\/schema\/person\/3f0d93203df21c806dd63c76d9bb28bc\",\"name\":\"marioschrumpf\",\"url\":\"https:\/\/www.naturparkmagazin.de\/stechlin\/author\/marioschrumpf\/\"}]}<\/script>\n<!-- \/ Yoast SEO plugin. -->","yoast_head_json":{"title":"Winterzeit ist Waldumbauzeit - Naturpark Stechlin-Ruppiner Land","robots":{"index":"index","follow":"follow","max-snippet":"max-snippet:-1","max-image-preview":"max-image-preview:large","max-video-preview":"max-video-preview:-1"},"canonical":"https:\/\/www.naturparkmagazin.de\/stechlin\/winterzeit-ist-waldumbauzeit\/","og_locale":"de_DE","og_type":"article","og_title":"Winterzeit ist Waldumbauzeit - Naturpark Stechlin-Ruppiner Land","og_description":"Das EU-Life-Projekt Feuchtw\u00e4lder nutzt die Vegetationsruhe, um in Auen- und Moorw\u00e4ldern Fichten zu entnehmen.","og_url":"https:\/\/www.naturparkmagazin.de\/stechlin\/winterzeit-ist-waldumbauzeit\/","og_site_name":"Naturpark Stechlin-Ruppiner Land","article_published_time":"2016-12-13T11:59:14+00:00","article_modified_time":"2016-12-22T11:33:25+00:00","og_image":[{"width":200,"height":200,"url":"https:\/\/www.naturparkmagazin.de\/stechlin\/wp-content\/uploads\/sites\/38\/Fichten_entnahmeflaeche.jpg","type":"image\/jpeg"}],"author":"marioschrumpf","twitter_misc":{"Verfasst von":"marioschrumpf","Gesch\u00e4tzte Lesezeit":"2\u00a0Minuten"},"schema":{"@context":"https:\/\/schema.org","@graph":[{"@type":"WebPage","@id":"https:\/\/www.naturparkmagazin.de\/stechlin\/winterzeit-ist-waldumbauzeit\/","url":"https:\/\/www.naturparkmagazin.de\/stechlin\/winterzeit-ist-waldumbauzeit\/","name":"Winterzeit ist Waldumbauzeit - Naturpark Stechlin-Ruppiner Land","isPartOf":{"@id":"https:\/\/www.naturparkmagazin.de\/stechlin\/#website"},"datePublished":"2016-12-13T11:59:14+00:00","dateModified":"2016-12-22T11:33:25+00:00","author":{"@id":"https:\/\/www.naturparkmagazin.de\/stechlin\/#\/schema\/person\/3f0d93203df21c806dd63c76d9bb28bc"},"breadcrumb":{"@id":"https:\/\/www.naturparkmagazin.de\/stechlin\/winterzeit-ist-waldumbauzeit\/#breadcrumb"},"inLanguage":"de","potentialAction":[{"@type":"ReadAction","target":["https:\/\/www.naturparkmagazin.de\/stechlin\/winterzeit-ist-waldumbauzeit\/"]}]},{"@type":"BreadcrumbList","@id":"https:\/\/www.naturparkmagazin.de\/stechlin\/winterzeit-ist-waldumbauzeit\/#breadcrumb","itemListElement":[{"@type":"ListItem","position":1,"name":"Home","item":"https:\/\/www.naturparkmagazin.de\/stechlin\/"},{"@type":"ListItem","position":2,"name":"Winterzeit ist Waldumbauzeit"}]},{"@type":"WebSite","@id":"https:\/\/www.naturparkmagazin.de\/stechlin\/#website","url":"https:\/\/www.naturparkmagazin.de\/stechlin\/","name":"Naturpark Stechlin-Ruppiner Land","description":"","potentialAction":[{"@type":"SearchAction","target":{"@type":"EntryPoint","urlTemplate":"https:\/\/www.naturparkmagazin.de\/stechlin\/?s={search_term_string}"},"query-input":"required name=search_term_string"}],"inLanguage":"de"},{"@type":"Person","@id":"https:\/\/www.naturparkmagazin.de\/stechlin\/#\/schema\/person\/3f0d93203df21c806dd63c76d9bb28bc","name":"marioschrumpf","url":"https:\/\/www.naturparkmagazin.de\/stechlin\/author\/marioschrumpf\/"}]}},"_links":{"self":[{"href":"https:\/\/www.naturparkmagazin.de\/stechlin\/wp-json\/wp\/v2\/posts\/4884"}],"collection":[{"href":"https:\/\/www.naturparkmagazin.de\/stechlin\/wp-json\/wp\/v2\/posts"}],"about":[{"href":"https:\/\/www.naturparkmagazin.de\/stechlin\/wp-json\/wp\/v2\/types\/post"}],"author":[{"embeddable":true,"href":"https:\/\/www.naturparkmagazin.de\/stechlin\/wp-json\/wp\/v2\/users\/39"}],"replies":[{"embeddable":true,"href":"https:\/\/www.naturparkmagazin.de\/stechlin\/wp-json\/wp\/v2\/comments?post=4884"}],"version-history":[{"count":4,"href":"https:\/\/www.naturparkmagazin.de\/stechlin\/wp-json\/wp\/v2\/posts\/4884\/revisions"}],"predecessor-version":[{"id":4960,"href":"https:\/\/www.naturparkmagazin.de\/stechlin\/wp-json\/wp\/v2\/posts\/4884\/revisions\/4960"}],"wp:featuredmedia":[{"embeddable":true,"href":"https:\/\/www.naturparkmagazin.de\/stechlin\/wp-json\/wp\/v2\/media\/4887"}],"wp:attachment":[{"href":"https:\/\/www.naturparkmagazin.de\/stechlin\/wp-json\/wp\/v2\/media?parent=4884"}],"wp:term":[{"taxonomy":"category","embeddable":true,"href":"https:\/\/www.naturparkmagazin.de\/stechlin\/wp-json\/wp\/v2\/categories?post=4884"},{"taxonomy":"post_tag","embeddable":true,"href":"https:\/\/www.naturparkmagazin.de\/stechlin\/wp-json\/wp\/v2\/tags?post=4884"}],"curies":[{"name":"wp","href":"https:\/\/api.w.org\/{rel}","templated":true}]}}