{"id":4892,"date":"2016-12-13T14:03:01","date_gmt":"2016-12-13T13:03:01","guid":{"rendered":"http:\/\/www.naturparkmagazin.de\/stechlin\/?p=4892"},"modified":"2016-12-22T12:31:28","modified_gmt":"2016-12-22T11:31:28","slug":"revitalisierung-eines-kleingewaessers-bei-fuerstenberghavel","status":"publish","type":"post","link":"https:\/\/www.naturparkmagazin.de\/stechlin\/revitalisierung-eines-kleingewaessers-bei-fuerstenberghavel\/","title":{"rendered":"Revitalisierung eines Kleingew\u00e4ssers bei F\u00fcrstenberg\/Havel"},"content":{"rendered":"<div id=\"attachment_4894\" style=\"width: 310px\" class=\"wp-caption alignleft\"><a href=\"https:\/\/www.naturparkmagazin.de\/stechlin\/wp-content\/uploads\/sites\/38\/Revitalisierung-Kleingew\u00e4sser-Fbg1.jpg\"><img aria-describedby=\"caption-attachment-4894\" decoding=\"async\" loading=\"lazy\" class=\"size-thumbnail wp-image-4894\" src=\"https:\/\/www.naturparkmagazin.de\/stechlin\/wp-content\/uploads\/sites\/38\/Revitalisierung-Kleingew\u00e4sser-Fbg1-300x180.jpg\" alt=\"Schon nach kurzer zeit f\u00fcllt sich das Gew\u00e4sser mit Wasser.\" width=\"300\" height=\"180\" srcset=\"https:\/\/www.naturparkmagazin.de\/stechlin\/wp-content\/uploads\/sites\/38\/Revitalisierung-Kleingew\u00e4sser-Fbg1-300x180.jpg 300w, https:\/\/www.naturparkmagazin.de\/stechlin\/wp-content\/uploads\/sites\/38\/Revitalisierung-Kleingew\u00e4sser-Fbg1.jpg 500w, https:\/\/www.naturparkmagazin.de\/stechlin\/wp-content\/uploads\/sites\/38\/Revitalisierung-Kleingew\u00e4sser-Fbg1-200x120.jpg 200w\" sizes=\"(max-width: 300px) 100vw, 300px\" \/><\/a><p id=\"caption-attachment-4894\" class=\"wp-caption-text\">Schon nach kurzer Zeit f\u00fcllt sich das Gew\u00e4sser mit Wasser.<\/p><\/div>\n<p>&nbsp;<\/p>\n<p>&nbsp;<\/p>\n<p>&nbsp;<\/p>\n<p>&nbsp;<\/p>\n<p>&nbsp;<\/p>\n<p>&nbsp;<\/p>\n<p>&nbsp;<\/p>\n<div id=\"attachment_4906\" style=\"width: 310px\" class=\"wp-caption alignleft\"><a href=\"https:\/\/www.naturparkmagazin.de\/stechlin\/wp-content\/uploads\/sites\/38\/Revitalisierung-Fbg_08.jpg\"><img aria-describedby=\"caption-attachment-4906\" decoding=\"async\" loading=\"lazy\" class=\"size-thumbnail wp-image-4906\" src=\"https:\/\/www.naturparkmagazin.de\/stechlin\/wp-content\/uploads\/sites\/38\/Revitalisierung-Fbg_08-300x180.jpg\" alt=\"Die Suchschachtung am Auslaufgraben erbrachte den Nachweis, dass kein Rohr die Senke entw\u00e4ssert.\" width=\"300\" height=\"180\" srcset=\"https:\/\/www.naturparkmagazin.de\/stechlin\/wp-content\/uploads\/sites\/38\/Revitalisierung-Fbg_08-300x180.jpg 300w, https:\/\/www.naturparkmagazin.de\/stechlin\/wp-content\/uploads\/sites\/38\/Revitalisierung-Fbg_08.jpg 500w, https:\/\/www.naturparkmagazin.de\/stechlin\/wp-content\/uploads\/sites\/38\/Revitalisierung-Fbg_08-200x120.jpg 200w\" sizes=\"(max-width: 300px) 100vw, 300px\" \/><\/a><p id=\"caption-attachment-4906\" class=\"wp-caption-text\">Die Suchschachtung am Auslaufgraben erbrachte den Nachweis, dass kein Rohr die Senke entw\u00e4ssert.<\/p><\/div>\n<p>&nbsp;<\/p>\n<p>&nbsp;<\/p>\n<p>&nbsp;<\/p>\n<p>&nbsp;<\/p>\n<p>&nbsp;<\/p>\n<p>&nbsp;<\/p>\n<p>&nbsp;<\/p>\n<p>Mit Unterst\u00fctzung des Biohofs Kepos aus Altglobsow holt die Naturparkverwaltung am F\u00fcrstenberger Stadtrand ein Kleingew\u00e4sser aus der &#8222;Versenkung&#8220;. Aufbauend auf einer im Sommer erstellten Machbarkeitsstudie der Fa. Agrar- und Umweltplanung Hermann Wiesing wurde in einer vermoorten Senke ein verlandetes Kleingew\u00e4sser &#8222;neu belebt&#8220;. Auf ca. 1.000 m\u00b2 hat die Fa. VVL aus Penzlin in Mecklenburg-Vorpommern eine offene Wasserfl\u00e4che entstehen lassen. Moorfr\u00f6sche, Kamm- und Teichmolche als bundesweit gef\u00e4hrdete Amphibien erhalten ihren Lebensraum zur\u00fcck. Im Fr\u00fchjahr k\u00f6nnen sie im wieder erstandenen Gew\u00e4sser ablaichen und ihren Nachwuchs aufziehen. Ca. 18.000\u20ac setzt der Naturpark daf\u00fcr ein. Das Baggergut wurde zuvor auf Schadstoffe untersucht &#8211;\u00a0Ergebnis unbelastet. Daher konnte alles auf der angrenzenden Ackerfl\u00e4che ausgebracht werden.<\/p>\n<p>Erm\u00f6glicht hat die Ma\u00dfnahme der Biohof Kepos als neuer Fl\u00e4cheneigent\u00fcmer. Im Herbst werden noch Hecken gepflanzt. Sie sollen das wieder entstandene Gew\u00e4sser vor N\u00e4hrstoffeintragungen sch\u00fctzen. Dar\u00fcberhinaus bereichern sie das Landschaftsbild und sind Lebensraum f\u00fcr Kleins\u00e4uger, V\u00f6gel und andere Arten.<\/p>\n<p>&nbsp;<\/p>\n<div id=\"attachment_4907\" style=\"width: 310px\" class=\"wp-caption alignleft\"><a href=\"https:\/\/www.naturparkmagazin.de\/stechlin\/wp-content\/uploads\/sites\/38\/Revitalisierung-Fbg06.jpg\"><img aria-describedby=\"caption-attachment-4907\" decoding=\"async\" loading=\"lazy\" class=\"size-thumbnail wp-image-4907\" src=\"https:\/\/www.naturparkmagazin.de\/stechlin\/wp-content\/uploads\/sites\/38\/Revitalisierung-Fbg06-300x180.jpg\" alt=\"Die entnahme von Geh\u00f6lzen dienen den Amphibien als Unterschlupf im Landlebensraum.\" width=\"300\" height=\"180\" srcset=\"https:\/\/www.naturparkmagazin.de\/stechlin\/wp-content\/uploads\/sites\/38\/Revitalisierung-Fbg06-300x180.jpg 300w, https:\/\/www.naturparkmagazin.de\/stechlin\/wp-content\/uploads\/sites\/38\/Revitalisierung-Fbg06.jpg 500w, https:\/\/www.naturparkmagazin.de\/stechlin\/wp-content\/uploads\/sites\/38\/Revitalisierung-Fbg06-200x120.jpg 200w\" sizes=\"(max-width: 300px) 100vw, 300px\" \/><\/a><p id=\"caption-attachment-4907\" class=\"wp-caption-text\">Die Entnahme von Geh\u00f6lzen dienen den Amphibien als Unterschlupf im Landlebensraum.<\/p><\/div>\n<p>&nbsp;<\/p>\n<p>&nbsp;<\/p>\n<p>&nbsp;<\/p>\n<p>&nbsp;<\/p>\n<p>&nbsp;<\/p>\n<p>&nbsp;<\/p>\n<p>&nbsp;<\/p>\n<div id=\"attachment_4905\" style=\"width: 310px\" class=\"wp-caption alignleft\"><a href=\"https:\/\/www.naturparkmagazin.de\/stechlin\/wp-content\/uploads\/sites\/38\/Revitalisierung-Fbg_04.jpg\"><img aria-describedby=\"caption-attachment-4905\" decoding=\"async\" loading=\"lazy\" class=\"size-thumbnail wp-image-4905\" src=\"https:\/\/www.naturparkmagazin.de\/stechlin\/wp-content\/uploads\/sites\/38\/Revitalisierung-Fbg_04-300x180.jpg\" alt=\"Bauabnahme mit Naturwacht, Auftragnehmer, Naturparkverwaltung und Eigent\u00fcmern.\" width=\"300\" height=\"180\" srcset=\"https:\/\/www.naturparkmagazin.de\/stechlin\/wp-content\/uploads\/sites\/38\/Revitalisierung-Fbg_04-300x180.jpg 300w, https:\/\/www.naturparkmagazin.de\/stechlin\/wp-content\/uploads\/sites\/38\/Revitalisierung-Fbg_04.jpg 500w, https:\/\/www.naturparkmagazin.de\/stechlin\/wp-content\/uploads\/sites\/38\/Revitalisierung-Fbg_04-200x120.jpg 200w\" sizes=\"(max-width: 300px) 100vw, 300px\" \/><\/a><p id=\"caption-attachment-4905\" class=\"wp-caption-text\">Bauabnahme mit Naturwacht, Auftragnehmer, Naturparkverwaltung und Eigent\u00fcmern.<\/p><\/div>\n<p>&nbsp;<\/p>\n","protected":false},"excerpt":{"rendered":"<p>Mit Unterst\u00fctzung des Biohofs Kepos aus Altglobsow holt die Naturparkverwaltung am F\u00fcrstenberger Stadtrand ein Kleingew\u00e4sser aus der &#8222;Versenkung&#8220;.<\/p>\n","protected":false},"author":39,"featured_media":4893,"comment_status":"open","ping_status":"open","sticky":false,"template":"","format":"standard","meta":[],"categories":[7],"tags":[],"yoast_head":"<!-- This site is optimized with the Yoast SEO plugin v19.10 - https:\/\/yoast.com\/wordpress\/plugins\/seo\/ -->\n<title>Revitalisierung eines Kleingew\u00e4ssers bei F\u00fcrstenberg\/Havel - Naturpark Stechlin-Ruppiner Land<\/title>\n<meta name=\"robots\" content=\"index, follow, max-snippet:-1, max-image-preview:large, max-video-preview:-1\" \/>\n<link rel=\"canonical\" href=\"https:\/\/www.naturparkmagazin.de\/stechlin\/revitalisierung-eines-kleingewaessers-bei-fuerstenberghavel\/\" \/>\n<meta property=\"og:locale\" content=\"de_DE\" \/>\n<meta property=\"og:type\" content=\"article\" \/>\n<meta property=\"og:title\" content=\"Revitalisierung eines Kleingew\u00e4ssers bei F\u00fcrstenberg\/Havel - Naturpark Stechlin-Ruppiner Land\" \/>\n<meta property=\"og:description\" content=\"Mit Unterst\u00fctzung des Biohofs Kepos aus Altglobsow holt die Naturparkverwaltung am F\u00fcrstenberger Stadtrand ein Kleingew\u00e4sser aus der &quot;Versenkung&quot;.\" \/>\n<meta property=\"og:url\" content=\"https:\/\/www.naturparkmagazin.de\/stechlin\/revitalisierung-eines-kleingewaessers-bei-fuerstenberghavel\/\" \/>\n<meta property=\"og:site_name\" content=\"Naturpark Stechlin-Ruppiner Land\" \/>\n<meta property=\"article:published_time\" content=\"2016-12-13T13:03:01+00:00\" \/>\n<meta property=\"article:modified_time\" content=\"2016-12-22T11:31:28+00:00\" \/>\n<meta property=\"og:image\" content=\"https:\/\/www.naturparkmagazin.de\/stechlin\/wp-content\/uploads\/sites\/38\/Revitalisierung-Kleingew\u00e4sser-Fbg.jpg\" \/>\n\t<meta property=\"og:image:width\" content=\"200\" \/>\n\t<meta property=\"og:image:height\" content=\"200\" \/>\n\t<meta property=\"og:image:type\" content=\"image\/jpeg\" \/>\n<meta name=\"author\" content=\"marioschrumpf\" \/>\n<meta name=\"twitter:label1\" content=\"Verfasst von\" \/>\n\t<meta name=\"twitter:data1\" content=\"marioschrumpf\" \/>\n\t<meta name=\"twitter:label2\" content=\"Gesch\u00e4tzte Lesezeit\" \/>\n\t<meta name=\"twitter:data2\" content=\"1\u00a0Minute\" \/>\n<script type=\"application\/ld+json\" class=\"yoast-schema-graph\">{\"@context\":\"https:\/\/schema.org\",\"@graph\":[{\"@type\":\"WebPage\",\"@id\":\"https:\/\/www.naturparkmagazin.de\/stechlin\/revitalisierung-eines-kleingewaessers-bei-fuerstenberghavel\/\",\"url\":\"https:\/\/www.naturparkmagazin.de\/stechlin\/revitalisierung-eines-kleingewaessers-bei-fuerstenberghavel\/\",\"name\":\"Revitalisierung eines Kleingew\u00e4ssers bei F\u00fcrstenberg\/Havel - Naturpark Stechlin-Ruppiner Land\",\"isPartOf\":{\"@id\":\"https:\/\/www.naturparkmagazin.de\/stechlin\/#website\"},\"datePublished\":\"2016-12-13T13:03:01+00:00\",\"dateModified\":\"2016-12-22T11:31:28+00:00\",\"author\":{\"@id\":\"https:\/\/www.naturparkmagazin.de\/stechlin\/#\/schema\/person\/3f0d93203df21c806dd63c76d9bb28bc\"},\"breadcrumb\":{\"@id\":\"https:\/\/www.naturparkmagazin.de\/stechlin\/revitalisierung-eines-kleingewaessers-bei-fuerstenberghavel\/#breadcrumb\"},\"inLanguage\":\"de\",\"potentialAction\":[{\"@type\":\"ReadAction\",\"target\":[\"https:\/\/www.naturparkmagazin.de\/stechlin\/revitalisierung-eines-kleingewaessers-bei-fuerstenberghavel\/\"]}]},{\"@type\":\"BreadcrumbList\",\"@id\":\"https:\/\/www.naturparkmagazin.de\/stechlin\/revitalisierung-eines-kleingewaessers-bei-fuerstenberghavel\/#breadcrumb\",\"itemListElement\":[{\"@type\":\"ListItem\",\"position\":1,\"name\":\"Home\",\"item\":\"https:\/\/www.naturparkmagazin.de\/stechlin\/\"},{\"@type\":\"ListItem\",\"position\":2,\"name\":\"Revitalisierung eines Kleingew\u00e4ssers bei F\u00fcrstenberg\/Havel\"}]},{\"@type\":\"WebSite\",\"@id\":\"https:\/\/www.naturparkmagazin.de\/stechlin\/#website\",\"url\":\"https:\/\/www.naturparkmagazin.de\/stechlin\/\",\"name\":\"Naturpark Stechlin-Ruppiner Land\",\"description\":\"\",\"potentialAction\":[{\"@type\":\"SearchAction\",\"target\":{\"@type\":\"EntryPoint\",\"urlTemplate\":\"https:\/\/www.naturparkmagazin.de\/stechlin\/?s={search_term_string}\"},\"query-input\":\"required name=search_term_string\"}],\"inLanguage\":\"de\"},{\"@type\":\"Person\",\"@id\":\"https:\/\/www.naturparkmagazin.de\/stechlin\/#\/schema\/person\/3f0d93203df21c806dd63c76d9bb28bc\",\"name\":\"marioschrumpf\",\"url\":\"https:\/\/www.naturparkmagazin.de\/stechlin\/author\/marioschrumpf\/\"}]}<\/script>\n<!-- \/ Yoast SEO plugin. -->","yoast_head_json":{"title":"Revitalisierung eines Kleingew\u00e4ssers bei F\u00fcrstenberg\/Havel - Naturpark Stechlin-Ruppiner Land","robots":{"index":"index","follow":"follow","max-snippet":"max-snippet:-1","max-image-preview":"max-image-preview:large","max-video-preview":"max-video-preview:-1"},"canonical":"https:\/\/www.naturparkmagazin.de\/stechlin\/revitalisierung-eines-kleingewaessers-bei-fuerstenberghavel\/","og_locale":"de_DE","og_type":"article","og_title":"Revitalisierung eines Kleingew\u00e4ssers bei F\u00fcrstenberg\/Havel - Naturpark Stechlin-Ruppiner Land","og_description":"Mit Unterst\u00fctzung des Biohofs Kepos aus Altglobsow holt die Naturparkverwaltung am F\u00fcrstenberger Stadtrand ein Kleingew\u00e4sser aus der \"Versenkung\".","og_url":"https:\/\/www.naturparkmagazin.de\/stechlin\/revitalisierung-eines-kleingewaessers-bei-fuerstenberghavel\/","og_site_name":"Naturpark Stechlin-Ruppiner Land","article_published_time":"2016-12-13T13:03:01+00:00","article_modified_time":"2016-12-22T11:31:28+00:00","og_image":[{"width":200,"height":200,"url":"https:\/\/www.naturparkmagazin.de\/stechlin\/wp-content\/uploads\/sites\/38\/Revitalisierung-Kleingew\u00e4sser-Fbg.jpg","type":"image\/jpeg"}],"author":"marioschrumpf","twitter_misc":{"Verfasst von":"marioschrumpf","Gesch\u00e4tzte Lesezeit":"1\u00a0Minute"},"schema":{"@context":"https:\/\/schema.org","@graph":[{"@type":"WebPage","@id":"https:\/\/www.naturparkmagazin.de\/stechlin\/revitalisierung-eines-kleingewaessers-bei-fuerstenberghavel\/","url":"https:\/\/www.naturparkmagazin.de\/stechlin\/revitalisierung-eines-kleingewaessers-bei-fuerstenberghavel\/","name":"Revitalisierung eines Kleingew\u00e4ssers bei F\u00fcrstenberg\/Havel - Naturpark Stechlin-Ruppiner Land","isPartOf":{"@id":"https:\/\/www.naturparkmagazin.de\/stechlin\/#website"},"datePublished":"2016-12-13T13:03:01+00:00","dateModified":"2016-12-22T11:31:28+00:00","author":{"@id":"https:\/\/www.naturparkmagazin.de\/stechlin\/#\/schema\/person\/3f0d93203df21c806dd63c76d9bb28bc"},"breadcrumb":{"@id":"https:\/\/www.naturparkmagazin.de\/stechlin\/revitalisierung-eines-kleingewaessers-bei-fuerstenberghavel\/#breadcrumb"},"inLanguage":"de","potentialAction":[{"@type":"ReadAction","target":["https:\/\/www.naturparkmagazin.de\/stechlin\/revitalisierung-eines-kleingewaessers-bei-fuerstenberghavel\/"]}]},{"@type":"BreadcrumbList","@id":"https:\/\/www.naturparkmagazin.de\/stechlin\/revitalisierung-eines-kleingewaessers-bei-fuerstenberghavel\/#breadcrumb","itemListElement":[{"@type":"ListItem","position":1,"name":"Home","item":"https:\/\/www.naturparkmagazin.de\/stechlin\/"},{"@type":"ListItem","position":2,"name":"Revitalisierung eines Kleingew\u00e4ssers bei F\u00fcrstenberg\/Havel"}]},{"@type":"WebSite","@id":"https:\/\/www.naturparkmagazin.de\/stechlin\/#website","url":"https:\/\/www.naturparkmagazin.de\/stechlin\/","name":"Naturpark Stechlin-Ruppiner Land","description":"","potentialAction":[{"@type":"SearchAction","target":{"@type":"EntryPoint","urlTemplate":"https:\/\/www.naturparkmagazin.de\/stechlin\/?s={search_term_string}"},"query-input":"required name=search_term_string"}],"inLanguage":"de"},{"@type":"Person","@id":"https:\/\/www.naturparkmagazin.de\/stechlin\/#\/schema\/person\/3f0d93203df21c806dd63c76d9bb28bc","name":"marioschrumpf","url":"https:\/\/www.naturparkmagazin.de\/stechlin\/author\/marioschrumpf\/"}]}},"_links":{"self":[{"href":"https:\/\/www.naturparkmagazin.de\/stechlin\/wp-json\/wp\/v2\/posts\/4892"}],"collection":[{"href":"https:\/\/www.naturparkmagazin.de\/stechlin\/wp-json\/wp\/v2\/posts"}],"about":[{"href":"https:\/\/www.naturparkmagazin.de\/stechlin\/wp-json\/wp\/v2\/types\/post"}],"author":[{"embeddable":true,"href":"https:\/\/www.naturparkmagazin.de\/stechlin\/wp-json\/wp\/v2\/users\/39"}],"replies":[{"embeddable":true,"href":"https:\/\/www.naturparkmagazin.de\/stechlin\/wp-json\/wp\/v2\/comments?post=4892"}],"version-history":[{"count":6,"href":"https:\/\/www.naturparkmagazin.de\/stechlin\/wp-json\/wp\/v2\/posts\/4892\/revisions"}],"predecessor-version":[{"id":4959,"href":"https:\/\/www.naturparkmagazin.de\/stechlin\/wp-json\/wp\/v2\/posts\/4892\/revisions\/4959"}],"wp:featuredmedia":[{"embeddable":true,"href":"https:\/\/www.naturparkmagazin.de\/stechlin\/wp-json\/wp\/v2\/media\/4893"}],"wp:attachment":[{"href":"https:\/\/www.naturparkmagazin.de\/stechlin\/wp-json\/wp\/v2\/media?parent=4892"}],"wp:term":[{"taxonomy":"category","embeddable":true,"href":"https:\/\/www.naturparkmagazin.de\/stechlin\/wp-json\/wp\/v2\/categories?post=4892"},{"taxonomy":"post_tag","embeddable":true,"href":"https:\/\/www.naturparkmagazin.de\/stechlin\/wp-json\/wp\/v2\/tags?post=4892"}],"curies":[{"name":"wp","href":"https:\/\/api.w.org\/{rel}","templated":true}]}}