{"id":4962,"date":"2019-01-15T08:00:19","date_gmt":"2019-01-15T07:00:19","guid":{"rendered":"http:\/\/www.naturparkmagazin.de\/stechlin\/?p=4962"},"modified":"2019-01-25T15:08:20","modified_gmt":"2019-01-25T14:08:20","slug":"das-neue-compendium-2017-ist-da","status":"publish","type":"post","link":"https:\/\/www.naturparkmagazin.de\/stechlin\/das-neue-compendium-2017-ist-da\/","title":{"rendered":"Das neue Compendium 2019 ist da"},"content":{"rendered":"<p>&nbsp;<\/p>\n<p><a href=\"https:\/\/www.naturparkmagazin.de\/stechlin\/wp-content\/uploads\/sites\/38\/Compendium-2019.jpg\"><img decoding=\"async\" loading=\"lazy\" class=\" size-full wp-image-7873 aligncenter\" src=\"https:\/\/www.naturparkmagazin.de\/stechlin\/wp-content\/uploads\/sites\/38\/Compendium-2019.jpg\" alt=\"NP SRL\/VERN\" width=\"250\" height=\"350\" srcset=\"https:\/\/www.naturparkmagazin.de\/stechlin\/wp-content\/uploads\/sites\/38\/Compendium-2019.jpg 250w, https:\/\/www.naturparkmagazin.de\/stechlin\/wp-content\/uploads\/sites\/38\/Compendium-2019-200x280.jpg 200w\" sizes=\"(max-width: 250px) 100vw, 250px\" \/><\/a><\/p>\n<p><a href=\"https:\/\/www.naturparkmagazin.de\/stechlin\/wp-content\/uploads\/sites\/38\/Korb-mit-Fr\u00fcchten_Karin-Schl\u00f6sser.jpg\"><img decoding=\"async\" loading=\"lazy\" class=\" size-full wp-image-5068 aligncenter\" src=\"https:\/\/www.naturparkmagazin.de\/stechlin\/wp-content\/uploads\/sites\/38\/Korb-mit-Fr\u00fcchten_Karin-Schl\u00f6sser.jpg\" alt=\"NP SRL\/Karin Schl\u00f6sser\" width=\"200\" height=\"200\" srcset=\"https:\/\/www.naturparkmagazin.de\/stechlin\/wp-content\/uploads\/sites\/38\/Korb-mit-Fr\u00fcchten_Karin-Schl\u00f6sser.jpg 200w, https:\/\/www.naturparkmagazin.de\/stechlin\/wp-content\/uploads\/sites\/38\/Korb-mit-Fr\u00fcchten_Karin-Schl\u00f6sser-30x30.jpg 30w\" sizes=\"(max-width: 200px) 100vw, 200px\" \/><\/a><\/p>\n<p>&nbsp;<\/p>\n<p>Ein neues Jahr hat begonnen und nun ist es wieder so weit: Der VERN e.V. hat sein\u00a0neues Compendium herausgegeben!<\/p>\n<p>In ihm finden sie viele alte, vom Aussterben bedrohte Nutzpflanzensorten, wie die Kartoffel \u201e<em>Sieglinde<\/em>\u201c, die Tomate \u201e<em>Rheinlands Ruhm<\/em>\u201c, den Salat \u201e<em>Kaiser Selbstschluss<\/em>\u201c oder die Gurke &#8222;<em>Berliner Aal<\/em>&#8222;.<\/p>\n<p><strong>Wer das Saatgut alter Kulturpflanzen bestellt, beteiligt sich aktiv an der Erhaltung der genetischen Vielfalt!<\/strong><\/p>\n<p>Sie k\u00f6nnen Ihre Bestellung direkt \u00fcber ein Bestellformular auf der Website ausf\u00fcllen und per E-Mail zusenden. Weiterhin ist dies auch noch per Fax oder per Post m\u00f6glich.\nLink zum Bestellformular (E-Mail) f\u00fcr <a href=\"http:\/\/vern.de\/bestellung\/saatgut-bestellung\"><span style=\"color: #0000ff\">Saatgut<\/span><\/a>.\nLink zum Bestellformular (E-Mail) f\u00fcr <a href=\"http:\/\/vern.de\/bestellung\/kartoffel-bestellung\"><span style=\"color: #0000ff\">Pflanzkartoffeln<\/span><\/a>.<\/p>\n<p>Einige besondere Sorten, die auch im Topf oder K\u00fcbel gezogen werden k\u00f6nnen, finden Sie auf Seite 35 unter dem Titel <a href=\"http:\/\/vern.de\/wp-content\/uploads\/2017\/01\/37-Seramis17.pdf\"><span style=\"color: #0000ff\">\u201c\u2026 die h\u00e4ngenden G\u00e4rten der Semiramis\u201d<\/span><\/a>.<\/p>\n<p>Eine Portion Saatgut: 2,50 \u20ac (f\u00fcr Mitglieder 2,00 \u20ac).\nEine Portion Kartoffeln (bestehend aus 10 Knollen): 3,50 \u20ac\n(Die Pflanzkartoffeln werden bei frostfreier Witterung erst ab Mitte\/Ende M\u00e4rz bis Mitte April versendet. Wenn Sie die Pflanzkartoffeln und das Saatgut zusammen erhalten m\u00f6chten, bitten wir Sie dies auf der Bestellung mitzuteilen.)<\/p>\n<p>Allen Interessierten w\u00fcnschen wir viel Spa\u00df beim Lesen und eine erfolgreiche Gartensaison 2019!<\/p>\n<p>Weitere Infos: <a href=\"http:\/\/www.vern.de\">www.vern.de<\/a><\/p>\n<p>&nbsp;<\/p>\n","protected":false},"excerpt":{"rendered":"<p>Ein neues Jahr hat begonnen und nun ist es wieder so weit: Der VERN e.V. hat sein neues Compendium herausgegeben!<\/p>\n","protected":false},"author":39,"featured_media":5068,"comment_status":"open","ping_status":"open","sticky":false,"template":"","format":"standard","meta":[],"categories":[7],"tags":[],"yoast_head":"<!-- This site is optimized with the Yoast SEO plugin v19.10 - https:\/\/yoast.com\/wordpress\/plugins\/seo\/ -->\n<title>Das neue Compendium 2019 ist da - Naturpark Stechlin-Ruppiner Land<\/title>\n<meta name=\"robots\" content=\"index, follow, max-snippet:-1, max-image-preview:large, max-video-preview:-1\" \/>\n<link rel=\"canonical\" href=\"https:\/\/www.naturparkmagazin.de\/stechlin\/das-neue-compendium-2017-ist-da\/\" \/>\n<meta property=\"og:locale\" content=\"de_DE\" \/>\n<meta property=\"og:type\" content=\"article\" \/>\n<meta property=\"og:title\" content=\"Das neue Compendium 2019 ist da - Naturpark Stechlin-Ruppiner Land\" \/>\n<meta property=\"og:description\" content=\"Ein neues Jahr hat begonnen und nun ist es wieder so weit: Der VERN e.V. hat sein neues Compendium herausgegeben!\" \/>\n<meta property=\"og:url\" content=\"https:\/\/www.naturparkmagazin.de\/stechlin\/das-neue-compendium-2017-ist-da\/\" \/>\n<meta property=\"og:site_name\" content=\"Naturpark Stechlin-Ruppiner Land\" \/>\n<meta property=\"article:published_time\" content=\"2019-01-15T07:00:19+00:00\" \/>\n<meta property=\"article:modified_time\" content=\"2019-01-25T14:08:20+00:00\" \/>\n<meta property=\"og:image\" content=\"https:\/\/www.naturparkmagazin.de\/stechlin\/wp-content\/uploads\/sites\/38\/Korb-mit-Fr\u00fcchten_Karin-Schl\u00f6sser.jpg\" \/>\n\t<meta property=\"og:image:width\" content=\"200\" \/>\n\t<meta property=\"og:image:height\" content=\"200\" \/>\n\t<meta property=\"og:image:type\" content=\"image\/jpeg\" \/>\n<meta name=\"author\" content=\"marioschrumpf\" \/>\n<meta name=\"twitter:label1\" content=\"Verfasst von\" \/>\n\t<meta name=\"twitter:data1\" content=\"marioschrumpf\" \/>\n\t<meta name=\"twitter:label2\" content=\"Gesch\u00e4tzte Lesezeit\" \/>\n\t<meta name=\"twitter:data2\" content=\"1\u00a0Minute\" \/>\n<script type=\"application\/ld+json\" class=\"yoast-schema-graph\">{\"@context\":\"https:\/\/schema.org\",\"@graph\":[{\"@type\":\"WebPage\",\"@id\":\"https:\/\/www.naturparkmagazin.de\/stechlin\/das-neue-compendium-2017-ist-da\/\",\"url\":\"https:\/\/www.naturparkmagazin.de\/stechlin\/das-neue-compendium-2017-ist-da\/\",\"name\":\"Das neue Compendium 2019 ist da - Naturpark Stechlin-Ruppiner Land\",\"isPartOf\":{\"@id\":\"https:\/\/www.naturparkmagazin.de\/stechlin\/#website\"},\"datePublished\":\"2019-01-15T07:00:19+00:00\",\"dateModified\":\"2019-01-25T14:08:20+00:00\",\"author\":{\"@id\":\"https:\/\/www.naturparkmagazin.de\/stechlin\/#\/schema\/person\/3f0d93203df21c806dd63c76d9bb28bc\"},\"breadcrumb\":{\"@id\":\"https:\/\/www.naturparkmagazin.de\/stechlin\/das-neue-compendium-2017-ist-da\/#breadcrumb\"},\"inLanguage\":\"de\",\"potentialAction\":[{\"@type\":\"ReadAction\",\"target\":[\"https:\/\/www.naturparkmagazin.de\/stechlin\/das-neue-compendium-2017-ist-da\/\"]}]},{\"@type\":\"BreadcrumbList\",\"@id\":\"https:\/\/www.naturparkmagazin.de\/stechlin\/das-neue-compendium-2017-ist-da\/#breadcrumb\",\"itemListElement\":[{\"@type\":\"ListItem\",\"position\":1,\"name\":\"Home\",\"item\":\"https:\/\/www.naturparkmagazin.de\/stechlin\/\"},{\"@type\":\"ListItem\",\"position\":2,\"name\":\"Das neue Compendium 2019 ist da\"}]},{\"@type\":\"WebSite\",\"@id\":\"https:\/\/www.naturparkmagazin.de\/stechlin\/#website\",\"url\":\"https:\/\/www.naturparkmagazin.de\/stechlin\/\",\"name\":\"Naturpark Stechlin-Ruppiner Land\",\"description\":\"\",\"potentialAction\":[{\"@type\":\"SearchAction\",\"target\":{\"@type\":\"EntryPoint\",\"urlTemplate\":\"https:\/\/www.naturparkmagazin.de\/stechlin\/?s={search_term_string}\"},\"query-input\":\"required name=search_term_string\"}],\"inLanguage\":\"de\"},{\"@type\":\"Person\",\"@id\":\"https:\/\/www.naturparkmagazin.de\/stechlin\/#\/schema\/person\/3f0d93203df21c806dd63c76d9bb28bc\",\"name\":\"marioschrumpf\",\"url\":\"https:\/\/www.naturparkmagazin.de\/stechlin\/author\/marioschrumpf\/\"}]}<\/script>\n<!-- \/ Yoast SEO plugin. -->","yoast_head_json":{"title":"Das neue Compendium 2019 ist da - Naturpark Stechlin-Ruppiner Land","robots":{"index":"index","follow":"follow","max-snippet":"max-snippet:-1","max-image-preview":"max-image-preview:large","max-video-preview":"max-video-preview:-1"},"canonical":"https:\/\/www.naturparkmagazin.de\/stechlin\/das-neue-compendium-2017-ist-da\/","og_locale":"de_DE","og_type":"article","og_title":"Das neue Compendium 2019 ist da - Naturpark Stechlin-Ruppiner Land","og_description":"Ein neues Jahr hat begonnen und nun ist es wieder so weit: Der VERN e.V. hat sein neues Compendium herausgegeben!","og_url":"https:\/\/www.naturparkmagazin.de\/stechlin\/das-neue-compendium-2017-ist-da\/","og_site_name":"Naturpark Stechlin-Ruppiner Land","article_published_time":"2019-01-15T07:00:19+00:00","article_modified_time":"2019-01-25T14:08:20+00:00","og_image":[{"width":200,"height":200,"url":"https:\/\/www.naturparkmagazin.de\/stechlin\/wp-content\/uploads\/sites\/38\/Korb-mit-Fr\u00fcchten_Karin-Schl\u00f6sser.jpg","type":"image\/jpeg"}],"author":"marioschrumpf","twitter_misc":{"Verfasst von":"marioschrumpf","Gesch\u00e4tzte Lesezeit":"1\u00a0Minute"},"schema":{"@context":"https:\/\/schema.org","@graph":[{"@type":"WebPage","@id":"https:\/\/www.naturparkmagazin.de\/stechlin\/das-neue-compendium-2017-ist-da\/","url":"https:\/\/www.naturparkmagazin.de\/stechlin\/das-neue-compendium-2017-ist-da\/","name":"Das neue Compendium 2019 ist da - Naturpark Stechlin-Ruppiner Land","isPartOf":{"@id":"https:\/\/www.naturparkmagazin.de\/stechlin\/#website"},"datePublished":"2019-01-15T07:00:19+00:00","dateModified":"2019-01-25T14:08:20+00:00","author":{"@id":"https:\/\/www.naturparkmagazin.de\/stechlin\/#\/schema\/person\/3f0d93203df21c806dd63c76d9bb28bc"},"breadcrumb":{"@id":"https:\/\/www.naturparkmagazin.de\/stechlin\/das-neue-compendium-2017-ist-da\/#breadcrumb"},"inLanguage":"de","potentialAction":[{"@type":"ReadAction","target":["https:\/\/www.naturparkmagazin.de\/stechlin\/das-neue-compendium-2017-ist-da\/"]}]},{"@type":"BreadcrumbList","@id":"https:\/\/www.naturparkmagazin.de\/stechlin\/das-neue-compendium-2017-ist-da\/#breadcrumb","itemListElement":[{"@type":"ListItem","position":1,"name":"Home","item":"https:\/\/www.naturparkmagazin.de\/stechlin\/"},{"@type":"ListItem","position":2,"name":"Das neue Compendium 2019 ist da"}]},{"@type":"WebSite","@id":"https:\/\/www.naturparkmagazin.de\/stechlin\/#website","url":"https:\/\/www.naturparkmagazin.de\/stechlin\/","name":"Naturpark Stechlin-Ruppiner Land","description":"","potentialAction":[{"@type":"SearchAction","target":{"@type":"EntryPoint","urlTemplate":"https:\/\/www.naturparkmagazin.de\/stechlin\/?s={search_term_string}"},"query-input":"required name=search_term_string"}],"inLanguage":"de"},{"@type":"Person","@id":"https:\/\/www.naturparkmagazin.de\/stechlin\/#\/schema\/person\/3f0d93203df21c806dd63c76d9bb28bc","name":"marioschrumpf","url":"https:\/\/www.naturparkmagazin.de\/stechlin\/author\/marioschrumpf\/"}]}},"_links":{"self":[{"href":"https:\/\/www.naturparkmagazin.de\/stechlin\/wp-json\/wp\/v2\/posts\/4962"}],"collection":[{"href":"https:\/\/www.naturparkmagazin.de\/stechlin\/wp-json\/wp\/v2\/posts"}],"about":[{"href":"https:\/\/www.naturparkmagazin.de\/stechlin\/wp-json\/wp\/v2\/types\/post"}],"author":[{"embeddable":true,"href":"https:\/\/www.naturparkmagazin.de\/stechlin\/wp-json\/wp\/v2\/users\/39"}],"replies":[{"embeddable":true,"href":"https:\/\/www.naturparkmagazin.de\/stechlin\/wp-json\/wp\/v2\/comments?post=4962"}],"version-history":[{"count":9,"href":"https:\/\/www.naturparkmagazin.de\/stechlin\/wp-json\/wp\/v2\/posts\/4962\/revisions"}],"predecessor-version":[{"id":8110,"href":"https:\/\/www.naturparkmagazin.de\/stechlin\/wp-json\/wp\/v2\/posts\/4962\/revisions\/8110"}],"wp:featuredmedia":[{"embeddable":true,"href":"https:\/\/www.naturparkmagazin.de\/stechlin\/wp-json\/wp\/v2\/media\/5068"}],"wp:attachment":[{"href":"https:\/\/www.naturparkmagazin.de\/stechlin\/wp-json\/wp\/v2\/media?parent=4962"}],"wp:term":[{"taxonomy":"category","embeddable":true,"href":"https:\/\/www.naturparkmagazin.de\/stechlin\/wp-json\/wp\/v2\/categories?post=4962"},{"taxonomy":"post_tag","embeddable":true,"href":"https:\/\/www.naturparkmagazin.de\/stechlin\/wp-json\/wp\/v2\/tags?post=4962"}],"curies":[{"name":"wp","href":"https:\/\/api.w.org\/{rel}","templated":true}]}}