{"id":4969,"date":"2017-01-16T08:00:28","date_gmt":"2017-01-16T07:00:28","guid":{"rendered":"http:\/\/www.naturparkmagazin.de\/stechlin\/?p=4969"},"modified":"2017-01-17T11:32:41","modified_gmt":"2017-01-17T10:32:41","slug":"liebe-leseinnen-und-leser-5","status":"publish","type":"post","link":"https:\/\/www.naturparkmagazin.de\/stechlin\/liebe-leseinnen-und-leser-5\/","title":{"rendered":"Liebe Leserinnen und Leser,"},"content":{"rendered":"<p>das NaturParkHaus Stechlin in Menz ist Besucherzentrum und erster Anlaufpunkt f\u00fcr G\u00e4ste unseres Naturparks. Der F\u00f6rderverein &#8222;Naturlandschaft Stechlin und Menzer Heide&#8220; e. V. als Tr\u00e4ger ist der wichtigste Partner in unserem gemeinsamen Netzwerk.<\/p>\n<p>Seit der Er\u00f6ffnung im Jahre 1999 engagieren sich die MitarbeiterInnen mit gro\u00dfem pers\u00f6nlichen Einsatz f\u00fcr die Umweltbildung und Besucherlenkung. Daf\u00fcr an dieser Stelle ein herzliches Dankesch\u00f6n!<\/p>\n<p>Leider haben sich in den letzten Jahren die finanziellen und personellen Rahmenbedingungen nicht verbessert. Mit Beginn des neuen Jahres gibt es aber einen Lichtblick. Mit der Anstellung von Jeanette Lehmann, einer langj\u00e4hrig erfahrenen Natur- und Landschaftsf\u00fchrerin, als Projektmitarbeiterin, hat sich die Schlagkraft des Hauses deutlich erh\u00f6ht.<\/p>\n<p>Ich w\u00fcnsche Ihnen einen sch\u00f6nen Winter!<\/p>\n<p>Viel Spa\u00df beim Lesen!<\/p>\n<p>Dr. Mario Schrumpf<\/p>\n<p>Leiter des Naturparks<\/p>\n<p>&nbsp;<\/p>\n","protected":false},"excerpt":{"rendered":"<p>das NaturParkHaus Stechlin in Menz ist Besucherzentrum und erster Anlaufpunkt f\u00fcr G\u00e4ste unseres Naturparks. Der F\u00f6rderverein &#8222;Naturlandschaft Stechlin und Menzer Heide&#8220; e. V. als Tr\u00e4ger ist der wichtigste Partner in unserem gemeinsamen Netzwerk. Seit der Er\u00f6ffnung im Jahre 1999 engagieren sich die MitarbeiterInnen mit gro\u00dfem pers\u00f6nlichen Einsatz f\u00fcr die Umweltbildung und Besucherlenkung. Daf\u00fcr an dieser<\/p>\n","protected":false},"author":39,"featured_media":0,"comment_status":"open","ping_status":"open","sticky":false,"template":"","format":"standard","meta":[],"categories":[52],"tags":[],"yoast_head":"<!-- This site is optimized with the Yoast SEO plugin v19.10 - https:\/\/yoast.com\/wordpress\/plugins\/seo\/ -->\n<title>Liebe Leserinnen und Leser, - Naturpark Stechlin-Ruppiner Land<\/title>\n<meta name=\"robots\" content=\"index, follow, max-snippet:-1, max-image-preview:large, max-video-preview:-1\" \/>\n<link rel=\"canonical\" href=\"https:\/\/www.naturparkmagazin.de\/stechlin\/liebe-leseinnen-und-leser-5\/\" \/>\n<meta property=\"og:locale\" content=\"de_DE\" \/>\n<meta property=\"og:type\" content=\"article\" \/>\n<meta property=\"og:title\" content=\"Liebe Leserinnen und Leser, - Naturpark Stechlin-Ruppiner Land\" \/>\n<meta property=\"og:description\" content=\"das NaturParkHaus Stechlin in Menz ist Besucherzentrum und erster Anlaufpunkt f\u00fcr G\u00e4ste unseres Naturparks. Der F\u00f6rderverein &#8222;Naturlandschaft Stechlin und Menzer Heide&#8220; e. V. als Tr\u00e4ger ist der wichtigste Partner in unserem gemeinsamen Netzwerk. Seit der Er\u00f6ffnung im Jahre 1999 engagieren sich die MitarbeiterInnen mit gro\u00dfem pers\u00f6nlichen Einsatz f\u00fcr die Umweltbildung und Besucherlenkung. Daf\u00fcr an dieser\" \/>\n<meta property=\"og:url\" content=\"https:\/\/www.naturparkmagazin.de\/stechlin\/liebe-leseinnen-und-leser-5\/\" \/>\n<meta property=\"og:site_name\" content=\"Naturpark Stechlin-Ruppiner Land\" \/>\n<meta property=\"article:published_time\" content=\"2017-01-16T07:00:28+00:00\" \/>\n<meta property=\"article:modified_time\" content=\"2017-01-17T10:32:41+00:00\" \/>\n<meta name=\"author\" content=\"marioschrumpf\" \/>\n<meta name=\"twitter:label1\" content=\"Verfasst von\" \/>\n\t<meta name=\"twitter:data1\" content=\"marioschrumpf\" \/>\n\t<meta name=\"twitter:label2\" content=\"Gesch\u00e4tzte Lesezeit\" \/>\n\t<meta name=\"twitter:data2\" content=\"1\u00a0Minute\" \/>\n<script type=\"application\/ld+json\" class=\"yoast-schema-graph\">{\"@context\":\"https:\/\/schema.org\",\"@graph\":[{\"@type\":\"WebPage\",\"@id\":\"https:\/\/www.naturparkmagazin.de\/stechlin\/liebe-leseinnen-und-leser-5\/\",\"url\":\"https:\/\/www.naturparkmagazin.de\/stechlin\/liebe-leseinnen-und-leser-5\/\",\"name\":\"Liebe Leserinnen und Leser, - Naturpark Stechlin-Ruppiner Land\",\"isPartOf\":{\"@id\":\"https:\/\/www.naturparkmagazin.de\/stechlin\/#website\"},\"datePublished\":\"2017-01-16T07:00:28+00:00\",\"dateModified\":\"2017-01-17T10:32:41+00:00\",\"author\":{\"@id\":\"https:\/\/www.naturparkmagazin.de\/stechlin\/#\/schema\/person\/3f0d93203df21c806dd63c76d9bb28bc\"},\"breadcrumb\":{\"@id\":\"https:\/\/www.naturparkmagazin.de\/stechlin\/liebe-leseinnen-und-leser-5\/#breadcrumb\"},\"inLanguage\":\"de\",\"potentialAction\":[{\"@type\":\"ReadAction\",\"target\":[\"https:\/\/www.naturparkmagazin.de\/stechlin\/liebe-leseinnen-und-leser-5\/\"]}]},{\"@type\":\"BreadcrumbList\",\"@id\":\"https:\/\/www.naturparkmagazin.de\/stechlin\/liebe-leseinnen-und-leser-5\/#breadcrumb\",\"itemListElement\":[{\"@type\":\"ListItem\",\"position\":1,\"name\":\"Home\",\"item\":\"https:\/\/www.naturparkmagazin.de\/stechlin\/\"},{\"@type\":\"ListItem\",\"position\":2,\"name\":\"Liebe Leserinnen und Leser,\"}]},{\"@type\":\"WebSite\",\"@id\":\"https:\/\/www.naturparkmagazin.de\/stechlin\/#website\",\"url\":\"https:\/\/www.naturparkmagazin.de\/stechlin\/\",\"name\":\"Naturpark Stechlin-Ruppiner Land\",\"description\":\"\",\"potentialAction\":[{\"@type\":\"SearchAction\",\"target\":{\"@type\":\"EntryPoint\",\"urlTemplate\":\"https:\/\/www.naturparkmagazin.de\/stechlin\/?s={search_term_string}\"},\"query-input\":\"required name=search_term_string\"}],\"inLanguage\":\"de\"},{\"@type\":\"Person\",\"@id\":\"https:\/\/www.naturparkmagazin.de\/stechlin\/#\/schema\/person\/3f0d93203df21c806dd63c76d9bb28bc\",\"name\":\"marioschrumpf\",\"url\":\"https:\/\/www.naturparkmagazin.de\/stechlin\/author\/marioschrumpf\/\"}]}<\/script>\n<!-- \/ Yoast SEO plugin. -->","yoast_head_json":{"title":"Liebe Leserinnen und Leser, - Naturpark Stechlin-Ruppiner Land","robots":{"index":"index","follow":"follow","max-snippet":"max-snippet:-1","max-image-preview":"max-image-preview:large","max-video-preview":"max-video-preview:-1"},"canonical":"https:\/\/www.naturparkmagazin.de\/stechlin\/liebe-leseinnen-und-leser-5\/","og_locale":"de_DE","og_type":"article","og_title":"Liebe Leserinnen und Leser, - Naturpark Stechlin-Ruppiner Land","og_description":"das NaturParkHaus Stechlin in Menz ist Besucherzentrum und erster Anlaufpunkt f\u00fcr G\u00e4ste unseres Naturparks. Der F\u00f6rderverein &#8222;Naturlandschaft Stechlin und Menzer Heide&#8220; e. V. als Tr\u00e4ger ist der wichtigste Partner in unserem gemeinsamen Netzwerk. Seit der Er\u00f6ffnung im Jahre 1999 engagieren sich die MitarbeiterInnen mit gro\u00dfem pers\u00f6nlichen Einsatz f\u00fcr die Umweltbildung und Besucherlenkung. Daf\u00fcr an dieser","og_url":"https:\/\/www.naturparkmagazin.de\/stechlin\/liebe-leseinnen-und-leser-5\/","og_site_name":"Naturpark Stechlin-Ruppiner Land","article_published_time":"2017-01-16T07:00:28+00:00","article_modified_time":"2017-01-17T10:32:41+00:00","author":"marioschrumpf","twitter_misc":{"Verfasst von":"marioschrumpf","Gesch\u00e4tzte Lesezeit":"1\u00a0Minute"},"schema":{"@context":"https:\/\/schema.org","@graph":[{"@type":"WebPage","@id":"https:\/\/www.naturparkmagazin.de\/stechlin\/liebe-leseinnen-und-leser-5\/","url":"https:\/\/www.naturparkmagazin.de\/stechlin\/liebe-leseinnen-und-leser-5\/","name":"Liebe Leserinnen und Leser, - Naturpark Stechlin-Ruppiner Land","isPartOf":{"@id":"https:\/\/www.naturparkmagazin.de\/stechlin\/#website"},"datePublished":"2017-01-16T07:00:28+00:00","dateModified":"2017-01-17T10:32:41+00:00","author":{"@id":"https:\/\/www.naturparkmagazin.de\/stechlin\/#\/schema\/person\/3f0d93203df21c806dd63c76d9bb28bc"},"breadcrumb":{"@id":"https:\/\/www.naturparkmagazin.de\/stechlin\/liebe-leseinnen-und-leser-5\/#breadcrumb"},"inLanguage":"de","potentialAction":[{"@type":"ReadAction","target":["https:\/\/www.naturparkmagazin.de\/stechlin\/liebe-leseinnen-und-leser-5\/"]}]},{"@type":"BreadcrumbList","@id":"https:\/\/www.naturparkmagazin.de\/stechlin\/liebe-leseinnen-und-leser-5\/#breadcrumb","itemListElement":[{"@type":"ListItem","position":1,"name":"Home","item":"https:\/\/www.naturparkmagazin.de\/stechlin\/"},{"@type":"ListItem","position":2,"name":"Liebe Leserinnen und Leser,"}]},{"@type":"WebSite","@id":"https:\/\/www.naturparkmagazin.de\/stechlin\/#website","url":"https:\/\/www.naturparkmagazin.de\/stechlin\/","name":"Naturpark Stechlin-Ruppiner Land","description":"","potentialAction":[{"@type":"SearchAction","target":{"@type":"EntryPoint","urlTemplate":"https:\/\/www.naturparkmagazin.de\/stechlin\/?s={search_term_string}"},"query-input":"required name=search_term_string"}],"inLanguage":"de"},{"@type":"Person","@id":"https:\/\/www.naturparkmagazin.de\/stechlin\/#\/schema\/person\/3f0d93203df21c806dd63c76d9bb28bc","name":"marioschrumpf","url":"https:\/\/www.naturparkmagazin.de\/stechlin\/author\/marioschrumpf\/"}]}},"_links":{"self":[{"href":"https:\/\/www.naturparkmagazin.de\/stechlin\/wp-json\/wp\/v2\/posts\/4969"}],"collection":[{"href":"https:\/\/www.naturparkmagazin.de\/stechlin\/wp-json\/wp\/v2\/posts"}],"about":[{"href":"https:\/\/www.naturparkmagazin.de\/stechlin\/wp-json\/wp\/v2\/types\/post"}],"author":[{"embeddable":true,"href":"https:\/\/www.naturparkmagazin.de\/stechlin\/wp-json\/wp\/v2\/users\/39"}],"replies":[{"embeddable":true,"href":"https:\/\/www.naturparkmagazin.de\/stechlin\/wp-json\/wp\/v2\/comments?post=4969"}],"version-history":[{"count":3,"href":"https:\/\/www.naturparkmagazin.de\/stechlin\/wp-json\/wp\/v2\/posts\/4969\/revisions"}],"predecessor-version":[{"id":5061,"href":"https:\/\/www.naturparkmagazin.de\/stechlin\/wp-json\/wp\/v2\/posts\/4969\/revisions\/5061"}],"wp:attachment":[{"href":"https:\/\/www.naturparkmagazin.de\/stechlin\/wp-json\/wp\/v2\/media?parent=4969"}],"wp:term":[{"taxonomy":"category","embeddable":true,"href":"https:\/\/www.naturparkmagazin.de\/stechlin\/wp-json\/wp\/v2\/categories?post=4969"},{"taxonomy":"post_tag","embeddable":true,"href":"https:\/\/www.naturparkmagazin.de\/stechlin\/wp-json\/wp\/v2\/tags?post=4969"}],"curies":[{"name":"wp","href":"https:\/\/api.w.org\/{rel}","templated":true}]}}