{"id":4987,"date":"2017-01-23T07:48:26","date_gmt":"2017-01-23T06:48:26","guid":{"rendered":"http:\/\/www.naturparkmagazin.de\/stechlin\/?p=4987"},"modified":"2017-01-24T17:37:22","modified_gmt":"2017-01-24T16:37:22","slug":"naturpark-auf-der-internationalen-gruenen-woche","status":"publish","type":"post","link":"https:\/\/www.naturparkmagazin.de\/stechlin\/naturpark-auf-der-internationalen-gruenen-woche\/","title":{"rendered":"Naturpark auf der Internationalen Gr\u00fcnen Woche in Berlin"},"content":{"rendered":"<div id=\"attachment_5093\" style=\"width: 310px\" class=\"wp-caption alignleft\"><a href=\"https:\/\/www.naturparkmagazin.de\/stechlin\/wp-content\/uploads\/sites\/38\/Gr\u00fcne-Woche_Dagmer-Schott.jpg\"><img aria-describedby=\"caption-attachment-5093\" decoding=\"async\" loading=\"lazy\" class=\"size-thumbnail wp-image-5093\" src=\"https:\/\/www.naturparkmagazin.de\/stechlin\/wp-content\/uploads\/sites\/38\/Gr\u00fcne-Woche_Dagmer-Schott-300x180.jpg\" alt=\"Das Standbetreuerteam vom Naturpark Stechlin-Ruppiner Land.\" width=\"300\" height=\"180\" srcset=\"https:\/\/www.naturparkmagazin.de\/stechlin\/wp-content\/uploads\/sites\/38\/Gr\u00fcne-Woche_Dagmer-Schott-300x180.jpg 300w, https:\/\/www.naturparkmagazin.de\/stechlin\/wp-content\/uploads\/sites\/38\/Gr\u00fcne-Woche_Dagmer-Schott.jpg 500w, https:\/\/www.naturparkmagazin.de\/stechlin\/wp-content\/uploads\/sites\/38\/Gr\u00fcne-Woche_Dagmer-Schott-200x120.jpg 200w\" sizes=\"(max-width: 300px) 100vw, 300px\" \/><\/a><p id=\"caption-attachment-5093\" class=\"wp-caption-text\">Das Standbetreuerteam vom Naturpark Stechlin-Ruppiner Land.<\/p><\/div>\n<p><a href=\"https:\/\/www.naturparkmagazin.de\/stechlin\/wp-content\/uploads\/sites\/38\/Logo-KRH.jpg\">\n<\/a><\/p>\n<p>&nbsp;<\/p>\n<p>&nbsp;<\/p>\n<p>&nbsp;<\/p>\n<p>&nbsp;<\/p>\n<p>&nbsp;<\/p>\n<p>&nbsp;<\/p>\n<div id=\"attachment_5092\" style=\"width: 310px\" class=\"wp-caption alignleft\"><a href=\"https:\/\/www.naturparkmagazin.de\/stechlin\/wp-content\/uploads\/sites\/38\/Gr\u00fcne-Woche_0052.jpg\"><img aria-describedby=\"caption-attachment-5092\" decoding=\"async\" loading=\"lazy\" class=\"size-thumbnail wp-image-5092\" src=\"https:\/\/www.naturparkmagazin.de\/stechlin\/wp-content\/uploads\/sites\/38\/Gr\u00fcne-Woche_0052-300x180.jpg\" alt=\"Naturparkleiter Dr. Mario Schrumpf im Interview auf der LandSchau-B\u00fchne als Vorstandsmitglied des Verbandes Deutscher Naturparke.\" width=\"300\" height=\"180\" srcset=\"https:\/\/www.naturparkmagazin.de\/stechlin\/wp-content\/uploads\/sites\/38\/Gr\u00fcne-Woche_0052-300x180.jpg 300w, https:\/\/www.naturparkmagazin.de\/stechlin\/wp-content\/uploads\/sites\/38\/Gr\u00fcne-Woche_0052.jpg 500w, https:\/\/www.naturparkmagazin.de\/stechlin\/wp-content\/uploads\/sites\/38\/Gr\u00fcne-Woche_0052-200x120.jpg 200w\" sizes=\"(max-width: 300px) 100vw, 300px\" \/><\/a><p id=\"caption-attachment-5092\" class=\"wp-caption-text\">Naturparkleiter Dr. Mario Schrumpf im Interview auf der LandSchau-B\u00fchne als Vorstandsmitglied des Verbandes Deutscher Naturparke.<\/p><\/div>\n<p>&nbsp;<\/p>\n<p>&nbsp;<\/p>\n<p>&nbsp;<\/p>\n<p>&nbsp;<\/p>\n<p>&nbsp;<\/p>\n<p>&nbsp;<\/p>\n<p>&nbsp;<\/p>\n<p>&nbsp;<\/p>\n<p>&nbsp;<\/p>\n<p>&nbsp;<\/p>\n<p>Am 22. Januar pr\u00e4sentierte sich der Naturpark in der Brandenburg-Halle 21a am Stand der Nationalen Naturlandschaften Brandenburgs.<\/p>\n<p>Gemeinsam mit den regionalen Produzenten &#8222;Drei Jahreszeiten&#8220; aus Altglobsow und dem Besucherzentrum NaturParkHaus Stechlin aus Menz wurde die Naturparkregion\u00a0 in der Bundeshauptstadt erfolgreich beworben.<\/p>\n<p><a href=\"https:\/\/www.naturparkmagazin.de\/stechlin\/wp-content\/uploads\/sites\/38\/Logo-KRH.jpg\"><img decoding=\"async\" loading=\"lazy\" class=\"alignleft size-thumbnail wp-image-4989\" src=\"https:\/\/www.naturparkmagazin.de\/stechlin\/wp-content\/uploads\/sites\/38\/Logo-KRH-300x206.jpg\" alt=\"NP SRL\/Rene Enter\" width=\"300\" height=\"206\" srcset=\"https:\/\/www.naturparkmagazin.de\/stechlin\/wp-content\/uploads\/sites\/38\/Logo-KRH-300x206.jpg 300w, https:\/\/www.naturparkmagazin.de\/stechlin\/wp-content\/uploads\/sites\/38\/Logo-KRH.jpg 500w, https:\/\/www.naturparkmagazin.de\/stechlin\/wp-content\/uploads\/sites\/38\/Logo-KRH-200x138.jpg 200w\" sizes=\"(max-width: 300px) 100vw, 300px\" \/><\/a><\/p>\n<p>&nbsp;<\/p>\n<p>&nbsp;<\/p>\n<p>&nbsp;<\/p>\n<p>&nbsp;<\/p>\n<p>&nbsp;<\/p>\n<p>&nbsp;<\/p>\n<p>&nbsp;<\/p>\n<p>&nbsp;<\/p>\n<p>Als aktuelles Angebot wurde der neu er\u00f6ffnete Heidewanderweg in der Kyritz-Ruppiner Heide vorgestellt. Die im Fr\u00fchjahr 2016 vom Naturpark speziell ausgebildeten Natur- und Landschaftsf\u00fchrer bieten dort individuelle Heide-Erlebnistouren an. Wanderungen, Kutschfahrten, Rad- und Nordic Walking-Touren mit einem z\u00fcnftigen Heidepicknick mit regionalen Produkten k\u00f6nnen unter <a href=\"http:\/\/www.heide.guide.de\">www.heide.guide.de<\/a> gebucht werden.<\/p>\n<p>&nbsp;<\/p>\n<div id=\"attachment_5091\" style=\"width: 310px\" class=\"wp-caption alignleft\"><a href=\"https:\/\/www.naturparkmagazin.de\/stechlin\/wp-content\/uploads\/sites\/38\/Gr\u00fcne-Woche_0013.jpg\"><img aria-describedby=\"caption-attachment-5091\" decoding=\"async\" loading=\"lazy\" class=\"size-thumbnail wp-image-5091\" src=\"https:\/\/www.naturparkmagazin.de\/stechlin\/wp-content\/uploads\/sites\/38\/Gr\u00fcne-Woche_0013-300x180.jpg\" alt=\"Reinhardt Brehe, Vorstandsmitglied im Landesschafzuchtverband im Fachgespr\u00e4ch mit Naturparkmitarbeiter Heiko Strobel.\" width=\"300\" height=\"180\" srcset=\"https:\/\/www.naturparkmagazin.de\/stechlin\/wp-content\/uploads\/sites\/38\/Gr\u00fcne-Woche_0013-300x180.jpg 300w, https:\/\/www.naturparkmagazin.de\/stechlin\/wp-content\/uploads\/sites\/38\/Gr\u00fcne-Woche_0013.jpg 500w, https:\/\/www.naturparkmagazin.de\/stechlin\/wp-content\/uploads\/sites\/38\/Gr\u00fcne-Woche_0013-200x120.jpg 200w\" sizes=\"(max-width: 300px) 100vw, 300px\" \/><\/a><p id=\"caption-attachment-5091\" class=\"wp-caption-text\">Reinhardt Brehe, Vorstandsmitglied im Landesschafzuchtverband im Fachgespr\u00e4ch mit Naturparkmitarbeiter Heiko Strobel.<\/p><\/div>\n<p>&nbsp;<\/p>\n<p>&nbsp;<\/p>\n<p>&nbsp;<\/p>\n<p>&nbsp;<\/p>\n<p>&nbsp;<\/p>\n<p>&nbsp;<\/p>\n<p>&nbsp;<\/p>\n<div id=\"attachment_5094\" style=\"width: 310px\" class=\"wp-caption alignleft\"><a href=\"https:\/\/www.naturparkmagazin.de\/stechlin\/wp-content\/uploads\/sites\/38\/Gr\u00fcne-Woche_0024.jpg\"><img aria-describedby=\"caption-attachment-5094\" decoding=\"async\" loading=\"lazy\" class=\"size-thumbnail wp-image-5094\" src=\"https:\/\/www.naturparkmagazin.de\/stechlin\/wp-content\/uploads\/sites\/38\/Gr\u00fcne-Woche_0024-300x180.jpg\" alt=\"Phil Hartmann von der Manufaktur &quot;Drei Jahreszeiten&quot; aus Altglobsow beim Interview im Kochstudio.\" width=\"300\" height=\"180\" srcset=\"https:\/\/www.naturparkmagazin.de\/stechlin\/wp-content\/uploads\/sites\/38\/Gr\u00fcne-Woche_0024-300x180.jpg 300w, https:\/\/www.naturparkmagazin.de\/stechlin\/wp-content\/uploads\/sites\/38\/Gr\u00fcne-Woche_0024.jpg 500w, https:\/\/www.naturparkmagazin.de\/stechlin\/wp-content\/uploads\/sites\/38\/Gr\u00fcne-Woche_0024-200x120.jpg 200w\" sizes=\"(max-width: 300px) 100vw, 300px\" \/><\/a><p id=\"caption-attachment-5094\" class=\"wp-caption-text\">Phil Hartmann von der Manufaktur &#8222;Drei Jahreszeiten&#8220; aus Altglobsow beim Interview im Kochstudio.<\/p><\/div>\n","protected":false},"excerpt":{"rendered":"<p>Am 22. Januar pr\u00e4sentierte sich der Naturpark in der Brandenburg-Halle 21a am Stand der Nationalen Naturlandschaften Brandenburgs.<\/p>\n","protected":false},"author":39,"featured_media":5088,"comment_status":"open","ping_status":"open","sticky":false,"template":"","format":"standard","meta":[],"categories":[7],"tags":[],"yoast_head":"<!-- This site is optimized with the Yoast SEO plugin v19.10 - https:\/\/yoast.com\/wordpress\/plugins\/seo\/ -->\n<title>Naturpark auf der Internationalen Gr\u00fcnen Woche in Berlin - Naturpark Stechlin-Ruppiner Land<\/title>\n<meta name=\"robots\" content=\"index, follow, max-snippet:-1, max-image-preview:large, max-video-preview:-1\" \/>\n<link rel=\"canonical\" href=\"https:\/\/www.naturparkmagazin.de\/stechlin\/naturpark-auf-der-internationalen-gruenen-woche\/\" \/>\n<meta property=\"og:locale\" content=\"de_DE\" \/>\n<meta property=\"og:type\" content=\"article\" \/>\n<meta property=\"og:title\" content=\"Naturpark auf der Internationalen Gr\u00fcnen Woche in Berlin - Naturpark Stechlin-Ruppiner Land\" \/>\n<meta property=\"og:description\" content=\"Am 22. Januar pr\u00e4sentierte sich der Naturpark in der Brandenburg-Halle 21a am Stand der Nationalen Naturlandschaften Brandenburgs.\" \/>\n<meta property=\"og:url\" content=\"https:\/\/www.naturparkmagazin.de\/stechlin\/naturpark-auf-der-internationalen-gruenen-woche\/\" \/>\n<meta property=\"og:site_name\" content=\"Naturpark Stechlin-Ruppiner Land\" \/>\n<meta property=\"article:published_time\" content=\"2017-01-23T06:48:26+00:00\" \/>\n<meta property=\"article:modified_time\" content=\"2017-01-24T16:37:22+00:00\" \/>\n<meta property=\"og:image\" content=\"https:\/\/www.naturparkmagazin.de\/stechlin\/wp-content\/uploads\/sites\/38\/Gr\u00fcne-Woche2017_0021.jpg\" \/>\n\t<meta property=\"og:image:width\" content=\"200\" \/>\n\t<meta property=\"og:image:height\" content=\"200\" \/>\n\t<meta property=\"og:image:type\" content=\"image\/jpeg\" \/>\n<meta name=\"author\" content=\"marioschrumpf\" \/>\n<meta name=\"twitter:label1\" content=\"Verfasst von\" \/>\n\t<meta name=\"twitter:data1\" content=\"marioschrumpf\" \/>\n\t<meta name=\"twitter:label2\" content=\"Gesch\u00e4tzte Lesezeit\" \/>\n\t<meta name=\"twitter:data2\" content=\"1\u00a0Minute\" \/>\n<script type=\"application\/ld+json\" class=\"yoast-schema-graph\">{\"@context\":\"https:\/\/schema.org\",\"@graph\":[{\"@type\":\"WebPage\",\"@id\":\"https:\/\/www.naturparkmagazin.de\/stechlin\/naturpark-auf-der-internationalen-gruenen-woche\/\",\"url\":\"https:\/\/www.naturparkmagazin.de\/stechlin\/naturpark-auf-der-internationalen-gruenen-woche\/\",\"name\":\"Naturpark auf der Internationalen Gr\u00fcnen Woche in Berlin - Naturpark Stechlin-Ruppiner Land\",\"isPartOf\":{\"@id\":\"https:\/\/www.naturparkmagazin.de\/stechlin\/#website\"},\"datePublished\":\"2017-01-23T06:48:26+00:00\",\"dateModified\":\"2017-01-24T16:37:22+00:00\",\"author\":{\"@id\":\"https:\/\/www.naturparkmagazin.de\/stechlin\/#\/schema\/person\/3f0d93203df21c806dd63c76d9bb28bc\"},\"breadcrumb\":{\"@id\":\"https:\/\/www.naturparkmagazin.de\/stechlin\/naturpark-auf-der-internationalen-gruenen-woche\/#breadcrumb\"},\"inLanguage\":\"de\",\"potentialAction\":[{\"@type\":\"ReadAction\",\"target\":[\"https:\/\/www.naturparkmagazin.de\/stechlin\/naturpark-auf-der-internationalen-gruenen-woche\/\"]}]},{\"@type\":\"BreadcrumbList\",\"@id\":\"https:\/\/www.naturparkmagazin.de\/stechlin\/naturpark-auf-der-internationalen-gruenen-woche\/#breadcrumb\",\"itemListElement\":[{\"@type\":\"ListItem\",\"position\":1,\"name\":\"Home\",\"item\":\"https:\/\/www.naturparkmagazin.de\/stechlin\/\"},{\"@type\":\"ListItem\",\"position\":2,\"name\":\"Naturpark auf der Internationalen Gr\u00fcnen Woche in Berlin\"}]},{\"@type\":\"WebSite\",\"@id\":\"https:\/\/www.naturparkmagazin.de\/stechlin\/#website\",\"url\":\"https:\/\/www.naturparkmagazin.de\/stechlin\/\",\"name\":\"Naturpark Stechlin-Ruppiner Land\",\"description\":\"\",\"potentialAction\":[{\"@type\":\"SearchAction\",\"target\":{\"@type\":\"EntryPoint\",\"urlTemplate\":\"https:\/\/www.naturparkmagazin.de\/stechlin\/?s={search_term_string}\"},\"query-input\":\"required name=search_term_string\"}],\"inLanguage\":\"de\"},{\"@type\":\"Person\",\"@id\":\"https:\/\/www.naturparkmagazin.de\/stechlin\/#\/schema\/person\/3f0d93203df21c806dd63c76d9bb28bc\",\"name\":\"marioschrumpf\",\"url\":\"https:\/\/www.naturparkmagazin.de\/stechlin\/author\/marioschrumpf\/\"}]}<\/script>\n<!-- \/ Yoast SEO plugin. -->","yoast_head_json":{"title":"Naturpark auf der Internationalen Gr\u00fcnen Woche in Berlin - Naturpark Stechlin-Ruppiner Land","robots":{"index":"index","follow":"follow","max-snippet":"max-snippet:-1","max-image-preview":"max-image-preview:large","max-video-preview":"max-video-preview:-1"},"canonical":"https:\/\/www.naturparkmagazin.de\/stechlin\/naturpark-auf-der-internationalen-gruenen-woche\/","og_locale":"de_DE","og_type":"article","og_title":"Naturpark auf der Internationalen Gr\u00fcnen Woche in Berlin - Naturpark Stechlin-Ruppiner Land","og_description":"Am 22. Januar pr\u00e4sentierte sich der Naturpark in der Brandenburg-Halle 21a am Stand der Nationalen Naturlandschaften Brandenburgs.","og_url":"https:\/\/www.naturparkmagazin.de\/stechlin\/naturpark-auf-der-internationalen-gruenen-woche\/","og_site_name":"Naturpark Stechlin-Ruppiner Land","article_published_time":"2017-01-23T06:48:26+00:00","article_modified_time":"2017-01-24T16:37:22+00:00","og_image":[{"width":200,"height":200,"url":"https:\/\/www.naturparkmagazin.de\/stechlin\/wp-content\/uploads\/sites\/38\/Gr\u00fcne-Woche2017_0021.jpg","type":"image\/jpeg"}],"author":"marioschrumpf","twitter_misc":{"Verfasst von":"marioschrumpf","Gesch\u00e4tzte Lesezeit":"1\u00a0Minute"},"schema":{"@context":"https:\/\/schema.org","@graph":[{"@type":"WebPage","@id":"https:\/\/www.naturparkmagazin.de\/stechlin\/naturpark-auf-der-internationalen-gruenen-woche\/","url":"https:\/\/www.naturparkmagazin.de\/stechlin\/naturpark-auf-der-internationalen-gruenen-woche\/","name":"Naturpark auf der Internationalen Gr\u00fcnen Woche in Berlin - Naturpark Stechlin-Ruppiner Land","isPartOf":{"@id":"https:\/\/www.naturparkmagazin.de\/stechlin\/#website"},"datePublished":"2017-01-23T06:48:26+00:00","dateModified":"2017-01-24T16:37:22+00:00","author":{"@id":"https:\/\/www.naturparkmagazin.de\/stechlin\/#\/schema\/person\/3f0d93203df21c806dd63c76d9bb28bc"},"breadcrumb":{"@id":"https:\/\/www.naturparkmagazin.de\/stechlin\/naturpark-auf-der-internationalen-gruenen-woche\/#breadcrumb"},"inLanguage":"de","potentialAction":[{"@type":"ReadAction","target":["https:\/\/www.naturparkmagazin.de\/stechlin\/naturpark-auf-der-internationalen-gruenen-woche\/"]}]},{"@type":"BreadcrumbList","@id":"https:\/\/www.naturparkmagazin.de\/stechlin\/naturpark-auf-der-internationalen-gruenen-woche\/#breadcrumb","itemListElement":[{"@type":"ListItem","position":1,"name":"Home","item":"https:\/\/www.naturparkmagazin.de\/stechlin\/"},{"@type":"ListItem","position":2,"name":"Naturpark auf der Internationalen Gr\u00fcnen Woche in Berlin"}]},{"@type":"WebSite","@id":"https:\/\/www.naturparkmagazin.de\/stechlin\/#website","url":"https:\/\/www.naturparkmagazin.de\/stechlin\/","name":"Naturpark Stechlin-Ruppiner Land","description":"","potentialAction":[{"@type":"SearchAction","target":{"@type":"EntryPoint","urlTemplate":"https:\/\/www.naturparkmagazin.de\/stechlin\/?s={search_term_string}"},"query-input":"required name=search_term_string"}],"inLanguage":"de"},{"@type":"Person","@id":"https:\/\/www.naturparkmagazin.de\/stechlin\/#\/schema\/person\/3f0d93203df21c806dd63c76d9bb28bc","name":"marioschrumpf","url":"https:\/\/www.naturparkmagazin.de\/stechlin\/author\/marioschrumpf\/"}]}},"_links":{"self":[{"href":"https:\/\/www.naturparkmagazin.de\/stechlin\/wp-json\/wp\/v2\/posts\/4987"}],"collection":[{"href":"https:\/\/www.naturparkmagazin.de\/stechlin\/wp-json\/wp\/v2\/posts"}],"about":[{"href":"https:\/\/www.naturparkmagazin.de\/stechlin\/wp-json\/wp\/v2\/types\/post"}],"author":[{"embeddable":true,"href":"https:\/\/www.naturparkmagazin.de\/stechlin\/wp-json\/wp\/v2\/users\/39"}],"replies":[{"embeddable":true,"href":"https:\/\/www.naturparkmagazin.de\/stechlin\/wp-json\/wp\/v2\/comments?post=4987"}],"version-history":[{"count":7,"href":"https:\/\/www.naturparkmagazin.de\/stechlin\/wp-json\/wp\/v2\/posts\/4987\/revisions"}],"predecessor-version":[{"id":5089,"href":"https:\/\/www.naturparkmagazin.de\/stechlin\/wp-json\/wp\/v2\/posts\/4987\/revisions\/5089"}],"wp:featuredmedia":[{"embeddable":true,"href":"https:\/\/www.naturparkmagazin.de\/stechlin\/wp-json\/wp\/v2\/media\/5088"}],"wp:attachment":[{"href":"https:\/\/www.naturparkmagazin.de\/stechlin\/wp-json\/wp\/v2\/media?parent=4987"}],"wp:term":[{"taxonomy":"category","embeddable":true,"href":"https:\/\/www.naturparkmagazin.de\/stechlin\/wp-json\/wp\/v2\/categories?post=4987"},{"taxonomy":"post_tag","embeddable":true,"href":"https:\/\/www.naturparkmagazin.de\/stechlin\/wp-json\/wp\/v2\/tags?post=4987"}],"curies":[{"name":"wp","href":"https:\/\/api.w.org\/{rel}","templated":true}]}}