{"id":4991,"date":"2017-01-16T19:11:38","date_gmt":"2017-01-16T18:11:38","guid":{"rendered":"http:\/\/www.naturparkmagazin.de\/stechlin\/?p=4991"},"modified":"2017-01-17T11:30:22","modified_gmt":"2017-01-17T10:30:22","slug":"jeanette-lehmann-aus-kagar","status":"publish","type":"post","link":"https:\/\/www.naturparkmagazin.de\/stechlin\/jeanette-lehmann-aus-kagar\/","title":{"rendered":"Jeanette Lehmann aus Kagar"},"content":{"rendered":"<p><a href=\"https:\/\/www.naturparkmagazin.de\/stechlin\/wp-content\/uploads\/sites\/38\/Jeanette-Lehmann.jpg\"><img decoding=\"async\" loading=\"lazy\" class=\"alignleft size-full wp-image-4992\" src=\"https:\/\/www.naturparkmagazin.de\/stechlin\/wp-content\/uploads\/sites\/38\/Jeanette-Lehmann.jpg\" alt=\"NP SRL\/Jeanette Lehmann\" width=\"200\" height=\"200\" srcset=\"https:\/\/www.naturparkmagazin.de\/stechlin\/wp-content\/uploads\/sites\/38\/Jeanette-Lehmann.jpg 200w, https:\/\/www.naturparkmagazin.de\/stechlin\/wp-content\/uploads\/sites\/38\/Jeanette-Lehmann-30x30.jpg 30w\" sizes=\"(max-width: 200px) 100vw, 200px\" \/>\n<\/a><\/p>\n<p>&nbsp;<\/p>\n<p>&nbsp;<\/p>\n<p>&nbsp;<\/p>\n<p>&nbsp;<\/p>\n<p>&nbsp;<\/p>\n<p>&nbsp;<\/p>\n<p>&nbsp;<\/p>\n<p>Seit 1. Januar hat die Manschaft im NaturParkHaus Stechlin in Menz Unterst\u00fctzung bekommen.<\/p>\n<p>Jeanette Lehmann wird im Rahmen des Projektes &#8222;<em>Vielfalt erleben-hautnah<\/em>&#8222;, gef\u00f6rdert durch das Brandenburgische Umweltministerium im Programm &#8222;<em>Nationales Naturerbe und Umweltbewusstsein<\/em>&#8220;\u00a0das Besucherzentrum bis 2019 als Projektmitarbeiterin unterst\u00fctzen.<\/p>\n<p>Die ausgebildete Natur- und Landschaftsf\u00fchrerin des Naturparks verf\u00fcgt \u00fcber jahrelange Erfahrungen im Umweltbildungsbereich. Zuletzt war die gelernte Elektroingenieurin in der Museumsp\u00e4dagogik im Ziegeleipark Mildenberg t\u00e4tig.<\/p>\n<p>Bei der traditionellen &#8222;<em>Stunde der Winterv\u00f6gel<\/em>&#8220; des NABU konnten die G\u00e4ste erstmalig mit Jeanette Lehmann auf Exkursion ins NSG Stechlin gehen.<\/p>\n<p>&nbsp;<\/p>\n<p>&nbsp;<\/p>\n","protected":false},"excerpt":{"rendered":"<p>Seit 1. Januar hat die Manschaft im NaturParkHaus Stechlin in Menz Unterst\u00fctzung bekommen.<\/p>\n","protected":false},"author":39,"featured_media":4992,"comment_status":"open","ping_status":"open","sticky":false,"template":"","format":"standard","meta":[],"categories":[8],"tags":[],"yoast_head":"<!-- This site is optimized with the Yoast SEO plugin v19.10 - https:\/\/yoast.com\/wordpress\/plugins\/seo\/ -->\n<title>Jeanette Lehmann aus Kagar - Naturpark Stechlin-Ruppiner Land<\/title>\n<meta name=\"robots\" content=\"index, follow, max-snippet:-1, max-image-preview:large, max-video-preview:-1\" \/>\n<link rel=\"canonical\" href=\"https:\/\/www.naturparkmagazin.de\/stechlin\/jeanette-lehmann-aus-kagar\/\" \/>\n<meta property=\"og:locale\" content=\"de_DE\" \/>\n<meta property=\"og:type\" content=\"article\" \/>\n<meta property=\"og:title\" content=\"Jeanette Lehmann aus Kagar - Naturpark Stechlin-Ruppiner Land\" \/>\n<meta property=\"og:description\" content=\"Seit 1. Januar hat die Manschaft im NaturParkHaus Stechlin in Menz Unterst\u00fctzung bekommen.\" \/>\n<meta property=\"og:url\" content=\"https:\/\/www.naturparkmagazin.de\/stechlin\/jeanette-lehmann-aus-kagar\/\" \/>\n<meta property=\"og:site_name\" content=\"Naturpark Stechlin-Ruppiner Land\" \/>\n<meta property=\"article:published_time\" content=\"2017-01-16T18:11:38+00:00\" \/>\n<meta property=\"article:modified_time\" content=\"2017-01-17T10:30:22+00:00\" \/>\n<meta property=\"og:image\" content=\"https:\/\/www.naturparkmagazin.de\/stechlin\/wp-content\/uploads\/sites\/38\/Jeanette-Lehmann.jpg\" \/>\n\t<meta property=\"og:image:width\" content=\"200\" \/>\n\t<meta property=\"og:image:height\" content=\"200\" \/>\n\t<meta property=\"og:image:type\" content=\"image\/jpeg\" \/>\n<meta name=\"author\" content=\"marioschrumpf\" \/>\n<meta name=\"twitter:label1\" content=\"Verfasst von\" \/>\n\t<meta name=\"twitter:data1\" content=\"marioschrumpf\" \/>\n\t<meta name=\"twitter:label2\" content=\"Gesch\u00e4tzte Lesezeit\" \/>\n\t<meta name=\"twitter:data2\" content=\"1\u00a0Minute\" \/>\n<script type=\"application\/ld+json\" class=\"yoast-schema-graph\">{\"@context\":\"https:\/\/schema.org\",\"@graph\":[{\"@type\":\"WebPage\",\"@id\":\"https:\/\/www.naturparkmagazin.de\/stechlin\/jeanette-lehmann-aus-kagar\/\",\"url\":\"https:\/\/www.naturparkmagazin.de\/stechlin\/jeanette-lehmann-aus-kagar\/\",\"name\":\"Jeanette Lehmann aus Kagar - Naturpark Stechlin-Ruppiner Land\",\"isPartOf\":{\"@id\":\"https:\/\/www.naturparkmagazin.de\/stechlin\/#website\"},\"datePublished\":\"2017-01-16T18:11:38+00:00\",\"dateModified\":\"2017-01-17T10:30:22+00:00\",\"author\":{\"@id\":\"https:\/\/www.naturparkmagazin.de\/stechlin\/#\/schema\/person\/3f0d93203df21c806dd63c76d9bb28bc\"},\"breadcrumb\":{\"@id\":\"https:\/\/www.naturparkmagazin.de\/stechlin\/jeanette-lehmann-aus-kagar\/#breadcrumb\"},\"inLanguage\":\"de\",\"potentialAction\":[{\"@type\":\"ReadAction\",\"target\":[\"https:\/\/www.naturparkmagazin.de\/stechlin\/jeanette-lehmann-aus-kagar\/\"]}]},{\"@type\":\"BreadcrumbList\",\"@id\":\"https:\/\/www.naturparkmagazin.de\/stechlin\/jeanette-lehmann-aus-kagar\/#breadcrumb\",\"itemListElement\":[{\"@type\":\"ListItem\",\"position\":1,\"name\":\"Home\",\"item\":\"https:\/\/www.naturparkmagazin.de\/stechlin\/\"},{\"@type\":\"ListItem\",\"position\":2,\"name\":\"Jeanette Lehmann aus Kagar\"}]},{\"@type\":\"WebSite\",\"@id\":\"https:\/\/www.naturparkmagazin.de\/stechlin\/#website\",\"url\":\"https:\/\/www.naturparkmagazin.de\/stechlin\/\",\"name\":\"Naturpark Stechlin-Ruppiner Land\",\"description\":\"\",\"potentialAction\":[{\"@type\":\"SearchAction\",\"target\":{\"@type\":\"EntryPoint\",\"urlTemplate\":\"https:\/\/www.naturparkmagazin.de\/stechlin\/?s={search_term_string}\"},\"query-input\":\"required name=search_term_string\"}],\"inLanguage\":\"de\"},{\"@type\":\"Person\",\"@id\":\"https:\/\/www.naturparkmagazin.de\/stechlin\/#\/schema\/person\/3f0d93203df21c806dd63c76d9bb28bc\",\"name\":\"marioschrumpf\",\"url\":\"https:\/\/www.naturparkmagazin.de\/stechlin\/author\/marioschrumpf\/\"}]}<\/script>\n<!-- \/ Yoast SEO plugin. -->","yoast_head_json":{"title":"Jeanette Lehmann aus Kagar - Naturpark Stechlin-Ruppiner Land","robots":{"index":"index","follow":"follow","max-snippet":"max-snippet:-1","max-image-preview":"max-image-preview:large","max-video-preview":"max-video-preview:-1"},"canonical":"https:\/\/www.naturparkmagazin.de\/stechlin\/jeanette-lehmann-aus-kagar\/","og_locale":"de_DE","og_type":"article","og_title":"Jeanette Lehmann aus Kagar - Naturpark Stechlin-Ruppiner Land","og_description":"Seit 1. Januar hat die Manschaft im NaturParkHaus Stechlin in Menz Unterst\u00fctzung bekommen.","og_url":"https:\/\/www.naturparkmagazin.de\/stechlin\/jeanette-lehmann-aus-kagar\/","og_site_name":"Naturpark Stechlin-Ruppiner Land","article_published_time":"2017-01-16T18:11:38+00:00","article_modified_time":"2017-01-17T10:30:22+00:00","og_image":[{"width":200,"height":200,"url":"https:\/\/www.naturparkmagazin.de\/stechlin\/wp-content\/uploads\/sites\/38\/Jeanette-Lehmann.jpg","type":"image\/jpeg"}],"author":"marioschrumpf","twitter_misc":{"Verfasst von":"marioschrumpf","Gesch\u00e4tzte Lesezeit":"1\u00a0Minute"},"schema":{"@context":"https:\/\/schema.org","@graph":[{"@type":"WebPage","@id":"https:\/\/www.naturparkmagazin.de\/stechlin\/jeanette-lehmann-aus-kagar\/","url":"https:\/\/www.naturparkmagazin.de\/stechlin\/jeanette-lehmann-aus-kagar\/","name":"Jeanette Lehmann aus Kagar - Naturpark Stechlin-Ruppiner Land","isPartOf":{"@id":"https:\/\/www.naturparkmagazin.de\/stechlin\/#website"},"datePublished":"2017-01-16T18:11:38+00:00","dateModified":"2017-01-17T10:30:22+00:00","author":{"@id":"https:\/\/www.naturparkmagazin.de\/stechlin\/#\/schema\/person\/3f0d93203df21c806dd63c76d9bb28bc"},"breadcrumb":{"@id":"https:\/\/www.naturparkmagazin.de\/stechlin\/jeanette-lehmann-aus-kagar\/#breadcrumb"},"inLanguage":"de","potentialAction":[{"@type":"ReadAction","target":["https:\/\/www.naturparkmagazin.de\/stechlin\/jeanette-lehmann-aus-kagar\/"]}]},{"@type":"BreadcrumbList","@id":"https:\/\/www.naturparkmagazin.de\/stechlin\/jeanette-lehmann-aus-kagar\/#breadcrumb","itemListElement":[{"@type":"ListItem","position":1,"name":"Home","item":"https:\/\/www.naturparkmagazin.de\/stechlin\/"},{"@type":"ListItem","position":2,"name":"Jeanette Lehmann aus Kagar"}]},{"@type":"WebSite","@id":"https:\/\/www.naturparkmagazin.de\/stechlin\/#website","url":"https:\/\/www.naturparkmagazin.de\/stechlin\/","name":"Naturpark Stechlin-Ruppiner Land","description":"","potentialAction":[{"@type":"SearchAction","target":{"@type":"EntryPoint","urlTemplate":"https:\/\/www.naturparkmagazin.de\/stechlin\/?s={search_term_string}"},"query-input":"required name=search_term_string"}],"inLanguage":"de"},{"@type":"Person","@id":"https:\/\/www.naturparkmagazin.de\/stechlin\/#\/schema\/person\/3f0d93203df21c806dd63c76d9bb28bc","name":"marioschrumpf","url":"https:\/\/www.naturparkmagazin.de\/stechlin\/author\/marioschrumpf\/"}]}},"_links":{"self":[{"href":"https:\/\/www.naturparkmagazin.de\/stechlin\/wp-json\/wp\/v2\/posts\/4991"}],"collection":[{"href":"https:\/\/www.naturparkmagazin.de\/stechlin\/wp-json\/wp\/v2\/posts"}],"about":[{"href":"https:\/\/www.naturparkmagazin.de\/stechlin\/wp-json\/wp\/v2\/types\/post"}],"author":[{"embeddable":true,"href":"https:\/\/www.naturparkmagazin.de\/stechlin\/wp-json\/wp\/v2\/users\/39"}],"replies":[{"embeddable":true,"href":"https:\/\/www.naturparkmagazin.de\/stechlin\/wp-json\/wp\/v2\/comments?post=4991"}],"version-history":[{"count":5,"href":"https:\/\/www.naturparkmagazin.de\/stechlin\/wp-json\/wp\/v2\/posts\/4991\/revisions"}],"predecessor-version":[{"id":5011,"href":"https:\/\/www.naturparkmagazin.de\/stechlin\/wp-json\/wp\/v2\/posts\/4991\/revisions\/5011"}],"wp:featuredmedia":[{"embeddable":true,"href":"https:\/\/www.naturparkmagazin.de\/stechlin\/wp-json\/wp\/v2\/media\/4992"}],"wp:attachment":[{"href":"https:\/\/www.naturparkmagazin.de\/stechlin\/wp-json\/wp\/v2\/media?parent=4991"}],"wp:term":[{"taxonomy":"category","embeddable":true,"href":"https:\/\/www.naturparkmagazin.de\/stechlin\/wp-json\/wp\/v2\/categories?post=4991"},{"taxonomy":"post_tag","embeddable":true,"href":"https:\/\/www.naturparkmagazin.de\/stechlin\/wp-json\/wp\/v2\/tags?post=4991"}],"curies":[{"name":"wp","href":"https:\/\/api.w.org\/{rel}","templated":true}]}}