{"id":4994,"date":"2017-01-16T11:00:44","date_gmt":"2017-01-16T10:00:44","guid":{"rendered":"http:\/\/www.naturparkmagazin.de\/stechlin\/?p=4994"},"modified":"2017-01-24T13:36:28","modified_gmt":"2017-01-24T12:36:28","slug":"herzlich-willkommen-zur-8-tourismusgalerie-in-sewekow","status":"publish","type":"post","link":"https:\/\/www.naturparkmagazin.de\/stechlin\/herzlich-willkommen-zur-8-tourismusgalerie-in-sewekow\/","title":{"rendered":"Herzlich willkommen zur 8. Tourismusgalerie in Sewekow"},"content":{"rendered":"<p><a href=\"https:\/\/www.naturparkmagazin.de\/stechlin\/wp-content\/uploads\/sites\/38\/Sewekow.jpg\"><img decoding=\"async\" loading=\"lazy\" class=\"alignleft size-full wp-image-4995\" src=\"https:\/\/www.naturparkmagazin.de\/stechlin\/wp-content\/uploads\/sites\/38\/Sewekow.jpg\" alt=\"NP SRL\/Archiv\" width=\"200\" height=\"300\" \/>\n<\/a><\/p>\n<p>&nbsp;<\/p>\n<p>&nbsp;<\/p>\n<p>&nbsp;<\/p>\n<p>&nbsp;<\/p>\n<p>&nbsp;<\/p>\n<p>&nbsp;<\/p>\n<p>&nbsp;<\/p>\n<p>&nbsp;<\/p>\n<p>&nbsp;<\/p>\n<p>&nbsp;<\/p>\n<p>Touristische Leistungstr\u00e4ger der s\u00fcdlichen M\u00fcritzregion und des n\u00f6rdlichen Brandenburgs pr\u00e4sentieren sich am <strong>26.2.17 in Sewekow<\/strong>. Von <strong>11-17 Uhr<\/strong> wird die <strong>Max-Schmelling-Halle<\/strong> zu einem Marktplatz der touristischen Information und Angebote der gesamten Region.<\/p>\n<p>Hauptthema in diesem Jahr sind die touristischen <strong>Angebote rund um die Kyritz-Ruppiner Heide<\/strong>. Das Team der Natur- und Landschaftsf\u00fchrer des Naturparks ist nat\u00fcrlich mit von der Partie. Die gastronomischen Versorgung ist gew\u00e4hrleistet.<\/p>\n<p><a href=\"https:\/\/www.naturparkmagazin.de\/stechlin\/wp-content\/uploads\/sites\/38\/Tourismusgalerie2-2016-in-Sewekow.jpg\"><img decoding=\"async\" loading=\"lazy\" class=\"alignleft size-thumbnail wp-image-5014\" src=\"https:\/\/www.naturparkmagazin.de\/stechlin\/wp-content\/uploads\/sites\/38\/Tourismusgalerie2-2016-in-Sewekow-300x180.jpg\" alt=\"NP SRL\/J\u00fcrgen Paul\" width=\"300\" height=\"180\" srcset=\"https:\/\/www.naturparkmagazin.de\/stechlin\/wp-content\/uploads\/sites\/38\/Tourismusgalerie2-2016-in-Sewekow-300x180.jpg 300w, https:\/\/www.naturparkmagazin.de\/stechlin\/wp-content\/uploads\/sites\/38\/Tourismusgalerie2-2016-in-Sewekow.jpg 500w, https:\/\/www.naturparkmagazin.de\/stechlin\/wp-content\/uploads\/sites\/38\/Tourismusgalerie2-2016-in-Sewekow-200x120.jpg 200w\" sizes=\"(max-width: 300px) 100vw, 300px\" \/><\/a><\/p>\n<p>&nbsp;<\/p>\n<p>&nbsp;<\/p>\n","protected":false},"excerpt":{"rendered":"<p>Touristische Leistungstr\u00e4ger der s\u00fcdlichen M\u00fcritzregion und des n\u00f6rdlichen Brandenburgs pr\u00e4sentieren sich am 26.2.17 in Sewekow.<\/p>\n","protected":false},"author":39,"featured_media":5013,"comment_status":"open","ping_status":"open","sticky":false,"template":"","format":"standard","meta":[],"categories":[11],"tags":[],"yoast_head":"<!-- This site is optimized with the Yoast SEO plugin v19.10 - https:\/\/yoast.com\/wordpress\/plugins\/seo\/ -->\n<title>Herzlich willkommen zur 8. Tourismusgalerie in Sewekow - Naturpark Stechlin-Ruppiner Land<\/title>\n<meta name=\"robots\" content=\"index, follow, max-snippet:-1, max-image-preview:large, max-video-preview:-1\" \/>\n<link rel=\"canonical\" href=\"https:\/\/www.naturparkmagazin.de\/stechlin\/herzlich-willkommen-zur-8-tourismusgalerie-in-sewekow\/\" \/>\n<meta property=\"og:locale\" content=\"de_DE\" \/>\n<meta property=\"og:type\" content=\"article\" \/>\n<meta property=\"og:title\" content=\"Herzlich willkommen zur 8. Tourismusgalerie in Sewekow - Naturpark Stechlin-Ruppiner Land\" \/>\n<meta property=\"og:description\" content=\"Touristische Leistungstr\u00e4ger der s\u00fcdlichen M\u00fcritzregion und des n\u00f6rdlichen Brandenburgs pr\u00e4sentieren sich am 26.2.17 in Sewekow.\" \/>\n<meta property=\"og:url\" content=\"https:\/\/www.naturparkmagazin.de\/stechlin\/herzlich-willkommen-zur-8-tourismusgalerie-in-sewekow\/\" \/>\n<meta property=\"og:site_name\" content=\"Naturpark Stechlin-Ruppiner Land\" \/>\n<meta property=\"article:published_time\" content=\"2017-01-16T10:00:44+00:00\" \/>\n<meta property=\"article:modified_time\" content=\"2017-01-24T12:36:28+00:00\" \/>\n<meta property=\"og:image\" content=\"https:\/\/www.naturparkmagazin.de\/stechlin\/wp-content\/uploads\/sites\/38\/Tourismusgalerie-2016-in-Sewekow.jpg\" \/>\n\t<meta property=\"og:image:width\" content=\"200\" \/>\n\t<meta property=\"og:image:height\" content=\"200\" \/>\n\t<meta property=\"og:image:type\" content=\"image\/jpeg\" \/>\n<meta name=\"author\" content=\"marioschrumpf\" \/>\n<meta name=\"twitter:label1\" content=\"Verfasst von\" \/>\n\t<meta name=\"twitter:data1\" content=\"marioschrumpf\" \/>\n<script type=\"application\/ld+json\" class=\"yoast-schema-graph\">{\"@context\":\"https:\/\/schema.org\",\"@graph\":[{\"@type\":\"WebPage\",\"@id\":\"https:\/\/www.naturparkmagazin.de\/stechlin\/herzlich-willkommen-zur-8-tourismusgalerie-in-sewekow\/\",\"url\":\"https:\/\/www.naturparkmagazin.de\/stechlin\/herzlich-willkommen-zur-8-tourismusgalerie-in-sewekow\/\",\"name\":\"Herzlich willkommen zur 8. Tourismusgalerie in Sewekow - Naturpark Stechlin-Ruppiner Land\",\"isPartOf\":{\"@id\":\"https:\/\/www.naturparkmagazin.de\/stechlin\/#website\"},\"datePublished\":\"2017-01-16T10:00:44+00:00\",\"dateModified\":\"2017-01-24T12:36:28+00:00\",\"author\":{\"@id\":\"https:\/\/www.naturparkmagazin.de\/stechlin\/#\/schema\/person\/3f0d93203df21c806dd63c76d9bb28bc\"},\"breadcrumb\":{\"@id\":\"https:\/\/www.naturparkmagazin.de\/stechlin\/herzlich-willkommen-zur-8-tourismusgalerie-in-sewekow\/#breadcrumb\"},\"inLanguage\":\"de\",\"potentialAction\":[{\"@type\":\"ReadAction\",\"target\":[\"https:\/\/www.naturparkmagazin.de\/stechlin\/herzlich-willkommen-zur-8-tourismusgalerie-in-sewekow\/\"]}]},{\"@type\":\"BreadcrumbList\",\"@id\":\"https:\/\/www.naturparkmagazin.de\/stechlin\/herzlich-willkommen-zur-8-tourismusgalerie-in-sewekow\/#breadcrumb\",\"itemListElement\":[{\"@type\":\"ListItem\",\"position\":1,\"name\":\"Home\",\"item\":\"https:\/\/www.naturparkmagazin.de\/stechlin\/\"},{\"@type\":\"ListItem\",\"position\":2,\"name\":\"Herzlich willkommen zur 8. Tourismusgalerie in Sewekow\"}]},{\"@type\":\"WebSite\",\"@id\":\"https:\/\/www.naturparkmagazin.de\/stechlin\/#website\",\"url\":\"https:\/\/www.naturparkmagazin.de\/stechlin\/\",\"name\":\"Naturpark Stechlin-Ruppiner Land\",\"description\":\"\",\"potentialAction\":[{\"@type\":\"SearchAction\",\"target\":{\"@type\":\"EntryPoint\",\"urlTemplate\":\"https:\/\/www.naturparkmagazin.de\/stechlin\/?s={search_term_string}\"},\"query-input\":\"required name=search_term_string\"}],\"inLanguage\":\"de\"},{\"@type\":\"Person\",\"@id\":\"https:\/\/www.naturparkmagazin.de\/stechlin\/#\/schema\/person\/3f0d93203df21c806dd63c76d9bb28bc\",\"name\":\"marioschrumpf\",\"url\":\"https:\/\/www.naturparkmagazin.de\/stechlin\/author\/marioschrumpf\/\"}]}<\/script>\n<!-- \/ Yoast SEO plugin. -->","yoast_head_json":{"title":"Herzlich willkommen zur 8. Tourismusgalerie in Sewekow - Naturpark Stechlin-Ruppiner Land","robots":{"index":"index","follow":"follow","max-snippet":"max-snippet:-1","max-image-preview":"max-image-preview:large","max-video-preview":"max-video-preview:-1"},"canonical":"https:\/\/www.naturparkmagazin.de\/stechlin\/herzlich-willkommen-zur-8-tourismusgalerie-in-sewekow\/","og_locale":"de_DE","og_type":"article","og_title":"Herzlich willkommen zur 8. Tourismusgalerie in Sewekow - Naturpark Stechlin-Ruppiner Land","og_description":"Touristische Leistungstr\u00e4ger der s\u00fcdlichen M\u00fcritzregion und des n\u00f6rdlichen Brandenburgs pr\u00e4sentieren sich am 26.2.17 in Sewekow.","og_url":"https:\/\/www.naturparkmagazin.de\/stechlin\/herzlich-willkommen-zur-8-tourismusgalerie-in-sewekow\/","og_site_name":"Naturpark Stechlin-Ruppiner Land","article_published_time":"2017-01-16T10:00:44+00:00","article_modified_time":"2017-01-24T12:36:28+00:00","og_image":[{"width":200,"height":200,"url":"https:\/\/www.naturparkmagazin.de\/stechlin\/wp-content\/uploads\/sites\/38\/Tourismusgalerie-2016-in-Sewekow.jpg","type":"image\/jpeg"}],"author":"marioschrumpf","twitter_misc":{"Verfasst von":"marioschrumpf"},"schema":{"@context":"https:\/\/schema.org","@graph":[{"@type":"WebPage","@id":"https:\/\/www.naturparkmagazin.de\/stechlin\/herzlich-willkommen-zur-8-tourismusgalerie-in-sewekow\/","url":"https:\/\/www.naturparkmagazin.de\/stechlin\/herzlich-willkommen-zur-8-tourismusgalerie-in-sewekow\/","name":"Herzlich willkommen zur 8. Tourismusgalerie in Sewekow - Naturpark Stechlin-Ruppiner Land","isPartOf":{"@id":"https:\/\/www.naturparkmagazin.de\/stechlin\/#website"},"datePublished":"2017-01-16T10:00:44+00:00","dateModified":"2017-01-24T12:36:28+00:00","author":{"@id":"https:\/\/www.naturparkmagazin.de\/stechlin\/#\/schema\/person\/3f0d93203df21c806dd63c76d9bb28bc"},"breadcrumb":{"@id":"https:\/\/www.naturparkmagazin.de\/stechlin\/herzlich-willkommen-zur-8-tourismusgalerie-in-sewekow\/#breadcrumb"},"inLanguage":"de","potentialAction":[{"@type":"ReadAction","target":["https:\/\/www.naturparkmagazin.de\/stechlin\/herzlich-willkommen-zur-8-tourismusgalerie-in-sewekow\/"]}]},{"@type":"BreadcrumbList","@id":"https:\/\/www.naturparkmagazin.de\/stechlin\/herzlich-willkommen-zur-8-tourismusgalerie-in-sewekow\/#breadcrumb","itemListElement":[{"@type":"ListItem","position":1,"name":"Home","item":"https:\/\/www.naturparkmagazin.de\/stechlin\/"},{"@type":"ListItem","position":2,"name":"Herzlich willkommen zur 8. Tourismusgalerie in Sewekow"}]},{"@type":"WebSite","@id":"https:\/\/www.naturparkmagazin.de\/stechlin\/#website","url":"https:\/\/www.naturparkmagazin.de\/stechlin\/","name":"Naturpark Stechlin-Ruppiner Land","description":"","potentialAction":[{"@type":"SearchAction","target":{"@type":"EntryPoint","urlTemplate":"https:\/\/www.naturparkmagazin.de\/stechlin\/?s={search_term_string}"},"query-input":"required name=search_term_string"}],"inLanguage":"de"},{"@type":"Person","@id":"https:\/\/www.naturparkmagazin.de\/stechlin\/#\/schema\/person\/3f0d93203df21c806dd63c76d9bb28bc","name":"marioschrumpf","url":"https:\/\/www.naturparkmagazin.de\/stechlin\/author\/marioschrumpf\/"}]}},"_links":{"self":[{"href":"https:\/\/www.naturparkmagazin.de\/stechlin\/wp-json\/wp\/v2\/posts\/4994"}],"collection":[{"href":"https:\/\/www.naturparkmagazin.de\/stechlin\/wp-json\/wp\/v2\/posts"}],"about":[{"href":"https:\/\/www.naturparkmagazin.de\/stechlin\/wp-json\/wp\/v2\/types\/post"}],"author":[{"embeddable":true,"href":"https:\/\/www.naturparkmagazin.de\/stechlin\/wp-json\/wp\/v2\/users\/39"}],"replies":[{"embeddable":true,"href":"https:\/\/www.naturparkmagazin.de\/stechlin\/wp-json\/wp\/v2\/comments?post=4994"}],"version-history":[{"count":4,"href":"https:\/\/www.naturparkmagazin.de\/stechlin\/wp-json\/wp\/v2\/posts\/4994\/revisions"}],"predecessor-version":[{"id":5057,"href":"https:\/\/www.naturparkmagazin.de\/stechlin\/wp-json\/wp\/v2\/posts\/4994\/revisions\/5057"}],"wp:featuredmedia":[{"embeddable":true,"href":"https:\/\/www.naturparkmagazin.de\/stechlin\/wp-json\/wp\/v2\/media\/5013"}],"wp:attachment":[{"href":"https:\/\/www.naturparkmagazin.de\/stechlin\/wp-json\/wp\/v2\/media?parent=4994"}],"wp:term":[{"taxonomy":"category","embeddable":true,"href":"https:\/\/www.naturparkmagazin.de\/stechlin\/wp-json\/wp\/v2\/categories?post=4994"},{"taxonomy":"post_tag","embeddable":true,"href":"https:\/\/www.naturparkmagazin.de\/stechlin\/wp-json\/wp\/v2\/tags?post=4994"}],"curies":[{"name":"wp","href":"https:\/\/api.w.org\/{rel}","templated":true}]}}