{"id":5002,"date":"2017-01-17T15:24:03","date_gmt":"2017-01-17T14:24:03","guid":{"rendered":"http:\/\/www.naturparkmagazin.de\/stechlin\/?p=5002"},"modified":"2017-01-17T11:02:26","modified_gmt":"2017-01-17T10:02:26","slug":"25-jahre-im-dienste-der-umwelt","status":"publish","type":"post","link":"https:\/\/www.naturparkmagazin.de\/stechlin\/25-jahre-im-dienste-der-umwelt\/","title":{"rendered":"25 Jahre im Dienste der Umwelt"},"content":{"rendered":"<p><strong> <a href=\"https:\/\/www.naturparkmagazin.de\/stechlin\/wp-content\/uploads\/sites\/38\/Gudrun-Quietzsch_im-text.jpg\"><img decoding=\"async\" loading=\"lazy\" class=\"alignleft size-thumbnail wp-image-5007\" src=\"https:\/\/www.naturparkmagazin.de\/stechlin\/wp-content\/uploads\/sites\/38\/Gudrun-Quietzsch_im-text-300x180.jpg\" alt=\"Gudrun Quietzsch_im text\" width=\"300\" height=\"180\" srcset=\"https:\/\/www.naturparkmagazin.de\/stechlin\/wp-content\/uploads\/sites\/38\/Gudrun-Quietzsch_im-text-300x180.jpg 300w, https:\/\/www.naturparkmagazin.de\/stechlin\/wp-content\/uploads\/sites\/38\/Gudrun-Quietzsch_im-text.jpg 500w, https:\/\/www.naturparkmagazin.de\/stechlin\/wp-content\/uploads\/sites\/38\/Gudrun-Quietzsch_im-text-200x120.jpg 200w\" sizes=\"(max-width: 300px) 100vw, 300px\" \/><\/a><\/strong><\/p>\n<p>&nbsp;<\/p>\n<p>&nbsp;<\/p>\n<p>&nbsp;<\/p>\n<p>&nbsp;<\/p>\n<p>&nbsp;<\/p>\n<p>&nbsp;<\/p>\n<p>&nbsp;<\/p>\n<p><strong>Gudrun Quietzsch<\/strong>, die gute Seele der Naturparkverwaltung, feiert am 1. Februar 2017 ihr <strong>25-j\u00e4hriges Dienstjubil\u00e4um<\/strong>.<\/p>\n<p>Ein Vierteljahrhundert t\u00e4gliches Engagement, davon die meiste Zeit im Naturpark Stechlin-Ruppiner Land, verdienen Hochachtung!<\/p>\n<p>Als Mitarbeiterin im Sekretariat der Naturparkverwaltung ist sie erste Ansprechpartnerin f\u00fcr alle Anrufer und Besucher der Naturparkverwaltung. Neben Telefon und Post k\u00fcmmert sich Gudrun Quietzsch um den Haushalt, Beschaffungen aller Art und die Organisation von Veranstaltungen.<\/p>\n<p>Herzlichen Gl\u00fcckwunsch, vor allem Gesundheit und alles Gute f\u00fcr die n\u00e4chsten Jahre w\u00fcnscht<\/p>\n<p>Das Team der Naturparkverwaltung!<\/p>\n","protected":false},"excerpt":{"rendered":"<p>Gudrun Quietzsch, die gute Seele der Naturparkverwaltung, feiert am 1. Februar 2017 ihr 25-j\u00e4hriges Dienstjubil\u00e4um.<\/p>\n","protected":false},"author":39,"featured_media":5006,"comment_status":"open","ping_status":"open","sticky":false,"template":"","format":"standard","meta":[],"categories":[7],"tags":[],"yoast_head":"<!-- This site is optimized with the Yoast SEO plugin v19.10 - https:\/\/yoast.com\/wordpress\/plugins\/seo\/ -->\n<title>25 Jahre im Dienste der Umwelt - Naturpark Stechlin-Ruppiner Land<\/title>\n<meta name=\"robots\" content=\"index, follow, max-snippet:-1, max-image-preview:large, max-video-preview:-1\" \/>\n<link rel=\"canonical\" href=\"https:\/\/www.naturparkmagazin.de\/stechlin\/25-jahre-im-dienste-der-umwelt\/\" \/>\n<meta property=\"og:locale\" content=\"de_DE\" \/>\n<meta property=\"og:type\" content=\"article\" \/>\n<meta property=\"og:title\" content=\"25 Jahre im Dienste der Umwelt - Naturpark Stechlin-Ruppiner Land\" \/>\n<meta property=\"og:description\" content=\"Gudrun Quietzsch, die gute Seele der Naturparkverwaltung, feiert am 1. Februar 2017 ihr 25-j\u00e4hriges Dienstjubil\u00e4um.\" \/>\n<meta property=\"og:url\" content=\"https:\/\/www.naturparkmagazin.de\/stechlin\/25-jahre-im-dienste-der-umwelt\/\" \/>\n<meta property=\"og:site_name\" content=\"Naturpark Stechlin-Ruppiner Land\" \/>\n<meta property=\"article:published_time\" content=\"2017-01-17T14:24:03+00:00\" \/>\n<meta property=\"article:modified_time\" content=\"2017-01-17T10:02:26+00:00\" \/>\n<meta property=\"og:image\" content=\"https:\/\/www.naturparkmagazin.de\/stechlin\/wp-content\/uploads\/sites\/38\/Gudrun-Quietzsch_beitrag.jpg\" \/>\n\t<meta property=\"og:image:width\" content=\"200\" \/>\n\t<meta property=\"og:image:height\" content=\"200\" \/>\n\t<meta property=\"og:image:type\" content=\"image\/jpeg\" \/>\n<meta name=\"author\" content=\"marioschrumpf\" \/>\n<meta name=\"twitter:label1\" content=\"Verfasst von\" \/>\n\t<meta name=\"twitter:data1\" content=\"marioschrumpf\" \/>\n<script type=\"application\/ld+json\" class=\"yoast-schema-graph\">{\"@context\":\"https:\/\/schema.org\",\"@graph\":[{\"@type\":\"WebPage\",\"@id\":\"https:\/\/www.naturparkmagazin.de\/stechlin\/25-jahre-im-dienste-der-umwelt\/\",\"url\":\"https:\/\/www.naturparkmagazin.de\/stechlin\/25-jahre-im-dienste-der-umwelt\/\",\"name\":\"25 Jahre im Dienste der Umwelt - Naturpark Stechlin-Ruppiner Land\",\"isPartOf\":{\"@id\":\"https:\/\/www.naturparkmagazin.de\/stechlin\/#website\"},\"datePublished\":\"2017-01-17T14:24:03+00:00\",\"dateModified\":\"2017-01-17T10:02:26+00:00\",\"author\":{\"@id\":\"https:\/\/www.naturparkmagazin.de\/stechlin\/#\/schema\/person\/3f0d93203df21c806dd63c76d9bb28bc\"},\"breadcrumb\":{\"@id\":\"https:\/\/www.naturparkmagazin.de\/stechlin\/25-jahre-im-dienste-der-umwelt\/#breadcrumb\"},\"inLanguage\":\"de\",\"potentialAction\":[{\"@type\":\"ReadAction\",\"target\":[\"https:\/\/www.naturparkmagazin.de\/stechlin\/25-jahre-im-dienste-der-umwelt\/\"]}]},{\"@type\":\"BreadcrumbList\",\"@id\":\"https:\/\/www.naturparkmagazin.de\/stechlin\/25-jahre-im-dienste-der-umwelt\/#breadcrumb\",\"itemListElement\":[{\"@type\":\"ListItem\",\"position\":1,\"name\":\"Home\",\"item\":\"https:\/\/www.naturparkmagazin.de\/stechlin\/\"},{\"@type\":\"ListItem\",\"position\":2,\"name\":\"25 Jahre im Dienste der Umwelt\"}]},{\"@type\":\"WebSite\",\"@id\":\"https:\/\/www.naturparkmagazin.de\/stechlin\/#website\",\"url\":\"https:\/\/www.naturparkmagazin.de\/stechlin\/\",\"name\":\"Naturpark Stechlin-Ruppiner Land\",\"description\":\"\",\"potentialAction\":[{\"@type\":\"SearchAction\",\"target\":{\"@type\":\"EntryPoint\",\"urlTemplate\":\"https:\/\/www.naturparkmagazin.de\/stechlin\/?s={search_term_string}\"},\"query-input\":\"required name=search_term_string\"}],\"inLanguage\":\"de\"},{\"@type\":\"Person\",\"@id\":\"https:\/\/www.naturparkmagazin.de\/stechlin\/#\/schema\/person\/3f0d93203df21c806dd63c76d9bb28bc\",\"name\":\"marioschrumpf\",\"url\":\"https:\/\/www.naturparkmagazin.de\/stechlin\/author\/marioschrumpf\/\"}]}<\/script>\n<!-- \/ Yoast SEO plugin. -->","yoast_head_json":{"title":"25 Jahre im Dienste der Umwelt - Naturpark Stechlin-Ruppiner Land","robots":{"index":"index","follow":"follow","max-snippet":"max-snippet:-1","max-image-preview":"max-image-preview:large","max-video-preview":"max-video-preview:-1"},"canonical":"https:\/\/www.naturparkmagazin.de\/stechlin\/25-jahre-im-dienste-der-umwelt\/","og_locale":"de_DE","og_type":"article","og_title":"25 Jahre im Dienste der Umwelt - Naturpark Stechlin-Ruppiner Land","og_description":"Gudrun Quietzsch, die gute Seele der Naturparkverwaltung, feiert am 1. Februar 2017 ihr 25-j\u00e4hriges Dienstjubil\u00e4um.","og_url":"https:\/\/www.naturparkmagazin.de\/stechlin\/25-jahre-im-dienste-der-umwelt\/","og_site_name":"Naturpark Stechlin-Ruppiner Land","article_published_time":"2017-01-17T14:24:03+00:00","article_modified_time":"2017-01-17T10:02:26+00:00","og_image":[{"width":200,"height":200,"url":"https:\/\/www.naturparkmagazin.de\/stechlin\/wp-content\/uploads\/sites\/38\/Gudrun-Quietzsch_beitrag.jpg","type":"image\/jpeg"}],"author":"marioschrumpf","twitter_misc":{"Verfasst von":"marioschrumpf"},"schema":{"@context":"https:\/\/schema.org","@graph":[{"@type":"WebPage","@id":"https:\/\/www.naturparkmagazin.de\/stechlin\/25-jahre-im-dienste-der-umwelt\/","url":"https:\/\/www.naturparkmagazin.de\/stechlin\/25-jahre-im-dienste-der-umwelt\/","name":"25 Jahre im Dienste der Umwelt - Naturpark Stechlin-Ruppiner Land","isPartOf":{"@id":"https:\/\/www.naturparkmagazin.de\/stechlin\/#website"},"datePublished":"2017-01-17T14:24:03+00:00","dateModified":"2017-01-17T10:02:26+00:00","author":{"@id":"https:\/\/www.naturparkmagazin.de\/stechlin\/#\/schema\/person\/3f0d93203df21c806dd63c76d9bb28bc"},"breadcrumb":{"@id":"https:\/\/www.naturparkmagazin.de\/stechlin\/25-jahre-im-dienste-der-umwelt\/#breadcrumb"},"inLanguage":"de","potentialAction":[{"@type":"ReadAction","target":["https:\/\/www.naturparkmagazin.de\/stechlin\/25-jahre-im-dienste-der-umwelt\/"]}]},{"@type":"BreadcrumbList","@id":"https:\/\/www.naturparkmagazin.de\/stechlin\/25-jahre-im-dienste-der-umwelt\/#breadcrumb","itemListElement":[{"@type":"ListItem","position":1,"name":"Home","item":"https:\/\/www.naturparkmagazin.de\/stechlin\/"},{"@type":"ListItem","position":2,"name":"25 Jahre im Dienste der Umwelt"}]},{"@type":"WebSite","@id":"https:\/\/www.naturparkmagazin.de\/stechlin\/#website","url":"https:\/\/www.naturparkmagazin.de\/stechlin\/","name":"Naturpark Stechlin-Ruppiner Land","description":"","potentialAction":[{"@type":"SearchAction","target":{"@type":"EntryPoint","urlTemplate":"https:\/\/www.naturparkmagazin.de\/stechlin\/?s={search_term_string}"},"query-input":"required name=search_term_string"}],"inLanguage":"de"},{"@type":"Person","@id":"https:\/\/www.naturparkmagazin.de\/stechlin\/#\/schema\/person\/3f0d93203df21c806dd63c76d9bb28bc","name":"marioschrumpf","url":"https:\/\/www.naturparkmagazin.de\/stechlin\/author\/marioschrumpf\/"}]}},"_links":{"self":[{"href":"https:\/\/www.naturparkmagazin.de\/stechlin\/wp-json\/wp\/v2\/posts\/5002"}],"collection":[{"href":"https:\/\/www.naturparkmagazin.de\/stechlin\/wp-json\/wp\/v2\/posts"}],"about":[{"href":"https:\/\/www.naturparkmagazin.de\/stechlin\/wp-json\/wp\/v2\/types\/post"}],"author":[{"embeddable":true,"href":"https:\/\/www.naturparkmagazin.de\/stechlin\/wp-json\/wp\/v2\/users\/39"}],"replies":[{"embeddable":true,"href":"https:\/\/www.naturparkmagazin.de\/stechlin\/wp-json\/wp\/v2\/comments?post=5002"}],"version-history":[{"count":6,"href":"https:\/\/www.naturparkmagazin.de\/stechlin\/wp-json\/wp\/v2\/posts\/5002\/revisions"}],"predecessor-version":[{"id":5039,"href":"https:\/\/www.naturparkmagazin.de\/stechlin\/wp-json\/wp\/v2\/posts\/5002\/revisions\/5039"}],"wp:featuredmedia":[{"embeddable":true,"href":"https:\/\/www.naturparkmagazin.de\/stechlin\/wp-json\/wp\/v2\/media\/5006"}],"wp:attachment":[{"href":"https:\/\/www.naturparkmagazin.de\/stechlin\/wp-json\/wp\/v2\/media?parent=5002"}],"wp:term":[{"taxonomy":"category","embeddable":true,"href":"https:\/\/www.naturparkmagazin.de\/stechlin\/wp-json\/wp\/v2\/categories?post=5002"},{"taxonomy":"post_tag","embeddable":true,"href":"https:\/\/www.naturparkmagazin.de\/stechlin\/wp-json\/wp\/v2\/tags?post=5002"}],"curies":[{"name":"wp","href":"https:\/\/api.w.org\/{rel}","templated":true}]}}