{"id":5016,"date":"2017-01-17T06:47:59","date_gmt":"2017-01-17T05:47:59","guid":{"rendered":"http:\/\/www.naturparkmagazin.de\/stechlin\/?p=5016"},"modified":"2017-01-24T17:31:22","modified_gmt":"2017-01-24T16:31:22","slug":"herzlichen-glueckwunsch-zum-dienstjubilaeum","status":"publish","type":"post","link":"https:\/\/www.naturparkmagazin.de\/stechlin\/herzlichen-glueckwunsch-zum-dienstjubilaeum\/","title":{"rendered":"Herzlichen Gl\u00fcckwunsch zum Dienstjubil\u00e4um!"},"content":{"rendered":"<div id=\"attachment_5017\" style=\"width: 310px\" class=\"wp-caption alignleft\"><a href=\"https:\/\/www.naturparkmagazin.de\/stechlin\/wp-content\/uploads\/sites\/38\/Dienstjubil\u00e4um-NaWa.jpg\"><img aria-describedby=\"caption-attachment-5017\" decoding=\"async\" loading=\"lazy\" class=\"wp-image-5017 size-thumbnail\" src=\"https:\/\/www.naturparkmagazin.de\/stechlin\/wp-content\/uploads\/sites\/38\/Dienstjubil\u00e4um-NaWa-300x180.jpg\" alt=\"NP SRL\/Dr. Mario Schrumpf\" width=\"300\" height=\"180\" srcset=\"https:\/\/www.naturparkmagazin.de\/stechlin\/wp-content\/uploads\/sites\/38\/Dienstjubil\u00e4um-NaWa-300x180.jpg 300w, https:\/\/www.naturparkmagazin.de\/stechlin\/wp-content\/uploads\/sites\/38\/Dienstjubil\u00e4um-NaWa.jpg 500w, https:\/\/www.naturparkmagazin.de\/stechlin\/wp-content\/uploads\/sites\/38\/Dienstjubil\u00e4um-NaWa-200x120.jpg 200w\" sizes=\"(max-width: 300px) 100vw, 300px\" \/><\/a><p id=\"caption-attachment-5017\" class=\"wp-caption-text\">Manfred L\u00fctkepohl gratuliert Thomas Hahn<\/p><\/div>\n<p>&nbsp;<\/p>\n<p>&nbsp;<\/p>\n<p>&nbsp;<\/p>\n<p>&nbsp;<\/p>\n<p>&nbsp;<\/p>\n<p>&nbsp;<\/p>\n<p>&nbsp;<\/p>\n<p>&nbsp;<\/p>\n<p>Die Naturw\u00e4chterInnen Anke Rudnik, Karen Steinberg, Thomas Hahn und R\u00fcdiger Meyer feierten k\u00fcrzlich ihr <strong>20j\u00e4hriges Dienstjubil\u00e4um<\/strong>.<\/p>\n<p>Der Leiter der Naturwacht Brandenburg, Manfred L\u00fctkepohl dankte den Jubilaren f\u00fcr ihr engagiertes Wirken als Mittler zwischen Mensch und Natur und \u00fcberreichte als Dankesch\u00f6n einen Bildband \u00fcber die sch\u00f6nsten Naturlandschaften Deutschlands.<\/p>\n<p>Herzlichen Gl\u00fcckwunsch!<\/p>\n<p>Das Team der Naturparkverwaltung<\/p>\n","protected":false},"excerpt":{"rendered":"<p>Die Naturw\u00e4chterInnen Anke Rudnik, Karen Steinberg, Thomas Hahn und R\u00fcdiger Meyer feierten k\u00fcrzlich ihr 20j\u00e4hriges Dienstjubil\u00e4um.<\/p>\n","protected":false},"author":39,"featured_media":5018,"comment_status":"open","ping_status":"open","sticky":false,"template":"","format":"standard","meta":[],"categories":[7],"tags":[],"yoast_head":"<!-- This site is optimized with the Yoast SEO plugin v19.10 - https:\/\/yoast.com\/wordpress\/plugins\/seo\/ -->\n<title>Herzlichen Gl\u00fcckwunsch zum Dienstjubil\u00e4um! - Naturpark Stechlin-Ruppiner Land<\/title>\n<meta name=\"robots\" content=\"index, follow, max-snippet:-1, max-image-preview:large, max-video-preview:-1\" \/>\n<link rel=\"canonical\" href=\"https:\/\/www.naturparkmagazin.de\/stechlin\/herzlichen-glueckwunsch-zum-dienstjubilaeum\/\" \/>\n<meta property=\"og:locale\" content=\"de_DE\" \/>\n<meta property=\"og:type\" content=\"article\" \/>\n<meta property=\"og:title\" content=\"Herzlichen Gl\u00fcckwunsch zum Dienstjubil\u00e4um! - Naturpark Stechlin-Ruppiner Land\" \/>\n<meta property=\"og:description\" content=\"Die Naturw\u00e4chterInnen Anke Rudnik, Karen Steinberg, Thomas Hahn und R\u00fcdiger Meyer feierten k\u00fcrzlich ihr 20j\u00e4hriges Dienstjubil\u00e4um.\" \/>\n<meta property=\"og:url\" content=\"https:\/\/www.naturparkmagazin.de\/stechlin\/herzlichen-glueckwunsch-zum-dienstjubilaeum\/\" \/>\n<meta property=\"og:site_name\" content=\"Naturpark Stechlin-Ruppiner Land\" \/>\n<meta property=\"article:published_time\" content=\"2017-01-17T05:47:59+00:00\" \/>\n<meta property=\"article:modified_time\" content=\"2017-01-24T16:31:22+00:00\" \/>\n<meta property=\"og:image\" content=\"https:\/\/www.naturparkmagazin.de\/stechlin\/wp-content\/uploads\/sites\/38\/Dienstjubil\u00e4um.jpg\" \/>\n\t<meta property=\"og:image:width\" content=\"200\" \/>\n\t<meta property=\"og:image:height\" content=\"200\" \/>\n\t<meta property=\"og:image:type\" content=\"image\/jpeg\" \/>\n<meta name=\"author\" content=\"marioschrumpf\" \/>\n<meta name=\"twitter:label1\" content=\"Verfasst von\" \/>\n\t<meta name=\"twitter:data1\" content=\"marioschrumpf\" \/>\n<script type=\"application\/ld+json\" class=\"yoast-schema-graph\">{\"@context\":\"https:\/\/schema.org\",\"@graph\":[{\"@type\":\"WebPage\",\"@id\":\"https:\/\/www.naturparkmagazin.de\/stechlin\/herzlichen-glueckwunsch-zum-dienstjubilaeum\/\",\"url\":\"https:\/\/www.naturparkmagazin.de\/stechlin\/herzlichen-glueckwunsch-zum-dienstjubilaeum\/\",\"name\":\"Herzlichen Gl\u00fcckwunsch zum Dienstjubil\u00e4um! - Naturpark Stechlin-Ruppiner Land\",\"isPartOf\":{\"@id\":\"https:\/\/www.naturparkmagazin.de\/stechlin\/#website\"},\"datePublished\":\"2017-01-17T05:47:59+00:00\",\"dateModified\":\"2017-01-24T16:31:22+00:00\",\"author\":{\"@id\":\"https:\/\/www.naturparkmagazin.de\/stechlin\/#\/schema\/person\/3f0d93203df21c806dd63c76d9bb28bc\"},\"breadcrumb\":{\"@id\":\"https:\/\/www.naturparkmagazin.de\/stechlin\/herzlichen-glueckwunsch-zum-dienstjubilaeum\/#breadcrumb\"},\"inLanguage\":\"de\",\"potentialAction\":[{\"@type\":\"ReadAction\",\"target\":[\"https:\/\/www.naturparkmagazin.de\/stechlin\/herzlichen-glueckwunsch-zum-dienstjubilaeum\/\"]}]},{\"@type\":\"BreadcrumbList\",\"@id\":\"https:\/\/www.naturparkmagazin.de\/stechlin\/herzlichen-glueckwunsch-zum-dienstjubilaeum\/#breadcrumb\",\"itemListElement\":[{\"@type\":\"ListItem\",\"position\":1,\"name\":\"Home\",\"item\":\"https:\/\/www.naturparkmagazin.de\/stechlin\/\"},{\"@type\":\"ListItem\",\"position\":2,\"name\":\"Herzlichen Gl\u00fcckwunsch zum Dienstjubil\u00e4um!\"}]},{\"@type\":\"WebSite\",\"@id\":\"https:\/\/www.naturparkmagazin.de\/stechlin\/#website\",\"url\":\"https:\/\/www.naturparkmagazin.de\/stechlin\/\",\"name\":\"Naturpark Stechlin-Ruppiner Land\",\"description\":\"\",\"potentialAction\":[{\"@type\":\"SearchAction\",\"target\":{\"@type\":\"EntryPoint\",\"urlTemplate\":\"https:\/\/www.naturparkmagazin.de\/stechlin\/?s={search_term_string}\"},\"query-input\":\"required name=search_term_string\"}],\"inLanguage\":\"de\"},{\"@type\":\"Person\",\"@id\":\"https:\/\/www.naturparkmagazin.de\/stechlin\/#\/schema\/person\/3f0d93203df21c806dd63c76d9bb28bc\",\"name\":\"marioschrumpf\",\"url\":\"https:\/\/www.naturparkmagazin.de\/stechlin\/author\/marioschrumpf\/\"}]}<\/script>\n<!-- \/ Yoast SEO plugin. -->","yoast_head_json":{"title":"Herzlichen Gl\u00fcckwunsch zum Dienstjubil\u00e4um! - Naturpark Stechlin-Ruppiner Land","robots":{"index":"index","follow":"follow","max-snippet":"max-snippet:-1","max-image-preview":"max-image-preview:large","max-video-preview":"max-video-preview:-1"},"canonical":"https:\/\/www.naturparkmagazin.de\/stechlin\/herzlichen-glueckwunsch-zum-dienstjubilaeum\/","og_locale":"de_DE","og_type":"article","og_title":"Herzlichen Gl\u00fcckwunsch zum Dienstjubil\u00e4um! - Naturpark Stechlin-Ruppiner Land","og_description":"Die Naturw\u00e4chterInnen Anke Rudnik, Karen Steinberg, Thomas Hahn und R\u00fcdiger Meyer feierten k\u00fcrzlich ihr 20j\u00e4hriges Dienstjubil\u00e4um.","og_url":"https:\/\/www.naturparkmagazin.de\/stechlin\/herzlichen-glueckwunsch-zum-dienstjubilaeum\/","og_site_name":"Naturpark Stechlin-Ruppiner Land","article_published_time":"2017-01-17T05:47:59+00:00","article_modified_time":"2017-01-24T16:31:22+00:00","og_image":[{"width":200,"height":200,"url":"https:\/\/www.naturparkmagazin.de\/stechlin\/wp-content\/uploads\/sites\/38\/Dienstjubil\u00e4um.jpg","type":"image\/jpeg"}],"author":"marioschrumpf","twitter_misc":{"Verfasst von":"marioschrumpf"},"schema":{"@context":"https:\/\/schema.org","@graph":[{"@type":"WebPage","@id":"https:\/\/www.naturparkmagazin.de\/stechlin\/herzlichen-glueckwunsch-zum-dienstjubilaeum\/","url":"https:\/\/www.naturparkmagazin.de\/stechlin\/herzlichen-glueckwunsch-zum-dienstjubilaeum\/","name":"Herzlichen Gl\u00fcckwunsch zum Dienstjubil\u00e4um! - Naturpark Stechlin-Ruppiner Land","isPartOf":{"@id":"https:\/\/www.naturparkmagazin.de\/stechlin\/#website"},"datePublished":"2017-01-17T05:47:59+00:00","dateModified":"2017-01-24T16:31:22+00:00","author":{"@id":"https:\/\/www.naturparkmagazin.de\/stechlin\/#\/schema\/person\/3f0d93203df21c806dd63c76d9bb28bc"},"breadcrumb":{"@id":"https:\/\/www.naturparkmagazin.de\/stechlin\/herzlichen-glueckwunsch-zum-dienstjubilaeum\/#breadcrumb"},"inLanguage":"de","potentialAction":[{"@type":"ReadAction","target":["https:\/\/www.naturparkmagazin.de\/stechlin\/herzlichen-glueckwunsch-zum-dienstjubilaeum\/"]}]},{"@type":"BreadcrumbList","@id":"https:\/\/www.naturparkmagazin.de\/stechlin\/herzlichen-glueckwunsch-zum-dienstjubilaeum\/#breadcrumb","itemListElement":[{"@type":"ListItem","position":1,"name":"Home","item":"https:\/\/www.naturparkmagazin.de\/stechlin\/"},{"@type":"ListItem","position":2,"name":"Herzlichen Gl\u00fcckwunsch zum Dienstjubil\u00e4um!"}]},{"@type":"WebSite","@id":"https:\/\/www.naturparkmagazin.de\/stechlin\/#website","url":"https:\/\/www.naturparkmagazin.de\/stechlin\/","name":"Naturpark Stechlin-Ruppiner Land","description":"","potentialAction":[{"@type":"SearchAction","target":{"@type":"EntryPoint","urlTemplate":"https:\/\/www.naturparkmagazin.de\/stechlin\/?s={search_term_string}"},"query-input":"required name=search_term_string"}],"inLanguage":"de"},{"@type":"Person","@id":"https:\/\/www.naturparkmagazin.de\/stechlin\/#\/schema\/person\/3f0d93203df21c806dd63c76d9bb28bc","name":"marioschrumpf","url":"https:\/\/www.naturparkmagazin.de\/stechlin\/author\/marioschrumpf\/"}]}},"_links":{"self":[{"href":"https:\/\/www.naturparkmagazin.de\/stechlin\/wp-json\/wp\/v2\/posts\/5016"}],"collection":[{"href":"https:\/\/www.naturparkmagazin.de\/stechlin\/wp-json\/wp\/v2\/posts"}],"about":[{"href":"https:\/\/www.naturparkmagazin.de\/stechlin\/wp-json\/wp\/v2\/types\/post"}],"author":[{"embeddable":true,"href":"https:\/\/www.naturparkmagazin.de\/stechlin\/wp-json\/wp\/v2\/users\/39"}],"replies":[{"embeddable":true,"href":"https:\/\/www.naturparkmagazin.de\/stechlin\/wp-json\/wp\/v2\/comments?post=5016"}],"version-history":[{"count":7,"href":"https:\/\/www.naturparkmagazin.de\/stechlin\/wp-json\/wp\/v2\/posts\/5016\/revisions"}],"predecessor-version":[{"id":5110,"href":"https:\/\/www.naturparkmagazin.de\/stechlin\/wp-json\/wp\/v2\/posts\/5016\/revisions\/5110"}],"wp:featuredmedia":[{"embeddable":true,"href":"https:\/\/www.naturparkmagazin.de\/stechlin\/wp-json\/wp\/v2\/media\/5018"}],"wp:attachment":[{"href":"https:\/\/www.naturparkmagazin.de\/stechlin\/wp-json\/wp\/v2\/media?parent=5016"}],"wp:term":[{"taxonomy":"category","embeddable":true,"href":"https:\/\/www.naturparkmagazin.de\/stechlin\/wp-json\/wp\/v2\/categories?post=5016"},{"taxonomy":"post_tag","embeddable":true,"href":"https:\/\/www.naturparkmagazin.de\/stechlin\/wp-json\/wp\/v2\/tags?post=5016"}],"curies":[{"name":"wp","href":"https:\/\/api.w.org\/{rel}","templated":true}]}}