{"id":5097,"date":"2017-01-24T07:47:21","date_gmt":"2017-01-24T06:47:21","guid":{"rendered":"http:\/\/www.naturparkmagazin.de\/stechlin\/?p=5097"},"modified":"2017-01-24T17:42:50","modified_gmt":"2017-01-24T16:42:50","slug":"nicht-heimische-fichten-wurden-entnommen","status":"publish","type":"post","link":"https:\/\/www.naturparkmagazin.de\/stechlin\/nicht-heimische-fichten-wurden-entnommen\/","title":{"rendered":"Nicht heimische Fichten wurden entnommen"},"content":{"rendered":"<div id=\"attachment_5099\" style=\"width: 310px\" class=\"wp-caption alignleft\"><a href=\"https:\/\/www.naturparkmagazin.de\/stechlin\/wp-content\/uploads\/sites\/38\/Entnahme-Fichten_2087.jpg\"><img aria-describedby=\"caption-attachment-5099\" decoding=\"async\" loading=\"lazy\" class=\"size-thumbnail wp-image-5099\" src=\"https:\/\/www.naturparkmagazin.de\/stechlin\/wp-content\/uploads\/sites\/38\/Entnahme-Fichten_2087-300x180.jpg\" alt=\"Durch &quot;Ringeln&quot; werden die Fichten-Altb\u00e4ume zum absterben gebracht.\" width=\"300\" height=\"180\" srcset=\"https:\/\/www.naturparkmagazin.de\/stechlin\/wp-content\/uploads\/sites\/38\/Entnahme-Fichten_2087-300x180.jpg 300w, https:\/\/www.naturparkmagazin.de\/stechlin\/wp-content\/uploads\/sites\/38\/Entnahme-Fichten_2087.jpg 500w, https:\/\/www.naturparkmagazin.de\/stechlin\/wp-content\/uploads\/sites\/38\/Entnahme-Fichten_2087-200x120.jpg 200w\" sizes=\"(max-width: 300px) 100vw, 300px\" \/><\/a><p id=\"caption-attachment-5099\" class=\"wp-caption-text\">Durch &#8222;Ringeln&#8220; werden die Fichten-Altb\u00e4ume zum Absterben gebracht.<\/p><\/div>\n<p>&nbsp;<\/p>\n<p>&nbsp;<\/p>\n<p>&nbsp;<\/p>\n<p>&nbsp;<\/p>\n<p>&nbsp;<\/p>\n<p>&nbsp;<\/p>\n<p>&nbsp;<\/p>\n<p>&nbsp;<\/p>\n<p>Im Auftrag des EU-Life-Projektes Feuchtw\u00e4lder wurden auf ca. 45 ha Moorfl\u00e4che im Naturpark Fichten entnommen.<\/p>\n<p>Im Bereich des <strong>FFH-Gebietes Rheinsberger Rhin<\/strong> wurden im Landeswald und im Piepenbrock-Forstbetrieb ca. 20 ha Jungfichten durch einen Forstdienstleister entfernt. Schwerpunkt war die Aue des Rheinsberger Rhins. Mitarbeiter des Piepenbrock-Forstbetriebes haben\u00a0am Rand der Aue vor allem samentragende Altb\u00e4ume entnommen.<\/p>\n<div id=\"attachment_5101\" style=\"width: 210px\" class=\"wp-caption alignleft\"><a href=\"https:\/\/www.naturparkmagazin.de\/stechlin\/wp-content\/uploads\/sites\/38\/Entnahme-Fichten_Teufelssee-20851.jpg\"><img aria-describedby=\"caption-attachment-5101\" decoding=\"async\" loading=\"lazy\" class=\"size-full wp-image-5101\" src=\"https:\/\/www.naturparkmagazin.de\/stechlin\/wp-content\/uploads\/sites\/38\/Entnahme-Fichten_Teufelssee-20851.jpg\" alt=\"Durch motormanuelle Entnahme der Jungfichten erhalten die typischen Arten der Feuchtw\u00e4lder wieder eine Chance.\" width=\"200\" height=\"300\" \/><\/a><p id=\"caption-attachment-5101\" class=\"wp-caption-text\">Durch motormanuelle Entnahme der Jungfichten erhalten die typischen Arten der Feuchtw\u00e4lder wieder eine Chance.<\/p><\/div>\n<p>&nbsp;<\/p>\n<p>&nbsp;<\/p>\n<p>&nbsp;<\/p>\n<p>&nbsp;<\/p>\n<p>&nbsp;<\/p>\n<p>&nbsp;<\/p>\n<p>&nbsp;<\/p>\n<p>&nbsp;<\/p>\n<p>&nbsp;<\/p>\n<p>&nbsp;<\/p>\n<p>&nbsp;<\/p>\n<p>&nbsp;<\/p>\n<p>&nbsp;<\/p>\n<p>Des weiteren wurden Jungfichten und Altb\u00e4ume im <strong>FFH-Gebiet Stechlin<\/strong> auf einer Fl\u00e4che von ca. 25 ha am Teufelssee, am Polzowkanal, am Wittwesee und an der Gro\u00dfen und Kleinen Fuchskuhle entnommen. Sowohl Forstdienstleister als auch der Landesforstbetrieb waren hier t\u00e4tig. F\u00fcr die betroffenen Fl\u00e4chen im Naturentwicklungsgebiet hatte die jeweils zust\u00e4ndige\u00a0Untere Naturschutzbeh\u00f6rde\u00a0eine naturschutzrechtliche Anordnung erlassen.<\/p>\n<p>Ziel der Fichtenentnahme ist die Stabilisierung des Wasserhaushaltes in den betroffenen Moorfl\u00e4chen. Des weiteren soll die Konkurrenz f\u00fcr die von Natur aus hier vorkommende Artengemeinschaft ausgeschlossen werden, da die Fichte als nicht heimische Art hier k\u00fcnstlich eingebracht wurde.<\/p>\n<div id=\"attachment_5100\" style=\"width: 210px\" class=\"wp-caption alignleft\"><a href=\"https:\/\/www.naturparkmagazin.de\/stechlin\/wp-content\/uploads\/sites\/38\/Entnahme-Fichten_Teufelssee-2084.jpg\"><img aria-describedby=\"caption-attachment-5100\" decoding=\"async\" loading=\"lazy\" class=\"size-full wp-image-5100\" src=\"https:\/\/www.naturparkmagazin.de\/stechlin\/wp-content\/uploads\/sites\/38\/Entnahme-Fichten_Teufelssee-2084.jpg\" alt=\"Die Fichten gelten im Moor als regelrechte &quot;S\u00e4ufer&quot;, die den Landschaftswasserhaushalt negativ beeinflussen.\" width=\"200\" height=\"300\" \/><\/a><p id=\"caption-attachment-5100\" class=\"wp-caption-text\">Die Fichten gelten im Moor als regelrechte &#8222;S\u00e4ufer&#8220;, die den Landschaftswasserhaushalt negativ beeinflussen.<\/p><\/div>\n","protected":false},"excerpt":{"rendered":"<p>Im Auftrag des EU-Life-Projektes Feuchtw\u00e4lder wurden auf ca. 45 ha Moorfl\u00e4che im Naturpark Fichten entnommen.<\/p>\n","protected":false},"author":39,"featured_media":5098,"comment_status":"open","ping_status":"open","sticky":false,"template":"","format":"standard","meta":[],"categories":[7],"tags":[],"yoast_head":"<!-- This site is optimized with the Yoast SEO plugin v19.10 - https:\/\/yoast.com\/wordpress\/plugins\/seo\/ -->\n<title>Nicht heimische Fichten wurden entnommen - Naturpark Stechlin-Ruppiner Land<\/title>\n<meta name=\"robots\" content=\"index, follow, max-snippet:-1, max-image-preview:large, max-video-preview:-1\" \/>\n<link rel=\"canonical\" href=\"https:\/\/www.naturparkmagazin.de\/stechlin\/nicht-heimische-fichten-wurden-entnommen\/\" \/>\n<meta property=\"og:locale\" content=\"de_DE\" \/>\n<meta property=\"og:type\" content=\"article\" \/>\n<meta property=\"og:title\" content=\"Nicht heimische Fichten wurden entnommen - Naturpark Stechlin-Ruppiner Land\" \/>\n<meta property=\"og:description\" content=\"Im Auftrag des EU-Life-Projektes Feuchtw\u00e4lder wurden auf ca. 45 ha Moorfl\u00e4che im Naturpark Fichten entnommen.\" \/>\n<meta property=\"og:url\" content=\"https:\/\/www.naturparkmagazin.de\/stechlin\/nicht-heimische-fichten-wurden-entnommen\/\" \/>\n<meta property=\"og:site_name\" content=\"Naturpark Stechlin-Ruppiner Land\" \/>\n<meta property=\"article:published_time\" content=\"2017-01-24T06:47:21+00:00\" \/>\n<meta property=\"article:modified_time\" content=\"2017-01-24T16:42:50+00:00\" \/>\n<meta property=\"og:image\" content=\"https:\/\/www.naturparkmagazin.de\/stechlin\/wp-content\/uploads\/sites\/38\/Entnahme-Fichten_Teufelssee-2085.jpg\" \/>\n\t<meta property=\"og:image:width\" content=\"200\" \/>\n\t<meta property=\"og:image:height\" content=\"200\" \/>\n\t<meta property=\"og:image:type\" content=\"image\/jpeg\" \/>\n<meta name=\"author\" content=\"marioschrumpf\" \/>\n<meta name=\"twitter:label1\" content=\"Verfasst von\" \/>\n\t<meta name=\"twitter:data1\" content=\"marioschrumpf\" \/>\n\t<meta name=\"twitter:label2\" content=\"Gesch\u00e4tzte Lesezeit\" \/>\n\t<meta name=\"twitter:data2\" content=\"1\u00a0Minute\" \/>\n<script type=\"application\/ld+json\" class=\"yoast-schema-graph\">{\"@context\":\"https:\/\/schema.org\",\"@graph\":[{\"@type\":\"WebPage\",\"@id\":\"https:\/\/www.naturparkmagazin.de\/stechlin\/nicht-heimische-fichten-wurden-entnommen\/\",\"url\":\"https:\/\/www.naturparkmagazin.de\/stechlin\/nicht-heimische-fichten-wurden-entnommen\/\",\"name\":\"Nicht heimische Fichten wurden entnommen - Naturpark Stechlin-Ruppiner Land\",\"isPartOf\":{\"@id\":\"https:\/\/www.naturparkmagazin.de\/stechlin\/#website\"},\"datePublished\":\"2017-01-24T06:47:21+00:00\",\"dateModified\":\"2017-01-24T16:42:50+00:00\",\"author\":{\"@id\":\"https:\/\/www.naturparkmagazin.de\/stechlin\/#\/schema\/person\/3f0d93203df21c806dd63c76d9bb28bc\"},\"breadcrumb\":{\"@id\":\"https:\/\/www.naturparkmagazin.de\/stechlin\/nicht-heimische-fichten-wurden-entnommen\/#breadcrumb\"},\"inLanguage\":\"de\",\"potentialAction\":[{\"@type\":\"ReadAction\",\"target\":[\"https:\/\/www.naturparkmagazin.de\/stechlin\/nicht-heimische-fichten-wurden-entnommen\/\"]}]},{\"@type\":\"BreadcrumbList\",\"@id\":\"https:\/\/www.naturparkmagazin.de\/stechlin\/nicht-heimische-fichten-wurden-entnommen\/#breadcrumb\",\"itemListElement\":[{\"@type\":\"ListItem\",\"position\":1,\"name\":\"Home\",\"item\":\"https:\/\/www.naturparkmagazin.de\/stechlin\/\"},{\"@type\":\"ListItem\",\"position\":2,\"name\":\"Nicht heimische Fichten wurden entnommen\"}]},{\"@type\":\"WebSite\",\"@id\":\"https:\/\/www.naturparkmagazin.de\/stechlin\/#website\",\"url\":\"https:\/\/www.naturparkmagazin.de\/stechlin\/\",\"name\":\"Naturpark Stechlin-Ruppiner Land\",\"description\":\"\",\"potentialAction\":[{\"@type\":\"SearchAction\",\"target\":{\"@type\":\"EntryPoint\",\"urlTemplate\":\"https:\/\/www.naturparkmagazin.de\/stechlin\/?s={search_term_string}\"},\"query-input\":\"required name=search_term_string\"}],\"inLanguage\":\"de\"},{\"@type\":\"Person\",\"@id\":\"https:\/\/www.naturparkmagazin.de\/stechlin\/#\/schema\/person\/3f0d93203df21c806dd63c76d9bb28bc\",\"name\":\"marioschrumpf\",\"url\":\"https:\/\/www.naturparkmagazin.de\/stechlin\/author\/marioschrumpf\/\"}]}<\/script>\n<!-- \/ Yoast SEO plugin. -->","yoast_head_json":{"title":"Nicht heimische Fichten wurden entnommen - Naturpark Stechlin-Ruppiner Land","robots":{"index":"index","follow":"follow","max-snippet":"max-snippet:-1","max-image-preview":"max-image-preview:large","max-video-preview":"max-video-preview:-1"},"canonical":"https:\/\/www.naturparkmagazin.de\/stechlin\/nicht-heimische-fichten-wurden-entnommen\/","og_locale":"de_DE","og_type":"article","og_title":"Nicht heimische Fichten wurden entnommen - Naturpark Stechlin-Ruppiner Land","og_description":"Im Auftrag des EU-Life-Projektes Feuchtw\u00e4lder wurden auf ca. 45 ha Moorfl\u00e4che im Naturpark Fichten entnommen.","og_url":"https:\/\/www.naturparkmagazin.de\/stechlin\/nicht-heimische-fichten-wurden-entnommen\/","og_site_name":"Naturpark Stechlin-Ruppiner Land","article_published_time":"2017-01-24T06:47:21+00:00","article_modified_time":"2017-01-24T16:42:50+00:00","og_image":[{"width":200,"height":200,"url":"https:\/\/www.naturparkmagazin.de\/stechlin\/wp-content\/uploads\/sites\/38\/Entnahme-Fichten_Teufelssee-2085.jpg","type":"image\/jpeg"}],"author":"marioschrumpf","twitter_misc":{"Verfasst von":"marioschrumpf","Gesch\u00e4tzte Lesezeit":"1\u00a0Minute"},"schema":{"@context":"https:\/\/schema.org","@graph":[{"@type":"WebPage","@id":"https:\/\/www.naturparkmagazin.de\/stechlin\/nicht-heimische-fichten-wurden-entnommen\/","url":"https:\/\/www.naturparkmagazin.de\/stechlin\/nicht-heimische-fichten-wurden-entnommen\/","name":"Nicht heimische Fichten wurden entnommen - Naturpark Stechlin-Ruppiner Land","isPartOf":{"@id":"https:\/\/www.naturparkmagazin.de\/stechlin\/#website"},"datePublished":"2017-01-24T06:47:21+00:00","dateModified":"2017-01-24T16:42:50+00:00","author":{"@id":"https:\/\/www.naturparkmagazin.de\/stechlin\/#\/schema\/person\/3f0d93203df21c806dd63c76d9bb28bc"},"breadcrumb":{"@id":"https:\/\/www.naturparkmagazin.de\/stechlin\/nicht-heimische-fichten-wurden-entnommen\/#breadcrumb"},"inLanguage":"de","potentialAction":[{"@type":"ReadAction","target":["https:\/\/www.naturparkmagazin.de\/stechlin\/nicht-heimische-fichten-wurden-entnommen\/"]}]},{"@type":"BreadcrumbList","@id":"https:\/\/www.naturparkmagazin.de\/stechlin\/nicht-heimische-fichten-wurden-entnommen\/#breadcrumb","itemListElement":[{"@type":"ListItem","position":1,"name":"Home","item":"https:\/\/www.naturparkmagazin.de\/stechlin\/"},{"@type":"ListItem","position":2,"name":"Nicht heimische Fichten wurden entnommen"}]},{"@type":"WebSite","@id":"https:\/\/www.naturparkmagazin.de\/stechlin\/#website","url":"https:\/\/www.naturparkmagazin.de\/stechlin\/","name":"Naturpark Stechlin-Ruppiner Land","description":"","potentialAction":[{"@type":"SearchAction","target":{"@type":"EntryPoint","urlTemplate":"https:\/\/www.naturparkmagazin.de\/stechlin\/?s={search_term_string}"},"query-input":"required name=search_term_string"}],"inLanguage":"de"},{"@type":"Person","@id":"https:\/\/www.naturparkmagazin.de\/stechlin\/#\/schema\/person\/3f0d93203df21c806dd63c76d9bb28bc","name":"marioschrumpf","url":"https:\/\/www.naturparkmagazin.de\/stechlin\/author\/marioschrumpf\/"}]}},"_links":{"self":[{"href":"https:\/\/www.naturparkmagazin.de\/stechlin\/wp-json\/wp\/v2\/posts\/5097"}],"collection":[{"href":"https:\/\/www.naturparkmagazin.de\/stechlin\/wp-json\/wp\/v2\/posts"}],"about":[{"href":"https:\/\/www.naturparkmagazin.de\/stechlin\/wp-json\/wp\/v2\/types\/post"}],"author":[{"embeddable":true,"href":"https:\/\/www.naturparkmagazin.de\/stechlin\/wp-json\/wp\/v2\/users\/39"}],"replies":[{"embeddable":true,"href":"https:\/\/www.naturparkmagazin.de\/stechlin\/wp-json\/wp\/v2\/comments?post=5097"}],"version-history":[{"count":4,"href":"https:\/\/www.naturparkmagazin.de\/stechlin\/wp-json\/wp\/v2\/posts\/5097\/revisions"}],"predecessor-version":[{"id":5116,"href":"https:\/\/www.naturparkmagazin.de\/stechlin\/wp-json\/wp\/v2\/posts\/5097\/revisions\/5116"}],"wp:featuredmedia":[{"embeddable":true,"href":"https:\/\/www.naturparkmagazin.de\/stechlin\/wp-json\/wp\/v2\/media\/5098"}],"wp:attachment":[{"href":"https:\/\/www.naturparkmagazin.de\/stechlin\/wp-json\/wp\/v2\/media?parent=5097"}],"wp:term":[{"taxonomy":"category","embeddable":true,"href":"https:\/\/www.naturparkmagazin.de\/stechlin\/wp-json\/wp\/v2\/categories?post=5097"},{"taxonomy":"post_tag","embeddable":true,"href":"https:\/\/www.naturparkmagazin.de\/stechlin\/wp-json\/wp\/v2\/tags?post=5097"}],"curies":[{"name":"wp","href":"https:\/\/api.w.org\/{rel}","templated":true}]}}