{"id":51,"date":"2013-07-15T10:20:44","date_gmt":"2013-07-15T08:20:44","guid":{"rendered":"http:\/\/www.naturparkmagazin.de\/stechlin\/?p=51"},"modified":"2013-07-15T10:20:44","modified_gmt":"2013-07-15T08:20:44","slug":"12-internationales-kunstsymposium-in-buchholz","status":"publish","type":"post","link":"https:\/\/www.naturparkmagazin.de\/stechlin\/12-internationales-kunstsymposium-in-buchholz\/","title":{"rendered":"12. Internationales Kunstsymposium in Buchholz"},"content":{"rendered":"<p>10 K\u00fcnstlerinnen und K\u00fcnstler aus 5 L\u00e4ndern (Kuba, Peru, Kroatien, Polen, Deutschland) sind vom 15.-24. August zu Gast beim 12. Internationalen Kunstsymposium des Naturparks Stechlin-Ruppiner Land in Buchholz. Auf Einladung des Kunstvereins Zehdenick. e. V. werden sie unter dem Motto&#8220;Ideenquelle Recycling &#8211; Kreativit\u00e4t kennt keine Grenzen&#8220; gemeinsam arbeiten. Die entstandenen Bilder und Skulpturen werden danach in einer Wanderausstellung u.a. in Rheinsberg, Potsdam und Gransee pr\u00e4sentiert. Die Finissage findet am 25. August, 15 Uhr in der Alten Brennerei auf Gut Zernikow statt. Das Kunstsymposium wirf finanziell durch Lottomittel des Ministeriums f\u00fcr Umwelt, Gesundheit und Verbraucherschutz unterst\u00fctzt.<\/p>\n","protected":false},"excerpt":{"rendered":"<p>10 K\u00fcnstlerinnen und K\u00fcnstler aus 5 L\u00e4ndern (Kuba, Peru, Kroatien, Polen, Deutschland) sind vom 15.-24. August zu Gast beim 12. Internationalen Kunstsymposium des Naturparks Stechlin-Ruppiner Land in Buchholz. Auf Einladung des Kunstvereins Zehdenick. e. V. werden sie unter dem Motto&#8220;Ideenquelle Recycling &#8211; Kreativit\u00e4t kennt keine Grenzen&#8220; gemeinsam arbeiten. Die entstandenen Bilder und Skulpturen werden danach<\/p>\n","protected":false},"author":39,"featured_media":52,"comment_status":"open","ping_status":"open","sticky":false,"template":"","format":"standard","meta":[],"categories":[7],"tags":[],"yoast_head":"<!-- This site is optimized with the Yoast SEO plugin v19.10 - https:\/\/yoast.com\/wordpress\/plugins\/seo\/ -->\n<title>12. Internationales Kunstsymposium in Buchholz - Naturpark Stechlin-Ruppiner Land<\/title>\n<meta name=\"robots\" content=\"index, follow, max-snippet:-1, max-image-preview:large, max-video-preview:-1\" \/>\n<link rel=\"canonical\" href=\"https:\/\/www.naturparkmagazin.de\/stechlin\/12-internationales-kunstsymposium-in-buchholz\/\" \/>\n<meta property=\"og:locale\" content=\"de_DE\" \/>\n<meta property=\"og:type\" content=\"article\" \/>\n<meta property=\"og:title\" content=\"12. Internationales Kunstsymposium in Buchholz - Naturpark Stechlin-Ruppiner Land\" \/>\n<meta property=\"og:description\" content=\"10 K\u00fcnstlerinnen und K\u00fcnstler aus 5 L\u00e4ndern (Kuba, Peru, Kroatien, Polen, Deutschland) sind vom 15.-24. August zu Gast beim 12. Internationalen Kunstsymposium des Naturparks Stechlin-Ruppiner Land in Buchholz. Auf Einladung des Kunstvereins Zehdenick. e. V. werden sie unter dem Motto&#8220;Ideenquelle Recycling &#8211; Kreativit\u00e4t kennt keine Grenzen&#8220; gemeinsam arbeiten. Die entstandenen Bilder und Skulpturen werden danach\" \/>\n<meta property=\"og:url\" content=\"https:\/\/www.naturparkmagazin.de\/stechlin\/12-internationales-kunstsymposium-in-buchholz\/\" \/>\n<meta property=\"og:site_name\" content=\"Naturpark Stechlin-Ruppiner Land\" \/>\n<meta property=\"article:published_time\" content=\"2013-07-15T08:20:44+00:00\" \/>\n<meta property=\"og:image\" content=\"https:\/\/www.naturparkmagazin.de\/stechlin\/wp-content\/uploads\/sites\/38\/k-Kunstsymposium.jpg\" \/>\n\t<meta property=\"og:image:width\" content=\"1536\" \/>\n\t<meta property=\"og:image:height\" content=\"1152\" \/>\n\t<meta property=\"og:image:type\" content=\"image\/jpeg\" \/>\n<meta name=\"author\" content=\"marioschrumpf\" \/>\n<meta name=\"twitter:label1\" content=\"Verfasst von\" \/>\n\t<meta name=\"twitter:data1\" content=\"marioschrumpf\" \/>\n<script type=\"application\/ld+json\" class=\"yoast-schema-graph\">{\"@context\":\"https:\/\/schema.org\",\"@graph\":[{\"@type\":\"WebPage\",\"@id\":\"https:\/\/www.naturparkmagazin.de\/stechlin\/12-internationales-kunstsymposium-in-buchholz\/\",\"url\":\"https:\/\/www.naturparkmagazin.de\/stechlin\/12-internationales-kunstsymposium-in-buchholz\/\",\"name\":\"12. Internationales Kunstsymposium in Buchholz - Naturpark Stechlin-Ruppiner Land\",\"isPartOf\":{\"@id\":\"https:\/\/www.naturparkmagazin.de\/stechlin\/#website\"},\"datePublished\":\"2013-07-15T08:20:44+00:00\",\"dateModified\":\"2013-07-15T08:20:44+00:00\",\"author\":{\"@id\":\"https:\/\/www.naturparkmagazin.de\/stechlin\/#\/schema\/person\/3f0d93203df21c806dd63c76d9bb28bc\"},\"breadcrumb\":{\"@id\":\"https:\/\/www.naturparkmagazin.de\/stechlin\/12-internationales-kunstsymposium-in-buchholz\/#breadcrumb\"},\"inLanguage\":\"de\",\"potentialAction\":[{\"@type\":\"ReadAction\",\"target\":[\"https:\/\/www.naturparkmagazin.de\/stechlin\/12-internationales-kunstsymposium-in-buchholz\/\"]}]},{\"@type\":\"BreadcrumbList\",\"@id\":\"https:\/\/www.naturparkmagazin.de\/stechlin\/12-internationales-kunstsymposium-in-buchholz\/#breadcrumb\",\"itemListElement\":[{\"@type\":\"ListItem\",\"position\":1,\"name\":\"Home\",\"item\":\"https:\/\/www.naturparkmagazin.de\/stechlin\/\"},{\"@type\":\"ListItem\",\"position\":2,\"name\":\"12. Internationales Kunstsymposium in Buchholz\"}]},{\"@type\":\"WebSite\",\"@id\":\"https:\/\/www.naturparkmagazin.de\/stechlin\/#website\",\"url\":\"https:\/\/www.naturparkmagazin.de\/stechlin\/\",\"name\":\"Naturpark Stechlin-Ruppiner Land\",\"description\":\"\",\"potentialAction\":[{\"@type\":\"SearchAction\",\"target\":{\"@type\":\"EntryPoint\",\"urlTemplate\":\"https:\/\/www.naturparkmagazin.de\/stechlin\/?s={search_term_string}\"},\"query-input\":\"required name=search_term_string\"}],\"inLanguage\":\"de\"},{\"@type\":\"Person\",\"@id\":\"https:\/\/www.naturparkmagazin.de\/stechlin\/#\/schema\/person\/3f0d93203df21c806dd63c76d9bb28bc\",\"name\":\"marioschrumpf\",\"url\":\"https:\/\/www.naturparkmagazin.de\/stechlin\/author\/marioschrumpf\/\"}]}<\/script>\n<!-- \/ Yoast SEO plugin. -->","yoast_head_json":{"title":"12. Internationales Kunstsymposium in Buchholz - Naturpark Stechlin-Ruppiner Land","robots":{"index":"index","follow":"follow","max-snippet":"max-snippet:-1","max-image-preview":"max-image-preview:large","max-video-preview":"max-video-preview:-1"},"canonical":"https:\/\/www.naturparkmagazin.de\/stechlin\/12-internationales-kunstsymposium-in-buchholz\/","og_locale":"de_DE","og_type":"article","og_title":"12. Internationales Kunstsymposium in Buchholz - Naturpark Stechlin-Ruppiner Land","og_description":"10 K\u00fcnstlerinnen und K\u00fcnstler aus 5 L\u00e4ndern (Kuba, Peru, Kroatien, Polen, Deutschland) sind vom 15.-24. August zu Gast beim 12. Internationalen Kunstsymposium des Naturparks Stechlin-Ruppiner Land in Buchholz. Auf Einladung des Kunstvereins Zehdenick. e. V. werden sie unter dem Motto&#8220;Ideenquelle Recycling &#8211; Kreativit\u00e4t kennt keine Grenzen&#8220; gemeinsam arbeiten. Die entstandenen Bilder und Skulpturen werden danach","og_url":"https:\/\/www.naturparkmagazin.de\/stechlin\/12-internationales-kunstsymposium-in-buchholz\/","og_site_name":"Naturpark Stechlin-Ruppiner Land","article_published_time":"2013-07-15T08:20:44+00:00","og_image":[{"width":1536,"height":1152,"url":"https:\/\/www.naturparkmagazin.de\/stechlin\/wp-content\/uploads\/sites\/38\/k-Kunstsymposium.jpg","type":"image\/jpeg"}],"author":"marioschrumpf","twitter_misc":{"Verfasst von":"marioschrumpf"},"schema":{"@context":"https:\/\/schema.org","@graph":[{"@type":"WebPage","@id":"https:\/\/www.naturparkmagazin.de\/stechlin\/12-internationales-kunstsymposium-in-buchholz\/","url":"https:\/\/www.naturparkmagazin.de\/stechlin\/12-internationales-kunstsymposium-in-buchholz\/","name":"12. Internationales Kunstsymposium in Buchholz - Naturpark Stechlin-Ruppiner Land","isPartOf":{"@id":"https:\/\/www.naturparkmagazin.de\/stechlin\/#website"},"datePublished":"2013-07-15T08:20:44+00:00","dateModified":"2013-07-15T08:20:44+00:00","author":{"@id":"https:\/\/www.naturparkmagazin.de\/stechlin\/#\/schema\/person\/3f0d93203df21c806dd63c76d9bb28bc"},"breadcrumb":{"@id":"https:\/\/www.naturparkmagazin.de\/stechlin\/12-internationales-kunstsymposium-in-buchholz\/#breadcrumb"},"inLanguage":"de","potentialAction":[{"@type":"ReadAction","target":["https:\/\/www.naturparkmagazin.de\/stechlin\/12-internationales-kunstsymposium-in-buchholz\/"]}]},{"@type":"BreadcrumbList","@id":"https:\/\/www.naturparkmagazin.de\/stechlin\/12-internationales-kunstsymposium-in-buchholz\/#breadcrumb","itemListElement":[{"@type":"ListItem","position":1,"name":"Home","item":"https:\/\/www.naturparkmagazin.de\/stechlin\/"},{"@type":"ListItem","position":2,"name":"12. Internationales Kunstsymposium in Buchholz"}]},{"@type":"WebSite","@id":"https:\/\/www.naturparkmagazin.de\/stechlin\/#website","url":"https:\/\/www.naturparkmagazin.de\/stechlin\/","name":"Naturpark Stechlin-Ruppiner Land","description":"","potentialAction":[{"@type":"SearchAction","target":{"@type":"EntryPoint","urlTemplate":"https:\/\/www.naturparkmagazin.de\/stechlin\/?s={search_term_string}"},"query-input":"required name=search_term_string"}],"inLanguage":"de"},{"@type":"Person","@id":"https:\/\/www.naturparkmagazin.de\/stechlin\/#\/schema\/person\/3f0d93203df21c806dd63c76d9bb28bc","name":"marioschrumpf","url":"https:\/\/www.naturparkmagazin.de\/stechlin\/author\/marioschrumpf\/"}]}},"_links":{"self":[{"href":"https:\/\/www.naturparkmagazin.de\/stechlin\/wp-json\/wp\/v2\/posts\/51"}],"collection":[{"href":"https:\/\/www.naturparkmagazin.de\/stechlin\/wp-json\/wp\/v2\/posts"}],"about":[{"href":"https:\/\/www.naturparkmagazin.de\/stechlin\/wp-json\/wp\/v2\/types\/post"}],"author":[{"embeddable":true,"href":"https:\/\/www.naturparkmagazin.de\/stechlin\/wp-json\/wp\/v2\/users\/39"}],"replies":[{"embeddable":true,"href":"https:\/\/www.naturparkmagazin.de\/stechlin\/wp-json\/wp\/v2\/comments?post=51"}],"version-history":[{"count":1,"href":"https:\/\/www.naturparkmagazin.de\/stechlin\/wp-json\/wp\/v2\/posts\/51\/revisions"}],"predecessor-version":[{"id":53,"href":"https:\/\/www.naturparkmagazin.de\/stechlin\/wp-json\/wp\/v2\/posts\/51\/revisions\/53"}],"wp:featuredmedia":[{"embeddable":true,"href":"https:\/\/www.naturparkmagazin.de\/stechlin\/wp-json\/wp\/v2\/media\/52"}],"wp:attachment":[{"href":"https:\/\/www.naturparkmagazin.de\/stechlin\/wp-json\/wp\/v2\/media?parent=51"}],"wp:term":[{"taxonomy":"category","embeddable":true,"href":"https:\/\/www.naturparkmagazin.de\/stechlin\/wp-json\/wp\/v2\/categories?post=51"},{"taxonomy":"post_tag","embeddable":true,"href":"https:\/\/www.naturparkmagazin.de\/stechlin\/wp-json\/wp\/v2\/tags?post=51"}],"curies":[{"name":"wp","href":"https:\/\/api.w.org\/{rel}","templated":true}]}}