{"id":5123,"date":"2018-06-14T10:00:09","date_gmt":"2018-06-14T08:00:09","guid":{"rendered":"http:\/\/www.naturparkmagazin.de\/stechlin\/?p=5123"},"modified":"2019-06-06T10:45:23","modified_gmt":"2019-06-06T08:45:23","slug":"fruehlingserwachen-auf-der-heide","status":"publish","type":"post","link":"https:\/\/www.naturparkmagazin.de\/stechlin\/fruehlingserwachen-auf-der-heide\/","title":{"rendered":"Gef\u00fchrte Nordic Walking- und Kneipp-Tour um den Wutzsee"},"content":{"rendered":"<p><a href=\"https:\/\/www.naturparkmagazin.de\/stechlin\/wp-content\/uploads\/sites\/38\/Logo-Nordic-Walking.png\">\u00a0<\/a><\/p>\n<p>&nbsp;<\/p>\n<div id=\"attachment_4582\" style=\"width: 310px\" class=\"wp-caption aligncenter\"><a href=\"https:\/\/www.naturparkmagazin.de\/stechlin\/wp-content\/uploads\/sites\/38\/natur-und-landschaftsf\u00fchrer.jpg\"><img aria-describedby=\"caption-attachment-4582\" decoding=\"async\" loading=\"lazy\" class=\"size-thumbnail wp-image-4582\" src=\"https:\/\/www.naturparkmagazin.de\/stechlin\/wp-content\/uploads\/sites\/38\/natur-und-landschaftsf\u00fchrer-300x180.jpg\" alt=\"Auf Nordic Walking-Tour mit Olaf Wolff\" width=\"300\" height=\"180\" srcset=\"https:\/\/www.naturparkmagazin.de\/stechlin\/wp-content\/uploads\/sites\/38\/natur-und-landschaftsf\u00fchrer-300x180.jpg 300w, https:\/\/www.naturparkmagazin.de\/stechlin\/wp-content\/uploads\/sites\/38\/natur-und-landschaftsf\u00fchrer.jpg 500w, https:\/\/www.naturparkmagazin.de\/stechlin\/wp-content\/uploads\/sites\/38\/natur-und-landschaftsf\u00fchrer-200x120.jpg 200w\" sizes=\"(max-width: 300px) 100vw, 300px\" \/><\/a><p id=\"caption-attachment-4582\" class=\"wp-caption-text\">Auf Nordic Walking-Tour mit Olaf Wolff<\/p><\/div>\n<p><strong>\u00a0<\/strong><\/p>\n<p><span style=\"text-decoration: underline\">Fitness beim \u201e<em>Land und Leute kennen lernen<\/em>\u201c<\/span><\/p>\n<p>Im Norden Brandenburgs, zwischen den historischen St\u00e4dten F\u00fcrstenberg\/Havel, Zehdenick, Lindow, Neuruppin und Wittstock finden Nordic Walker eindeutschlandweit einmaliges Angebot vor \u2013 eine Kombination aus sportlichen M\u00f6glichkeiten und reizvoller Landschaft.<\/p>\n<p>Ob im Naturpark Stechlin-Ruppiner Land mit seinen Buchenw\u00e4ldern und Klarwasserseen (www.stechlin-ruppiner-land-naturpark.de), in der Kyritz-Ruppiner Heide als eine der gr\u00f6\u00dften zusammenh\u00e4ngenden Heidelandschaft Europas (www.kyritz-ruppiner-heide.de) oder auf dem \u00fcber 534 Kilometer umfassenden bundesweiten einzigartigen Streckennetz des Laufparks Stechlin (www.laufpark-stechlin.de), &#8211; mit einer gef\u00fchrten Nordic Walking Tour erleben Sie die wundersch\u00f6nen Landschaften und betreiben dabei Sport \u2013 eine gewinnbringende Kombination!<\/p>\n<p>W\u00e4hrend unserer ca. 2 &#8211; 3 st\u00fcndigen Tour zeige ich Ihnen lokale Sehensw\u00fcrdigkeiten und erz\u00e4hle Ihnen Wissenswertes aus der Region sowie ihrer Historie, und geben Ihnen sehr gern Tipps und Hilfestellung zur Optimierung Ihrer pers\u00f6nlichen Nordic Walking Technik.<\/p>\n<p>Wir haben ausreichend Zeit f\u00fcr Verschnaufpausen und zum Fotografieren, gern k\u00f6nnen wir auch eine Rast machen, schlie\u00dflich m\u00f6chten wir die Natur und die herrliche Landschaft genie\u00dfen. Nach diesem gef\u00fchrten Lauf haben Sie etwas f\u00fcr Ihre Gesundheit getan und Interessantes erfahren!<\/p>\n<p>Sie brauchen sich um nichts als Ihre Sportkleidung zu k\u00fcmmern. Bitte wetterangepasste Kleidung tragen und ausreichend Trinkfl\u00fcssigkeit mitbringen.<\/p>\n<p>Das Motto meiner Touren: Landschaftlich reizvoll \u2013 Sportlich angenehm<\/p>\n<p><strong>Kosten:\u00a020<\/strong> \u20ac p.P. ab 7 Personen<\/p>\n<p><strong>Termin:<\/strong>\u00a021.\u00a0Juli 2018, 13:30-16:30 Uhr<\/p>\n<p><strong>Treffpunkt: <\/strong>Tourist-Information Lindow\/Mark<\/p>\n<p><strong>Infos unter:<\/strong> info@nordic-walking-Fitness.com\u00a0\u00a0 <a href=\"http:\/\/www.nordic-walking-fitness.com\">www.nordic-walking-fitness.com<\/a><\/p>\n<p>&nbsp;<\/p>\n<p>&nbsp;<\/p>\n<p>&nbsp;<\/p>\n<p>&nbsp;<\/p>\n<p>&nbsp;<\/p>\n","protected":false},"excerpt":{"rendered":"<p>Am 21. Juli l\u00e4dt Olaf Wolff zur Gesundheitswanderung rund um den Lindower Wutzsee incl. Kneipp-Tour ein.<\/p>\n","protected":false},"author":39,"featured_media":4772,"comment_status":"open","ping_status":"open","sticky":false,"template":"","format":"standard","meta":[],"categories":[11],"tags":[],"yoast_head":"<!-- This site is optimized with the Yoast SEO plugin v19.10 - https:\/\/yoast.com\/wordpress\/plugins\/seo\/ -->\n<title>Gef\u00fchrte Nordic Walking- und Kneipp-Tour um den Wutzsee - Naturpark Stechlin-Ruppiner Land<\/title>\n<meta name=\"robots\" content=\"index, follow, max-snippet:-1, max-image-preview:large, max-video-preview:-1\" \/>\n<link rel=\"canonical\" href=\"https:\/\/www.naturparkmagazin.de\/stechlin\/fruehlingserwachen-auf-der-heide\/\" \/>\n<meta property=\"og:locale\" content=\"de_DE\" \/>\n<meta property=\"og:type\" content=\"article\" \/>\n<meta property=\"og:title\" content=\"Gef\u00fchrte Nordic Walking- und Kneipp-Tour um den Wutzsee - Naturpark Stechlin-Ruppiner Land\" \/>\n<meta property=\"og:description\" content=\"Am 21. Juli l\u00e4dt Olaf Wolff zur Gesundheitswanderung rund um den Lindower Wutzsee incl. Kneipp-Tour ein.\" \/>\n<meta property=\"og:url\" content=\"https:\/\/www.naturparkmagazin.de\/stechlin\/fruehlingserwachen-auf-der-heide\/\" \/>\n<meta property=\"og:site_name\" content=\"Naturpark Stechlin-Ruppiner Land\" \/>\n<meta property=\"article:published_time\" content=\"2018-06-14T08:00:09+00:00\" \/>\n<meta property=\"article:modified_time\" content=\"2019-06-06T08:45:23+00:00\" \/>\n<meta property=\"og:image\" content=\"https:\/\/www.naturparkmagazin.de\/stechlin\/wp-content\/uploads\/sites\/38\/Olaf-Wolff.jpg\" \/>\n\t<meta property=\"og:image:width\" content=\"200\" \/>\n\t<meta property=\"og:image:height\" content=\"200\" \/>\n\t<meta property=\"og:image:type\" content=\"image\/jpeg\" \/>\n<meta name=\"author\" content=\"marioschrumpf\" \/>\n<meta name=\"twitter:label1\" content=\"Verfasst von\" \/>\n\t<meta name=\"twitter:data1\" content=\"marioschrumpf\" \/>\n\t<meta name=\"twitter:label2\" content=\"Gesch\u00e4tzte Lesezeit\" \/>\n\t<meta name=\"twitter:data2\" content=\"1\u00a0Minute\" \/>\n<script type=\"application\/ld+json\" class=\"yoast-schema-graph\">{\"@context\":\"https:\/\/schema.org\",\"@graph\":[{\"@type\":\"WebPage\",\"@id\":\"https:\/\/www.naturparkmagazin.de\/stechlin\/fruehlingserwachen-auf-der-heide\/\",\"url\":\"https:\/\/www.naturparkmagazin.de\/stechlin\/fruehlingserwachen-auf-der-heide\/\",\"name\":\"Gef\u00fchrte Nordic Walking- und Kneipp-Tour um den Wutzsee - Naturpark Stechlin-Ruppiner Land\",\"isPartOf\":{\"@id\":\"https:\/\/www.naturparkmagazin.de\/stechlin\/#website\"},\"datePublished\":\"2018-06-14T08:00:09+00:00\",\"dateModified\":\"2019-06-06T08:45:23+00:00\",\"author\":{\"@id\":\"https:\/\/www.naturparkmagazin.de\/stechlin\/#\/schema\/person\/3f0d93203df21c806dd63c76d9bb28bc\"},\"breadcrumb\":{\"@id\":\"https:\/\/www.naturparkmagazin.de\/stechlin\/fruehlingserwachen-auf-der-heide\/#breadcrumb\"},\"inLanguage\":\"de\",\"potentialAction\":[{\"@type\":\"ReadAction\",\"target\":[\"https:\/\/www.naturparkmagazin.de\/stechlin\/fruehlingserwachen-auf-der-heide\/\"]}]},{\"@type\":\"BreadcrumbList\",\"@id\":\"https:\/\/www.naturparkmagazin.de\/stechlin\/fruehlingserwachen-auf-der-heide\/#breadcrumb\",\"itemListElement\":[{\"@type\":\"ListItem\",\"position\":1,\"name\":\"Home\",\"item\":\"https:\/\/www.naturparkmagazin.de\/stechlin\/\"},{\"@type\":\"ListItem\",\"position\":2,\"name\":\"Gef\u00fchrte Nordic Walking- und Kneipp-Tour um den Wutzsee\"}]},{\"@type\":\"WebSite\",\"@id\":\"https:\/\/www.naturparkmagazin.de\/stechlin\/#website\",\"url\":\"https:\/\/www.naturparkmagazin.de\/stechlin\/\",\"name\":\"Naturpark Stechlin-Ruppiner Land\",\"description\":\"\",\"potentialAction\":[{\"@type\":\"SearchAction\",\"target\":{\"@type\":\"EntryPoint\",\"urlTemplate\":\"https:\/\/www.naturparkmagazin.de\/stechlin\/?s={search_term_string}\"},\"query-input\":\"required name=search_term_string\"}],\"inLanguage\":\"de\"},{\"@type\":\"Person\",\"@id\":\"https:\/\/www.naturparkmagazin.de\/stechlin\/#\/schema\/person\/3f0d93203df21c806dd63c76d9bb28bc\",\"name\":\"marioschrumpf\",\"url\":\"https:\/\/www.naturparkmagazin.de\/stechlin\/author\/marioschrumpf\/\"}]}<\/script>\n<!-- \/ Yoast SEO plugin. -->","yoast_head_json":{"title":"Gef\u00fchrte Nordic Walking- und Kneipp-Tour um den Wutzsee - Naturpark Stechlin-Ruppiner Land","robots":{"index":"index","follow":"follow","max-snippet":"max-snippet:-1","max-image-preview":"max-image-preview:large","max-video-preview":"max-video-preview:-1"},"canonical":"https:\/\/www.naturparkmagazin.de\/stechlin\/fruehlingserwachen-auf-der-heide\/","og_locale":"de_DE","og_type":"article","og_title":"Gef\u00fchrte Nordic Walking- und Kneipp-Tour um den Wutzsee - Naturpark Stechlin-Ruppiner Land","og_description":"Am 21. Juli l\u00e4dt Olaf Wolff zur Gesundheitswanderung rund um den Lindower Wutzsee incl. Kneipp-Tour ein.","og_url":"https:\/\/www.naturparkmagazin.de\/stechlin\/fruehlingserwachen-auf-der-heide\/","og_site_name":"Naturpark Stechlin-Ruppiner Land","article_published_time":"2018-06-14T08:00:09+00:00","article_modified_time":"2019-06-06T08:45:23+00:00","og_image":[{"width":200,"height":200,"url":"https:\/\/www.naturparkmagazin.de\/stechlin\/wp-content\/uploads\/sites\/38\/Olaf-Wolff.jpg","type":"image\/jpeg"}],"author":"marioschrumpf","twitter_misc":{"Verfasst von":"marioschrumpf","Gesch\u00e4tzte Lesezeit":"1\u00a0Minute"},"schema":{"@context":"https:\/\/schema.org","@graph":[{"@type":"WebPage","@id":"https:\/\/www.naturparkmagazin.de\/stechlin\/fruehlingserwachen-auf-der-heide\/","url":"https:\/\/www.naturparkmagazin.de\/stechlin\/fruehlingserwachen-auf-der-heide\/","name":"Gef\u00fchrte Nordic Walking- und Kneipp-Tour um den Wutzsee - Naturpark Stechlin-Ruppiner Land","isPartOf":{"@id":"https:\/\/www.naturparkmagazin.de\/stechlin\/#website"},"datePublished":"2018-06-14T08:00:09+00:00","dateModified":"2019-06-06T08:45:23+00:00","author":{"@id":"https:\/\/www.naturparkmagazin.de\/stechlin\/#\/schema\/person\/3f0d93203df21c806dd63c76d9bb28bc"},"breadcrumb":{"@id":"https:\/\/www.naturparkmagazin.de\/stechlin\/fruehlingserwachen-auf-der-heide\/#breadcrumb"},"inLanguage":"de","potentialAction":[{"@type":"ReadAction","target":["https:\/\/www.naturparkmagazin.de\/stechlin\/fruehlingserwachen-auf-der-heide\/"]}]},{"@type":"BreadcrumbList","@id":"https:\/\/www.naturparkmagazin.de\/stechlin\/fruehlingserwachen-auf-der-heide\/#breadcrumb","itemListElement":[{"@type":"ListItem","position":1,"name":"Home","item":"https:\/\/www.naturparkmagazin.de\/stechlin\/"},{"@type":"ListItem","position":2,"name":"Gef\u00fchrte Nordic Walking- und Kneipp-Tour um den Wutzsee"}]},{"@type":"WebSite","@id":"https:\/\/www.naturparkmagazin.de\/stechlin\/#website","url":"https:\/\/www.naturparkmagazin.de\/stechlin\/","name":"Naturpark Stechlin-Ruppiner Land","description":"","potentialAction":[{"@type":"SearchAction","target":{"@type":"EntryPoint","urlTemplate":"https:\/\/www.naturparkmagazin.de\/stechlin\/?s={search_term_string}"},"query-input":"required name=search_term_string"}],"inLanguage":"de"},{"@type":"Person","@id":"https:\/\/www.naturparkmagazin.de\/stechlin\/#\/schema\/person\/3f0d93203df21c806dd63c76d9bb28bc","name":"marioschrumpf","url":"https:\/\/www.naturparkmagazin.de\/stechlin\/author\/marioschrumpf\/"}]}},"_links":{"self":[{"href":"https:\/\/www.naturparkmagazin.de\/stechlin\/wp-json\/wp\/v2\/posts\/5123"}],"collection":[{"href":"https:\/\/www.naturparkmagazin.de\/stechlin\/wp-json\/wp\/v2\/posts"}],"about":[{"href":"https:\/\/www.naturparkmagazin.de\/stechlin\/wp-json\/wp\/v2\/types\/post"}],"author":[{"embeddable":true,"href":"https:\/\/www.naturparkmagazin.de\/stechlin\/wp-json\/wp\/v2\/users\/39"}],"replies":[{"embeddable":true,"href":"https:\/\/www.naturparkmagazin.de\/stechlin\/wp-json\/wp\/v2\/comments?post=5123"}],"version-history":[{"count":39,"href":"https:\/\/www.naturparkmagazin.de\/stechlin\/wp-json\/wp\/v2\/posts\/5123\/revisions"}],"predecessor-version":[{"id":8417,"href":"https:\/\/www.naturparkmagazin.de\/stechlin\/wp-json\/wp\/v2\/posts\/5123\/revisions\/8417"}],"wp:featuredmedia":[{"embeddable":true,"href":"https:\/\/www.naturparkmagazin.de\/stechlin\/wp-json\/wp\/v2\/media\/4772"}],"wp:attachment":[{"href":"https:\/\/www.naturparkmagazin.de\/stechlin\/wp-json\/wp\/v2\/media?parent=5123"}],"wp:term":[{"taxonomy":"category","embeddable":true,"href":"https:\/\/www.naturparkmagazin.de\/stechlin\/wp-json\/wp\/v2\/categories?post=5123"},{"taxonomy":"post_tag","embeddable":true,"href":"https:\/\/www.naturparkmagazin.de\/stechlin\/wp-json\/wp\/v2\/tags?post=5123"}],"curies":[{"name":"wp","href":"https:\/\/api.w.org\/{rel}","templated":true}]}}