{"id":5146,"date":"2017-02-13T12:57:35","date_gmt":"2017-02-13T11:57:35","guid":{"rendered":"http:\/\/www.naturparkmagazin.de\/stechlin\/?p=5146"},"modified":"2017-02-14T10:27:37","modified_gmt":"2017-02-14T09:27:37","slug":"erster-landwirtschaftstag-im-naturpark-stechlin-ruppiner-land","status":"publish","type":"post","link":"https:\/\/www.naturparkmagazin.de\/stechlin\/erster-landwirtschaftstag-im-naturpark-stechlin-ruppiner-land\/","title":{"rendered":"1. Landwirtschaftstag im Naturpark Stechlin-Ruppiner Land am 14.3.2017"},"content":{"rendered":"<p><a href=\"https:\/\/www.naturparkmagazin.de\/stechlin\/wp-content\/uploads\/sites\/38\/save-the-date500x300.jpg\"><img decoding=\"async\" loading=\"lazy\" class=\"alignleft size-thumbnail wp-image-5148\" src=\"https:\/\/www.naturparkmagazin.de\/stechlin\/wp-content\/uploads\/sites\/38\/save-the-date500x300-300x180.jpg\" alt=\"NP SRL\/Heiko Strobel\" width=\"300\" height=\"180\" srcset=\"https:\/\/www.naturparkmagazin.de\/stechlin\/wp-content\/uploads\/sites\/38\/save-the-date500x300-300x180.jpg 300w, https:\/\/www.naturparkmagazin.de\/stechlin\/wp-content\/uploads\/sites\/38\/save-the-date500x300.jpg 500w, https:\/\/www.naturparkmagazin.de\/stechlin\/wp-content\/uploads\/sites\/38\/save-the-date500x300-200x120.jpg 200w\" sizes=\"(max-width: 300px) 100vw, 300px\" \/>\n<\/a><\/p>\n<p>&nbsp;<\/p>\n<p>&nbsp;<\/p>\n<p>&nbsp;<\/p>\n<p>&nbsp;<\/p>\n<p>&nbsp;<\/p>\n<p>&nbsp;<\/p>\n<p>Zu einem gemeinsamen Landwirtschaftstag laden am <strong>14. M\u00e4rz 2017<\/strong> (Dienstag) erstmals die Rheinsberger Preussenquelle und der Naturpark Stechlin-Ruppiner Land nach Menz ein. Die Veranstaltung in der <strong>Regionalwerkstatt Stechlin in Menz<\/strong> soll Produzenten, Verarbeiter und Handel aus der Naturparkregion zusammenbringen.<\/p>\n<p>Diskutiert wird u.a., wie eine nachhaltige Bewirtschaftung der nicht erneuerbaren Ressource Boden aussehen kann. So hat f\u00fcr die Rheinsberger Preussenquelle als Tochter des Berliner Naturkostgro\u00dfh\u00e4ndlers Terra Naturkost Handels KG und zertifizierte BIO-Mineralquelle, eine extensive Bewirtschaftung enormen Stellenwert, nicht nur im Hinblick auf das Einzugsgebiet ihrer Quelle.<\/p>\n<p>Neben dem Gesch\u00e4ftsf\u00fchrer der Terra Naturkost Handels KG (Meinrad Schmitt) und dem Gesch\u00e4ftsf\u00fchrer der Rheinsberger Preussenquelle (Frank Stieldorf) kommen Uwe Becherer (Anbauberater von Bioland Beratung Ost), Hubert B\u00f6hmann (Mitbegr\u00fcnder der Gl\u00e4sernen Molkerei), J\u00f6rg Gro\u00dfe-Lochtmann (Marktgesellschaft der Naturland Bauern AG) und Landwirte wie zum Beispiel Carlo Horn aus der Region Berlin-Brandenburg zu Wort.<\/p>\n<p>&nbsp;<\/p>\n<p>R\u00fcckfragen bitte an:<\/p>\n<p>Jacqueline Redepenning, 033931 349583, J.Redepenning@preussenquelle.de<\/p>\n<p>Heiko Strobel, 033082 407-14, Heiko.Strobel@lfu.brandenburg.de<\/p>\n<p><span style=\"font-family: 'Arial Narrow'\"><span style=\"color: #000000\">\u00a0<\/span><\/span><\/p>\n<p><span style=\"font-family: 'Arial Narrow'\"><span style=\"color: #000000\">\u00a0<\/span><\/span><\/p>\n<p>&nbsp;<\/p>\n<p>&nbsp;<\/p>\n<p><span style=\"font-family: 'Arial Narrow'\"><span style=\"color: #000000\">\u00a0<\/span><\/span><\/p>\n<p>&nbsp;<\/p>\n","protected":false},"excerpt":{"rendered":"<p>Zu einem gemeinsamen Landwirtschaftstag laden am 14. M\u00e4rz 2017 (Dienstag) erstmals die Rheinsberger Preussenquelle und der Naturpark Stechlin-Ruppiner Land nach Menz ein. <\/p>\n","protected":false},"author":39,"featured_media":5147,"comment_status":"open","ping_status":"open","sticky":false,"template":"","format":"standard","meta":[],"categories":[11],"tags":[],"yoast_head":"<!-- This site is optimized with the Yoast SEO plugin v19.10 - https:\/\/yoast.com\/wordpress\/plugins\/seo\/ -->\n<title>1. Landwirtschaftstag im Naturpark Stechlin-Ruppiner Land am 14.3.2017 - Naturpark Stechlin-Ruppiner Land<\/title>\n<meta name=\"robots\" content=\"index, follow, max-snippet:-1, max-image-preview:large, max-video-preview:-1\" \/>\n<link rel=\"canonical\" href=\"https:\/\/www.naturparkmagazin.de\/stechlin\/erster-landwirtschaftstag-im-naturpark-stechlin-ruppiner-land\/\" \/>\n<meta property=\"og:locale\" content=\"de_DE\" \/>\n<meta property=\"og:type\" content=\"article\" \/>\n<meta property=\"og:title\" content=\"1. Landwirtschaftstag im Naturpark Stechlin-Ruppiner Land am 14.3.2017 - Naturpark Stechlin-Ruppiner Land\" \/>\n<meta property=\"og:description\" content=\"Zu einem gemeinsamen Landwirtschaftstag laden am 14. M\u00e4rz 2017 (Dienstag) erstmals die Rheinsberger Preussenquelle und der Naturpark Stechlin-Ruppiner Land nach Menz ein.\" \/>\n<meta property=\"og:url\" content=\"https:\/\/www.naturparkmagazin.de\/stechlin\/erster-landwirtschaftstag-im-naturpark-stechlin-ruppiner-land\/\" \/>\n<meta property=\"og:site_name\" content=\"Naturpark Stechlin-Ruppiner Land\" \/>\n<meta property=\"article:published_time\" content=\"2017-02-13T11:57:35+00:00\" \/>\n<meta property=\"article:modified_time\" content=\"2017-02-14T09:27:37+00:00\" \/>\n<meta property=\"og:image\" content=\"https:\/\/www.naturparkmagazin.de\/stechlin\/wp-content\/uploads\/sites\/38\/landwirtschaftstag-2017.jpg\" \/>\n\t<meta property=\"og:image:width\" content=\"200\" \/>\n\t<meta property=\"og:image:height\" content=\"200\" \/>\n\t<meta property=\"og:image:type\" content=\"image\/jpeg\" \/>\n<meta name=\"author\" content=\"marioschrumpf\" \/>\n<meta name=\"twitter:label1\" content=\"Verfasst von\" \/>\n\t<meta name=\"twitter:data1\" content=\"marioschrumpf\" \/>\n\t<meta name=\"twitter:label2\" content=\"Gesch\u00e4tzte Lesezeit\" \/>\n\t<meta name=\"twitter:data2\" content=\"1\u00a0Minute\" \/>\n<script type=\"application\/ld+json\" class=\"yoast-schema-graph\">{\"@context\":\"https:\/\/schema.org\",\"@graph\":[{\"@type\":\"WebPage\",\"@id\":\"https:\/\/www.naturparkmagazin.de\/stechlin\/erster-landwirtschaftstag-im-naturpark-stechlin-ruppiner-land\/\",\"url\":\"https:\/\/www.naturparkmagazin.de\/stechlin\/erster-landwirtschaftstag-im-naturpark-stechlin-ruppiner-land\/\",\"name\":\"1. Landwirtschaftstag im Naturpark Stechlin-Ruppiner Land am 14.3.2017 - Naturpark Stechlin-Ruppiner Land\",\"isPartOf\":{\"@id\":\"https:\/\/www.naturparkmagazin.de\/stechlin\/#website\"},\"datePublished\":\"2017-02-13T11:57:35+00:00\",\"dateModified\":\"2017-02-14T09:27:37+00:00\",\"author\":{\"@id\":\"https:\/\/www.naturparkmagazin.de\/stechlin\/#\/schema\/person\/3f0d93203df21c806dd63c76d9bb28bc\"},\"breadcrumb\":{\"@id\":\"https:\/\/www.naturparkmagazin.de\/stechlin\/erster-landwirtschaftstag-im-naturpark-stechlin-ruppiner-land\/#breadcrumb\"},\"inLanguage\":\"de\",\"potentialAction\":[{\"@type\":\"ReadAction\",\"target\":[\"https:\/\/www.naturparkmagazin.de\/stechlin\/erster-landwirtschaftstag-im-naturpark-stechlin-ruppiner-land\/\"]}]},{\"@type\":\"BreadcrumbList\",\"@id\":\"https:\/\/www.naturparkmagazin.de\/stechlin\/erster-landwirtschaftstag-im-naturpark-stechlin-ruppiner-land\/#breadcrumb\",\"itemListElement\":[{\"@type\":\"ListItem\",\"position\":1,\"name\":\"Home\",\"item\":\"https:\/\/www.naturparkmagazin.de\/stechlin\/\"},{\"@type\":\"ListItem\",\"position\":2,\"name\":\"1. Landwirtschaftstag im Naturpark Stechlin-Ruppiner Land am 14.3.2017\"}]},{\"@type\":\"WebSite\",\"@id\":\"https:\/\/www.naturparkmagazin.de\/stechlin\/#website\",\"url\":\"https:\/\/www.naturparkmagazin.de\/stechlin\/\",\"name\":\"Naturpark Stechlin-Ruppiner Land\",\"description\":\"\",\"potentialAction\":[{\"@type\":\"SearchAction\",\"target\":{\"@type\":\"EntryPoint\",\"urlTemplate\":\"https:\/\/www.naturparkmagazin.de\/stechlin\/?s={search_term_string}\"},\"query-input\":\"required name=search_term_string\"}],\"inLanguage\":\"de\"},{\"@type\":\"Person\",\"@id\":\"https:\/\/www.naturparkmagazin.de\/stechlin\/#\/schema\/person\/3f0d93203df21c806dd63c76d9bb28bc\",\"name\":\"marioschrumpf\",\"url\":\"https:\/\/www.naturparkmagazin.de\/stechlin\/author\/marioschrumpf\/\"}]}<\/script>\n<!-- \/ Yoast SEO plugin. -->","yoast_head_json":{"title":"1. Landwirtschaftstag im Naturpark Stechlin-Ruppiner Land am 14.3.2017 - Naturpark Stechlin-Ruppiner Land","robots":{"index":"index","follow":"follow","max-snippet":"max-snippet:-1","max-image-preview":"max-image-preview:large","max-video-preview":"max-video-preview:-1"},"canonical":"https:\/\/www.naturparkmagazin.de\/stechlin\/erster-landwirtschaftstag-im-naturpark-stechlin-ruppiner-land\/","og_locale":"de_DE","og_type":"article","og_title":"1. Landwirtschaftstag im Naturpark Stechlin-Ruppiner Land am 14.3.2017 - Naturpark Stechlin-Ruppiner Land","og_description":"Zu einem gemeinsamen Landwirtschaftstag laden am 14. M\u00e4rz 2017 (Dienstag) erstmals die Rheinsberger Preussenquelle und der Naturpark Stechlin-Ruppiner Land nach Menz ein.","og_url":"https:\/\/www.naturparkmagazin.de\/stechlin\/erster-landwirtschaftstag-im-naturpark-stechlin-ruppiner-land\/","og_site_name":"Naturpark Stechlin-Ruppiner Land","article_published_time":"2017-02-13T11:57:35+00:00","article_modified_time":"2017-02-14T09:27:37+00:00","og_image":[{"width":200,"height":200,"url":"https:\/\/www.naturparkmagazin.de\/stechlin\/wp-content\/uploads\/sites\/38\/landwirtschaftstag-2017.jpg","type":"image\/jpeg"}],"author":"marioschrumpf","twitter_misc":{"Verfasst von":"marioschrumpf","Gesch\u00e4tzte Lesezeit":"1\u00a0Minute"},"schema":{"@context":"https:\/\/schema.org","@graph":[{"@type":"WebPage","@id":"https:\/\/www.naturparkmagazin.de\/stechlin\/erster-landwirtschaftstag-im-naturpark-stechlin-ruppiner-land\/","url":"https:\/\/www.naturparkmagazin.de\/stechlin\/erster-landwirtschaftstag-im-naturpark-stechlin-ruppiner-land\/","name":"1. Landwirtschaftstag im Naturpark Stechlin-Ruppiner Land am 14.3.2017 - Naturpark Stechlin-Ruppiner Land","isPartOf":{"@id":"https:\/\/www.naturparkmagazin.de\/stechlin\/#website"},"datePublished":"2017-02-13T11:57:35+00:00","dateModified":"2017-02-14T09:27:37+00:00","author":{"@id":"https:\/\/www.naturparkmagazin.de\/stechlin\/#\/schema\/person\/3f0d93203df21c806dd63c76d9bb28bc"},"breadcrumb":{"@id":"https:\/\/www.naturparkmagazin.de\/stechlin\/erster-landwirtschaftstag-im-naturpark-stechlin-ruppiner-land\/#breadcrumb"},"inLanguage":"de","potentialAction":[{"@type":"ReadAction","target":["https:\/\/www.naturparkmagazin.de\/stechlin\/erster-landwirtschaftstag-im-naturpark-stechlin-ruppiner-land\/"]}]},{"@type":"BreadcrumbList","@id":"https:\/\/www.naturparkmagazin.de\/stechlin\/erster-landwirtschaftstag-im-naturpark-stechlin-ruppiner-land\/#breadcrumb","itemListElement":[{"@type":"ListItem","position":1,"name":"Home","item":"https:\/\/www.naturparkmagazin.de\/stechlin\/"},{"@type":"ListItem","position":2,"name":"1. Landwirtschaftstag im Naturpark Stechlin-Ruppiner Land am 14.3.2017"}]},{"@type":"WebSite","@id":"https:\/\/www.naturparkmagazin.de\/stechlin\/#website","url":"https:\/\/www.naturparkmagazin.de\/stechlin\/","name":"Naturpark Stechlin-Ruppiner Land","description":"","potentialAction":[{"@type":"SearchAction","target":{"@type":"EntryPoint","urlTemplate":"https:\/\/www.naturparkmagazin.de\/stechlin\/?s={search_term_string}"},"query-input":"required name=search_term_string"}],"inLanguage":"de"},{"@type":"Person","@id":"https:\/\/www.naturparkmagazin.de\/stechlin\/#\/schema\/person\/3f0d93203df21c806dd63c76d9bb28bc","name":"marioschrumpf","url":"https:\/\/www.naturparkmagazin.de\/stechlin\/author\/marioschrumpf\/"}]}},"_links":{"self":[{"href":"https:\/\/www.naturparkmagazin.de\/stechlin\/wp-json\/wp\/v2\/posts\/5146"}],"collection":[{"href":"https:\/\/www.naturparkmagazin.de\/stechlin\/wp-json\/wp\/v2\/posts"}],"about":[{"href":"https:\/\/www.naturparkmagazin.de\/stechlin\/wp-json\/wp\/v2\/types\/post"}],"author":[{"embeddable":true,"href":"https:\/\/www.naturparkmagazin.de\/stechlin\/wp-json\/wp\/v2\/users\/39"}],"replies":[{"embeddable":true,"href":"https:\/\/www.naturparkmagazin.de\/stechlin\/wp-json\/wp\/v2\/comments?post=5146"}],"version-history":[{"count":7,"href":"https:\/\/www.naturparkmagazin.de\/stechlin\/wp-json\/wp\/v2\/posts\/5146\/revisions"}],"predecessor-version":[{"id":5186,"href":"https:\/\/www.naturparkmagazin.de\/stechlin\/wp-json\/wp\/v2\/posts\/5146\/revisions\/5186"}],"wp:featuredmedia":[{"embeddable":true,"href":"https:\/\/www.naturparkmagazin.de\/stechlin\/wp-json\/wp\/v2\/media\/5147"}],"wp:attachment":[{"href":"https:\/\/www.naturparkmagazin.de\/stechlin\/wp-json\/wp\/v2\/media?parent=5146"}],"wp:term":[{"taxonomy":"category","embeddable":true,"href":"https:\/\/www.naturparkmagazin.de\/stechlin\/wp-json\/wp\/v2\/categories?post=5146"},{"taxonomy":"post_tag","embeddable":true,"href":"https:\/\/www.naturparkmagazin.de\/stechlin\/wp-json\/wp\/v2\/tags?post=5146"}],"curies":[{"name":"wp","href":"https:\/\/api.w.org\/{rel}","templated":true}]}}