{"id":5161,"date":"2017-02-13T07:49:47","date_gmt":"2017-02-13T06:49:47","guid":{"rendered":"http:\/\/www.naturparkmagazin.de\/stechlin\/?p=5161"},"modified":"2017-02-15T16:29:03","modified_gmt":"2017-02-15T15:29:03","slug":"projekt-tauchen-fuer-den-naturschutz-auf-der-boot-praesentiert","status":"publish","type":"post","link":"https:\/\/www.naturparkmagazin.de\/stechlin\/projekt-tauchen-fuer-den-naturschutz-auf-der-boot-praesentiert\/","title":{"rendered":"Projekt &#8222;Tauchen f\u00fcr den Naturschutz&#8220; auf der BOOT pr\u00e4sentiert"},"content":{"rendered":"<p><a href=\"https:\/\/www.naturparkmagazin.de\/stechlin\/wp-content\/uploads\/sites\/38\/Boot-2017_Silke-Oldorff1.jpg\"><img decoding=\"async\" loading=\"lazy\" class=\"alignleft size-thumbnail wp-image-5163\" src=\"https:\/\/www.naturparkmagazin.de\/stechlin\/wp-content\/uploads\/sites\/38\/Boot-2017_Silke-Oldorff1-300x180.jpg\" alt=\"NP SRL\/Silke Oldorff\" width=\"300\" height=\"180\" srcset=\"https:\/\/www.naturparkmagazin.de\/stechlin\/wp-content\/uploads\/sites\/38\/Boot-2017_Silke-Oldorff1-300x180.jpg 300w, https:\/\/www.naturparkmagazin.de\/stechlin\/wp-content\/uploads\/sites\/38\/Boot-2017_Silke-Oldorff1.jpg 500w, https:\/\/www.naturparkmagazin.de\/stechlin\/wp-content\/uploads\/sites\/38\/Boot-2017_Silke-Oldorff1-200x120.jpg 200w\" sizes=\"(max-width: 300px) 100vw, 300px\" \/>\n<\/a><\/p>\n<p>&nbsp;<\/p>\n<p>&nbsp;<\/p>\n<p>&nbsp;<\/p>\n<p>&nbsp;<\/p>\n<p>&nbsp;<\/p>\n<p>&nbsp;<\/p>\n<p>Die <strong>BOOT in D\u00fcsseldorf<\/strong> ist die gr\u00f6\u00dfte Wassersportmesse weltweit. In Halle 3 pr\u00e4sentierte sich das brandenburgische Projekt &#8222;<em>Tauchen f\u00fcr den Naturschutz<\/em>&#8222;.<\/p>\n<p>Das Projekt wurde gemeinsam von NABU und Naturpark Stechlin-Ruppiner Land am Stand des Verbandes Deutscher Sporttaucher vorgestellt.<\/p>\n<p>Vertreter der Wassersportinitiative Nordbrandenburg (WIN) besuchten den Stand. Hier konnten sich Bodo Ihrke, Vorsitzender der WIN und Landrat des Landkreises Barnim, Ludger Westkamp, Landrat des Landkreises Oberhavel, Egmond Hamelow, stellv. Landrat Oberhavel, Antje Uhlig, Landkreis Barnim, J\u00f6rn Lehmann, B\u00fcrgermeister der Stadt Liebenwalde sowie Peter Krause vom Tourismusverband Ruppiner Seenland und Kostja Gosau Landestourismusverband Brandenburg \u00fcber ein <strong>Citizen Science-Projekt<\/strong> zum Schutz brandenburgischer Seen informieren, was beispielhaft f\u00fcr ganz Deutschland ist.<\/p>\n<p>Gesunde Seen sind die Grundlage f\u00fcr einen nachhaltigen Tourismus. Sporttaucher sind von Gew\u00e4sserverschmutzungen besonders betroffen.<\/p>\n","protected":false},"excerpt":{"rendered":"<p>Die BOOT in D\u00fcsseldorf ist die gr\u00f6\u00dfte Wassersportmesse weltweit. In Halle 3 pr\u00e4sentierte sich das brandenburgische Projekt &#8222;Tauchen f\u00fcr den Naturschutz&#8220;.<\/p>\n","protected":false},"author":39,"featured_media":5162,"comment_status":"open","ping_status":"open","sticky":false,"template":"","format":"standard","meta":[],"categories":[7],"tags":[],"yoast_head":"<!-- This site is optimized with the Yoast SEO plugin v19.10 - https:\/\/yoast.com\/wordpress\/plugins\/seo\/ -->\n<title>Projekt &quot;Tauchen f\u00fcr den Naturschutz&quot; auf der BOOT pr\u00e4sentiert - Naturpark Stechlin-Ruppiner Land<\/title>\n<meta name=\"robots\" content=\"index, follow, max-snippet:-1, max-image-preview:large, max-video-preview:-1\" \/>\n<link rel=\"canonical\" href=\"https:\/\/www.naturparkmagazin.de\/stechlin\/projekt-tauchen-fuer-den-naturschutz-auf-der-boot-praesentiert\/\" \/>\n<meta property=\"og:locale\" content=\"de_DE\" \/>\n<meta property=\"og:type\" content=\"article\" \/>\n<meta property=\"og:title\" content=\"Projekt &quot;Tauchen f\u00fcr den Naturschutz&quot; auf der BOOT pr\u00e4sentiert - Naturpark Stechlin-Ruppiner Land\" \/>\n<meta property=\"og:description\" content=\"Die BOOT in D\u00fcsseldorf ist die gr\u00f6\u00dfte Wassersportmesse weltweit. In Halle 3 pr\u00e4sentierte sich das brandenburgische Projekt &quot;Tauchen f\u00fcr den Naturschutz&quot;.\" \/>\n<meta property=\"og:url\" content=\"https:\/\/www.naturparkmagazin.de\/stechlin\/projekt-tauchen-fuer-den-naturschutz-auf-der-boot-praesentiert\/\" \/>\n<meta property=\"og:site_name\" content=\"Naturpark Stechlin-Ruppiner Land\" \/>\n<meta property=\"article:published_time\" content=\"2017-02-13T06:49:47+00:00\" \/>\n<meta property=\"article:modified_time\" content=\"2017-02-15T15:29:03+00:00\" \/>\n<meta property=\"og:image\" content=\"https:\/\/www.naturparkmagazin.de\/stechlin\/wp-content\/uploads\/sites\/38\/Boot-2017_Silke-Oldorff.jpg\" \/>\n\t<meta property=\"og:image:width\" content=\"200\" \/>\n\t<meta property=\"og:image:height\" content=\"200\" \/>\n\t<meta property=\"og:image:type\" content=\"image\/jpeg\" \/>\n<meta name=\"author\" content=\"marioschrumpf\" \/>\n<meta name=\"twitter:label1\" content=\"Verfasst von\" \/>\n\t<meta name=\"twitter:data1\" content=\"marioschrumpf\" \/>\n\t<meta name=\"twitter:label2\" content=\"Gesch\u00e4tzte Lesezeit\" \/>\n\t<meta name=\"twitter:data2\" content=\"1\u00a0Minute\" \/>\n<script type=\"application\/ld+json\" class=\"yoast-schema-graph\">{\"@context\":\"https:\/\/schema.org\",\"@graph\":[{\"@type\":\"WebPage\",\"@id\":\"https:\/\/www.naturparkmagazin.de\/stechlin\/projekt-tauchen-fuer-den-naturschutz-auf-der-boot-praesentiert\/\",\"url\":\"https:\/\/www.naturparkmagazin.de\/stechlin\/projekt-tauchen-fuer-den-naturschutz-auf-der-boot-praesentiert\/\",\"name\":\"Projekt \\\"Tauchen f\u00fcr den Naturschutz\\\" auf der BOOT pr\u00e4sentiert - Naturpark Stechlin-Ruppiner Land\",\"isPartOf\":{\"@id\":\"https:\/\/www.naturparkmagazin.de\/stechlin\/#website\"},\"datePublished\":\"2017-02-13T06:49:47+00:00\",\"dateModified\":\"2017-02-15T15:29:03+00:00\",\"author\":{\"@id\":\"https:\/\/www.naturparkmagazin.de\/stechlin\/#\/schema\/person\/3f0d93203df21c806dd63c76d9bb28bc\"},\"breadcrumb\":{\"@id\":\"https:\/\/www.naturparkmagazin.de\/stechlin\/projekt-tauchen-fuer-den-naturschutz-auf-der-boot-praesentiert\/#breadcrumb\"},\"inLanguage\":\"de\",\"potentialAction\":[{\"@type\":\"ReadAction\",\"target\":[\"https:\/\/www.naturparkmagazin.de\/stechlin\/projekt-tauchen-fuer-den-naturschutz-auf-der-boot-praesentiert\/\"]}]},{\"@type\":\"BreadcrumbList\",\"@id\":\"https:\/\/www.naturparkmagazin.de\/stechlin\/projekt-tauchen-fuer-den-naturschutz-auf-der-boot-praesentiert\/#breadcrumb\",\"itemListElement\":[{\"@type\":\"ListItem\",\"position\":1,\"name\":\"Home\",\"item\":\"https:\/\/www.naturparkmagazin.de\/stechlin\/\"},{\"@type\":\"ListItem\",\"position\":2,\"name\":\"Projekt &#8222;Tauchen f\u00fcr den Naturschutz&#8220; auf der BOOT pr\u00e4sentiert\"}]},{\"@type\":\"WebSite\",\"@id\":\"https:\/\/www.naturparkmagazin.de\/stechlin\/#website\",\"url\":\"https:\/\/www.naturparkmagazin.de\/stechlin\/\",\"name\":\"Naturpark Stechlin-Ruppiner Land\",\"description\":\"\",\"potentialAction\":[{\"@type\":\"SearchAction\",\"target\":{\"@type\":\"EntryPoint\",\"urlTemplate\":\"https:\/\/www.naturparkmagazin.de\/stechlin\/?s={search_term_string}\"},\"query-input\":\"required name=search_term_string\"}],\"inLanguage\":\"de\"},{\"@type\":\"Person\",\"@id\":\"https:\/\/www.naturparkmagazin.de\/stechlin\/#\/schema\/person\/3f0d93203df21c806dd63c76d9bb28bc\",\"name\":\"marioschrumpf\",\"url\":\"https:\/\/www.naturparkmagazin.de\/stechlin\/author\/marioschrumpf\/\"}]}<\/script>\n<!-- \/ Yoast SEO plugin. -->","yoast_head_json":{"title":"Projekt \"Tauchen f\u00fcr den Naturschutz\" auf der BOOT pr\u00e4sentiert - Naturpark Stechlin-Ruppiner Land","robots":{"index":"index","follow":"follow","max-snippet":"max-snippet:-1","max-image-preview":"max-image-preview:large","max-video-preview":"max-video-preview:-1"},"canonical":"https:\/\/www.naturparkmagazin.de\/stechlin\/projekt-tauchen-fuer-den-naturschutz-auf-der-boot-praesentiert\/","og_locale":"de_DE","og_type":"article","og_title":"Projekt \"Tauchen f\u00fcr den Naturschutz\" auf der BOOT pr\u00e4sentiert - Naturpark Stechlin-Ruppiner Land","og_description":"Die BOOT in D\u00fcsseldorf ist die gr\u00f6\u00dfte Wassersportmesse weltweit. In Halle 3 pr\u00e4sentierte sich das brandenburgische Projekt \"Tauchen f\u00fcr den Naturschutz\".","og_url":"https:\/\/www.naturparkmagazin.de\/stechlin\/projekt-tauchen-fuer-den-naturschutz-auf-der-boot-praesentiert\/","og_site_name":"Naturpark Stechlin-Ruppiner Land","article_published_time":"2017-02-13T06:49:47+00:00","article_modified_time":"2017-02-15T15:29:03+00:00","og_image":[{"width":200,"height":200,"url":"https:\/\/www.naturparkmagazin.de\/stechlin\/wp-content\/uploads\/sites\/38\/Boot-2017_Silke-Oldorff.jpg","type":"image\/jpeg"}],"author":"marioschrumpf","twitter_misc":{"Verfasst von":"marioschrumpf","Gesch\u00e4tzte Lesezeit":"1\u00a0Minute"},"schema":{"@context":"https:\/\/schema.org","@graph":[{"@type":"WebPage","@id":"https:\/\/www.naturparkmagazin.de\/stechlin\/projekt-tauchen-fuer-den-naturschutz-auf-der-boot-praesentiert\/","url":"https:\/\/www.naturparkmagazin.de\/stechlin\/projekt-tauchen-fuer-den-naturschutz-auf-der-boot-praesentiert\/","name":"Projekt \"Tauchen f\u00fcr den Naturschutz\" auf der BOOT pr\u00e4sentiert - Naturpark Stechlin-Ruppiner Land","isPartOf":{"@id":"https:\/\/www.naturparkmagazin.de\/stechlin\/#website"},"datePublished":"2017-02-13T06:49:47+00:00","dateModified":"2017-02-15T15:29:03+00:00","author":{"@id":"https:\/\/www.naturparkmagazin.de\/stechlin\/#\/schema\/person\/3f0d93203df21c806dd63c76d9bb28bc"},"breadcrumb":{"@id":"https:\/\/www.naturparkmagazin.de\/stechlin\/projekt-tauchen-fuer-den-naturschutz-auf-der-boot-praesentiert\/#breadcrumb"},"inLanguage":"de","potentialAction":[{"@type":"ReadAction","target":["https:\/\/www.naturparkmagazin.de\/stechlin\/projekt-tauchen-fuer-den-naturschutz-auf-der-boot-praesentiert\/"]}]},{"@type":"BreadcrumbList","@id":"https:\/\/www.naturparkmagazin.de\/stechlin\/projekt-tauchen-fuer-den-naturschutz-auf-der-boot-praesentiert\/#breadcrumb","itemListElement":[{"@type":"ListItem","position":1,"name":"Home","item":"https:\/\/www.naturparkmagazin.de\/stechlin\/"},{"@type":"ListItem","position":2,"name":"Projekt &#8222;Tauchen f\u00fcr den Naturschutz&#8220; auf der BOOT pr\u00e4sentiert"}]},{"@type":"WebSite","@id":"https:\/\/www.naturparkmagazin.de\/stechlin\/#website","url":"https:\/\/www.naturparkmagazin.de\/stechlin\/","name":"Naturpark Stechlin-Ruppiner Land","description":"","potentialAction":[{"@type":"SearchAction","target":{"@type":"EntryPoint","urlTemplate":"https:\/\/www.naturparkmagazin.de\/stechlin\/?s={search_term_string}"},"query-input":"required name=search_term_string"}],"inLanguage":"de"},{"@type":"Person","@id":"https:\/\/www.naturparkmagazin.de\/stechlin\/#\/schema\/person\/3f0d93203df21c806dd63c76d9bb28bc","name":"marioschrumpf","url":"https:\/\/www.naturparkmagazin.de\/stechlin\/author\/marioschrumpf\/"}]}},"_links":{"self":[{"href":"https:\/\/www.naturparkmagazin.de\/stechlin\/wp-json\/wp\/v2\/posts\/5161"}],"collection":[{"href":"https:\/\/www.naturparkmagazin.de\/stechlin\/wp-json\/wp\/v2\/posts"}],"about":[{"href":"https:\/\/www.naturparkmagazin.de\/stechlin\/wp-json\/wp\/v2\/types\/post"}],"author":[{"embeddable":true,"href":"https:\/\/www.naturparkmagazin.de\/stechlin\/wp-json\/wp\/v2\/users\/39"}],"replies":[{"embeddable":true,"href":"https:\/\/www.naturparkmagazin.de\/stechlin\/wp-json\/wp\/v2\/comments?post=5161"}],"version-history":[{"count":5,"href":"https:\/\/www.naturparkmagazin.de\/stechlin\/wp-json\/wp\/v2\/posts\/5161\/revisions"}],"predecessor-version":[{"id":5183,"href":"https:\/\/www.naturparkmagazin.de\/stechlin\/wp-json\/wp\/v2\/posts\/5161\/revisions\/5183"}],"wp:featuredmedia":[{"embeddable":true,"href":"https:\/\/www.naturparkmagazin.de\/stechlin\/wp-json\/wp\/v2\/media\/5162"}],"wp:attachment":[{"href":"https:\/\/www.naturparkmagazin.de\/stechlin\/wp-json\/wp\/v2\/media?parent=5161"}],"wp:term":[{"taxonomy":"category","embeddable":true,"href":"https:\/\/www.naturparkmagazin.de\/stechlin\/wp-json\/wp\/v2\/categories?post=5161"},{"taxonomy":"post_tag","embeddable":true,"href":"https:\/\/www.naturparkmagazin.de\/stechlin\/wp-json\/wp\/v2\/tags?post=5161"}],"curies":[{"name":"wp","href":"https:\/\/api.w.org\/{rel}","templated":true}]}}