{"id":5170,"date":"2017-02-14T09:51:23","date_gmt":"2017-02-14T08:51:23","guid":{"rendered":"http:\/\/www.naturparkmagazin.de\/stechlin\/?p=5170"},"modified":"2017-02-17T07:39:46","modified_gmt":"2017-02-17T06:39:46","slug":"meinrad-schmitt-terra-naturkost-berlin","status":"publish","type":"post","link":"https:\/\/www.naturparkmagazin.de\/stechlin\/meinrad-schmitt-terra-naturkost-berlin\/","title":{"rendered":"Meinrad Schmitt &#8211; Terra Naturkost Berlin"},"content":{"rendered":"<p><a href=\"https:\/\/www.naturparkmagazin.de\/stechlin\/wp-content\/uploads\/sites\/38\/Foto_Meinrad_Schmitt.jpg\"><img decoding=\"async\" loading=\"lazy\" class=\"alignleft size-full wp-image-5171\" src=\"https:\/\/www.naturparkmagazin.de\/stechlin\/wp-content\/uploads\/sites\/38\/Foto_Meinrad_Schmitt.jpg\" alt=\"NP SRL\/Frank Stieldorf\" width=\"180\" height=\"250\" \/>\n<\/a><\/p>\n<p>&nbsp;<\/p>\n<p>&nbsp;<\/p>\n<p>&nbsp;<\/p>\n<p>&nbsp;<\/p>\n<p>&nbsp;<\/p>\n<p>&nbsp;<\/p>\n<p>&nbsp;<\/p>\n<p>&nbsp;<\/p>\n<p>Meinrad Schmitt geh\u00f6rt zu den Pionieren des Naturkosthandels. Als Gesch\u00e4ftsf\u00fchrer des Berliner Naturkost-Gro\u00dfh\u00e4ndlers Terra Naturkost Handels KG steht er f\u00fcr Bio aus \u00dcberzeugung.<\/p>\n<p>Die in seinem Hause entwickelte Kampagne &#8222;Regional ist 1. Wahl&#8220; f\u00f6rdert den Absatz regionaler Produkte in Biol\u00e4den. Grundlagen sind langfristige Partnerschaften mit regionalen Landwirten und Produzenten mit Schwerpunkt im Land Brandenburg.<\/p>\n<p>In diesem Sinne wurde 2014 die Rheinsberger Preussenquelle als Tochterunternehmen von Terra erworben. Der biozertifizierte Mineralbrunnen Ostdeutschlands produziert am Standort Rheinsberg in unserem Naturpark mit 23 Mitarbeitern.<\/p>\n<p>Knapp 200 Mitarbeiterinnen arbeiten mittlerweile am Terra-Firmenhauptsitz in der Berliner Gradestra\u00dfe in Deutschlands unangefochtener Biohauptstadt.<\/p>\n<p>Der Name von \u00d6ko-Pionier Meinrad Schmitt steht wie kein anderer f\u00fcr die allj\u00e4hrlich zum Schuljahresbeginn laufende Bio-Brotboxen-Aktion.<\/p>\n<p>Ca. 55.000 Bio-Brotboxen mit Fr\u00fchst\u00fcckszutaten aus \u00f6kologischer Landwirtschaft werden von freiwilligen Helfern bei Terra f\u00fcr die Schulanf\u00e4nger an ca. 1.000 Berliner und Brandenburger Schulen gepackt.<\/p>\n<p>Wer DEN BIO-PIONIER Meinrad Schmitt live erleben will, dem sei sein Einf\u00fchrungsvortag zum 1. Landwirtschaftstag im Naturpark am 14. M\u00e4rz 2017 in Menz empfohlen.<\/p>\n<p>weitere Infos unter: <a href=\"http:\/\/www.terra-natur.com\">www.terra-natur.com<\/a><\/p>\n","protected":false},"excerpt":{"rendered":"<p>Meinrad Schmitt geh\u00f6rt zu den Pionieren des Naturkosthandels. Als Gesch\u00e4ftsf\u00fchrer des Berliner Naturkost-Gro\u00dfh\u00e4ndlers Terra Naturkost Handels KG steht er f\u00fcr Bio aus \u00dcberzeugung.<\/p>\n","protected":false},"author":39,"featured_media":5172,"comment_status":"open","ping_status":"open","sticky":false,"template":"","format":"standard","meta":[],"categories":[8],"tags":[],"yoast_head":"<!-- This site is optimized with the Yoast SEO plugin v19.10 - https:\/\/yoast.com\/wordpress\/plugins\/seo\/ -->\n<title>Meinrad Schmitt - Terra Naturkost Berlin - Naturpark Stechlin-Ruppiner Land<\/title>\n<meta name=\"robots\" content=\"index, follow, max-snippet:-1, max-image-preview:large, max-video-preview:-1\" \/>\n<link rel=\"canonical\" href=\"https:\/\/www.naturparkmagazin.de\/stechlin\/meinrad-schmitt-terra-naturkost-berlin\/\" \/>\n<meta property=\"og:locale\" content=\"de_DE\" \/>\n<meta property=\"og:type\" content=\"article\" \/>\n<meta property=\"og:title\" content=\"Meinrad Schmitt - Terra Naturkost Berlin - Naturpark Stechlin-Ruppiner Land\" \/>\n<meta property=\"og:description\" content=\"Meinrad Schmitt geh\u00f6rt zu den Pionieren des Naturkosthandels. Als Gesch\u00e4ftsf\u00fchrer des Berliner Naturkost-Gro\u00dfh\u00e4ndlers Terra Naturkost Handels KG steht er f\u00fcr Bio aus \u00dcberzeugung.\" \/>\n<meta property=\"og:url\" content=\"https:\/\/www.naturparkmagazin.de\/stechlin\/meinrad-schmitt-terra-naturkost-berlin\/\" \/>\n<meta property=\"og:site_name\" content=\"Naturpark Stechlin-Ruppiner Land\" \/>\n<meta property=\"article:published_time\" content=\"2017-02-14T08:51:23+00:00\" \/>\n<meta property=\"article:modified_time\" content=\"2017-02-17T06:39:46+00:00\" \/>\n<meta property=\"og:image\" content=\"https:\/\/www.naturparkmagazin.de\/stechlin\/wp-content\/uploads\/sites\/38\/Foto_Meinrad_Schmitt1.jpg\" \/>\n\t<meta property=\"og:image:width\" content=\"200\" \/>\n\t<meta property=\"og:image:height\" content=\"200\" \/>\n\t<meta property=\"og:image:type\" content=\"image\/jpeg\" \/>\n<meta name=\"author\" content=\"marioschrumpf\" \/>\n<meta name=\"twitter:label1\" content=\"Verfasst von\" \/>\n\t<meta name=\"twitter:data1\" content=\"marioschrumpf\" \/>\n\t<meta name=\"twitter:label2\" content=\"Gesch\u00e4tzte Lesezeit\" \/>\n\t<meta name=\"twitter:data2\" content=\"1\u00a0Minute\" \/>\n<script type=\"application\/ld+json\" class=\"yoast-schema-graph\">{\"@context\":\"https:\/\/schema.org\",\"@graph\":[{\"@type\":\"WebPage\",\"@id\":\"https:\/\/www.naturparkmagazin.de\/stechlin\/meinrad-schmitt-terra-naturkost-berlin\/\",\"url\":\"https:\/\/www.naturparkmagazin.de\/stechlin\/meinrad-schmitt-terra-naturkost-berlin\/\",\"name\":\"Meinrad Schmitt - Terra Naturkost Berlin - Naturpark Stechlin-Ruppiner Land\",\"isPartOf\":{\"@id\":\"https:\/\/www.naturparkmagazin.de\/stechlin\/#website\"},\"datePublished\":\"2017-02-14T08:51:23+00:00\",\"dateModified\":\"2017-02-17T06:39:46+00:00\",\"author\":{\"@id\":\"https:\/\/www.naturparkmagazin.de\/stechlin\/#\/schema\/person\/3f0d93203df21c806dd63c76d9bb28bc\"},\"breadcrumb\":{\"@id\":\"https:\/\/www.naturparkmagazin.de\/stechlin\/meinrad-schmitt-terra-naturkost-berlin\/#breadcrumb\"},\"inLanguage\":\"de\",\"potentialAction\":[{\"@type\":\"ReadAction\",\"target\":[\"https:\/\/www.naturparkmagazin.de\/stechlin\/meinrad-schmitt-terra-naturkost-berlin\/\"]}]},{\"@type\":\"BreadcrumbList\",\"@id\":\"https:\/\/www.naturparkmagazin.de\/stechlin\/meinrad-schmitt-terra-naturkost-berlin\/#breadcrumb\",\"itemListElement\":[{\"@type\":\"ListItem\",\"position\":1,\"name\":\"Home\",\"item\":\"https:\/\/www.naturparkmagazin.de\/stechlin\/\"},{\"@type\":\"ListItem\",\"position\":2,\"name\":\"Meinrad Schmitt &#8211; Terra Naturkost Berlin\"}]},{\"@type\":\"WebSite\",\"@id\":\"https:\/\/www.naturparkmagazin.de\/stechlin\/#website\",\"url\":\"https:\/\/www.naturparkmagazin.de\/stechlin\/\",\"name\":\"Naturpark Stechlin-Ruppiner Land\",\"description\":\"\",\"potentialAction\":[{\"@type\":\"SearchAction\",\"target\":{\"@type\":\"EntryPoint\",\"urlTemplate\":\"https:\/\/www.naturparkmagazin.de\/stechlin\/?s={search_term_string}\"},\"query-input\":\"required name=search_term_string\"}],\"inLanguage\":\"de\"},{\"@type\":\"Person\",\"@id\":\"https:\/\/www.naturparkmagazin.de\/stechlin\/#\/schema\/person\/3f0d93203df21c806dd63c76d9bb28bc\",\"name\":\"marioschrumpf\",\"url\":\"https:\/\/www.naturparkmagazin.de\/stechlin\/author\/marioschrumpf\/\"}]}<\/script>\n<!-- \/ Yoast SEO plugin. -->","yoast_head_json":{"title":"Meinrad Schmitt - Terra Naturkost Berlin - Naturpark Stechlin-Ruppiner Land","robots":{"index":"index","follow":"follow","max-snippet":"max-snippet:-1","max-image-preview":"max-image-preview:large","max-video-preview":"max-video-preview:-1"},"canonical":"https:\/\/www.naturparkmagazin.de\/stechlin\/meinrad-schmitt-terra-naturkost-berlin\/","og_locale":"de_DE","og_type":"article","og_title":"Meinrad Schmitt - Terra Naturkost Berlin - Naturpark Stechlin-Ruppiner Land","og_description":"Meinrad Schmitt geh\u00f6rt zu den Pionieren des Naturkosthandels. Als Gesch\u00e4ftsf\u00fchrer des Berliner Naturkost-Gro\u00dfh\u00e4ndlers Terra Naturkost Handels KG steht er f\u00fcr Bio aus \u00dcberzeugung.","og_url":"https:\/\/www.naturparkmagazin.de\/stechlin\/meinrad-schmitt-terra-naturkost-berlin\/","og_site_name":"Naturpark Stechlin-Ruppiner Land","article_published_time":"2017-02-14T08:51:23+00:00","article_modified_time":"2017-02-17T06:39:46+00:00","og_image":[{"width":200,"height":200,"url":"https:\/\/www.naturparkmagazin.de\/stechlin\/wp-content\/uploads\/sites\/38\/Foto_Meinrad_Schmitt1.jpg","type":"image\/jpeg"}],"author":"marioschrumpf","twitter_misc":{"Verfasst von":"marioschrumpf","Gesch\u00e4tzte Lesezeit":"1\u00a0Minute"},"schema":{"@context":"https:\/\/schema.org","@graph":[{"@type":"WebPage","@id":"https:\/\/www.naturparkmagazin.de\/stechlin\/meinrad-schmitt-terra-naturkost-berlin\/","url":"https:\/\/www.naturparkmagazin.de\/stechlin\/meinrad-schmitt-terra-naturkost-berlin\/","name":"Meinrad Schmitt - Terra Naturkost Berlin - Naturpark Stechlin-Ruppiner Land","isPartOf":{"@id":"https:\/\/www.naturparkmagazin.de\/stechlin\/#website"},"datePublished":"2017-02-14T08:51:23+00:00","dateModified":"2017-02-17T06:39:46+00:00","author":{"@id":"https:\/\/www.naturparkmagazin.de\/stechlin\/#\/schema\/person\/3f0d93203df21c806dd63c76d9bb28bc"},"breadcrumb":{"@id":"https:\/\/www.naturparkmagazin.de\/stechlin\/meinrad-schmitt-terra-naturkost-berlin\/#breadcrumb"},"inLanguage":"de","potentialAction":[{"@type":"ReadAction","target":["https:\/\/www.naturparkmagazin.de\/stechlin\/meinrad-schmitt-terra-naturkost-berlin\/"]}]},{"@type":"BreadcrumbList","@id":"https:\/\/www.naturparkmagazin.de\/stechlin\/meinrad-schmitt-terra-naturkost-berlin\/#breadcrumb","itemListElement":[{"@type":"ListItem","position":1,"name":"Home","item":"https:\/\/www.naturparkmagazin.de\/stechlin\/"},{"@type":"ListItem","position":2,"name":"Meinrad Schmitt &#8211; Terra Naturkost Berlin"}]},{"@type":"WebSite","@id":"https:\/\/www.naturparkmagazin.de\/stechlin\/#website","url":"https:\/\/www.naturparkmagazin.de\/stechlin\/","name":"Naturpark Stechlin-Ruppiner Land","description":"","potentialAction":[{"@type":"SearchAction","target":{"@type":"EntryPoint","urlTemplate":"https:\/\/www.naturparkmagazin.de\/stechlin\/?s={search_term_string}"},"query-input":"required name=search_term_string"}],"inLanguage":"de"},{"@type":"Person","@id":"https:\/\/www.naturparkmagazin.de\/stechlin\/#\/schema\/person\/3f0d93203df21c806dd63c76d9bb28bc","name":"marioschrumpf","url":"https:\/\/www.naturparkmagazin.de\/stechlin\/author\/marioschrumpf\/"}]}},"_links":{"self":[{"href":"https:\/\/www.naturparkmagazin.de\/stechlin\/wp-json\/wp\/v2\/posts\/5170"}],"collection":[{"href":"https:\/\/www.naturparkmagazin.de\/stechlin\/wp-json\/wp\/v2\/posts"}],"about":[{"href":"https:\/\/www.naturparkmagazin.de\/stechlin\/wp-json\/wp\/v2\/types\/post"}],"author":[{"embeddable":true,"href":"https:\/\/www.naturparkmagazin.de\/stechlin\/wp-json\/wp\/v2\/users\/39"}],"replies":[{"embeddable":true,"href":"https:\/\/www.naturparkmagazin.de\/stechlin\/wp-json\/wp\/v2\/comments?post=5170"}],"version-history":[{"count":4,"href":"https:\/\/www.naturparkmagazin.de\/stechlin\/wp-json\/wp\/v2\/posts\/5170\/revisions"}],"predecessor-version":[{"id":5253,"href":"https:\/\/www.naturparkmagazin.de\/stechlin\/wp-json\/wp\/v2\/posts\/5170\/revisions\/5253"}],"wp:featuredmedia":[{"embeddable":true,"href":"https:\/\/www.naturparkmagazin.de\/stechlin\/wp-json\/wp\/v2\/media\/5172"}],"wp:attachment":[{"href":"https:\/\/www.naturparkmagazin.de\/stechlin\/wp-json\/wp\/v2\/media?parent=5170"}],"wp:term":[{"taxonomy":"category","embeddable":true,"href":"https:\/\/www.naturparkmagazin.de\/stechlin\/wp-json\/wp\/v2\/categories?post=5170"},{"taxonomy":"post_tag","embeddable":true,"href":"https:\/\/www.naturparkmagazin.de\/stechlin\/wp-json\/wp\/v2\/tags?post=5170"}],"curies":[{"name":"wp","href":"https:\/\/api.w.org\/{rel}","templated":true}]}}