{"id":5196,"date":"2017-02-13T11:28:36","date_gmt":"2017-02-13T10:28:36","guid":{"rendered":"http:\/\/www.naturparkmagazin.de\/stechlin\/?p=5196"},"modified":"2017-02-15T16:28:39","modified_gmt":"2017-02-15T15:28:39","slug":"neulandgewinner-im-naturpark","status":"publish","type":"post","link":"https:\/\/www.naturparkmagazin.de\/stechlin\/neulandgewinner-im-naturpark\/","title":{"rendered":"Neulandgewinner im Naturpark!"},"content":{"rendered":"<div id=\"attachment_5201\" style=\"width: 310px\" class=\"wp-caption alignleft\"><a href=\"https:\/\/www.naturparkmagazin.de\/stechlin\/wp-content\/uploads\/sites\/38\/textbild-2_neulandgewinner.jpg\"><img aria-describedby=\"caption-attachment-5201\" decoding=\"async\" loading=\"lazy\" class=\"wp-image-5201 size-thumbnail\" src=\"https:\/\/www.naturparkmagazin.de\/stechlin\/wp-content\/uploads\/sites\/38\/textbild-2_neulandgewinner-300x180.jpg\" alt=\"NP SRL\/Robert Bosch Stiftung, J\u00f6rg Gl\u00e4scher\" width=\"300\" height=\"180\" srcset=\"https:\/\/www.naturparkmagazin.de\/stechlin\/wp-content\/uploads\/sites\/38\/textbild-2_neulandgewinner-300x180.jpg 300w, https:\/\/www.naturparkmagazin.de\/stechlin\/wp-content\/uploads\/sites\/38\/textbild-2_neulandgewinner.jpg 500w, https:\/\/www.naturparkmagazin.de\/stechlin\/wp-content\/uploads\/sites\/38\/textbild-2_neulandgewinner-200x120.jpg 200w\" sizes=\"(max-width: 300px) 100vw, 300px\" \/><\/a><p id=\"caption-attachment-5201\" class=\"wp-caption-text\">Alle Neulandgewinner. (Robert Bosch Stiftung; Foto J\u00f6rg Gl\u00e4scher)<\/p><\/div>\n<p>&nbsp;<\/p>\n<p>&nbsp;<\/p>\n<p>&nbsp;<\/p>\n<p>&nbsp;<\/p>\n<p>&nbsp;<\/p>\n<p>&nbsp;<\/p>\n<p>&nbsp;<\/p>\n<p>&nbsp;<\/p>\n<p>\u201e<em>Neulandgewinner. Zukunft gewinnen vor Ort<\/em>\u201c ist ein F\u00f6rderprogramm der <strong>Robert Bosch Stiftung<\/strong>. Alle zwei Jahre erhalten bis zu 20 von einer Jury ausgew\u00e4hlte Personen eine finanzielle F\u00f6rderung im Gesamtwert von jeweils rund 50.000 Euro zur Umsetzung ihrer Neulandgewinner-Idee.<\/p>\n<p>Ziel ist die St\u00e4rkung der Zivilgesellschaft insbesondere im l\u00e4ndlichen Raum in Ostdeutschland. Im F\u00f6rderzeitraum begleiten Mentoren des Th\u00fcnen-Instituts die Teilnehmer, vernetzen sie untereinander und \u00fcber die Grenzen des Programms hinaus mit Akteuren und Vertretern aus Politik, Wirtschaft und Verwaltung. Die Umsetzung des Programms liegt beim Th\u00fcnen-Institut.<\/p>\n<p>Zwei dieser Gewinner haben ihre Wirkungsst\u00e4tten in unserem Naturpark.<\/p>\n<p><a href=\"https:\/\/www.naturparkmagazin.de\/stechlin\/wp-content\/uploads\/sites\/38\/textbild-1_gem\u00fcseackerdemie_2.jpg\"><img decoding=\"async\" loading=\"lazy\" class=\"alignleft size-thumbnail wp-image-5200\" src=\"https:\/\/www.naturparkmagazin.de\/stechlin\/wp-content\/uploads\/sites\/38\/textbild-1_gem\u00fcseackerdemie_2-300x180.jpg\" alt=\"NP SRL\/Katrin Wagner\" width=\"300\" height=\"180\" srcset=\"https:\/\/www.naturparkmagazin.de\/stechlin\/wp-content\/uploads\/sites\/38\/textbild-1_gem\u00fcseackerdemie_2-300x180.jpg 300w, https:\/\/www.naturparkmagazin.de\/stechlin\/wp-content\/uploads\/sites\/38\/textbild-1_gem\u00fcseackerdemie_2.jpg 500w, https:\/\/www.naturparkmagazin.de\/stechlin\/wp-content\/uploads\/sites\/38\/textbild-1_gem\u00fcseackerdemie_2-200x120.jpg 200w\" sizes=\"(max-width: 300px) 100vw, 300px\" \/><\/a><\/p>\n<p>&nbsp;<\/p>\n<p>&nbsp;<\/p>\n<p>&nbsp;<\/p>\n<p>&nbsp;<\/p>\n<p>&nbsp;<\/p>\n<p>&nbsp;<\/p>\n<p>&nbsp;<\/p>\n<p><strong><span style=\"text-decoration: underline\">Ackern, Ernten, Essen oder Junges Gem\u00fcse<\/span><\/strong><\/p>\n<p>Kinder, die auf dem Land aufwachsen, kennen sich aus in der Natur. Daran hatte die gelernte G\u00e4rtnerin Katrin Wagner keinen Zweifel. Doch die Schnitzeljagd, die sie w\u00e4hrend eines Kindergeburtstages veranstaltete, f\u00fchrte zu einer \u00fcberraschenden Erkenntnis.<\/p>\n<p>\u201e<em>An einem See sollten die Kinder sagen, welche Fische darin leben<\/em>\u201c, erinnert sie sich. Die G\u00e4ste aus Berlin wussten: Barsch und Hecht. Den Kindern aus der Region waren die Fische jedoch fremd. Ihre Antwort: Hai und Delfin. Ein AHA-Erlebnis f\u00fcr Wagner: \u201e<em>Kinder k\u00f6nnen naturnah aufwachsen und trotzdem keinen Bezug zu ihrer Umwelt haben<\/em>.\u201c<\/p>\n<p>Mit ihrem 2015 gegr\u00fcndeten Verein Solanum vermittelt sie deswegen unter anderem in Schulen und Kitas praktisches Wissen \u00fcber die Herkunft und Entstehung lokaler Lebensmittel. Grundlage daf\u00fcr ist das schulbegleitende Bildungsprogramm der <strong>Gem\u00fcseAckerdemie Potsdam<\/strong>. Mit Zweitkl\u00e4sslern der Grundschule Rheinsberg, deren Lehrerin Annett Welzien und dem ehrenamtlichen Mentor Marc Marquardt bepflanzte Wagner ein Beet mit 25 Gem\u00fcsesorten, das diese seitdem zweimal pro Woche pflegen und ernten. Ihre Erfolge stellten die Kinder w\u00e4hrend des ebenfalls vom Verein in der Stadt initiierten, viert\u00e4gigen kulinarischen Solanum-Festivals vor. Als n\u00e4chstes m\u00f6chte Wagner mit Sch\u00fclern einen Schulgarten, das Schulgel\u00e4nde und die daran angrenzenden Brachen eines Wohnquartiers beackern. Damit den Rheinsberger Kindern bald niemand mehr einen Rotkohl f\u00fcr eine R\u00fcbe vormachen kann.<\/p>\n<p>&nbsp;<\/p>\n<div id=\"attachment_5219\" style=\"width: 310px\" class=\"wp-caption alignleft\"><a href=\"https:\/\/www.naturparkmagazin.de\/stechlin\/wp-content\/uploads\/sites\/38\/heimatschule_menz_-\u00ae_reimund_alheit.jpg\"><img aria-describedby=\"caption-attachment-5219\" decoding=\"async\" loading=\"lazy\" class=\"size-thumbnail wp-image-5219\" src=\"https:\/\/www.naturparkmagazin.de\/stechlin\/wp-content\/uploads\/sites\/38\/heimatschule_menz_-\u00ae_reimund_alheit-300x180.jpg\" alt=\"Heimatschule Menz (Reimund Alheit)\" width=\"300\" height=\"180\" srcset=\"https:\/\/www.naturparkmagazin.de\/stechlin\/wp-content\/uploads\/sites\/38\/heimatschule_menz_-\u00ae_reimund_alheit-300x180.jpg 300w, https:\/\/www.naturparkmagazin.de\/stechlin\/wp-content\/uploads\/sites\/38\/heimatschule_menz_-\u00ae_reimund_alheit.jpg 500w, https:\/\/www.naturparkmagazin.de\/stechlin\/wp-content\/uploads\/sites\/38\/heimatschule_menz_-\u00ae_reimund_alheit-200x120.jpg 200w\" sizes=\"(max-width: 300px) 100vw, 300px\" \/><\/a><p id=\"caption-attachment-5219\" class=\"wp-caption-text\">Heimatschule Menz (Reimund Alheit)<\/p><\/div>\n<p>&nbsp;<\/p>\n<p>&nbsp;<\/p>\n<p>&nbsp;<\/p>\n<p>&nbsp;<\/p>\n<p>&nbsp;<\/p>\n<p>&nbsp;<\/p>\n<p>&nbsp;<\/p>\n<p>&nbsp;<\/p>\n<p><strong><span style=\"text-decoration: underline\">HEIMATschule Menz \u2013 Wir lassen die Zukunft im Dorf<\/span><\/strong><\/p>\n<p>Heimat kann man selber machen<\/p>\n<p>Menz ist ein Bilderbuchdorf im Naturpark Stechlin-Ruppiner Land, umgeben von Wald und Seen. Der eigentliche Schatz des Dorfes aber sind seine Menschen, ihre Kreativit\u00e4t und Talente. Das wurde den Menzern vielleicht erst richtig klar, als sie aus der geplanten 725-Jahrfeier 2015 einfach ein ganzes Feierjahr machten. Mario Ledderhose, damals noch recht neu im Ort, schloss sich dem Festkomitee an. Unterschiedliche Menschen, viele Ideen: Eine Ausstellung in der Kirche illustrierte 125 Jahre Dorfleben anhand von Bildern aus privaten Fotoalben.<\/p>\n<div id=\"attachment_5218\" style=\"width: 190px\" class=\"wp-caption alignleft\"><a href=\"https:\/\/www.naturparkmagazin.de\/stechlin\/wp-content\/uploads\/sites\/38\/fu\u00a6\u00ear_ein_enkeltaugliches_menz_-\u00ae_gesa_giesing.jpg\"><img aria-describedby=\"caption-attachment-5218\" decoding=\"async\" loading=\"lazy\" class=\"size-full wp-image-5218\" src=\"https:\/\/www.naturparkmagazin.de\/stechlin\/wp-content\/uploads\/sites\/38\/fu\u00a6\u00ear_ein_enkeltaugliches_menz_-\u00ae_gesa_giesing.jpg\" alt=\"F\u00fcr ein Enkeltaugliches Menz. (Gesa Giesing)\" width=\"180\" height=\"200\" \/><\/a><p id=\"caption-attachment-5218\" class=\"wp-caption-text\">F\u00fcr ein Enkeltaugliches Menz. (Gesa Giesing)<\/p><\/div>\n<p>&nbsp;<\/p>\n<p>&nbsp;<\/p>\n<p>&nbsp;<\/p>\n<p>&nbsp;<\/p>\n<p>&nbsp;<\/p>\n<p>&nbsp;<\/p>\n<p>&nbsp;<\/p>\n<p>&nbsp;<\/p>\n<p>&nbsp;<\/p>\n<p>Bei einer Schatzsuche kreuz und quer durch das Dorf erlebten Kinder es aus ganz ungewohnten Perspektiven. Und beim \u201e<em>Picknick in Wei\u00df<\/em>\u201c tafelte das Dorf einen Nachmittag lang auf dem Friedensplatz. Das gemeinschaftliche Tun habe dem Dorfleben neuen Schwung gegeben, sagt Mario Ledderhose: \u201e<em>Wir sahen, wie leicht man Dinge um sich herum ver\u00e4ndern kann, wenn viele zusammen an einem Strang ziehen.<\/em>\u201c Um das zu bewahren, gr\u00fcndete sich der <strong>Dorfverein Menz<\/strong>. In den Klassenr\u00e4umen der alten Schule und im Internet will der eine Anlaufstelle f\u00fcr alle Menzer schaffen. Als \u201e<em>M\u00f6glichkeitsplattform<\/em>\u201c soll sie die Lust am Selbermachen wecken. Wer Unterst\u00fctzung sucht, seine Ideen umzusetzen, findet sie hier. Werkzeuge und Ger\u00e4te etwa, die nicht jeder hat oder st\u00e4ndig braucht, werden hier geteilt.<\/p>\n<p>Interessieren sich Leute f\u00fcr ein Thema, von Filmschnitt bis Wohnen im Alter, werden Experten und der Rahmen organisiert, in dem alle mit- und voneinander lernen k\u00f6nnen. Und hat mal wieder jemand eine Idee f\u00fcr eine tolle Veranstaltung, findet er hier den Raum und ganz bestimmt auch Gleichgesinnte. Bis zum n\u00e4chsten Dorfjubil\u00e4um will in Menz n\u00e4mlich keiner mehr warten.<\/p>\n","protected":false},"excerpt":{"rendered":"<p>\u201eNeulandgewinner. Zukunft gewinnen vor Ort\u201c ist ein F\u00f6rderprogramm der Robert Bosch Stiftung. Zwei dieser Gewinner haben ihre Wirkungsst\u00e4tten in unserem Naturpark.<\/p>\n","protected":false},"author":39,"featured_media":5199,"comment_status":"open","ping_status":"open","sticky":false,"template":"","format":"standard","meta":[],"categories":[7],"tags":[],"yoast_head":"<!-- This site is optimized with the Yoast SEO plugin v19.10 - https:\/\/yoast.com\/wordpress\/plugins\/seo\/ -->\n<title>Neulandgewinner im Naturpark! - Naturpark Stechlin-Ruppiner Land<\/title>\n<meta name=\"robots\" content=\"index, follow, max-snippet:-1, max-image-preview:large, max-video-preview:-1\" \/>\n<link rel=\"canonical\" href=\"https:\/\/www.naturparkmagazin.de\/stechlin\/neulandgewinner-im-naturpark\/\" \/>\n<meta property=\"og:locale\" content=\"de_DE\" \/>\n<meta property=\"og:type\" content=\"article\" \/>\n<meta property=\"og:title\" content=\"Neulandgewinner im Naturpark! - Naturpark Stechlin-Ruppiner Land\" \/>\n<meta property=\"og:description\" content=\"\u201eNeulandgewinner. Zukunft gewinnen vor Ort\u201c ist ein F\u00f6rderprogramm der Robert Bosch Stiftung. Zwei dieser Gewinner haben ihre Wirkungsst\u00e4tten in unserem Naturpark.\" \/>\n<meta property=\"og:url\" content=\"https:\/\/www.naturparkmagazin.de\/stechlin\/neulandgewinner-im-naturpark\/\" \/>\n<meta property=\"og:site_name\" content=\"Naturpark Stechlin-Ruppiner Land\" \/>\n<meta property=\"article:published_time\" content=\"2017-02-13T10:28:36+00:00\" \/>\n<meta property=\"article:modified_time\" content=\"2017-02-15T15:28:39+00:00\" \/>\n<meta property=\"og:image\" content=\"https:\/\/www.naturparkmagazin.de\/stechlin\/wp-content\/uploads\/sites\/38\/aufh\u00e4nger_gem\u00fcseackerdemie_Ernte.jpg\" \/>\n\t<meta property=\"og:image:width\" content=\"200\" \/>\n\t<meta property=\"og:image:height\" content=\"200\" \/>\n\t<meta property=\"og:image:type\" content=\"image\/jpeg\" \/>\n<meta name=\"author\" content=\"marioschrumpf\" \/>\n<meta name=\"twitter:label1\" content=\"Verfasst von\" \/>\n\t<meta name=\"twitter:data1\" content=\"marioschrumpf\" \/>\n\t<meta name=\"twitter:label2\" content=\"Gesch\u00e4tzte Lesezeit\" \/>\n\t<meta name=\"twitter:data2\" content=\"3\u00a0Minuten\" \/>\n<script type=\"application\/ld+json\" class=\"yoast-schema-graph\">{\"@context\":\"https:\/\/schema.org\",\"@graph\":[{\"@type\":\"WebPage\",\"@id\":\"https:\/\/www.naturparkmagazin.de\/stechlin\/neulandgewinner-im-naturpark\/\",\"url\":\"https:\/\/www.naturparkmagazin.de\/stechlin\/neulandgewinner-im-naturpark\/\",\"name\":\"Neulandgewinner im Naturpark! - Naturpark Stechlin-Ruppiner Land\",\"isPartOf\":{\"@id\":\"https:\/\/www.naturparkmagazin.de\/stechlin\/#website\"},\"datePublished\":\"2017-02-13T10:28:36+00:00\",\"dateModified\":\"2017-02-15T15:28:39+00:00\",\"author\":{\"@id\":\"https:\/\/www.naturparkmagazin.de\/stechlin\/#\/schema\/person\/3f0d93203df21c806dd63c76d9bb28bc\"},\"breadcrumb\":{\"@id\":\"https:\/\/www.naturparkmagazin.de\/stechlin\/neulandgewinner-im-naturpark\/#breadcrumb\"},\"inLanguage\":\"de\",\"potentialAction\":[{\"@type\":\"ReadAction\",\"target\":[\"https:\/\/www.naturparkmagazin.de\/stechlin\/neulandgewinner-im-naturpark\/\"]}]},{\"@type\":\"BreadcrumbList\",\"@id\":\"https:\/\/www.naturparkmagazin.de\/stechlin\/neulandgewinner-im-naturpark\/#breadcrumb\",\"itemListElement\":[{\"@type\":\"ListItem\",\"position\":1,\"name\":\"Home\",\"item\":\"https:\/\/www.naturparkmagazin.de\/stechlin\/\"},{\"@type\":\"ListItem\",\"position\":2,\"name\":\"Neulandgewinner im Naturpark!\"}]},{\"@type\":\"WebSite\",\"@id\":\"https:\/\/www.naturparkmagazin.de\/stechlin\/#website\",\"url\":\"https:\/\/www.naturparkmagazin.de\/stechlin\/\",\"name\":\"Naturpark Stechlin-Ruppiner Land\",\"description\":\"\",\"potentialAction\":[{\"@type\":\"SearchAction\",\"target\":{\"@type\":\"EntryPoint\",\"urlTemplate\":\"https:\/\/www.naturparkmagazin.de\/stechlin\/?s={search_term_string}\"},\"query-input\":\"required name=search_term_string\"}],\"inLanguage\":\"de\"},{\"@type\":\"Person\",\"@id\":\"https:\/\/www.naturparkmagazin.de\/stechlin\/#\/schema\/person\/3f0d93203df21c806dd63c76d9bb28bc\",\"name\":\"marioschrumpf\",\"url\":\"https:\/\/www.naturparkmagazin.de\/stechlin\/author\/marioschrumpf\/\"}]}<\/script>\n<!-- \/ Yoast SEO plugin. -->","yoast_head_json":{"title":"Neulandgewinner im Naturpark! - Naturpark Stechlin-Ruppiner Land","robots":{"index":"index","follow":"follow","max-snippet":"max-snippet:-1","max-image-preview":"max-image-preview:large","max-video-preview":"max-video-preview:-1"},"canonical":"https:\/\/www.naturparkmagazin.de\/stechlin\/neulandgewinner-im-naturpark\/","og_locale":"de_DE","og_type":"article","og_title":"Neulandgewinner im Naturpark! - Naturpark Stechlin-Ruppiner Land","og_description":"\u201eNeulandgewinner. Zukunft gewinnen vor Ort\u201c ist ein F\u00f6rderprogramm der Robert Bosch Stiftung. Zwei dieser Gewinner haben ihre Wirkungsst\u00e4tten in unserem Naturpark.","og_url":"https:\/\/www.naturparkmagazin.de\/stechlin\/neulandgewinner-im-naturpark\/","og_site_name":"Naturpark Stechlin-Ruppiner Land","article_published_time":"2017-02-13T10:28:36+00:00","article_modified_time":"2017-02-15T15:28:39+00:00","og_image":[{"width":200,"height":200,"url":"https:\/\/www.naturparkmagazin.de\/stechlin\/wp-content\/uploads\/sites\/38\/aufh\u00e4nger_gem\u00fcseackerdemie_Ernte.jpg","type":"image\/jpeg"}],"author":"marioschrumpf","twitter_misc":{"Verfasst von":"marioschrumpf","Gesch\u00e4tzte Lesezeit":"3\u00a0Minuten"},"schema":{"@context":"https:\/\/schema.org","@graph":[{"@type":"WebPage","@id":"https:\/\/www.naturparkmagazin.de\/stechlin\/neulandgewinner-im-naturpark\/","url":"https:\/\/www.naturparkmagazin.de\/stechlin\/neulandgewinner-im-naturpark\/","name":"Neulandgewinner im Naturpark! - Naturpark Stechlin-Ruppiner Land","isPartOf":{"@id":"https:\/\/www.naturparkmagazin.de\/stechlin\/#website"},"datePublished":"2017-02-13T10:28:36+00:00","dateModified":"2017-02-15T15:28:39+00:00","author":{"@id":"https:\/\/www.naturparkmagazin.de\/stechlin\/#\/schema\/person\/3f0d93203df21c806dd63c76d9bb28bc"},"breadcrumb":{"@id":"https:\/\/www.naturparkmagazin.de\/stechlin\/neulandgewinner-im-naturpark\/#breadcrumb"},"inLanguage":"de","potentialAction":[{"@type":"ReadAction","target":["https:\/\/www.naturparkmagazin.de\/stechlin\/neulandgewinner-im-naturpark\/"]}]},{"@type":"BreadcrumbList","@id":"https:\/\/www.naturparkmagazin.de\/stechlin\/neulandgewinner-im-naturpark\/#breadcrumb","itemListElement":[{"@type":"ListItem","position":1,"name":"Home","item":"https:\/\/www.naturparkmagazin.de\/stechlin\/"},{"@type":"ListItem","position":2,"name":"Neulandgewinner im Naturpark!"}]},{"@type":"WebSite","@id":"https:\/\/www.naturparkmagazin.de\/stechlin\/#website","url":"https:\/\/www.naturparkmagazin.de\/stechlin\/","name":"Naturpark Stechlin-Ruppiner Land","description":"","potentialAction":[{"@type":"SearchAction","target":{"@type":"EntryPoint","urlTemplate":"https:\/\/www.naturparkmagazin.de\/stechlin\/?s={search_term_string}"},"query-input":"required name=search_term_string"}],"inLanguage":"de"},{"@type":"Person","@id":"https:\/\/www.naturparkmagazin.de\/stechlin\/#\/schema\/person\/3f0d93203df21c806dd63c76d9bb28bc","name":"marioschrumpf","url":"https:\/\/www.naturparkmagazin.de\/stechlin\/author\/marioschrumpf\/"}]}},"_links":{"self":[{"href":"https:\/\/www.naturparkmagazin.de\/stechlin\/wp-json\/wp\/v2\/posts\/5196"}],"collection":[{"href":"https:\/\/www.naturparkmagazin.de\/stechlin\/wp-json\/wp\/v2\/posts"}],"about":[{"href":"https:\/\/www.naturparkmagazin.de\/stechlin\/wp-json\/wp\/v2\/types\/post"}],"author":[{"embeddable":true,"href":"https:\/\/www.naturparkmagazin.de\/stechlin\/wp-json\/wp\/v2\/users\/39"}],"replies":[{"embeddable":true,"href":"https:\/\/www.naturparkmagazin.de\/stechlin\/wp-json\/wp\/v2\/comments?post=5196"}],"version-history":[{"count":8,"href":"https:\/\/www.naturparkmagazin.de\/stechlin\/wp-json\/wp\/v2\/posts\/5196\/revisions"}],"predecessor-version":[{"id":5224,"href":"https:\/\/www.naturparkmagazin.de\/stechlin\/wp-json\/wp\/v2\/posts\/5196\/revisions\/5224"}],"wp:featuredmedia":[{"embeddable":true,"href":"https:\/\/www.naturparkmagazin.de\/stechlin\/wp-json\/wp\/v2\/media\/5199"}],"wp:attachment":[{"href":"https:\/\/www.naturparkmagazin.de\/stechlin\/wp-json\/wp\/v2\/media?parent=5196"}],"wp:term":[{"taxonomy":"category","embeddable":true,"href":"https:\/\/www.naturparkmagazin.de\/stechlin\/wp-json\/wp\/v2\/categories?post=5196"},{"taxonomy":"post_tag","embeddable":true,"href":"https:\/\/www.naturparkmagazin.de\/stechlin\/wp-json\/wp\/v2\/tags?post=5196"}],"curies":[{"name":"wp","href":"https:\/\/api.w.org\/{rel}","templated":true}]}}