{"id":5208,"date":"2017-02-13T11:45:54","date_gmt":"2017-02-13T10:45:54","guid":{"rendered":"http:\/\/www.naturparkmagazin.de\/stechlin\/?p=5208"},"modified":"2017-02-17T13:12:01","modified_gmt":"2017-02-17T12:12:01","slug":"volles-haus-zum-11-kleinen-naturschutztag","status":"publish","type":"post","link":"https:\/\/www.naturparkmagazin.de\/stechlin\/volles-haus-zum-11-kleinen-naturschutztag\/","title":{"rendered":"Volles Haus zum 11. Kleinen Naturschutztag"},"content":{"rendered":"<div id=\"attachment_5255\" style=\"width: 310px\" class=\"wp-caption alignleft\"><a href=\"https:\/\/www.naturparkmagazin.de\/stechlin\/wp-content\/uploads\/sites\/38\/KlNST2017.jpg\"><img aria-describedby=\"caption-attachment-5255\" decoding=\"async\" loading=\"lazy\" class=\"size-thumbnail wp-image-5255\" src=\"https:\/\/www.naturparkmagazin.de\/stechlin\/wp-content\/uploads\/sites\/38\/KlNST2017-300x180.jpg\" alt=\"Der Saal war bis auf den letzten Platz gef\u00fcllt.\" width=\"300\" height=\"180\" srcset=\"https:\/\/www.naturparkmagazin.de\/stechlin\/wp-content\/uploads\/sites\/38\/KlNST2017-300x180.jpg 300w, https:\/\/www.naturparkmagazin.de\/stechlin\/wp-content\/uploads\/sites\/38\/KlNST2017.jpg 500w, https:\/\/www.naturparkmagazin.de\/stechlin\/wp-content\/uploads\/sites\/38\/KlNST2017-200x120.jpg 200w\" sizes=\"(max-width: 300px) 100vw, 300px\" \/><\/a><p id=\"caption-attachment-5255\" class=\"wp-caption-text\">Der Saal war bis auf den letzten Platz gef\u00fcllt.<\/p><\/div>\n<p>&nbsp;<\/p>\n<p>&nbsp;<\/p>\n<p>&nbsp;<\/p>\n<p>&nbsp;<\/p>\n<p>&nbsp;<\/p>\n<p>&nbsp;<\/p>\n<p>&nbsp;<\/p>\n<p>&nbsp;<\/p>\n<p>&nbsp;<\/p>\n<p>Bis auf den letzten Platz war die Regionalwerkstatt Stechlin zur <strong>Jahrestagung des Naturparks<\/strong> ausgebucht. Mehr als 100 Besucherinnen sind am 16. Februar der Einladung des Naturparks zu dieser <strong>Traditionsveranstaltung<\/strong> gefolgt.<\/p>\n<p>Eine Vielzahl von Untersuchungen und Projekten wurden im zur\u00fcckliegenden Jahr durch die Naturparkverwaltung initiiert. Gemeinsam mit unseren Netzwerkpartnern haben wir f\u00fcr die <strong>nachhaltige Regionalentwicklung der Naturparkregion<\/strong> viel erreicht.<\/p>\n<p>Dr. Peter Kasprzak vom Institut f\u00fcr Gew\u00e4sser\u00f6kologie und Binnenfischerei\u00a0Neuglobsow informierte \u00fcber die aktuelle Situation am <strong>Gro\u00dfen Stechlinsee<\/strong>. Seit mehr als 50 Jahren untersucht die wissenschaftliche Entwicklung Norddeutschlands bedeutendsten Klarwassersee. Nach der Abschaltung des Kernkraftwerkes nach der Wende hat sich die Verweildauer des Wassers im See deutlich ver\u00e4ndert. W\u00e4hrend bedingt durch den K\u00fchlwasserkreislauf jeder Liter Wasser unter einem Jahr im Stechlin verweilte, betr\u00e4gt aktuell die Verweildauer fast 50 Jahre. Insbesondere die Mobilisierung von\u00a0im Sediment fixierten Phosphor durch Sauerstoffmangel im Tiefenwasser geh\u00f6rt zu den aktuell zu beobachtenden Ph\u00e4nomenen.<\/p>\n<p>Ludwig Tent von der Edmund-Siemers-Stiftung Hamburg berichtete \u00fcber <strong>Aktivit\u00e4ten von Anglern zur Renaturierung von Flie\u00dfgew\u00e4ssern<\/strong> rund um Hamburg. Die Angler der Naturparkregion erhielten wertvolle Anregungen zum selbst aktiv werden.<\/p>\n<div id=\"attachment_5259\" style=\"width: 310px\" class=\"wp-caption alignleft\"><a href=\"https:\/\/www.naturparkmagazin.de\/stechlin\/wp-content\/uploads\/sites\/38\/KlNST2017_2.jpg\"><img aria-describedby=\"caption-attachment-5259\" decoding=\"async\" loading=\"lazy\" class=\"size-thumbnail wp-image-5259\" src=\"https:\/\/www.naturparkmagazin.de\/stechlin\/wp-content\/uploads\/sites\/38\/KlNST2017_2-300x180.jpg\" alt=\"Anschauliche Erl\u00e4uterung des Begriffs Armleuchteralgen.\" width=\"300\" height=\"180\" srcset=\"https:\/\/www.naturparkmagazin.de\/stechlin\/wp-content\/uploads\/sites\/38\/KlNST2017_2-300x180.jpg 300w, https:\/\/www.naturparkmagazin.de\/stechlin\/wp-content\/uploads\/sites\/38\/KlNST2017_2.jpg 500w, https:\/\/www.naturparkmagazin.de\/stechlin\/wp-content\/uploads\/sites\/38\/KlNST2017_2-200x120.jpg 200w\" sizes=\"(max-width: 300px) 100vw, 300px\" \/><\/a><p id=\"caption-attachment-5259\" class=\"wp-caption-text\">Anschauliche Erl\u00e4uterung des Begriffs Armleuchteralgen.<\/p><\/div>\n<p>&nbsp;<\/p>\n<p>&nbsp;<\/p>\n<p>&nbsp;<\/p>\n<p>&nbsp;<\/p>\n<p>&nbsp;<\/p>\n<p>&nbsp;<\/p>\n<p>&nbsp;<\/p>\n<p>&nbsp;<\/p>\n<p>Zusammen mit den Naturparken Uckerm\u00e4rkische Seen und Feldberger Seenlandschaft sowie dem Biosph\u00e4renreservat Schorfheide-Chorin tr\u00e4gt unser Naturpark besondere <strong>Verantwortung f\u00fcr die europaweit gesch\u00fctzten Klarwasserseen<\/strong>. Seit Jahren ist ein <strong>R\u00fcckgang<\/strong> der f\u00fcr diesen Lebensraum typischen unterseeischen Wiesen mit <strong>Armleuchteralgen<\/strong> zu beobachten. Zur Kl\u00e4rung der Ursachen und Einleitung von Gegenma\u00dfnahmen hat der F\u00f6rderverein Feldberg-Uckerm\u00e4rkische Seenlandschaft beim Bundesamt f\u00fcr Naturschutz ein <strong>Forschungsprojekt<\/strong> erfolgreich beantragt. Dr. R\u00fcdiger Mauersberger stellte das Projekt im Detail vor.<\/p>\n<div id=\"attachment_5258\" style=\"width: 310px\" class=\"wp-caption alignleft\"><a href=\"https:\/\/www.naturparkmagazin.de\/stechlin\/wp-content\/uploads\/sites\/38\/KlNST2017_3.jpg\"><img aria-describedby=\"caption-attachment-5258\" decoding=\"async\" loading=\"lazy\" class=\"size-thumbnail wp-image-5258\" src=\"https:\/\/www.naturparkmagazin.de\/stechlin\/wp-content\/uploads\/sites\/38\/KlNST2017_3-300x180.jpg\" alt=\"Dr. R\u00fcdiger Mauersberger stellt das E+E-Vorhaben Characeen vor.\" width=\"300\" height=\"180\" srcset=\"https:\/\/www.naturparkmagazin.de\/stechlin\/wp-content\/uploads\/sites\/38\/KlNST2017_3-300x180.jpg 300w, https:\/\/www.naturparkmagazin.de\/stechlin\/wp-content\/uploads\/sites\/38\/KlNST2017_3.jpg 500w, https:\/\/www.naturparkmagazin.de\/stechlin\/wp-content\/uploads\/sites\/38\/KlNST2017_3-200x120.jpg 200w\" sizes=\"(max-width: 300px) 100vw, 300px\" \/><\/a><p id=\"caption-attachment-5258\" class=\"wp-caption-text\">Dr. R\u00fcdiger Mauersberger stellt das E+E-Vorhaben Characeen vor.<\/p><\/div>\n<p>&nbsp;<\/p>\n<p>&nbsp;<\/p>\n<p>&nbsp;<\/p>\n<p>&nbsp;<\/p>\n<p>&nbsp;<\/p>\n<p>&nbsp;<\/p>\n<p>&nbsp;<\/p>\n<p>&nbsp;<\/p>\n<p>Der <strong>Rheinsberger Rhin<\/strong> geh\u00f6rt zu den naturschutzfachlich wertvollsten Flie\u00dfgew\u00e4ssern des Landes Brandenburg. Das Landesamt f\u00fcr Umwelt hat im letzten Jahr eine Machbarkeitsstudie zur <strong>Wiederherstellung der \u00f6kologischen Durchg\u00e4ngigkeit<\/strong> und zur <strong>Reduzierung der Feststofftransportprobleme<\/strong> beauftragt. Dr. Ralf K\u00f6hler stellte die Ergebnisse vor und informierte \u00fcber die geplanten Ma\u00dfnahmen am Wehr Zippelsf\u00f6rde.<\/p>\n<p>Ohne Mitarbeit von <strong>Freiwilligen der Naturwacht<\/strong> w\u00e4ren viele Projekte im Naturpark nicht zu realisieren! Freiwilligenkoordinator R\u00fcdiger Meyer informierte, welche Projekte von A wie Amphibienzaunkontrolle bis W wie Wasserstandsmonitoring in den letzten Jahren gemeinsam umgesetzt wurden.<\/p>\n<p>Im Fr\u00fchjahr 2016 wurden in einem Ausbildungslehrgang 13 neue <strong>Natur- und Landschaftsf\u00fchrer<\/strong> schwerpunktm\u00e4\u00dfig f\u00fcr die Kyritz-Ruppiner Heide ausgebildet. Wer zu den &#8222;Neuen&#8220; geh\u00f6rt, und was sie im letzten Jahr schon bewegen konnten, dar\u00fcber informierte\u00a0G\u00fcnter Lutz aus Wittstock\/D. &#8211; einer der &#8222;Neuen&#8220;.<\/p>\n","protected":false},"excerpt":{"rendered":"<p>Bis auf den letzten Platz war die Regionalwerkstatt Stechlin zur Jahrestagung des Naturparks ausgebucht.<\/p>\n","protected":false},"author":39,"featured_media":5254,"comment_status":"open","ping_status":"open","sticky":false,"template":"","format":"standard","meta":[],"categories":[7],"tags":[],"yoast_head":"<!-- This site is optimized with the Yoast SEO plugin v19.10 - https:\/\/yoast.com\/wordpress\/plugins\/seo\/ -->\n<title>Volles Haus zum 11. Kleinen Naturschutztag - Naturpark Stechlin-Ruppiner Land<\/title>\n<meta name=\"robots\" content=\"index, follow, max-snippet:-1, max-image-preview:large, max-video-preview:-1\" \/>\n<link rel=\"canonical\" href=\"https:\/\/www.naturparkmagazin.de\/stechlin\/volles-haus-zum-11-kleinen-naturschutztag\/\" \/>\n<meta property=\"og:locale\" content=\"de_DE\" \/>\n<meta property=\"og:type\" content=\"article\" \/>\n<meta property=\"og:title\" content=\"Volles Haus zum 11. Kleinen Naturschutztag - Naturpark Stechlin-Ruppiner Land\" \/>\n<meta property=\"og:description\" content=\"Bis auf den letzten Platz war die Regionalwerkstatt Stechlin zur Jahrestagung des Naturparks ausgebucht.\" \/>\n<meta property=\"og:url\" content=\"https:\/\/www.naturparkmagazin.de\/stechlin\/volles-haus-zum-11-kleinen-naturschutztag\/\" \/>\n<meta property=\"og:site_name\" content=\"Naturpark Stechlin-Ruppiner Land\" \/>\n<meta property=\"article:published_time\" content=\"2017-02-13T10:45:54+00:00\" \/>\n<meta property=\"article:modified_time\" content=\"2017-02-17T12:12:01+00:00\" \/>\n<meta property=\"og:image\" content=\"https:\/\/www.naturparkmagazin.de\/stechlin\/wp-content\/uploads\/sites\/38\/11-KlNST2017.jpg\" \/>\n\t<meta property=\"og:image:width\" content=\"200\" \/>\n\t<meta property=\"og:image:height\" content=\"200\" \/>\n\t<meta property=\"og:image:type\" content=\"image\/jpeg\" \/>\n<meta name=\"author\" content=\"marioschrumpf\" \/>\n<meta name=\"twitter:label1\" content=\"Verfasst von\" \/>\n\t<meta name=\"twitter:data1\" content=\"marioschrumpf\" \/>\n\t<meta name=\"twitter:label2\" content=\"Gesch\u00e4tzte Lesezeit\" \/>\n\t<meta name=\"twitter:data2\" content=\"2\u00a0Minuten\" \/>\n<script type=\"application\/ld+json\" class=\"yoast-schema-graph\">{\"@context\":\"https:\/\/schema.org\",\"@graph\":[{\"@type\":\"WebPage\",\"@id\":\"https:\/\/www.naturparkmagazin.de\/stechlin\/volles-haus-zum-11-kleinen-naturschutztag\/\",\"url\":\"https:\/\/www.naturparkmagazin.de\/stechlin\/volles-haus-zum-11-kleinen-naturschutztag\/\",\"name\":\"Volles Haus zum 11. Kleinen Naturschutztag - Naturpark Stechlin-Ruppiner Land\",\"isPartOf\":{\"@id\":\"https:\/\/www.naturparkmagazin.de\/stechlin\/#website\"},\"datePublished\":\"2017-02-13T10:45:54+00:00\",\"dateModified\":\"2017-02-17T12:12:01+00:00\",\"author\":{\"@id\":\"https:\/\/www.naturparkmagazin.de\/stechlin\/#\/schema\/person\/3f0d93203df21c806dd63c76d9bb28bc\"},\"breadcrumb\":{\"@id\":\"https:\/\/www.naturparkmagazin.de\/stechlin\/volles-haus-zum-11-kleinen-naturschutztag\/#breadcrumb\"},\"inLanguage\":\"de\",\"potentialAction\":[{\"@type\":\"ReadAction\",\"target\":[\"https:\/\/www.naturparkmagazin.de\/stechlin\/volles-haus-zum-11-kleinen-naturschutztag\/\"]}]},{\"@type\":\"BreadcrumbList\",\"@id\":\"https:\/\/www.naturparkmagazin.de\/stechlin\/volles-haus-zum-11-kleinen-naturschutztag\/#breadcrumb\",\"itemListElement\":[{\"@type\":\"ListItem\",\"position\":1,\"name\":\"Home\",\"item\":\"https:\/\/www.naturparkmagazin.de\/stechlin\/\"},{\"@type\":\"ListItem\",\"position\":2,\"name\":\"Volles Haus zum 11. Kleinen Naturschutztag\"}]},{\"@type\":\"WebSite\",\"@id\":\"https:\/\/www.naturparkmagazin.de\/stechlin\/#website\",\"url\":\"https:\/\/www.naturparkmagazin.de\/stechlin\/\",\"name\":\"Naturpark Stechlin-Ruppiner Land\",\"description\":\"\",\"potentialAction\":[{\"@type\":\"SearchAction\",\"target\":{\"@type\":\"EntryPoint\",\"urlTemplate\":\"https:\/\/www.naturparkmagazin.de\/stechlin\/?s={search_term_string}\"},\"query-input\":\"required name=search_term_string\"}],\"inLanguage\":\"de\"},{\"@type\":\"Person\",\"@id\":\"https:\/\/www.naturparkmagazin.de\/stechlin\/#\/schema\/person\/3f0d93203df21c806dd63c76d9bb28bc\",\"name\":\"marioschrumpf\",\"url\":\"https:\/\/www.naturparkmagazin.de\/stechlin\/author\/marioschrumpf\/\"}]}<\/script>\n<!-- \/ Yoast SEO plugin. -->","yoast_head_json":{"title":"Volles Haus zum 11. Kleinen Naturschutztag - Naturpark Stechlin-Ruppiner Land","robots":{"index":"index","follow":"follow","max-snippet":"max-snippet:-1","max-image-preview":"max-image-preview:large","max-video-preview":"max-video-preview:-1"},"canonical":"https:\/\/www.naturparkmagazin.de\/stechlin\/volles-haus-zum-11-kleinen-naturschutztag\/","og_locale":"de_DE","og_type":"article","og_title":"Volles Haus zum 11. Kleinen Naturschutztag - Naturpark Stechlin-Ruppiner Land","og_description":"Bis auf den letzten Platz war die Regionalwerkstatt Stechlin zur Jahrestagung des Naturparks ausgebucht.","og_url":"https:\/\/www.naturparkmagazin.de\/stechlin\/volles-haus-zum-11-kleinen-naturschutztag\/","og_site_name":"Naturpark Stechlin-Ruppiner Land","article_published_time":"2017-02-13T10:45:54+00:00","article_modified_time":"2017-02-17T12:12:01+00:00","og_image":[{"width":200,"height":200,"url":"https:\/\/www.naturparkmagazin.de\/stechlin\/wp-content\/uploads\/sites\/38\/11-KlNST2017.jpg","type":"image\/jpeg"}],"author":"marioschrumpf","twitter_misc":{"Verfasst von":"marioschrumpf","Gesch\u00e4tzte Lesezeit":"2\u00a0Minuten"},"schema":{"@context":"https:\/\/schema.org","@graph":[{"@type":"WebPage","@id":"https:\/\/www.naturparkmagazin.de\/stechlin\/volles-haus-zum-11-kleinen-naturschutztag\/","url":"https:\/\/www.naturparkmagazin.de\/stechlin\/volles-haus-zum-11-kleinen-naturschutztag\/","name":"Volles Haus zum 11. Kleinen Naturschutztag - Naturpark Stechlin-Ruppiner Land","isPartOf":{"@id":"https:\/\/www.naturparkmagazin.de\/stechlin\/#website"},"datePublished":"2017-02-13T10:45:54+00:00","dateModified":"2017-02-17T12:12:01+00:00","author":{"@id":"https:\/\/www.naturparkmagazin.de\/stechlin\/#\/schema\/person\/3f0d93203df21c806dd63c76d9bb28bc"},"breadcrumb":{"@id":"https:\/\/www.naturparkmagazin.de\/stechlin\/volles-haus-zum-11-kleinen-naturschutztag\/#breadcrumb"},"inLanguage":"de","potentialAction":[{"@type":"ReadAction","target":["https:\/\/www.naturparkmagazin.de\/stechlin\/volles-haus-zum-11-kleinen-naturschutztag\/"]}]},{"@type":"BreadcrumbList","@id":"https:\/\/www.naturparkmagazin.de\/stechlin\/volles-haus-zum-11-kleinen-naturschutztag\/#breadcrumb","itemListElement":[{"@type":"ListItem","position":1,"name":"Home","item":"https:\/\/www.naturparkmagazin.de\/stechlin\/"},{"@type":"ListItem","position":2,"name":"Volles Haus zum 11. Kleinen Naturschutztag"}]},{"@type":"WebSite","@id":"https:\/\/www.naturparkmagazin.de\/stechlin\/#website","url":"https:\/\/www.naturparkmagazin.de\/stechlin\/","name":"Naturpark Stechlin-Ruppiner Land","description":"","potentialAction":[{"@type":"SearchAction","target":{"@type":"EntryPoint","urlTemplate":"https:\/\/www.naturparkmagazin.de\/stechlin\/?s={search_term_string}"},"query-input":"required name=search_term_string"}],"inLanguage":"de"},{"@type":"Person","@id":"https:\/\/www.naturparkmagazin.de\/stechlin\/#\/schema\/person\/3f0d93203df21c806dd63c76d9bb28bc","name":"marioschrumpf","url":"https:\/\/www.naturparkmagazin.de\/stechlin\/author\/marioschrumpf\/"}]}},"_links":{"self":[{"href":"https:\/\/www.naturparkmagazin.de\/stechlin\/wp-json\/wp\/v2\/posts\/5208"}],"collection":[{"href":"https:\/\/www.naturparkmagazin.de\/stechlin\/wp-json\/wp\/v2\/posts"}],"about":[{"href":"https:\/\/www.naturparkmagazin.de\/stechlin\/wp-json\/wp\/v2\/types\/post"}],"author":[{"embeddable":true,"href":"https:\/\/www.naturparkmagazin.de\/stechlin\/wp-json\/wp\/v2\/users\/39"}],"replies":[{"embeddable":true,"href":"https:\/\/www.naturparkmagazin.de\/stechlin\/wp-json\/wp\/v2\/comments?post=5208"}],"version-history":[{"count":8,"href":"https:\/\/www.naturparkmagazin.de\/stechlin\/wp-json\/wp\/v2\/posts\/5208\/revisions"}],"predecessor-version":[{"id":5264,"href":"https:\/\/www.naturparkmagazin.de\/stechlin\/wp-json\/wp\/v2\/posts\/5208\/revisions\/5264"}],"wp:featuredmedia":[{"embeddable":true,"href":"https:\/\/www.naturparkmagazin.de\/stechlin\/wp-json\/wp\/v2\/media\/5254"}],"wp:attachment":[{"href":"https:\/\/www.naturparkmagazin.de\/stechlin\/wp-json\/wp\/v2\/media?parent=5208"}],"wp:term":[{"taxonomy":"category","embeddable":true,"href":"https:\/\/www.naturparkmagazin.de\/stechlin\/wp-json\/wp\/v2\/categories?post=5208"},{"taxonomy":"post_tag","embeddable":true,"href":"https:\/\/www.naturparkmagazin.de\/stechlin\/wp-json\/wp\/v2\/tags?post=5208"}],"curies":[{"name":"wp","href":"https:\/\/api.w.org\/{rel}","templated":true}]}}