{"id":5225,"date":"2017-02-13T11:06:36","date_gmt":"2017-02-13T10:06:36","guid":{"rendered":"http:\/\/www.naturparkmagazin.de\/stechlin\/?p=5225"},"modified":"2017-02-22T11:52:00","modified_gmt":"2017-02-22T10:52:00","slug":"umweltpartnerschaft-erfolgreiche-kooperation-zwischen-land-und-wirtschaft","status":"publish","type":"post","link":"https:\/\/www.naturparkmagazin.de\/stechlin\/umweltpartnerschaft-erfolgreiche-kooperation-zwischen-land-und-wirtschaft\/","title":{"rendered":"Umweltpartnerschaft \u2013 erfolgreiche Kooperation zwischen Land und Wirtschaft"},"content":{"rendered":"<div id=\"attachment_3931\" style=\"width: 310px\" class=\"wp-caption alignleft\"><a href=\"https:\/\/www.naturparkmagazin.de\/stechlin\/wp-content\/uploads\/sites\/38\/Preussenquelle28.jpg\"><img aria-describedby=\"caption-attachment-3931\" decoding=\"async\" loading=\"lazy\" class=\"size-thumbnail wp-image-3931\" src=\"https:\/\/www.naturparkmagazin.de\/stechlin\/wp-content\/uploads\/sites\/38\/Preussenquelle28-300x180.jpg\" alt=\"Etikettiermaschine\" width=\"300\" height=\"180\" srcset=\"https:\/\/www.naturparkmagazin.de\/stechlin\/wp-content\/uploads\/sites\/38\/Preussenquelle28-300x180.jpg 300w, https:\/\/www.naturparkmagazin.de\/stechlin\/wp-content\/uploads\/sites\/38\/Preussenquelle28.jpg 500w, https:\/\/www.naturparkmagazin.de\/stechlin\/wp-content\/uploads\/sites\/38\/Preussenquelle28-200x120.jpg 200w\" sizes=\"(max-width: 300px) 100vw, 300px\" \/><\/a><p id=\"caption-attachment-3931\" class=\"wp-caption-text\">Etikettiermaschine<\/p><\/div>\n<p>&nbsp;<\/p>\n<p>&nbsp;<\/p>\n<p>&nbsp;<\/p>\n<p>&nbsp;<\/p>\n<p>&nbsp;<\/p>\n<p>&nbsp;<\/p>\n<p>&nbsp;<\/p>\n<p>&nbsp;<\/p>\n<p>Gleich vier Unternehmen wurden am <strong>17. Februar<\/strong> anl\u00e4sslich des Jahresempfangs der <strong>Umweltpartnerschaft Brandenburg<\/strong> neu in die Kooperation aufgenommen. Agrar- und Umweltminister J\u00f6rg Vogels\u00e4nger sowie Wirtschaftsstaatssekret\u00e4r Hendrik Fischer \u00fcbergaben u.a. eine Aufnahme\u00adurkunde an die <strong>Rheinsberger Preussenquelle, Kooperationspartner unseres Naturparks<\/strong>.<\/p>\n<p>Die Umweltpartnerschaft versteht sich als Mittel des engen Dialogs zwischen Wirtschaft und Verwaltung. Um die Rahmenbedingungen f\u00fcr eine umweltgerechte, nachhaltige Wirtschaftsentwicklung in Brandenburg zu verbessern, haben Landesregierung und Wirtschaft 1999 die Umweltpartnerschaft ins Leben gerufen. Sie fu\u00dft auf der zuletzt 2016 fortgeschriebenen Vereinbarung zwischen den f\u00fcr Umwelt und Wirtschaft zust\u00e4ndigen Ministerien sowie den brandenburgischen Industrie- und Handelskammern, den Handwerkskammern und der Vereinigung der Unternehmensverb\u00e4nde in Berlin und Brandenburg.<\/p>\n<p>Weitere Informationen <a href=\"http:\/\/www.business-biodiversity.eu\/global\/download\/%7BNVMIXUTGCP-2620179432-CAUUDJJIXH%7D.pdf\">hier<\/a>!<\/p>\n","protected":false},"excerpt":{"rendered":"<p>Gleich vier Unternehmen wurden am 17. Februar anl\u00e4sslich des Jahresempfangs der Umweltpartnerschaft Brandenburg neu in die Kooperation aufgenommen, darunter die Rheinsberger Preussenquelle aus unserem Naturpark.<\/p>\n","protected":false},"author":39,"featured_media":3572,"comment_status":"open","ping_status":"open","sticky":false,"template":"","format":"standard","meta":[],"categories":[7],"tags":[],"yoast_head":"<!-- This site is optimized with the Yoast SEO plugin v19.10 - https:\/\/yoast.com\/wordpress\/plugins\/seo\/ -->\n<title>Umweltpartnerschaft \u2013 erfolgreiche Kooperation zwischen Land und Wirtschaft - Naturpark Stechlin-Ruppiner Land<\/title>\n<meta name=\"robots\" content=\"index, follow, max-snippet:-1, max-image-preview:large, max-video-preview:-1\" \/>\n<link rel=\"canonical\" href=\"https:\/\/www.naturparkmagazin.de\/stechlin\/umweltpartnerschaft-erfolgreiche-kooperation-zwischen-land-und-wirtschaft\/\" \/>\n<meta property=\"og:locale\" content=\"de_DE\" \/>\n<meta property=\"og:type\" content=\"article\" \/>\n<meta property=\"og:title\" content=\"Umweltpartnerschaft \u2013 erfolgreiche Kooperation zwischen Land und Wirtschaft - Naturpark Stechlin-Ruppiner Land\" \/>\n<meta property=\"og:description\" content=\"Gleich vier Unternehmen wurden am 17. Februar anl\u00e4sslich des Jahresempfangs der Umweltpartnerschaft Brandenburg neu in die Kooperation aufgenommen, darunter die Rheinsberger Preussenquelle aus unserem Naturpark.\" \/>\n<meta property=\"og:url\" content=\"https:\/\/www.naturparkmagazin.de\/stechlin\/umweltpartnerschaft-erfolgreiche-kooperation-zwischen-land-und-wirtschaft\/\" \/>\n<meta property=\"og:site_name\" content=\"Naturpark Stechlin-Ruppiner Land\" \/>\n<meta property=\"article:published_time\" content=\"2017-02-13T10:06:36+00:00\" \/>\n<meta property=\"article:modified_time\" content=\"2017-02-22T10:52:00+00:00\" \/>\n<meta property=\"og:image\" content=\"https:\/\/www.naturparkmagazin.de\/stechlin\/wp-content\/uploads\/sites\/38\/Theodor_beitragsbild.jpg\" \/>\n\t<meta property=\"og:image:width\" content=\"200\" \/>\n\t<meta property=\"og:image:height\" content=\"200\" \/>\n\t<meta property=\"og:image:type\" content=\"image\/jpeg\" \/>\n<meta name=\"author\" content=\"marioschrumpf\" \/>\n<meta name=\"twitter:label1\" content=\"Verfasst von\" \/>\n\t<meta name=\"twitter:data1\" content=\"marioschrumpf\" \/>\n\t<meta name=\"twitter:label2\" content=\"Gesch\u00e4tzte Lesezeit\" \/>\n\t<meta name=\"twitter:data2\" content=\"1\u00a0Minute\" \/>\n<script type=\"application\/ld+json\" class=\"yoast-schema-graph\">{\"@context\":\"https:\/\/schema.org\",\"@graph\":[{\"@type\":\"WebPage\",\"@id\":\"https:\/\/www.naturparkmagazin.de\/stechlin\/umweltpartnerschaft-erfolgreiche-kooperation-zwischen-land-und-wirtschaft\/\",\"url\":\"https:\/\/www.naturparkmagazin.de\/stechlin\/umweltpartnerschaft-erfolgreiche-kooperation-zwischen-land-und-wirtschaft\/\",\"name\":\"Umweltpartnerschaft \u2013 erfolgreiche Kooperation zwischen Land und Wirtschaft - Naturpark Stechlin-Ruppiner Land\",\"isPartOf\":{\"@id\":\"https:\/\/www.naturparkmagazin.de\/stechlin\/#website\"},\"datePublished\":\"2017-02-13T10:06:36+00:00\",\"dateModified\":\"2017-02-22T10:52:00+00:00\",\"author\":{\"@id\":\"https:\/\/www.naturparkmagazin.de\/stechlin\/#\/schema\/person\/3f0d93203df21c806dd63c76d9bb28bc\"},\"breadcrumb\":{\"@id\":\"https:\/\/www.naturparkmagazin.de\/stechlin\/umweltpartnerschaft-erfolgreiche-kooperation-zwischen-land-und-wirtschaft\/#breadcrumb\"},\"inLanguage\":\"de\",\"potentialAction\":[{\"@type\":\"ReadAction\",\"target\":[\"https:\/\/www.naturparkmagazin.de\/stechlin\/umweltpartnerschaft-erfolgreiche-kooperation-zwischen-land-und-wirtschaft\/\"]}]},{\"@type\":\"BreadcrumbList\",\"@id\":\"https:\/\/www.naturparkmagazin.de\/stechlin\/umweltpartnerschaft-erfolgreiche-kooperation-zwischen-land-und-wirtschaft\/#breadcrumb\",\"itemListElement\":[{\"@type\":\"ListItem\",\"position\":1,\"name\":\"Home\",\"item\":\"https:\/\/www.naturparkmagazin.de\/stechlin\/\"},{\"@type\":\"ListItem\",\"position\":2,\"name\":\"Umweltpartnerschaft \u2013 erfolgreiche Kooperation zwischen Land und Wirtschaft\"}]},{\"@type\":\"WebSite\",\"@id\":\"https:\/\/www.naturparkmagazin.de\/stechlin\/#website\",\"url\":\"https:\/\/www.naturparkmagazin.de\/stechlin\/\",\"name\":\"Naturpark Stechlin-Ruppiner Land\",\"description\":\"\",\"potentialAction\":[{\"@type\":\"SearchAction\",\"target\":{\"@type\":\"EntryPoint\",\"urlTemplate\":\"https:\/\/www.naturparkmagazin.de\/stechlin\/?s={search_term_string}\"},\"query-input\":\"required name=search_term_string\"}],\"inLanguage\":\"de\"},{\"@type\":\"Person\",\"@id\":\"https:\/\/www.naturparkmagazin.de\/stechlin\/#\/schema\/person\/3f0d93203df21c806dd63c76d9bb28bc\",\"name\":\"marioschrumpf\",\"url\":\"https:\/\/www.naturparkmagazin.de\/stechlin\/author\/marioschrumpf\/\"}]}<\/script>\n<!-- \/ Yoast SEO plugin. -->","yoast_head_json":{"title":"Umweltpartnerschaft \u2013 erfolgreiche Kooperation zwischen Land und Wirtschaft - Naturpark Stechlin-Ruppiner Land","robots":{"index":"index","follow":"follow","max-snippet":"max-snippet:-1","max-image-preview":"max-image-preview:large","max-video-preview":"max-video-preview:-1"},"canonical":"https:\/\/www.naturparkmagazin.de\/stechlin\/umweltpartnerschaft-erfolgreiche-kooperation-zwischen-land-und-wirtschaft\/","og_locale":"de_DE","og_type":"article","og_title":"Umweltpartnerschaft \u2013 erfolgreiche Kooperation zwischen Land und Wirtschaft - Naturpark Stechlin-Ruppiner Land","og_description":"Gleich vier Unternehmen wurden am 17. Februar anl\u00e4sslich des Jahresempfangs der Umweltpartnerschaft Brandenburg neu in die Kooperation aufgenommen, darunter die Rheinsberger Preussenquelle aus unserem Naturpark.","og_url":"https:\/\/www.naturparkmagazin.de\/stechlin\/umweltpartnerschaft-erfolgreiche-kooperation-zwischen-land-und-wirtschaft\/","og_site_name":"Naturpark Stechlin-Ruppiner Land","article_published_time":"2017-02-13T10:06:36+00:00","article_modified_time":"2017-02-22T10:52:00+00:00","og_image":[{"width":200,"height":200,"url":"https:\/\/www.naturparkmagazin.de\/stechlin\/wp-content\/uploads\/sites\/38\/Theodor_beitragsbild.jpg","type":"image\/jpeg"}],"author":"marioschrumpf","twitter_misc":{"Verfasst von":"marioschrumpf","Gesch\u00e4tzte Lesezeit":"1\u00a0Minute"},"schema":{"@context":"https:\/\/schema.org","@graph":[{"@type":"WebPage","@id":"https:\/\/www.naturparkmagazin.de\/stechlin\/umweltpartnerschaft-erfolgreiche-kooperation-zwischen-land-und-wirtschaft\/","url":"https:\/\/www.naturparkmagazin.de\/stechlin\/umweltpartnerschaft-erfolgreiche-kooperation-zwischen-land-und-wirtschaft\/","name":"Umweltpartnerschaft \u2013 erfolgreiche Kooperation zwischen Land und Wirtschaft - Naturpark Stechlin-Ruppiner Land","isPartOf":{"@id":"https:\/\/www.naturparkmagazin.de\/stechlin\/#website"},"datePublished":"2017-02-13T10:06:36+00:00","dateModified":"2017-02-22T10:52:00+00:00","author":{"@id":"https:\/\/www.naturparkmagazin.de\/stechlin\/#\/schema\/person\/3f0d93203df21c806dd63c76d9bb28bc"},"breadcrumb":{"@id":"https:\/\/www.naturparkmagazin.de\/stechlin\/umweltpartnerschaft-erfolgreiche-kooperation-zwischen-land-und-wirtschaft\/#breadcrumb"},"inLanguage":"de","potentialAction":[{"@type":"ReadAction","target":["https:\/\/www.naturparkmagazin.de\/stechlin\/umweltpartnerschaft-erfolgreiche-kooperation-zwischen-land-und-wirtschaft\/"]}]},{"@type":"BreadcrumbList","@id":"https:\/\/www.naturparkmagazin.de\/stechlin\/umweltpartnerschaft-erfolgreiche-kooperation-zwischen-land-und-wirtschaft\/#breadcrumb","itemListElement":[{"@type":"ListItem","position":1,"name":"Home","item":"https:\/\/www.naturparkmagazin.de\/stechlin\/"},{"@type":"ListItem","position":2,"name":"Umweltpartnerschaft \u2013 erfolgreiche Kooperation zwischen Land und Wirtschaft"}]},{"@type":"WebSite","@id":"https:\/\/www.naturparkmagazin.de\/stechlin\/#website","url":"https:\/\/www.naturparkmagazin.de\/stechlin\/","name":"Naturpark Stechlin-Ruppiner Land","description":"","potentialAction":[{"@type":"SearchAction","target":{"@type":"EntryPoint","urlTemplate":"https:\/\/www.naturparkmagazin.de\/stechlin\/?s={search_term_string}"},"query-input":"required name=search_term_string"}],"inLanguage":"de"},{"@type":"Person","@id":"https:\/\/www.naturparkmagazin.de\/stechlin\/#\/schema\/person\/3f0d93203df21c806dd63c76d9bb28bc","name":"marioschrumpf","url":"https:\/\/www.naturparkmagazin.de\/stechlin\/author\/marioschrumpf\/"}]}},"_links":{"self":[{"href":"https:\/\/www.naturparkmagazin.de\/stechlin\/wp-json\/wp\/v2\/posts\/5225"}],"collection":[{"href":"https:\/\/www.naturparkmagazin.de\/stechlin\/wp-json\/wp\/v2\/posts"}],"about":[{"href":"https:\/\/www.naturparkmagazin.de\/stechlin\/wp-json\/wp\/v2\/types\/post"}],"author":[{"embeddable":true,"href":"https:\/\/www.naturparkmagazin.de\/stechlin\/wp-json\/wp\/v2\/users\/39"}],"replies":[{"embeddable":true,"href":"https:\/\/www.naturparkmagazin.de\/stechlin\/wp-json\/wp\/v2\/comments?post=5225"}],"version-history":[{"count":6,"href":"https:\/\/www.naturparkmagazin.de\/stechlin\/wp-json\/wp\/v2\/posts\/5225\/revisions"}],"predecessor-version":[{"id":5271,"href":"https:\/\/www.naturparkmagazin.de\/stechlin\/wp-json\/wp\/v2\/posts\/5225\/revisions\/5271"}],"wp:featuredmedia":[{"embeddable":true,"href":"https:\/\/www.naturparkmagazin.de\/stechlin\/wp-json\/wp\/v2\/media\/3572"}],"wp:attachment":[{"href":"https:\/\/www.naturparkmagazin.de\/stechlin\/wp-json\/wp\/v2\/media?parent=5225"}],"wp:term":[{"taxonomy":"category","embeddable":true,"href":"https:\/\/www.naturparkmagazin.de\/stechlin\/wp-json\/wp\/v2\/categories?post=5225"},{"taxonomy":"post_tag","embeddable":true,"href":"https:\/\/www.naturparkmagazin.de\/stechlin\/wp-json\/wp\/v2\/tags?post=5225"}],"curies":[{"name":"wp","href":"https:\/\/api.w.org\/{rel}","templated":true}]}}