{"id":5284,"date":"2017-05-16T20:30:50","date_gmt":"2017-05-16T18:30:50","guid":{"rendered":"http:\/\/www.naturparkmagazin.de\/stechlin\/?p=5284"},"modified":"2017-05-22T15:07:27","modified_gmt":"2017-05-22T13:07:27","slug":"mehrtaegige-kanutour-auf-der-jaeglitz","status":"publish","type":"post","link":"https:\/\/www.naturparkmagazin.de\/stechlin\/mehrtaegige-kanutour-auf-der-jaeglitz\/","title":{"rendered":"Mehrt\u00e4gige Kanutour von Wittstock\/Dosse nach Borg"},"content":{"rendered":"<div><\/div>\n<div>\n<div id=\"attachment_5287\" style=\"width: 310px\" class=\"wp-caption aligncenter\"><a href=\"https:\/\/www.naturparkmagazin.de\/stechlin\/wp-content\/uploads\/sites\/38\/Kanutour3_Andree-Kienast.jpg\"><img aria-describedby=\"caption-attachment-5287\" decoding=\"async\" loading=\"lazy\" class=\"size-thumbnail wp-image-5287\" src=\"https:\/\/www.naturparkmagazin.de\/stechlin\/wp-content\/uploads\/sites\/38\/Kanutour3_Andree-Kienast-300x180.jpg\" alt=\"\u00dcber die Weiten des Flusses.\" width=\"300\" height=\"180\" srcset=\"https:\/\/www.naturparkmagazin.de\/stechlin\/wp-content\/uploads\/sites\/38\/Kanutour3_Andree-Kienast-300x180.jpg 300w, https:\/\/www.naturparkmagazin.de\/stechlin\/wp-content\/uploads\/sites\/38\/Kanutour3_Andree-Kienast.jpg 500w, https:\/\/www.naturparkmagazin.de\/stechlin\/wp-content\/uploads\/sites\/38\/Kanutour3_Andree-Kienast-200x120.jpg 200w\" sizes=\"(max-width: 300px) 100vw, 300px\" \/><\/a><p id=\"caption-attachment-5287\" class=\"wp-caption-text\">\u00dcber die Weiten des Flusses.<\/p><\/div>\n<\/div>\n<div>Natur- und Landschaftsf\u00fchrer Andree Kienast l\u00e4dt ein zur mehrt\u00e4gigen Kanutour von Wittstock\/Dosse nach Bork. Wer kommt mit?<\/div>\n<div><\/div>\n<div>Erholung, Ruhe und Entspannung: In den Landkreisen Prignitz und Ostprignitz-Ruppin finden Sie fern von gro\u00dfst\u00e4dtischer Betriebsamkeit reichlich Gelegenheit, ihren K\u00f6rper und Geist f\u00fcr die zuk\u00fcnftige Arbeit zu kr\u00e4ftigen. Ob Wanderungen, kleine Kanuausfl\u00fcge oder Mehrtagestouren in und auf der motorbootgesperrten Kyritzer Seenkette, bis ins untere Westhavelland (Strohdehne), gef\u00fchrte Touren (auch mit Hund), ich begleite Sie und zeige Ihnen damit die Reize unserer l\u00e4ndlichen Region.<\/div>\n<div><\/div>\n<div>Unsere M\u00e4rkische Heimat bietet auf kurzen Wegen:<\/div>\n<ul>\n<li>ausgedehnte Waldungen,<\/li>\n<li>weite Heidelandschaften,<\/li>\n<li>flache Luchzonen,<\/li>\n<li>Moore,<\/li>\n<li>gewundene Flu\u00dfl\u00e4ufe und<\/li>\n<li>vertr\u00e4umte Seen,<\/li>\n<\/ul>\n<div>\n<p>die ungeahnte Gen\u00fcsse vermitteln!<\/p>\n<\/div>\n<div>Die mehrt\u00e4gige Kanutour, von der Dosse bis zur Kyritzer Seenkette, von Wittstock\/Dosse (Goldbeck) nach Bork vom <strong>16.6.-18.6.17<\/strong>, ist f\u00fcr <strong>max. 4 Personen<\/strong> geplant. Es besteht die M\u00f6glichkeit Ihren Hund mit auf die Reise zu nehmen.<\/div>\n<div style=\"text-align: left\"><\/div>\n<div style=\"text-align: left\">Der Ausflug beginnt am <strong>16.6. um 10.00 Uhr in Wittstock\/Dosse<\/strong>\u00a0und f\u00fchrt uns nach Bork.<\/div>\n<div style=\"text-align: left\"><\/div>\n<div style=\"text-align: left\">Schlafsack, Isomatte, Zelt, Ersatzkleidung sowie\u00a0<strong>Verpflegung f\u00fcr\u00a03 Tage ist selbst mitzubringen<\/strong>.<\/div>\n<div style=\"text-align: left\"><\/div>\n<div style=\"text-align: left\"><strong>Kosten: 75 Euro<\/strong> inkl. R\u00fccktransport<\/div>\n<div style=\"text-align: left\"><\/div>\n<div style=\"text-align: left\"><strong>Anmeldung und weitere Infos \u00fcber<\/strong><strong>:<\/strong> andreekienast@gmail.com<\/div>\n<div style=\"text-align: left\"><\/div>\n<div id=\"attachment_5286\" style=\"width: 310px\" class=\"wp-caption aligncenter\"><a href=\"https:\/\/www.naturparkmagazin.de\/stechlin\/wp-content\/uploads\/sites\/38\/Kanutour2_Andree-Kienast.jpg\"><img aria-describedby=\"caption-attachment-5286\" decoding=\"async\" loading=\"lazy\" class=\"size-thumbnail wp-image-5286\" src=\"https:\/\/www.naturparkmagazin.de\/stechlin\/wp-content\/uploads\/sites\/38\/Kanutour2_Andree-Kienast-300x180.jpg\" alt=\"Am sch\u00f6nsten ist es im Bett!\" width=\"300\" height=\"180\" srcset=\"https:\/\/www.naturparkmagazin.de\/stechlin\/wp-content\/uploads\/sites\/38\/Kanutour2_Andree-Kienast-300x180.jpg 300w, https:\/\/www.naturparkmagazin.de\/stechlin\/wp-content\/uploads\/sites\/38\/Kanutour2_Andree-Kienast.jpg 500w, https:\/\/www.naturparkmagazin.de\/stechlin\/wp-content\/uploads\/sites\/38\/Kanutour2_Andree-Kienast-200x120.jpg 200w\" sizes=\"(max-width: 300px) 100vw, 300px\" \/><\/a><p id=\"caption-attachment-5286\" class=\"wp-caption-text\">Am sch\u00f6nsten ist es im Bett!<\/p><\/div>\n<p>&nbsp;<\/p>\n<div><\/div>\n<div><\/div>\n<div><\/div>\n<div><\/div>\n<div><\/div>\n<div><\/div>\n<div><\/div>\n<div><\/div>\n<div><\/div>\n<div><\/div>\n<div><\/div>\n<div><\/div>\n<div><\/div>\n<div><\/div>\n<div><\/div>\n<div><\/div>\n<div><\/div>\n<div><\/div>\n<div><\/div>\n<div><\/div>\n<div><\/div>\n<div><\/div>\n","protected":false},"excerpt":{"rendered":"<p>Natur- und Landschaftsf\u00fchrer Andree Kienast l\u00e4dt ein zur mehrt\u00e4gigen Kanutour von Wittstock\/Dosse nach Bork. Wer kommt mit?<\/p>\n","protected":false},"author":39,"featured_media":5285,"comment_status":"open","ping_status":"open","sticky":false,"template":"","format":"standard","meta":[],"categories":[11],"tags":[],"yoast_head":"<!-- This site is optimized with the Yoast SEO plugin v19.10 - https:\/\/yoast.com\/wordpress\/plugins\/seo\/ -->\n<title>Mehrt\u00e4gige Kanutour von Wittstock\/Dosse nach Borg - Naturpark Stechlin-Ruppiner Land<\/title>\n<meta name=\"robots\" content=\"index, follow, max-snippet:-1, max-image-preview:large, max-video-preview:-1\" \/>\n<link rel=\"canonical\" href=\"https:\/\/www.naturparkmagazin.de\/stechlin\/mehrtaegige-kanutour-auf-der-jaeglitz\/\" \/>\n<meta property=\"og:locale\" content=\"de_DE\" \/>\n<meta property=\"og:type\" content=\"article\" \/>\n<meta property=\"og:title\" content=\"Mehrt\u00e4gige Kanutour von Wittstock\/Dosse nach Borg - Naturpark Stechlin-Ruppiner Land\" \/>\n<meta property=\"og:description\" content=\"Natur- und Landschaftsf\u00fchrer Andree Kienast l\u00e4dt ein zur mehrt\u00e4gigen Kanutour von Wittstock\/Dosse nach Bork. Wer kommt mit?\" \/>\n<meta property=\"og:url\" content=\"https:\/\/www.naturparkmagazin.de\/stechlin\/mehrtaegige-kanutour-auf-der-jaeglitz\/\" \/>\n<meta property=\"og:site_name\" content=\"Naturpark Stechlin-Ruppiner Land\" \/>\n<meta property=\"article:published_time\" content=\"2017-05-16T18:30:50+00:00\" \/>\n<meta property=\"article:modified_time\" content=\"2017-05-22T13:07:27+00:00\" \/>\n<meta property=\"og:image\" content=\"https:\/\/www.naturparkmagazin.de\/stechlin\/wp-content\/uploads\/sites\/38\/Kanutour_Andree-Kienast.jpg\" \/>\n\t<meta property=\"og:image:width\" content=\"200\" \/>\n\t<meta property=\"og:image:height\" content=\"200\" \/>\n\t<meta property=\"og:image:type\" content=\"image\/jpeg\" \/>\n<meta name=\"author\" content=\"marioschrumpf\" \/>\n<meta name=\"twitter:label1\" content=\"Verfasst von\" \/>\n\t<meta name=\"twitter:data1\" content=\"marioschrumpf\" \/>\n\t<meta name=\"twitter:label2\" content=\"Gesch\u00e4tzte Lesezeit\" \/>\n\t<meta name=\"twitter:data2\" content=\"1\u00a0Minute\" \/>\n<script type=\"application\/ld+json\" class=\"yoast-schema-graph\">{\"@context\":\"https:\/\/schema.org\",\"@graph\":[{\"@type\":\"WebPage\",\"@id\":\"https:\/\/www.naturparkmagazin.de\/stechlin\/mehrtaegige-kanutour-auf-der-jaeglitz\/\",\"url\":\"https:\/\/www.naturparkmagazin.de\/stechlin\/mehrtaegige-kanutour-auf-der-jaeglitz\/\",\"name\":\"Mehrt\u00e4gige Kanutour von Wittstock\/Dosse nach Borg - Naturpark Stechlin-Ruppiner Land\",\"isPartOf\":{\"@id\":\"https:\/\/www.naturparkmagazin.de\/stechlin\/#website\"},\"datePublished\":\"2017-05-16T18:30:50+00:00\",\"dateModified\":\"2017-05-22T13:07:27+00:00\",\"author\":{\"@id\":\"https:\/\/www.naturparkmagazin.de\/stechlin\/#\/schema\/person\/3f0d93203df21c806dd63c76d9bb28bc\"},\"breadcrumb\":{\"@id\":\"https:\/\/www.naturparkmagazin.de\/stechlin\/mehrtaegige-kanutour-auf-der-jaeglitz\/#breadcrumb\"},\"inLanguage\":\"de\",\"potentialAction\":[{\"@type\":\"ReadAction\",\"target\":[\"https:\/\/www.naturparkmagazin.de\/stechlin\/mehrtaegige-kanutour-auf-der-jaeglitz\/\"]}]},{\"@type\":\"BreadcrumbList\",\"@id\":\"https:\/\/www.naturparkmagazin.de\/stechlin\/mehrtaegige-kanutour-auf-der-jaeglitz\/#breadcrumb\",\"itemListElement\":[{\"@type\":\"ListItem\",\"position\":1,\"name\":\"Home\",\"item\":\"https:\/\/www.naturparkmagazin.de\/stechlin\/\"},{\"@type\":\"ListItem\",\"position\":2,\"name\":\"Mehrt\u00e4gige Kanutour von Wittstock\/Dosse nach Borg\"}]},{\"@type\":\"WebSite\",\"@id\":\"https:\/\/www.naturparkmagazin.de\/stechlin\/#website\",\"url\":\"https:\/\/www.naturparkmagazin.de\/stechlin\/\",\"name\":\"Naturpark Stechlin-Ruppiner Land\",\"description\":\"\",\"potentialAction\":[{\"@type\":\"SearchAction\",\"target\":{\"@type\":\"EntryPoint\",\"urlTemplate\":\"https:\/\/www.naturparkmagazin.de\/stechlin\/?s={search_term_string}\"},\"query-input\":\"required name=search_term_string\"}],\"inLanguage\":\"de\"},{\"@type\":\"Person\",\"@id\":\"https:\/\/www.naturparkmagazin.de\/stechlin\/#\/schema\/person\/3f0d93203df21c806dd63c76d9bb28bc\",\"name\":\"marioschrumpf\",\"url\":\"https:\/\/www.naturparkmagazin.de\/stechlin\/author\/marioschrumpf\/\"}]}<\/script>\n<!-- \/ Yoast SEO plugin. -->","yoast_head_json":{"title":"Mehrt\u00e4gige Kanutour von Wittstock\/Dosse nach Borg - Naturpark Stechlin-Ruppiner Land","robots":{"index":"index","follow":"follow","max-snippet":"max-snippet:-1","max-image-preview":"max-image-preview:large","max-video-preview":"max-video-preview:-1"},"canonical":"https:\/\/www.naturparkmagazin.de\/stechlin\/mehrtaegige-kanutour-auf-der-jaeglitz\/","og_locale":"de_DE","og_type":"article","og_title":"Mehrt\u00e4gige Kanutour von Wittstock\/Dosse nach Borg - Naturpark Stechlin-Ruppiner Land","og_description":"Natur- und Landschaftsf\u00fchrer Andree Kienast l\u00e4dt ein zur mehrt\u00e4gigen Kanutour von Wittstock\/Dosse nach Bork. Wer kommt mit?","og_url":"https:\/\/www.naturparkmagazin.de\/stechlin\/mehrtaegige-kanutour-auf-der-jaeglitz\/","og_site_name":"Naturpark Stechlin-Ruppiner Land","article_published_time":"2017-05-16T18:30:50+00:00","article_modified_time":"2017-05-22T13:07:27+00:00","og_image":[{"width":200,"height":200,"url":"https:\/\/www.naturparkmagazin.de\/stechlin\/wp-content\/uploads\/sites\/38\/Kanutour_Andree-Kienast.jpg","type":"image\/jpeg"}],"author":"marioschrumpf","twitter_misc":{"Verfasst von":"marioschrumpf","Gesch\u00e4tzte Lesezeit":"1\u00a0Minute"},"schema":{"@context":"https:\/\/schema.org","@graph":[{"@type":"WebPage","@id":"https:\/\/www.naturparkmagazin.de\/stechlin\/mehrtaegige-kanutour-auf-der-jaeglitz\/","url":"https:\/\/www.naturparkmagazin.de\/stechlin\/mehrtaegige-kanutour-auf-der-jaeglitz\/","name":"Mehrt\u00e4gige Kanutour von Wittstock\/Dosse nach Borg - Naturpark Stechlin-Ruppiner Land","isPartOf":{"@id":"https:\/\/www.naturparkmagazin.de\/stechlin\/#website"},"datePublished":"2017-05-16T18:30:50+00:00","dateModified":"2017-05-22T13:07:27+00:00","author":{"@id":"https:\/\/www.naturparkmagazin.de\/stechlin\/#\/schema\/person\/3f0d93203df21c806dd63c76d9bb28bc"},"breadcrumb":{"@id":"https:\/\/www.naturparkmagazin.de\/stechlin\/mehrtaegige-kanutour-auf-der-jaeglitz\/#breadcrumb"},"inLanguage":"de","potentialAction":[{"@type":"ReadAction","target":["https:\/\/www.naturparkmagazin.de\/stechlin\/mehrtaegige-kanutour-auf-der-jaeglitz\/"]}]},{"@type":"BreadcrumbList","@id":"https:\/\/www.naturparkmagazin.de\/stechlin\/mehrtaegige-kanutour-auf-der-jaeglitz\/#breadcrumb","itemListElement":[{"@type":"ListItem","position":1,"name":"Home","item":"https:\/\/www.naturparkmagazin.de\/stechlin\/"},{"@type":"ListItem","position":2,"name":"Mehrt\u00e4gige Kanutour von Wittstock\/Dosse nach Borg"}]},{"@type":"WebSite","@id":"https:\/\/www.naturparkmagazin.de\/stechlin\/#website","url":"https:\/\/www.naturparkmagazin.de\/stechlin\/","name":"Naturpark Stechlin-Ruppiner Land","description":"","potentialAction":[{"@type":"SearchAction","target":{"@type":"EntryPoint","urlTemplate":"https:\/\/www.naturparkmagazin.de\/stechlin\/?s={search_term_string}"},"query-input":"required name=search_term_string"}],"inLanguage":"de"},{"@type":"Person","@id":"https:\/\/www.naturparkmagazin.de\/stechlin\/#\/schema\/person\/3f0d93203df21c806dd63c76d9bb28bc","name":"marioschrumpf","url":"https:\/\/www.naturparkmagazin.de\/stechlin\/author\/marioschrumpf\/"}]}},"_links":{"self":[{"href":"https:\/\/www.naturparkmagazin.de\/stechlin\/wp-json\/wp\/v2\/posts\/5284"}],"collection":[{"href":"https:\/\/www.naturparkmagazin.de\/stechlin\/wp-json\/wp\/v2\/posts"}],"about":[{"href":"https:\/\/www.naturparkmagazin.de\/stechlin\/wp-json\/wp\/v2\/types\/post"}],"author":[{"embeddable":true,"href":"https:\/\/www.naturparkmagazin.de\/stechlin\/wp-json\/wp\/v2\/users\/39"}],"replies":[{"embeddable":true,"href":"https:\/\/www.naturparkmagazin.de\/stechlin\/wp-json\/wp\/v2\/comments?post=5284"}],"version-history":[{"count":22,"href":"https:\/\/www.naturparkmagazin.de\/stechlin\/wp-json\/wp\/v2\/posts\/5284\/revisions"}],"predecessor-version":[{"id":5771,"href":"https:\/\/www.naturparkmagazin.de\/stechlin\/wp-json\/wp\/v2\/posts\/5284\/revisions\/5771"}],"wp:featuredmedia":[{"embeddable":true,"href":"https:\/\/www.naturparkmagazin.de\/stechlin\/wp-json\/wp\/v2\/media\/5285"}],"wp:attachment":[{"href":"https:\/\/www.naturparkmagazin.de\/stechlin\/wp-json\/wp\/v2\/media?parent=5284"}],"wp:term":[{"taxonomy":"category","embeddable":true,"href":"https:\/\/www.naturparkmagazin.de\/stechlin\/wp-json\/wp\/v2\/categories?post=5284"},{"taxonomy":"post_tag","embeddable":true,"href":"https:\/\/www.naturparkmagazin.de\/stechlin\/wp-json\/wp\/v2\/tags?post=5284"}],"curies":[{"name":"wp","href":"https:\/\/api.w.org\/{rel}","templated":true}]}}