{"id":5289,"date":"2017-03-21T14:00:52","date_gmt":"2017-03-21T13:00:52","guid":{"rendered":"http:\/\/www.naturparkmagazin.de\/stechlin\/?p=5289"},"modified":"2017-03-24T06:41:06","modified_gmt":"2017-03-24T05:41:06","slug":"gemeinsam-fuer-eine-nachhaltige-landnutzung","status":"publish","type":"post","link":"https:\/\/www.naturparkmagazin.de\/stechlin\/gemeinsam-fuer-eine-nachhaltige-landnutzung\/","title":{"rendered":"Gemeinsam f\u00fcr eine nachhaltige Landnutzung"},"content":{"rendered":"<p><a href=\"https:\/\/www.naturparkmagazin.de\/stechlin\/wp-content\/uploads\/sites\/38\/Lawi3.jpg\"><img decoding=\"async\" loading=\"lazy\" class=\"alignleft size-thumbnail wp-image-5293\" src=\"https:\/\/www.naturparkmagazin.de\/stechlin\/wp-content\/uploads\/sites\/38\/Lawi3-300x180.jpg\" alt=\"NP SRL\/Mario Schrumpf\" width=\"300\" height=\"180\" srcset=\"https:\/\/www.naturparkmagazin.de\/stechlin\/wp-content\/uploads\/sites\/38\/Lawi3-300x180.jpg 300w, https:\/\/www.naturparkmagazin.de\/stechlin\/wp-content\/uploads\/sites\/38\/Lawi3.jpg 500w, https:\/\/www.naturparkmagazin.de\/stechlin\/wp-content\/uploads\/sites\/38\/Lawi3-200x120.jpg 200w\" sizes=\"(max-width: 300px) 100vw, 300px\" \/><\/a><\/p>\n<p>&nbsp;<\/p>\n<p>&nbsp;<\/p>\n<p>&nbsp;<\/p>\n<p>&nbsp;<\/p>\n<p>&nbsp;<\/p>\n<p>&nbsp;<\/p>\n<p>&nbsp;<\/p>\n<p>&nbsp;<\/p>\n<p>Mehr als 50 Teilnehmer aus Landwirtschaft, Handel und Verarbeitung sind der Einladung zum 1. Landwirtschaftstag im Naturpark Stechlin-Ruppiner Land gefolgt.<\/p>\n<p>\u201e<em>Der Boden verbindet uns alle!<\/em>\u201c, sagt Dr. Mario Schrumpf zur Er\u00f6ffnung des\u00a01. Landwirtschaftstages im Naturpark Stechlin-Ruppiner Land. Die Rheinsberger PreussenQuelle, die gemeinsam mit dem Naturpark alle Akteure der Landwirtschaft \u2013 egal ob bio oder konventionell \u2013 eingeladen hat, denkt langfristig und ruft zum Schutz der B\u00f6den und damit zum Schutz des Wassers auf.<\/p>\n<p>Doch neben allen ideellen Vors\u00e4tzen stand insbesondere die wirtschaftliche Realit\u00e4t im Fokus. Mit hochkar\u00e4tiger Referentenliste stellte man sich dem Thema, inwiefern die \u00f6kologische Bewirtschaftung eine wirtschaftlich interessante Alternative ist. Dabei wurde die generelle Leistung der Landwirtschaft nicht in Frage gestellt und erst recht nicht in \u201egut\u201c oder \u201eb\u00f6se\u201c aufgeteilt. Es wurde argumentiert,\u00a0mit Fakten unterlegt und diskutiert.<\/p>\n<p>Marcel-Philipp Werdier stellte die Entwicklung der Naturkostbranche in Zahlen und Daten vor; Hubert B\u00f6hmann, Mitbegr\u00fcnder der Gl\u00e4sernen Molkerei, referierte \u00fcber die Situation der konventionellen und \u00f6kologischen Milchwirtschaft; Meinrad Schmitt, Gesch\u00e4ftsf\u00fchrer der Terra Naturkost Handels KG sowie J\u00f6rg Gro\u00dfe-Lochtmann, Marktgesellschaft der Naturland Bauern AG, sprachen \u00fcber die Vermarktungschancen von Bio-Produkten.<\/p>\n<div id=\"attachment_5294\" style=\"width: 310px\" class=\"wp-caption alignleft\"><a href=\"https:\/\/www.naturparkmagazin.de\/stechlin\/wp-content\/uploads\/sites\/38\/Lawi4.jpg\"><img aria-describedby=\"caption-attachment-5294\" decoding=\"async\" loading=\"lazy\" class=\"wp-image-5294 size-thumbnail\" src=\"https:\/\/www.naturparkmagazin.de\/stechlin\/wp-content\/uploads\/sites\/38\/Lawi4-300x180.jpg\" alt=\"NP SRL\/Mario Schrumpf\" width=\"300\" height=\"180\" srcset=\"https:\/\/www.naturparkmagazin.de\/stechlin\/wp-content\/uploads\/sites\/38\/Lawi4-300x180.jpg 300w, https:\/\/www.naturparkmagazin.de\/stechlin\/wp-content\/uploads\/sites\/38\/Lawi4.jpg 500w, https:\/\/www.naturparkmagazin.de\/stechlin\/wp-content\/uploads\/sites\/38\/Lawi4-200x120.jpg 200w\" sizes=\"(max-width: 300px) 100vw, 300px\" \/><\/a><p id=\"caption-attachment-5294\" class=\"wp-caption-text\">Dr. Pieper &#8211; erfolgreicher Bio-Landwirt im Landkreis Ostprignitz-Ruppin berichtet in der Diskussion \u00fcber seine Erfahrungen<\/p><\/div>\n<p>&nbsp;<\/p>\n<p>&nbsp;<\/p>\n<p>&nbsp;<\/p>\n<p>&nbsp;<\/p>\n<p>&nbsp;<\/p>\n<p>&nbsp;<\/p>\n<p>&nbsp;<\/p>\n<p>&nbsp;<\/p>\n<p>&nbsp;<\/p>\n<p>Ganz praktischen Umstellungsfragen stellten sich Uwe Becherer, Bioland Anbauberater und Carlo Horn als \u00d6kolandwirt. F\u00fcr die PreussenQuelle und den Naturpark steht die Vernetzung der Akteure im Mittelpunkt. Angebot und Nachfrage kamen zusammen und die zahlreichen Diskussionen, die im Anschluss gef\u00fchrt wurden, zeigten den beiden Partnern, dass Sie zur richtigen Zeit diesen Landwirtschaftstag ins Leben gerufen haben.<\/p>\n<p>Das einheitliche Res\u00fcmee aller Referenten &#8211; die Zeiten sind g\u00fcnstig f\u00fcr den Umstieg auf biologische Landwirtschaft.<\/p>\n<p><a href=\"https:\/\/www.naturparkmagazin.de\/stechlin\/wp-content\/uploads\/sites\/38\/LaWi2.jpg\"><img decoding=\"async\" loading=\"lazy\" class=\"alignleft size-thumbnail wp-image-5292\" src=\"https:\/\/www.naturparkmagazin.de\/stechlin\/wp-content\/uploads\/sites\/38\/LaWi2-300x180.jpg\" alt=\"NP SRL\/Mario Schrumpf\" width=\"300\" height=\"180\" srcset=\"https:\/\/www.naturparkmagazin.de\/stechlin\/wp-content\/uploads\/sites\/38\/LaWi2-300x180.jpg 300w, https:\/\/www.naturparkmagazin.de\/stechlin\/wp-content\/uploads\/sites\/38\/LaWi2.jpg 500w, https:\/\/www.naturparkmagazin.de\/stechlin\/wp-content\/uploads\/sites\/38\/LaWi2-200x120.jpg 200w\" sizes=\"(max-width: 300px) 100vw, 300px\" \/><\/a><\/p>\n<p>&nbsp;<\/p>\n<p>&nbsp;<\/p>\n<p>&nbsp;<\/p>\n<p>&nbsp;<\/p>\n<p>&nbsp;<\/p>\n<p>&nbsp;<\/p>\n<p>&nbsp;<\/p>\n<p>\u201e<em>Wenn wir alles gut gemacht haben, dann steht ganz am Ende der Kette unbelastetes Trinkwasser und sp\u00e4ter auch immer noch urspr\u00fcngliches Bio-Mineralwasser<\/em>\u201c, sagte der Gesch\u00e4ftsf\u00fchrer der Rheinsberger PreussenQuelle und \u00fcberreichte den Referenten am Ende der Veranstaltung symbolisch eine Flasche \u201eBio-Mineralwasser\u201c \u2013 mit dem Statement und der Aufforderung an alle Teilnehmer <a href=\"http:\/\/www.bleibt-natuerlich.de\/blog\/\">\u201enat\u00fcrlich\u201c zu bleiben<\/a>.<\/p>\n<p><a class=\"download\" title=\"Initiates file download\" href=\"http:\/\/www.stechlin-ruppiner-land-naturpark.de\/fileadmin\/user_upload\/PDF\/Stechlin-Ruppin\/Presse_2017\/17-03-14SRLLandwirtschaftstag.pdf\">Hier geht\u00b4s zur aktuellen Presseinformation!<\/a><\/p>\n<p><a href=\"http:\/\/www.stechlin-ruppiner-land-naturpark.de\/fileadmin\/user_upload\/PDF\/Stechlin-Ruppin\/Aktuelles\/Landwirtschaftstag_DIN_Lang_final.pdf\">Hier geht\u00b4s zum Programmflyer <\/a><a href=\"http:\/\/www.stechlin-ruppiner-land-naturpark.de\/fileadmin\/user_upload\/PDF\/Stechlin-Ruppin\/Aktuelles\/Landwirtschaftstag_DIN_Lang_final.pdf\">(pdf, 0,6 MB)!<\/a><\/p>\n","protected":false},"excerpt":{"rendered":"<p>Mehr als 50 Teilnehmer aus Landwirtschaft, Handel und Verarbeitung sind der Einladung zum 1. Landwirtschaftstag im Naturpark Stechlin-Ruppiner Land gefolgt.<\/p>\n","protected":false},"author":39,"featured_media":5295,"comment_status":"open","ping_status":"open","sticky":false,"template":"","format":"standard","meta":[],"categories":[7],"tags":[],"yoast_head":"<!-- This site is optimized with the Yoast SEO plugin v19.10 - https:\/\/yoast.com\/wordpress\/plugins\/seo\/ -->\n<title>Gemeinsam f\u00fcr eine nachhaltige Landnutzung - Naturpark Stechlin-Ruppiner Land<\/title>\n<meta name=\"robots\" content=\"index, follow, max-snippet:-1, max-image-preview:large, max-video-preview:-1\" \/>\n<link rel=\"canonical\" href=\"https:\/\/www.naturparkmagazin.de\/stechlin\/gemeinsam-fuer-eine-nachhaltige-landnutzung\/\" \/>\n<meta property=\"og:locale\" content=\"de_DE\" \/>\n<meta property=\"og:type\" content=\"article\" \/>\n<meta property=\"og:title\" content=\"Gemeinsam f\u00fcr eine nachhaltige Landnutzung - Naturpark Stechlin-Ruppiner Land\" \/>\n<meta property=\"og:description\" content=\"Mehr als 50 Teilnehmer aus Landwirtschaft, Handel und Verarbeitung sind der Einladung zum 1. Landwirtschaftstag im Naturpark Stechlin-Ruppiner Land gefolgt.\" \/>\n<meta property=\"og:url\" content=\"https:\/\/www.naturparkmagazin.de\/stechlin\/gemeinsam-fuer-eine-nachhaltige-landnutzung\/\" \/>\n<meta property=\"og:site_name\" content=\"Naturpark Stechlin-Ruppiner Land\" \/>\n<meta property=\"article:published_time\" content=\"2017-03-21T13:00:52+00:00\" \/>\n<meta property=\"article:modified_time\" content=\"2017-03-24T05:41:06+00:00\" \/>\n<meta property=\"og:image\" content=\"https:\/\/www.naturparkmagazin.de\/stechlin\/wp-content\/uploads\/sites\/38\/Lawi2017.jpg\" \/>\n\t<meta property=\"og:image:width\" content=\"200\" \/>\n\t<meta property=\"og:image:height\" content=\"200\" \/>\n\t<meta property=\"og:image:type\" content=\"image\/jpeg\" \/>\n<meta name=\"author\" content=\"marioschrumpf\" \/>\n<meta name=\"twitter:label1\" content=\"Verfasst von\" \/>\n\t<meta name=\"twitter:data1\" content=\"marioschrumpf\" \/>\n\t<meta name=\"twitter:label2\" content=\"Gesch\u00e4tzte Lesezeit\" \/>\n\t<meta name=\"twitter:data2\" content=\"2\u00a0Minuten\" \/>\n<script type=\"application\/ld+json\" class=\"yoast-schema-graph\">{\"@context\":\"https:\/\/schema.org\",\"@graph\":[{\"@type\":\"WebPage\",\"@id\":\"https:\/\/www.naturparkmagazin.de\/stechlin\/gemeinsam-fuer-eine-nachhaltige-landnutzung\/\",\"url\":\"https:\/\/www.naturparkmagazin.de\/stechlin\/gemeinsam-fuer-eine-nachhaltige-landnutzung\/\",\"name\":\"Gemeinsam f\u00fcr eine nachhaltige Landnutzung - Naturpark Stechlin-Ruppiner Land\",\"isPartOf\":{\"@id\":\"https:\/\/www.naturparkmagazin.de\/stechlin\/#website\"},\"datePublished\":\"2017-03-21T13:00:52+00:00\",\"dateModified\":\"2017-03-24T05:41:06+00:00\",\"author\":{\"@id\":\"https:\/\/www.naturparkmagazin.de\/stechlin\/#\/schema\/person\/3f0d93203df21c806dd63c76d9bb28bc\"},\"breadcrumb\":{\"@id\":\"https:\/\/www.naturparkmagazin.de\/stechlin\/gemeinsam-fuer-eine-nachhaltige-landnutzung\/#breadcrumb\"},\"inLanguage\":\"de\",\"potentialAction\":[{\"@type\":\"ReadAction\",\"target\":[\"https:\/\/www.naturparkmagazin.de\/stechlin\/gemeinsam-fuer-eine-nachhaltige-landnutzung\/\"]}]},{\"@type\":\"BreadcrumbList\",\"@id\":\"https:\/\/www.naturparkmagazin.de\/stechlin\/gemeinsam-fuer-eine-nachhaltige-landnutzung\/#breadcrumb\",\"itemListElement\":[{\"@type\":\"ListItem\",\"position\":1,\"name\":\"Home\",\"item\":\"https:\/\/www.naturparkmagazin.de\/stechlin\/\"},{\"@type\":\"ListItem\",\"position\":2,\"name\":\"Gemeinsam f\u00fcr eine nachhaltige Landnutzung\"}]},{\"@type\":\"WebSite\",\"@id\":\"https:\/\/www.naturparkmagazin.de\/stechlin\/#website\",\"url\":\"https:\/\/www.naturparkmagazin.de\/stechlin\/\",\"name\":\"Naturpark Stechlin-Ruppiner Land\",\"description\":\"\",\"potentialAction\":[{\"@type\":\"SearchAction\",\"target\":{\"@type\":\"EntryPoint\",\"urlTemplate\":\"https:\/\/www.naturparkmagazin.de\/stechlin\/?s={search_term_string}\"},\"query-input\":\"required name=search_term_string\"}],\"inLanguage\":\"de\"},{\"@type\":\"Person\",\"@id\":\"https:\/\/www.naturparkmagazin.de\/stechlin\/#\/schema\/person\/3f0d93203df21c806dd63c76d9bb28bc\",\"name\":\"marioschrumpf\",\"url\":\"https:\/\/www.naturparkmagazin.de\/stechlin\/author\/marioschrumpf\/\"}]}<\/script>\n<!-- \/ Yoast SEO plugin. -->","yoast_head_json":{"title":"Gemeinsam f\u00fcr eine nachhaltige Landnutzung - Naturpark Stechlin-Ruppiner Land","robots":{"index":"index","follow":"follow","max-snippet":"max-snippet:-1","max-image-preview":"max-image-preview:large","max-video-preview":"max-video-preview:-1"},"canonical":"https:\/\/www.naturparkmagazin.de\/stechlin\/gemeinsam-fuer-eine-nachhaltige-landnutzung\/","og_locale":"de_DE","og_type":"article","og_title":"Gemeinsam f\u00fcr eine nachhaltige Landnutzung - Naturpark Stechlin-Ruppiner Land","og_description":"Mehr als 50 Teilnehmer aus Landwirtschaft, Handel und Verarbeitung sind der Einladung zum 1. Landwirtschaftstag im Naturpark Stechlin-Ruppiner Land gefolgt.","og_url":"https:\/\/www.naturparkmagazin.de\/stechlin\/gemeinsam-fuer-eine-nachhaltige-landnutzung\/","og_site_name":"Naturpark Stechlin-Ruppiner Land","article_published_time":"2017-03-21T13:00:52+00:00","article_modified_time":"2017-03-24T05:41:06+00:00","og_image":[{"width":200,"height":200,"url":"https:\/\/www.naturparkmagazin.de\/stechlin\/wp-content\/uploads\/sites\/38\/Lawi2017.jpg","type":"image\/jpeg"}],"author":"marioschrumpf","twitter_misc":{"Verfasst von":"marioschrumpf","Gesch\u00e4tzte Lesezeit":"2\u00a0Minuten"},"schema":{"@context":"https:\/\/schema.org","@graph":[{"@type":"WebPage","@id":"https:\/\/www.naturparkmagazin.de\/stechlin\/gemeinsam-fuer-eine-nachhaltige-landnutzung\/","url":"https:\/\/www.naturparkmagazin.de\/stechlin\/gemeinsam-fuer-eine-nachhaltige-landnutzung\/","name":"Gemeinsam f\u00fcr eine nachhaltige Landnutzung - Naturpark Stechlin-Ruppiner Land","isPartOf":{"@id":"https:\/\/www.naturparkmagazin.de\/stechlin\/#website"},"datePublished":"2017-03-21T13:00:52+00:00","dateModified":"2017-03-24T05:41:06+00:00","author":{"@id":"https:\/\/www.naturparkmagazin.de\/stechlin\/#\/schema\/person\/3f0d93203df21c806dd63c76d9bb28bc"},"breadcrumb":{"@id":"https:\/\/www.naturparkmagazin.de\/stechlin\/gemeinsam-fuer-eine-nachhaltige-landnutzung\/#breadcrumb"},"inLanguage":"de","potentialAction":[{"@type":"ReadAction","target":["https:\/\/www.naturparkmagazin.de\/stechlin\/gemeinsam-fuer-eine-nachhaltige-landnutzung\/"]}]},{"@type":"BreadcrumbList","@id":"https:\/\/www.naturparkmagazin.de\/stechlin\/gemeinsam-fuer-eine-nachhaltige-landnutzung\/#breadcrumb","itemListElement":[{"@type":"ListItem","position":1,"name":"Home","item":"https:\/\/www.naturparkmagazin.de\/stechlin\/"},{"@type":"ListItem","position":2,"name":"Gemeinsam f\u00fcr eine nachhaltige Landnutzung"}]},{"@type":"WebSite","@id":"https:\/\/www.naturparkmagazin.de\/stechlin\/#website","url":"https:\/\/www.naturparkmagazin.de\/stechlin\/","name":"Naturpark Stechlin-Ruppiner Land","description":"","potentialAction":[{"@type":"SearchAction","target":{"@type":"EntryPoint","urlTemplate":"https:\/\/www.naturparkmagazin.de\/stechlin\/?s={search_term_string}"},"query-input":"required name=search_term_string"}],"inLanguage":"de"},{"@type":"Person","@id":"https:\/\/www.naturparkmagazin.de\/stechlin\/#\/schema\/person\/3f0d93203df21c806dd63c76d9bb28bc","name":"marioschrumpf","url":"https:\/\/www.naturparkmagazin.de\/stechlin\/author\/marioschrumpf\/"}]}},"_links":{"self":[{"href":"https:\/\/www.naturparkmagazin.de\/stechlin\/wp-json\/wp\/v2\/posts\/5289"}],"collection":[{"href":"https:\/\/www.naturparkmagazin.de\/stechlin\/wp-json\/wp\/v2\/posts"}],"about":[{"href":"https:\/\/www.naturparkmagazin.de\/stechlin\/wp-json\/wp\/v2\/types\/post"}],"author":[{"embeddable":true,"href":"https:\/\/www.naturparkmagazin.de\/stechlin\/wp-json\/wp\/v2\/users\/39"}],"replies":[{"embeddable":true,"href":"https:\/\/www.naturparkmagazin.de\/stechlin\/wp-json\/wp\/v2\/comments?post=5289"}],"version-history":[{"count":7,"href":"https:\/\/www.naturparkmagazin.de\/stechlin\/wp-json\/wp\/v2\/posts\/5289\/revisions"}],"predecessor-version":[{"id":5420,"href":"https:\/\/www.naturparkmagazin.de\/stechlin\/wp-json\/wp\/v2\/posts\/5289\/revisions\/5420"}],"wp:featuredmedia":[{"embeddable":true,"href":"https:\/\/www.naturparkmagazin.de\/stechlin\/wp-json\/wp\/v2\/media\/5295"}],"wp:attachment":[{"href":"https:\/\/www.naturparkmagazin.de\/stechlin\/wp-json\/wp\/v2\/media?parent=5289"}],"wp:term":[{"taxonomy":"category","embeddable":true,"href":"https:\/\/www.naturparkmagazin.de\/stechlin\/wp-json\/wp\/v2\/categories?post=5289"},{"taxonomy":"post_tag","embeddable":true,"href":"https:\/\/www.naturparkmagazin.de\/stechlin\/wp-json\/wp\/v2\/tags?post=5289"}],"curies":[{"name":"wp","href":"https:\/\/api.w.org\/{rel}","templated":true}]}}