{"id":5302,"date":"2017-03-20T18:30:19","date_gmt":"2017-03-20T17:30:19","guid":{"rendered":"http:\/\/www.naturparkmagazin.de\/stechlin\/?p=5302"},"modified":"2017-03-24T06:46:09","modified_gmt":"2017-03-24T05:46:09","slug":"wilde-eroeffnung-der-glaesernen-manufaktur","status":"publish","type":"post","link":"https:\/\/www.naturparkmagazin.de\/stechlin\/wilde-eroeffnung-der-glaesernen-manufaktur\/","title":{"rendered":"Wilde Er\u00f6ffnung der gl\u00e4sernen Manufaktur"},"content":{"rendered":"<div id=\"attachment_5305\" style=\"width: 310px\" class=\"wp-caption alignleft\"><a href=\"https:\/\/www.naturparkmagazin.de\/stechlin\/wp-content\/uploads\/sites\/38\/drei-jahreszeiten2.jpg\"><img aria-describedby=\"caption-attachment-5305\" decoding=\"async\" loading=\"lazy\" class=\"size-thumbnail wp-image-5305\" src=\"https:\/\/www.naturparkmagazin.de\/stechlin\/wp-content\/uploads\/sites\/38\/drei-jahreszeiten2-300x180.jpg\" alt=\"Susanne Ludwig, Leo Tiede und Phil Hartmann als regionaler Anbieter am Stand des Naturparks zur gr\u00fcnen Woche\" width=\"300\" height=\"180\" srcset=\"https:\/\/www.naturparkmagazin.de\/stechlin\/wp-content\/uploads\/sites\/38\/drei-jahreszeiten2-300x180.jpg 300w, https:\/\/www.naturparkmagazin.de\/stechlin\/wp-content\/uploads\/sites\/38\/drei-jahreszeiten2.jpg 500w, https:\/\/www.naturparkmagazin.de\/stechlin\/wp-content\/uploads\/sites\/38\/drei-jahreszeiten2-200x120.jpg 200w\" sizes=\"(max-width: 300px) 100vw, 300px\" \/><\/a><p id=\"caption-attachment-5305\" class=\"wp-caption-text\">Susanne Ludwig, Leo Tiede und Phil Hartmann als regionaler Anbieter am Stand des Naturparks zur Gr\u00fcnen Woche<\/p><\/div>\n<p>&nbsp;<\/p>\n<p>&nbsp;<\/p>\n<p>&nbsp;<\/p>\n<p>&nbsp;<\/p>\n<p>&nbsp;<\/p>\n<p>&nbsp;<\/p>\n<p>&nbsp;<\/p>\n<p>&nbsp;<\/p>\n<p>&nbsp;<\/p>\n<p>Die drei Jungunternehmer versprechen einen abwechslungsreichen Tag f\u00fcr die ganze Familie beim Schlendern, Staunen und Schlemmen. Geboten werden u. a. Schauproduktion in der gl\u00e4sernen Manufaktur, gro\u00dfe Verkostung im Hofladen, Hofbesichtigung und F\u00fchrungen, k\u00f6stliche Speisen und Getr\u00e4nke, Besichtigung der Ferienwohnungen sowie offene Weinprobe mit den Weingut Porderhof.<\/p>\n<div id=\"attachment_5304\" style=\"width: 310px\" class=\"wp-caption alignleft\"><a href=\"https:\/\/www.naturparkmagazin.de\/stechlin\/wp-content\/uploads\/sites\/38\/Drei-jahreszeiten1.jpg\"><img aria-describedby=\"caption-attachment-5304\" decoding=\"async\" loading=\"lazy\" class=\"size-thumbnail wp-image-5304\" src=\"https:\/\/www.naturparkmagazin.de\/stechlin\/wp-content\/uploads\/sites\/38\/Drei-jahreszeiten1-300x180.jpg\" alt=\"Leo Tiede und Phil Hartmann beim Einr\u00e4umen des Hofladens\" width=\"300\" height=\"180\" srcset=\"https:\/\/www.naturparkmagazin.de\/stechlin\/wp-content\/uploads\/sites\/38\/Drei-jahreszeiten1-300x180.jpg 300w, https:\/\/www.naturparkmagazin.de\/stechlin\/wp-content\/uploads\/sites\/38\/Drei-jahreszeiten1.jpg 500w, https:\/\/www.naturparkmagazin.de\/stechlin\/wp-content\/uploads\/sites\/38\/Drei-jahreszeiten1-200x120.jpg 200w\" sizes=\"(max-width: 300px) 100vw, 300px\" \/><\/a><p id=\"caption-attachment-5304\" class=\"wp-caption-text\">Leo Tiede und Phil Hartmann beim Einr\u00e4umen des Hofladens<\/p><\/div>\n","protected":false},"excerpt":{"rendered":"<p>Am 29. April er\u00f6ffnet um 10 Uhr in Altglobsow die gl\u00e4serne Manufaktur &#8222;Drei Jahreszeiten&#8220; mit Hofladen auf dem Biohof Kepos.<\/p>\n","protected":false},"author":39,"featured_media":5303,"comment_status":"open","ping_status":"open","sticky":false,"template":"","format":"standard","meta":[],"categories":[11],"tags":[],"yoast_head":"<!-- This site is optimized with the Yoast SEO plugin v19.10 - https:\/\/yoast.com\/wordpress\/plugins\/seo\/ -->\n<title>Wilde Er\u00f6ffnung der gl\u00e4sernen Manufaktur - Naturpark Stechlin-Ruppiner Land<\/title>\n<meta name=\"robots\" content=\"index, follow, max-snippet:-1, max-image-preview:large, max-video-preview:-1\" \/>\n<link rel=\"canonical\" href=\"https:\/\/www.naturparkmagazin.de\/stechlin\/wilde-eroeffnung-der-glaesernen-manufaktur\/\" \/>\n<meta property=\"og:locale\" content=\"de_DE\" \/>\n<meta property=\"og:type\" content=\"article\" \/>\n<meta property=\"og:title\" content=\"Wilde Er\u00f6ffnung der gl\u00e4sernen Manufaktur - Naturpark Stechlin-Ruppiner Land\" \/>\n<meta property=\"og:description\" content=\"Am 29. April er\u00f6ffnet um 10 Uhr in Altglobsow die gl\u00e4serne Manufaktur &quot;Drei Jahreszeiten&quot; mit Hofladen auf dem Biohof Kepos.\" \/>\n<meta property=\"og:url\" content=\"https:\/\/www.naturparkmagazin.de\/stechlin\/wilde-eroeffnung-der-glaesernen-manufaktur\/\" \/>\n<meta property=\"og:site_name\" content=\"Naturpark Stechlin-Ruppiner Land\" \/>\n<meta property=\"article:published_time\" content=\"2017-03-20T17:30:19+00:00\" \/>\n<meta property=\"article:modified_time\" content=\"2017-03-24T05:46:09+00:00\" \/>\n<meta property=\"og:image\" content=\"https:\/\/www.naturparkmagazin.de\/stechlin\/wp-content\/uploads\/sites\/38\/Er\u00f6ffnung-Drei-Jahreszeiten.jpg\" \/>\n\t<meta property=\"og:image:width\" content=\"200\" \/>\n\t<meta property=\"og:image:height\" content=\"200\" \/>\n\t<meta property=\"og:image:type\" content=\"image\/jpeg\" \/>\n<meta name=\"author\" content=\"marioschrumpf\" \/>\n<meta name=\"twitter:label1\" content=\"Verfasst von\" \/>\n\t<meta name=\"twitter:data1\" content=\"marioschrumpf\" \/>\n\t<meta name=\"twitter:label2\" content=\"Gesch\u00e4tzte Lesezeit\" \/>\n\t<meta name=\"twitter:data2\" content=\"1\u00a0Minute\" \/>\n<script type=\"application\/ld+json\" class=\"yoast-schema-graph\">{\"@context\":\"https:\/\/schema.org\",\"@graph\":[{\"@type\":\"WebPage\",\"@id\":\"https:\/\/www.naturparkmagazin.de\/stechlin\/wilde-eroeffnung-der-glaesernen-manufaktur\/\",\"url\":\"https:\/\/www.naturparkmagazin.de\/stechlin\/wilde-eroeffnung-der-glaesernen-manufaktur\/\",\"name\":\"Wilde Er\u00f6ffnung der gl\u00e4sernen Manufaktur - Naturpark Stechlin-Ruppiner Land\",\"isPartOf\":{\"@id\":\"https:\/\/www.naturparkmagazin.de\/stechlin\/#website\"},\"datePublished\":\"2017-03-20T17:30:19+00:00\",\"dateModified\":\"2017-03-24T05:46:09+00:00\",\"author\":{\"@id\":\"https:\/\/www.naturparkmagazin.de\/stechlin\/#\/schema\/person\/3f0d93203df21c806dd63c76d9bb28bc\"},\"breadcrumb\":{\"@id\":\"https:\/\/www.naturparkmagazin.de\/stechlin\/wilde-eroeffnung-der-glaesernen-manufaktur\/#breadcrumb\"},\"inLanguage\":\"de\",\"potentialAction\":[{\"@type\":\"ReadAction\",\"target\":[\"https:\/\/www.naturparkmagazin.de\/stechlin\/wilde-eroeffnung-der-glaesernen-manufaktur\/\"]}]},{\"@type\":\"BreadcrumbList\",\"@id\":\"https:\/\/www.naturparkmagazin.de\/stechlin\/wilde-eroeffnung-der-glaesernen-manufaktur\/#breadcrumb\",\"itemListElement\":[{\"@type\":\"ListItem\",\"position\":1,\"name\":\"Home\",\"item\":\"https:\/\/www.naturparkmagazin.de\/stechlin\/\"},{\"@type\":\"ListItem\",\"position\":2,\"name\":\"Wilde Er\u00f6ffnung der gl\u00e4sernen Manufaktur\"}]},{\"@type\":\"WebSite\",\"@id\":\"https:\/\/www.naturparkmagazin.de\/stechlin\/#website\",\"url\":\"https:\/\/www.naturparkmagazin.de\/stechlin\/\",\"name\":\"Naturpark Stechlin-Ruppiner Land\",\"description\":\"\",\"potentialAction\":[{\"@type\":\"SearchAction\",\"target\":{\"@type\":\"EntryPoint\",\"urlTemplate\":\"https:\/\/www.naturparkmagazin.de\/stechlin\/?s={search_term_string}\"},\"query-input\":\"required name=search_term_string\"}],\"inLanguage\":\"de\"},{\"@type\":\"Person\",\"@id\":\"https:\/\/www.naturparkmagazin.de\/stechlin\/#\/schema\/person\/3f0d93203df21c806dd63c76d9bb28bc\",\"name\":\"marioschrumpf\",\"url\":\"https:\/\/www.naturparkmagazin.de\/stechlin\/author\/marioschrumpf\/\"}]}<\/script>\n<!-- \/ Yoast SEO plugin. -->","yoast_head_json":{"title":"Wilde Er\u00f6ffnung der gl\u00e4sernen Manufaktur - Naturpark Stechlin-Ruppiner Land","robots":{"index":"index","follow":"follow","max-snippet":"max-snippet:-1","max-image-preview":"max-image-preview:large","max-video-preview":"max-video-preview:-1"},"canonical":"https:\/\/www.naturparkmagazin.de\/stechlin\/wilde-eroeffnung-der-glaesernen-manufaktur\/","og_locale":"de_DE","og_type":"article","og_title":"Wilde Er\u00f6ffnung der gl\u00e4sernen Manufaktur - Naturpark Stechlin-Ruppiner Land","og_description":"Am 29. April er\u00f6ffnet um 10 Uhr in Altglobsow die gl\u00e4serne Manufaktur \"Drei Jahreszeiten\" mit Hofladen auf dem Biohof Kepos.","og_url":"https:\/\/www.naturparkmagazin.de\/stechlin\/wilde-eroeffnung-der-glaesernen-manufaktur\/","og_site_name":"Naturpark Stechlin-Ruppiner Land","article_published_time":"2017-03-20T17:30:19+00:00","article_modified_time":"2017-03-24T05:46:09+00:00","og_image":[{"width":200,"height":200,"url":"https:\/\/www.naturparkmagazin.de\/stechlin\/wp-content\/uploads\/sites\/38\/Er\u00f6ffnung-Drei-Jahreszeiten.jpg","type":"image\/jpeg"}],"author":"marioschrumpf","twitter_misc":{"Verfasst von":"marioschrumpf","Gesch\u00e4tzte Lesezeit":"1\u00a0Minute"},"schema":{"@context":"https:\/\/schema.org","@graph":[{"@type":"WebPage","@id":"https:\/\/www.naturparkmagazin.de\/stechlin\/wilde-eroeffnung-der-glaesernen-manufaktur\/","url":"https:\/\/www.naturparkmagazin.de\/stechlin\/wilde-eroeffnung-der-glaesernen-manufaktur\/","name":"Wilde Er\u00f6ffnung der gl\u00e4sernen Manufaktur - Naturpark Stechlin-Ruppiner Land","isPartOf":{"@id":"https:\/\/www.naturparkmagazin.de\/stechlin\/#website"},"datePublished":"2017-03-20T17:30:19+00:00","dateModified":"2017-03-24T05:46:09+00:00","author":{"@id":"https:\/\/www.naturparkmagazin.de\/stechlin\/#\/schema\/person\/3f0d93203df21c806dd63c76d9bb28bc"},"breadcrumb":{"@id":"https:\/\/www.naturparkmagazin.de\/stechlin\/wilde-eroeffnung-der-glaesernen-manufaktur\/#breadcrumb"},"inLanguage":"de","potentialAction":[{"@type":"ReadAction","target":["https:\/\/www.naturparkmagazin.de\/stechlin\/wilde-eroeffnung-der-glaesernen-manufaktur\/"]}]},{"@type":"BreadcrumbList","@id":"https:\/\/www.naturparkmagazin.de\/stechlin\/wilde-eroeffnung-der-glaesernen-manufaktur\/#breadcrumb","itemListElement":[{"@type":"ListItem","position":1,"name":"Home","item":"https:\/\/www.naturparkmagazin.de\/stechlin\/"},{"@type":"ListItem","position":2,"name":"Wilde Er\u00f6ffnung der gl\u00e4sernen Manufaktur"}]},{"@type":"WebSite","@id":"https:\/\/www.naturparkmagazin.de\/stechlin\/#website","url":"https:\/\/www.naturparkmagazin.de\/stechlin\/","name":"Naturpark Stechlin-Ruppiner Land","description":"","potentialAction":[{"@type":"SearchAction","target":{"@type":"EntryPoint","urlTemplate":"https:\/\/www.naturparkmagazin.de\/stechlin\/?s={search_term_string}"},"query-input":"required name=search_term_string"}],"inLanguage":"de"},{"@type":"Person","@id":"https:\/\/www.naturparkmagazin.de\/stechlin\/#\/schema\/person\/3f0d93203df21c806dd63c76d9bb28bc","name":"marioschrumpf","url":"https:\/\/www.naturparkmagazin.de\/stechlin\/author\/marioschrumpf\/"}]}},"_links":{"self":[{"href":"https:\/\/www.naturparkmagazin.de\/stechlin\/wp-json\/wp\/v2\/posts\/5302"}],"collection":[{"href":"https:\/\/www.naturparkmagazin.de\/stechlin\/wp-json\/wp\/v2\/posts"}],"about":[{"href":"https:\/\/www.naturparkmagazin.de\/stechlin\/wp-json\/wp\/v2\/types\/post"}],"author":[{"embeddable":true,"href":"https:\/\/www.naturparkmagazin.de\/stechlin\/wp-json\/wp\/v2\/users\/39"}],"replies":[{"embeddable":true,"href":"https:\/\/www.naturparkmagazin.de\/stechlin\/wp-json\/wp\/v2\/comments?post=5302"}],"version-history":[{"count":3,"href":"https:\/\/www.naturparkmagazin.de\/stechlin\/wp-json\/wp\/v2\/posts\/5302\/revisions"}],"predecessor-version":[{"id":5371,"href":"https:\/\/www.naturparkmagazin.de\/stechlin\/wp-json\/wp\/v2\/posts\/5302\/revisions\/5371"}],"wp:featuredmedia":[{"embeddable":true,"href":"https:\/\/www.naturparkmagazin.de\/stechlin\/wp-json\/wp\/v2\/media\/5303"}],"wp:attachment":[{"href":"https:\/\/www.naturparkmagazin.de\/stechlin\/wp-json\/wp\/v2\/media?parent=5302"}],"wp:term":[{"taxonomy":"category","embeddable":true,"href":"https:\/\/www.naturparkmagazin.de\/stechlin\/wp-json\/wp\/v2\/categories?post=5302"},{"taxonomy":"post_tag","embeddable":true,"href":"https:\/\/www.naturparkmagazin.de\/stechlin\/wp-json\/wp\/v2\/tags?post=5302"}],"curies":[{"name":"wp","href":"https:\/\/api.w.org\/{rel}","templated":true}]}}