{"id":5326,"date":"2017-03-21T13:30:36","date_gmt":"2017-03-21T12:30:36","guid":{"rendered":"http:\/\/www.naturparkmagazin.de\/stechlin\/?p=5326"},"modified":"2017-03-22T11:56:22","modified_gmt":"2017-03-22T10:56:22","slug":"neue-naturparkleiterin-im-nachbarnaturpark-uckermaerkische-seen","status":"publish","type":"post","link":"https:\/\/www.naturparkmagazin.de\/stechlin\/neue-naturparkleiterin-im-nachbarnaturpark-uckermaerkische-seen\/","title":{"rendered":"Neue Leiterin im Nachbar-Naturpark Uckerm\u00e4rkische Seen"},"content":{"rendered":"<p>Heike Wiedenh\u00f6ft \u00fcbernimmt ab 1. Mai die Leitung des Naturparks Uckerm\u00e4rkische Seen. Die promovierte Biologin folgt auf Roland Resch. Der geborene Th\u00fcringer hat das Gro\u00dfschutzgebiet im Brandenburger Norden mit aufgebaut, 20 Jahre geleitet und geht nun in den verdienten Ruhestand.<\/p>\n<div id=\"attachment_5331\" style=\"width: 190px\" class=\"wp-caption alignleft\"><a href=\"https:\/\/www.naturparkmagazin.de\/stechlin\/wp-content\/uploads\/sites\/38\/mauersberger1.jpg\"><img aria-describedby=\"caption-attachment-5331\" decoding=\"async\" loading=\"lazy\" class=\"size-full wp-image-5331\" src=\"https:\/\/www.naturparkmagazin.de\/stechlin\/wp-content\/uploads\/sites\/38\/mauersberger1.jpg\" alt=\"Die neue Naturparkleiterin.\" width=\"180\" height=\"300\" \/><\/a><p id=\"caption-attachment-5331\" class=\"wp-caption-text\">Frau Dr. Heike Wiedenh\u00f6ft.<\/p><\/div>\n<p>&nbsp;<\/p>\n<p>&nbsp;<\/p>\n<p>&nbsp;<\/p>\n<p>&nbsp;<\/p>\n<p>&nbsp;<\/p>\n<p>&nbsp;<\/p>\n<p>&nbsp;<\/p>\n<p>&nbsp;<\/p>\n<p>&nbsp;<\/p>\n<p>&nbsp;<\/p>\n<p>&nbsp;<\/p>\n<p>&nbsp;<\/p>\n<p>Heike Wiedenh\u00f6ft wurde 1966 in Leipzig geboren und studierte dort Biologie. 1990 zog sie in die Uckermark und arbeitete 25 Jahre im Biosph\u00e4renreservat Schorfheide-Chorin. Die Seen dieses UNESCO-Gro\u00dfschutzgebietes waren Thema ihrer Promotion 1996 an der Universit\u00e4t Greifswald. Die Mutter von vier Kindern hat sich in den letzten Jahren insbesondere mit Fischerei, Seenbewirtschaftung und Angelnutzung sowie Moorschutz im Wald und Regionalentwicklung besch\u00e4ftigt. Mit dem benachbarten Naturpark verbinden sie viele berufliche Kontakte, insbesondere mit der Forstverwaltung und dem F\u00f6rderverein Feldberg-Uckerm\u00e4rkische Seenlandschaft. Zu den Schwerpunkten der neuen Naturparkleiterin werden unter anderem die weitere touristische Entwicklung der Uckerm\u00e4rkischen Seen, zum Beispiel beim Kanuwandern und Radfahren, sowie die FFH-Managementplanung in enger Abstimmung mit den Menschen vor Ort z\u00e4hlen.<\/p>\n<div id=\"attachment_5327\" style=\"width: 210px\" class=\"wp-caption alignleft\"><a href=\"https:\/\/www.naturparkmagazin.de\/stechlin\/wp-content\/uploads\/sites\/38\/Roland-Resch.jpg\"><img aria-describedby=\"caption-attachment-5327\" decoding=\"async\" loading=\"lazy\" class=\"size-full wp-image-5327\" src=\"https:\/\/www.naturparkmagazin.de\/stechlin\/wp-content\/uploads\/sites\/38\/Roland-Resch.jpg\" alt=\"Der ehemalige Naturparkleiter Roland Resch.\" width=\"200\" height=\"300\" \/><\/a><p id=\"caption-attachment-5327\" class=\"wp-caption-text\">Der\u00a0scheidende Naturparkleiter Roland Resch.<\/p><\/div>\n<p>&nbsp;<\/p>\n<p>&nbsp;<\/p>\n<p>&nbsp;<\/p>\n<p>&nbsp;<\/p>\n<p>&nbsp;<\/p>\n<p>&nbsp;<\/p>\n<p>&nbsp;<\/p>\n<p>&nbsp;<\/p>\n<p>&nbsp;<\/p>\n<p>&nbsp;<\/p>\n<p>&nbsp;<\/p>\n<p>&nbsp;<\/p>\n<p>&nbsp;<\/p>\n<p>Der 1951 geborene Roland Resch arbeitete nach dem Studium der katholischen Theologie und der Wissenschaft zun\u00e4chst als Ingenieur und wechselte 1990 zun\u00e4chst in die Kommunalverwaltung, sp\u00e4ter in die Landesverwaltung. So war er von 1991 bis 1992 Landrat des Landkreises Templin und anschlie\u00dfend bis 1994 brandenburgischer Bildungsminister. Ab 1996 leitete er den Aufbau und ein Jahr sp\u00e4ter schlie\u00dflich die Verwaltung des Naturparks Uckerm\u00e4rkische Seen. Zum offiziellen Ausscheiden von Roland Resch Ende April 2017 wird eine feierliche Verabschiedung und die symbolische Staffel\u00fcbergabe an die neue Naturparkleiterin Heike Wiedenh\u00f6ft stattfinden.<\/p>\n<p>Das Team des Naturparks Stechlin-Ruppiner Land w\u00fcnscht Heike Wiedenh\u00f6ft viel Erfolg bei der Leitung des Nachbar-Naturparks!<\/p>\n<p>Ein herzliches Dankesch\u00f6n auch an Roland Resch f\u00fcr die langj\u00e4hrige Unterst\u00fctzung unserer Arbeit!<\/p>\n<p>&nbsp;<\/p>\n","protected":false},"excerpt":{"rendered":"<p>Heike Wiedenh\u00f6ft \u00fcbernimmt ab 1. Mai die Leitung des Naturparks Uckerm\u00e4rkische Seen. Die promovierte Biologin folgt Roland Resch. <\/p>\n","protected":false},"author":39,"featured_media":5330,"comment_status":"open","ping_status":"open","sticky":false,"template":"","format":"standard","meta":[],"categories":[7],"tags":[],"yoast_head":"<!-- This site is optimized with the Yoast SEO plugin v19.10 - https:\/\/yoast.com\/wordpress\/plugins\/seo\/ -->\n<title>Neue Leiterin im Nachbar-Naturpark Uckerm\u00e4rkische Seen - Naturpark Stechlin-Ruppiner Land<\/title>\n<meta name=\"robots\" content=\"index, follow, max-snippet:-1, max-image-preview:large, max-video-preview:-1\" \/>\n<link rel=\"canonical\" href=\"https:\/\/www.naturparkmagazin.de\/stechlin\/neue-naturparkleiterin-im-nachbarnaturpark-uckermaerkische-seen\/\" \/>\n<meta property=\"og:locale\" content=\"de_DE\" \/>\n<meta property=\"og:type\" content=\"article\" \/>\n<meta property=\"og:title\" content=\"Neue Leiterin im Nachbar-Naturpark Uckerm\u00e4rkische Seen - Naturpark Stechlin-Ruppiner Land\" \/>\n<meta property=\"og:description\" content=\"Heike Wiedenh\u00f6ft \u00fcbernimmt ab 1. Mai die Leitung des Naturparks Uckerm\u00e4rkische Seen. Die promovierte Biologin folgt Roland Resch.\" \/>\n<meta property=\"og:url\" content=\"https:\/\/www.naturparkmagazin.de\/stechlin\/neue-naturparkleiterin-im-nachbarnaturpark-uckermaerkische-seen\/\" \/>\n<meta property=\"og:site_name\" content=\"Naturpark Stechlin-Ruppiner Land\" \/>\n<meta property=\"article:published_time\" content=\"2017-03-21T12:30:36+00:00\" \/>\n<meta property=\"article:modified_time\" content=\"2017-03-22T10:56:22+00:00\" \/>\n<meta property=\"og:image\" content=\"https:\/\/www.naturparkmagazin.de\/stechlin\/wp-content\/uploads\/sites\/38\/mauersberger.jpg\" \/>\n\t<meta property=\"og:image:width\" content=\"200\" \/>\n\t<meta property=\"og:image:height\" content=\"200\" \/>\n\t<meta property=\"og:image:type\" content=\"image\/jpeg\" \/>\n<meta name=\"author\" content=\"marioschrumpf\" \/>\n<meta name=\"twitter:label1\" content=\"Verfasst von\" \/>\n\t<meta name=\"twitter:data1\" content=\"marioschrumpf\" \/>\n\t<meta name=\"twitter:label2\" content=\"Gesch\u00e4tzte Lesezeit\" \/>\n\t<meta name=\"twitter:data2\" content=\"2\u00a0Minuten\" \/>\n<script type=\"application\/ld+json\" class=\"yoast-schema-graph\">{\"@context\":\"https:\/\/schema.org\",\"@graph\":[{\"@type\":\"WebPage\",\"@id\":\"https:\/\/www.naturparkmagazin.de\/stechlin\/neue-naturparkleiterin-im-nachbarnaturpark-uckermaerkische-seen\/\",\"url\":\"https:\/\/www.naturparkmagazin.de\/stechlin\/neue-naturparkleiterin-im-nachbarnaturpark-uckermaerkische-seen\/\",\"name\":\"Neue Leiterin im Nachbar-Naturpark Uckerm\u00e4rkische Seen - Naturpark Stechlin-Ruppiner Land\",\"isPartOf\":{\"@id\":\"https:\/\/www.naturparkmagazin.de\/stechlin\/#website\"},\"datePublished\":\"2017-03-21T12:30:36+00:00\",\"dateModified\":\"2017-03-22T10:56:22+00:00\",\"author\":{\"@id\":\"https:\/\/www.naturparkmagazin.de\/stechlin\/#\/schema\/person\/3f0d93203df21c806dd63c76d9bb28bc\"},\"breadcrumb\":{\"@id\":\"https:\/\/www.naturparkmagazin.de\/stechlin\/neue-naturparkleiterin-im-nachbarnaturpark-uckermaerkische-seen\/#breadcrumb\"},\"inLanguage\":\"de\",\"potentialAction\":[{\"@type\":\"ReadAction\",\"target\":[\"https:\/\/www.naturparkmagazin.de\/stechlin\/neue-naturparkleiterin-im-nachbarnaturpark-uckermaerkische-seen\/\"]}]},{\"@type\":\"BreadcrumbList\",\"@id\":\"https:\/\/www.naturparkmagazin.de\/stechlin\/neue-naturparkleiterin-im-nachbarnaturpark-uckermaerkische-seen\/#breadcrumb\",\"itemListElement\":[{\"@type\":\"ListItem\",\"position\":1,\"name\":\"Home\",\"item\":\"https:\/\/www.naturparkmagazin.de\/stechlin\/\"},{\"@type\":\"ListItem\",\"position\":2,\"name\":\"Neue Leiterin im Nachbar-Naturpark Uckerm\u00e4rkische Seen\"}]},{\"@type\":\"WebSite\",\"@id\":\"https:\/\/www.naturparkmagazin.de\/stechlin\/#website\",\"url\":\"https:\/\/www.naturparkmagazin.de\/stechlin\/\",\"name\":\"Naturpark Stechlin-Ruppiner Land\",\"description\":\"\",\"potentialAction\":[{\"@type\":\"SearchAction\",\"target\":{\"@type\":\"EntryPoint\",\"urlTemplate\":\"https:\/\/www.naturparkmagazin.de\/stechlin\/?s={search_term_string}\"},\"query-input\":\"required name=search_term_string\"}],\"inLanguage\":\"de\"},{\"@type\":\"Person\",\"@id\":\"https:\/\/www.naturparkmagazin.de\/stechlin\/#\/schema\/person\/3f0d93203df21c806dd63c76d9bb28bc\",\"name\":\"marioschrumpf\",\"url\":\"https:\/\/www.naturparkmagazin.de\/stechlin\/author\/marioschrumpf\/\"}]}<\/script>\n<!-- \/ Yoast SEO plugin. -->","yoast_head_json":{"title":"Neue Leiterin im Nachbar-Naturpark Uckerm\u00e4rkische Seen - Naturpark Stechlin-Ruppiner Land","robots":{"index":"index","follow":"follow","max-snippet":"max-snippet:-1","max-image-preview":"max-image-preview:large","max-video-preview":"max-video-preview:-1"},"canonical":"https:\/\/www.naturparkmagazin.de\/stechlin\/neue-naturparkleiterin-im-nachbarnaturpark-uckermaerkische-seen\/","og_locale":"de_DE","og_type":"article","og_title":"Neue Leiterin im Nachbar-Naturpark Uckerm\u00e4rkische Seen - Naturpark Stechlin-Ruppiner Land","og_description":"Heike Wiedenh\u00f6ft \u00fcbernimmt ab 1. Mai die Leitung des Naturparks Uckerm\u00e4rkische Seen. Die promovierte Biologin folgt Roland Resch.","og_url":"https:\/\/www.naturparkmagazin.de\/stechlin\/neue-naturparkleiterin-im-nachbarnaturpark-uckermaerkische-seen\/","og_site_name":"Naturpark Stechlin-Ruppiner Land","article_published_time":"2017-03-21T12:30:36+00:00","article_modified_time":"2017-03-22T10:56:22+00:00","og_image":[{"width":200,"height":200,"url":"https:\/\/www.naturparkmagazin.de\/stechlin\/wp-content\/uploads\/sites\/38\/mauersberger.jpg","type":"image\/jpeg"}],"author":"marioschrumpf","twitter_misc":{"Verfasst von":"marioschrumpf","Gesch\u00e4tzte Lesezeit":"2\u00a0Minuten"},"schema":{"@context":"https:\/\/schema.org","@graph":[{"@type":"WebPage","@id":"https:\/\/www.naturparkmagazin.de\/stechlin\/neue-naturparkleiterin-im-nachbarnaturpark-uckermaerkische-seen\/","url":"https:\/\/www.naturparkmagazin.de\/stechlin\/neue-naturparkleiterin-im-nachbarnaturpark-uckermaerkische-seen\/","name":"Neue Leiterin im Nachbar-Naturpark Uckerm\u00e4rkische Seen - Naturpark Stechlin-Ruppiner Land","isPartOf":{"@id":"https:\/\/www.naturparkmagazin.de\/stechlin\/#website"},"datePublished":"2017-03-21T12:30:36+00:00","dateModified":"2017-03-22T10:56:22+00:00","author":{"@id":"https:\/\/www.naturparkmagazin.de\/stechlin\/#\/schema\/person\/3f0d93203df21c806dd63c76d9bb28bc"},"breadcrumb":{"@id":"https:\/\/www.naturparkmagazin.de\/stechlin\/neue-naturparkleiterin-im-nachbarnaturpark-uckermaerkische-seen\/#breadcrumb"},"inLanguage":"de","potentialAction":[{"@type":"ReadAction","target":["https:\/\/www.naturparkmagazin.de\/stechlin\/neue-naturparkleiterin-im-nachbarnaturpark-uckermaerkische-seen\/"]}]},{"@type":"BreadcrumbList","@id":"https:\/\/www.naturparkmagazin.de\/stechlin\/neue-naturparkleiterin-im-nachbarnaturpark-uckermaerkische-seen\/#breadcrumb","itemListElement":[{"@type":"ListItem","position":1,"name":"Home","item":"https:\/\/www.naturparkmagazin.de\/stechlin\/"},{"@type":"ListItem","position":2,"name":"Neue Leiterin im Nachbar-Naturpark Uckerm\u00e4rkische Seen"}]},{"@type":"WebSite","@id":"https:\/\/www.naturparkmagazin.de\/stechlin\/#website","url":"https:\/\/www.naturparkmagazin.de\/stechlin\/","name":"Naturpark Stechlin-Ruppiner Land","description":"","potentialAction":[{"@type":"SearchAction","target":{"@type":"EntryPoint","urlTemplate":"https:\/\/www.naturparkmagazin.de\/stechlin\/?s={search_term_string}"},"query-input":"required name=search_term_string"}],"inLanguage":"de"},{"@type":"Person","@id":"https:\/\/www.naturparkmagazin.de\/stechlin\/#\/schema\/person\/3f0d93203df21c806dd63c76d9bb28bc","name":"marioschrumpf","url":"https:\/\/www.naturparkmagazin.de\/stechlin\/author\/marioschrumpf\/"}]}},"_links":{"self":[{"href":"https:\/\/www.naturparkmagazin.de\/stechlin\/wp-json\/wp\/v2\/posts\/5326"}],"collection":[{"href":"https:\/\/www.naturparkmagazin.de\/stechlin\/wp-json\/wp\/v2\/posts"}],"about":[{"href":"https:\/\/www.naturparkmagazin.de\/stechlin\/wp-json\/wp\/v2\/types\/post"}],"author":[{"embeddable":true,"href":"https:\/\/www.naturparkmagazin.de\/stechlin\/wp-json\/wp\/v2\/users\/39"}],"replies":[{"embeddable":true,"href":"https:\/\/www.naturparkmagazin.de\/stechlin\/wp-json\/wp\/v2\/comments?post=5326"}],"version-history":[{"count":5,"href":"https:\/\/www.naturparkmagazin.de\/stechlin\/wp-json\/wp\/v2\/posts\/5326\/revisions"}],"predecessor-version":[{"id":5359,"href":"https:\/\/www.naturparkmagazin.de\/stechlin\/wp-json\/wp\/v2\/posts\/5326\/revisions\/5359"}],"wp:featuredmedia":[{"embeddable":true,"href":"https:\/\/www.naturparkmagazin.de\/stechlin\/wp-json\/wp\/v2\/media\/5330"}],"wp:attachment":[{"href":"https:\/\/www.naturparkmagazin.de\/stechlin\/wp-json\/wp\/v2\/media?parent=5326"}],"wp:term":[{"taxonomy":"category","embeddable":true,"href":"https:\/\/www.naturparkmagazin.de\/stechlin\/wp-json\/wp\/v2\/categories?post=5326"},{"taxonomy":"post_tag","embeddable":true,"href":"https:\/\/www.naturparkmagazin.de\/stechlin\/wp-json\/wp\/v2\/tags?post=5326"}],"curies":[{"name":"wp","href":"https:\/\/api.w.org\/{rel}","templated":true}]}}