{"id":538,"date":"2013-12-12T18:05:51","date_gmt":"2013-12-12T16:05:51","guid":{"rendered":"http:\/\/www.naturparkmagazin.de\/stechlin\/?p=538"},"modified":"2013-12-12T18:05:52","modified_gmt":"2013-12-12T16:05:52","slug":"neue-kanueinstiegsstelle-in-zippelsfoerde","status":"publish","type":"post","link":"https:\/\/www.naturparkmagazin.de\/stechlin\/neue-kanueinstiegsstelle-in-zippelsfoerde\/","title":{"rendered":"Neue Kanueinstiegsstelle in Zippelsf\u00f6rde"},"content":{"rendered":"<p>&nbsp;<\/p>\n<div id=\"attachment_539\" style=\"width: 630px\" class=\"wp-caption alignnone\"><a href=\"https:\/\/www.naturparkmagazin.de\/stechlin\/wp-content\/uploads\/sites\/38\/Einstiegsstelle-Zippel_Wilfried-Erdmann.jpg\"><img aria-describedby=\"caption-attachment-539\" decoding=\"async\" loading=\"lazy\" class=\"size-medium wp-image-539 \" title=\"Einstiegsstelle Zippelsf\u00f6rde\" alt=\"Einstiegsstelle Zippelsf\u00f6rde\" src=\"https:\/\/www.naturparkmagazin.de\/stechlin\/wp-content\/uploads\/sites\/38\/Einstiegsstelle-Zippel_Wilfried-Erdmann-620x433.jpg\" width=\"620\" height=\"433\" srcset=\"https:\/\/www.naturparkmagazin.de\/stechlin\/wp-content\/uploads\/sites\/38\/Einstiegsstelle-Zippel_Wilfried-Erdmann-620x433.jpg 620w, https:\/\/www.naturparkmagazin.de\/stechlin\/wp-content\/uploads\/sites\/38\/Einstiegsstelle-Zippel_Wilfried-Erdmann-300x210.jpg 300w, https:\/\/www.naturparkmagazin.de\/stechlin\/wp-content\/uploads\/sites\/38\/Einstiegsstelle-Zippel_Wilfried-Erdmann-940x657.jpg 940w, https:\/\/www.naturparkmagazin.de\/stechlin\/wp-content\/uploads\/sites\/38\/Einstiegsstelle-Zippel_Wilfried-Erdmann-670x468.jpg 670w, https:\/\/www.naturparkmagazin.de\/stechlin\/wp-content\/uploads\/sites\/38\/Einstiegsstelle-Zippel_Wilfried-Erdmann-200x140.jpg 200w, https:\/\/www.naturparkmagazin.de\/stechlin\/wp-content\/uploads\/sites\/38\/Einstiegsstelle-Zippel_Wilfried-Erdmann.jpg 1521w\" sizes=\"(max-width: 620px) 100vw, 620px\" \/><\/a><p id=\"caption-attachment-539\" class=\"wp-caption-text\">Einstiegsstelle Zippelsf\u00f6rde<\/p><\/div>\n<p>Wasserwanderer auf dem Rheinsberger Rhin k\u00f6nnen zuk\u00fcnftig nach dem Umtragen des Wehres in Zippelsf\u00f6rde ihre Kanus wieder komfortabel ins Wasser setzen. Nach der Entnahme von Sand im Unterwasser des Wehres Zippelsf\u00f6rde am Rheinsberger Rhin war f\u00fcr Wasserwanderer der Wiedereinstieg erschwert. M\u00fchsam mussten die Kanus \u00fcber die wiederfreigelegte Steinsch\u00fcttung ins Wasser bogsiert werden. Auf Anregung der Naturparkverwaltung wurde durch die Firma Wasser-und Kulturbau Leegebruch GmbH eine Einstiegsstelle gebaut. Die Finanzierung (ca. 7.500 \u20ac) erfolgte aus Haushaltsmitteln des Landesamtes f\u00fcr Umwelt, Gesundheit und Verbraucherschutz. Ein herzliches Dankesch\u00f6n an den Bearbeiter Wilfried Erdmann von der Neuruppiner Au\u00dfenstelle.<\/p>\n","protected":false},"excerpt":{"rendered":"<p>Wasserwanderer auf dem Rheinsberger Rhin k\u00f6nnen zuk\u00fcnftig nach dem Umtragen des Wehres in Zippelsf\u00f6rde ihre Kanus wieder komfortabel ins Wasser setzen.<\/p>\n","protected":false},"author":39,"featured_media":539,"comment_status":"open","ping_status":"open","sticky":false,"template":"","format":"standard","meta":[],"categories":[7],"tags":[],"yoast_head":"<!-- This site is optimized with the Yoast SEO plugin v19.10 - https:\/\/yoast.com\/wordpress\/plugins\/seo\/ -->\n<title>Neue Kanueinstiegsstelle in Zippelsf\u00f6rde - Naturpark Stechlin-Ruppiner Land<\/title>\n<meta name=\"robots\" content=\"index, follow, max-snippet:-1, max-image-preview:large, max-video-preview:-1\" \/>\n<link rel=\"canonical\" href=\"https:\/\/www.naturparkmagazin.de\/stechlin\/neue-kanueinstiegsstelle-in-zippelsfoerde\/\" \/>\n<meta property=\"og:locale\" content=\"de_DE\" \/>\n<meta property=\"og:type\" content=\"article\" \/>\n<meta property=\"og:title\" content=\"Neue Kanueinstiegsstelle in Zippelsf\u00f6rde - Naturpark Stechlin-Ruppiner Land\" \/>\n<meta property=\"og:description\" content=\"Wasserwanderer auf dem Rheinsberger Rhin k\u00f6nnen zuk\u00fcnftig nach dem Umtragen des Wehres in Zippelsf\u00f6rde ihre Kanus wieder komfortabel ins Wasser setzen.\" \/>\n<meta property=\"og:url\" content=\"https:\/\/www.naturparkmagazin.de\/stechlin\/neue-kanueinstiegsstelle-in-zippelsfoerde\/\" \/>\n<meta property=\"og:site_name\" content=\"Naturpark Stechlin-Ruppiner Land\" \/>\n<meta property=\"article:published_time\" content=\"2013-12-12T16:05:51+00:00\" \/>\n<meta property=\"article:modified_time\" content=\"2013-12-12T16:05:52+00:00\" \/>\n<meta property=\"og:image\" content=\"https:\/\/www.naturparkmagazin.de\/stechlin\/wp-content\/uploads\/sites\/38\/Einstiegsstelle-Zippel_Wilfried-Erdmann.jpg\" \/>\n\t<meta property=\"og:image:width\" content=\"1521\" \/>\n\t<meta property=\"og:image:height\" content=\"1063\" \/>\n\t<meta property=\"og:image:type\" content=\"image\/jpeg\" \/>\n<meta name=\"author\" content=\"marioschrumpf\" \/>\n<meta name=\"twitter:label1\" content=\"Verfasst von\" \/>\n\t<meta name=\"twitter:data1\" content=\"marioschrumpf\" \/>\n\t<meta name=\"twitter:label2\" content=\"Gesch\u00e4tzte Lesezeit\" \/>\n\t<meta name=\"twitter:data2\" content=\"1\u00a0Minute\" \/>\n<script type=\"application\/ld+json\" class=\"yoast-schema-graph\">{\"@context\":\"https:\/\/schema.org\",\"@graph\":[{\"@type\":\"WebPage\",\"@id\":\"https:\/\/www.naturparkmagazin.de\/stechlin\/neue-kanueinstiegsstelle-in-zippelsfoerde\/\",\"url\":\"https:\/\/www.naturparkmagazin.de\/stechlin\/neue-kanueinstiegsstelle-in-zippelsfoerde\/\",\"name\":\"Neue Kanueinstiegsstelle in Zippelsf\u00f6rde - Naturpark Stechlin-Ruppiner Land\",\"isPartOf\":{\"@id\":\"https:\/\/www.naturparkmagazin.de\/stechlin\/#website\"},\"datePublished\":\"2013-12-12T16:05:51+00:00\",\"dateModified\":\"2013-12-12T16:05:52+00:00\",\"author\":{\"@id\":\"https:\/\/www.naturparkmagazin.de\/stechlin\/#\/schema\/person\/3f0d93203df21c806dd63c76d9bb28bc\"},\"breadcrumb\":{\"@id\":\"https:\/\/www.naturparkmagazin.de\/stechlin\/neue-kanueinstiegsstelle-in-zippelsfoerde\/#breadcrumb\"},\"inLanguage\":\"de\",\"potentialAction\":[{\"@type\":\"ReadAction\",\"target\":[\"https:\/\/www.naturparkmagazin.de\/stechlin\/neue-kanueinstiegsstelle-in-zippelsfoerde\/\"]}]},{\"@type\":\"BreadcrumbList\",\"@id\":\"https:\/\/www.naturparkmagazin.de\/stechlin\/neue-kanueinstiegsstelle-in-zippelsfoerde\/#breadcrumb\",\"itemListElement\":[{\"@type\":\"ListItem\",\"position\":1,\"name\":\"Home\",\"item\":\"https:\/\/www.naturparkmagazin.de\/stechlin\/\"},{\"@type\":\"ListItem\",\"position\":2,\"name\":\"Neue Kanueinstiegsstelle in Zippelsf\u00f6rde\"}]},{\"@type\":\"WebSite\",\"@id\":\"https:\/\/www.naturparkmagazin.de\/stechlin\/#website\",\"url\":\"https:\/\/www.naturparkmagazin.de\/stechlin\/\",\"name\":\"Naturpark Stechlin-Ruppiner Land\",\"description\":\"\",\"potentialAction\":[{\"@type\":\"SearchAction\",\"target\":{\"@type\":\"EntryPoint\",\"urlTemplate\":\"https:\/\/www.naturparkmagazin.de\/stechlin\/?s={search_term_string}\"},\"query-input\":\"required name=search_term_string\"}],\"inLanguage\":\"de\"},{\"@type\":\"Person\",\"@id\":\"https:\/\/www.naturparkmagazin.de\/stechlin\/#\/schema\/person\/3f0d93203df21c806dd63c76d9bb28bc\",\"name\":\"marioschrumpf\",\"url\":\"https:\/\/www.naturparkmagazin.de\/stechlin\/author\/marioschrumpf\/\"}]}<\/script>\n<!-- \/ Yoast SEO plugin. -->","yoast_head_json":{"title":"Neue Kanueinstiegsstelle in Zippelsf\u00f6rde - Naturpark Stechlin-Ruppiner Land","robots":{"index":"index","follow":"follow","max-snippet":"max-snippet:-1","max-image-preview":"max-image-preview:large","max-video-preview":"max-video-preview:-1"},"canonical":"https:\/\/www.naturparkmagazin.de\/stechlin\/neue-kanueinstiegsstelle-in-zippelsfoerde\/","og_locale":"de_DE","og_type":"article","og_title":"Neue Kanueinstiegsstelle in Zippelsf\u00f6rde - Naturpark Stechlin-Ruppiner Land","og_description":"Wasserwanderer auf dem Rheinsberger Rhin k\u00f6nnen zuk\u00fcnftig nach dem Umtragen des Wehres in Zippelsf\u00f6rde ihre Kanus wieder komfortabel ins Wasser setzen.","og_url":"https:\/\/www.naturparkmagazin.de\/stechlin\/neue-kanueinstiegsstelle-in-zippelsfoerde\/","og_site_name":"Naturpark Stechlin-Ruppiner Land","article_published_time":"2013-12-12T16:05:51+00:00","article_modified_time":"2013-12-12T16:05:52+00:00","og_image":[{"width":1521,"height":1063,"url":"https:\/\/www.naturparkmagazin.de\/stechlin\/wp-content\/uploads\/sites\/38\/Einstiegsstelle-Zippel_Wilfried-Erdmann.jpg","type":"image\/jpeg"}],"author":"marioschrumpf","twitter_misc":{"Verfasst von":"marioschrumpf","Gesch\u00e4tzte Lesezeit":"1\u00a0Minute"},"schema":{"@context":"https:\/\/schema.org","@graph":[{"@type":"WebPage","@id":"https:\/\/www.naturparkmagazin.de\/stechlin\/neue-kanueinstiegsstelle-in-zippelsfoerde\/","url":"https:\/\/www.naturparkmagazin.de\/stechlin\/neue-kanueinstiegsstelle-in-zippelsfoerde\/","name":"Neue Kanueinstiegsstelle in Zippelsf\u00f6rde - Naturpark Stechlin-Ruppiner Land","isPartOf":{"@id":"https:\/\/www.naturparkmagazin.de\/stechlin\/#website"},"datePublished":"2013-12-12T16:05:51+00:00","dateModified":"2013-12-12T16:05:52+00:00","author":{"@id":"https:\/\/www.naturparkmagazin.de\/stechlin\/#\/schema\/person\/3f0d93203df21c806dd63c76d9bb28bc"},"breadcrumb":{"@id":"https:\/\/www.naturparkmagazin.de\/stechlin\/neue-kanueinstiegsstelle-in-zippelsfoerde\/#breadcrumb"},"inLanguage":"de","potentialAction":[{"@type":"ReadAction","target":["https:\/\/www.naturparkmagazin.de\/stechlin\/neue-kanueinstiegsstelle-in-zippelsfoerde\/"]}]},{"@type":"BreadcrumbList","@id":"https:\/\/www.naturparkmagazin.de\/stechlin\/neue-kanueinstiegsstelle-in-zippelsfoerde\/#breadcrumb","itemListElement":[{"@type":"ListItem","position":1,"name":"Home","item":"https:\/\/www.naturparkmagazin.de\/stechlin\/"},{"@type":"ListItem","position":2,"name":"Neue Kanueinstiegsstelle in Zippelsf\u00f6rde"}]},{"@type":"WebSite","@id":"https:\/\/www.naturparkmagazin.de\/stechlin\/#website","url":"https:\/\/www.naturparkmagazin.de\/stechlin\/","name":"Naturpark Stechlin-Ruppiner Land","description":"","potentialAction":[{"@type":"SearchAction","target":{"@type":"EntryPoint","urlTemplate":"https:\/\/www.naturparkmagazin.de\/stechlin\/?s={search_term_string}"},"query-input":"required name=search_term_string"}],"inLanguage":"de"},{"@type":"Person","@id":"https:\/\/www.naturparkmagazin.de\/stechlin\/#\/schema\/person\/3f0d93203df21c806dd63c76d9bb28bc","name":"marioschrumpf","url":"https:\/\/www.naturparkmagazin.de\/stechlin\/author\/marioschrumpf\/"}]}},"_links":{"self":[{"href":"https:\/\/www.naturparkmagazin.de\/stechlin\/wp-json\/wp\/v2\/posts\/538"}],"collection":[{"href":"https:\/\/www.naturparkmagazin.de\/stechlin\/wp-json\/wp\/v2\/posts"}],"about":[{"href":"https:\/\/www.naturparkmagazin.de\/stechlin\/wp-json\/wp\/v2\/types\/post"}],"author":[{"embeddable":true,"href":"https:\/\/www.naturparkmagazin.de\/stechlin\/wp-json\/wp\/v2\/users\/39"}],"replies":[{"embeddable":true,"href":"https:\/\/www.naturparkmagazin.de\/stechlin\/wp-json\/wp\/v2\/comments?post=538"}],"version-history":[{"count":2,"href":"https:\/\/www.naturparkmagazin.de\/stechlin\/wp-json\/wp\/v2\/posts\/538\/revisions"}],"predecessor-version":[{"id":576,"href":"https:\/\/www.naturparkmagazin.de\/stechlin\/wp-json\/wp\/v2\/posts\/538\/revisions\/576"}],"wp:featuredmedia":[{"embeddable":true,"href":"https:\/\/www.naturparkmagazin.de\/stechlin\/wp-json\/wp\/v2\/media\/539"}],"wp:attachment":[{"href":"https:\/\/www.naturparkmagazin.de\/stechlin\/wp-json\/wp\/v2\/media?parent=538"}],"wp:term":[{"taxonomy":"category","embeddable":true,"href":"https:\/\/www.naturparkmagazin.de\/stechlin\/wp-json\/wp\/v2\/categories?post=538"},{"taxonomy":"post_tag","embeddable":true,"href":"https:\/\/www.naturparkmagazin.de\/stechlin\/wp-json\/wp\/v2\/tags?post=538"}],"curies":[{"name":"wp","href":"https:\/\/api.w.org\/{rel}","templated":true}]}}