{"id":5435,"date":"2017-04-18T21:30:00","date_gmt":"2017-04-18T19:30:00","guid":{"rendered":"http:\/\/www.naturparkmagazin.de\/stechlin\/?p=5435"},"modified":"2017-04-25T21:31:13","modified_gmt":"2017-04-25T19:31:13","slug":"heimische-seen-aus-der-fischperspektive","status":"publish","type":"post","link":"https:\/\/www.naturparkmagazin.de\/stechlin\/heimische-seen-aus-der-fischperspektive\/","title":{"rendered":"Ausstellung &#8222;Heimische Seen aus der Fischperspektive&#8220;"},"content":{"rendered":"<div id=\"attachment_5468\" style=\"width: 310px\" class=\"wp-caption alignleft\"><a href=\"https:\/\/www.naturparkmagazin.de\/stechlin\/wp-content\/uploads\/sites\/38\/Hornbl\u00e4ttrige-Armleuchteralge.jpg\"><img aria-describedby=\"caption-attachment-5468\" decoding=\"async\" loading=\"lazy\" class=\"size-thumbnail wp-image-5468\" src=\"https:\/\/www.naturparkmagazin.de\/stechlin\/wp-content\/uploads\/sites\/38\/Hornbl\u00e4ttrige-Armleuchteralge-300x180.jpg\" alt=\"Hornbl\u00e4ttrige Armleuchteralge\" width=\"300\" height=\"180\" srcset=\"https:\/\/www.naturparkmagazin.de\/stechlin\/wp-content\/uploads\/sites\/38\/Hornbl\u00e4ttrige-Armleuchteralge-300x180.jpg 300w, https:\/\/www.naturparkmagazin.de\/stechlin\/wp-content\/uploads\/sites\/38\/Hornbl\u00e4ttrige-Armleuchteralge.jpg 500w, https:\/\/www.naturparkmagazin.de\/stechlin\/wp-content\/uploads\/sites\/38\/Hornbl\u00e4ttrige-Armleuchteralge-200x120.jpg 200w\" sizes=\"(max-width: 300px) 100vw, 300px\" \/><\/a><p id=\"caption-attachment-5468\" class=\"wp-caption-text\">Hornbl\u00e4ttrige Armleuchteralge<\/p><\/div>\n<p>&nbsp;<\/p>\n<p>&nbsp;<\/p>\n<p>&nbsp;<\/p>\n<p>&nbsp;<\/p>\n<p>&nbsp;<\/p>\n<p>&nbsp;<\/p>\n<p>&nbsp;<\/p>\n<p>&nbsp;<\/p>\n<p>Wie \u201e<em>Augen in der Landschaft<\/em>\u201c haben Seen wichtige Funktionen im Naturhaushalt und sind beliebte Ausflugs- und Erholungsziele nicht nur im Sommer. Der Naturpark Stechlin-Ruppiner Land ist nicht ohne Grund eine traditionelle Tourismusregion und die regionale Wirtschaft h\u00e4ngt stark vom Tourismus und dem Seenreichtum unserer Landschaft ab.<\/p>\n<p>Oft endet unser Betrachtungsraum an der Wasseroberfl\u00e4che. Der Blick unter die Wasseroberfl\u00e4che \u2013 sozusagen aus der \u201e<em>Fischperspektive<\/em>\u201c verr\u00e4t hingegen vieles zum Zustand unserer Seen. Eine Fotoausstellung von Silke Oldorff und Volker Krautkr\u00e4mer er\u00f6ffnet dem Besucher diesen Blick.<\/p>\n<p>Im Jahr 2008 nahm im Naturpark eine regionale Kooperation zwischen lokalen Tauchsportverb\u00e4nden, Natursch\u00fctzern und der Naturparkverwaltung ihren Anfang, die mittlerweile nicht nur etabliert und gewachsen, sondern inzwischen sogar zu einer landes- und bundesweiten Initiative herangewachsen ist. Mit dem \u201e<em>Tauchen f\u00fcr den Naturschutz<\/em>\u201c hat Naturschutz seit dem letzten Jahr einen festen Platz in der bundesweiten Spezialkursausbildung des Verbandes Deutscher Sporttaucher (VDST) erhalten und geschulte Sporttaucher liefern Daten, die uns Aufschluss \u00fcber den Zustand unserer Seen anhand ihrer Unterwasservegetation geben.<\/p>\n<p>Als vorl\u00e4ufige Kr\u00f6nung erscheint am 9. Mai das im Rahmen des Projektes entstandene <strong>Buch \u201e<em>Pflanzen im S\u00fc\u00dfwasser<\/em>\u201c<\/strong>, welches im Zuge der Ausstellungser\u00f6ffnung exklusiv den G\u00e4sten pr\u00e4sentiert wird.<\/p>\n<p><em><strong>Ausstellungser\u00f6ffnung:<\/strong> 5. Mai, 18 Uhr in der Regionalwerkstatt Stechlin in Menz<\/em><\/p>\n<p><em><strong>Info:<\/strong> Silke Oldorff, Tel.: 0172\/3945085<\/em><\/p>\n<div id=\"attachment_5469\" style=\"width: 310px\" class=\"wp-caption alignleft\"><a href=\"https:\/\/www.naturparkmagazin.de\/stechlin\/wp-content\/uploads\/sites\/38\/Verworrene-Baumglanzleuchteralge.jpg\"><img aria-describedby=\"caption-attachment-5469\" decoding=\"async\" loading=\"lazy\" class=\"size-thumbnail wp-image-5469\" src=\"https:\/\/www.naturparkmagazin.de\/stechlin\/wp-content\/uploads\/sites\/38\/Verworrene-Baumglanzleuchteralge-300x180.jpg\" alt=\"Verworrene Baumglanzleuchteralge\" width=\"300\" height=\"180\" srcset=\"https:\/\/www.naturparkmagazin.de\/stechlin\/wp-content\/uploads\/sites\/38\/Verworrene-Baumglanzleuchteralge-300x180.jpg 300w, https:\/\/www.naturparkmagazin.de\/stechlin\/wp-content\/uploads\/sites\/38\/Verworrene-Baumglanzleuchteralge.jpg 500w, https:\/\/www.naturparkmagazin.de\/stechlin\/wp-content\/uploads\/sites\/38\/Verworrene-Baumglanzleuchteralge-200x120.jpg 200w\" sizes=\"(max-width: 300px) 100vw, 300px\" \/><\/a><p id=\"caption-attachment-5469\" class=\"wp-caption-text\">Verworrene Baumglanzleuchteralge<\/p><\/div>\n","protected":false},"excerpt":{"rendered":"<p>Oft endet unser Betrachtungsraum an der Wasseroberfl\u00e4che. Der Blick unter die Wasseroberfl\u00e4che \u2013 sozusagen aus der \u201eFischperspektive\u201c verr\u00e4t hingegen vieles zum Zustand unserer Seen. Besuchen Sie die Ausstellungser\u00f6ffnung am 5. Mai um 18 Uhr.<\/p>\n","protected":false},"author":39,"featured_media":5436,"comment_status":"open","ping_status":"open","sticky":false,"template":"","format":"standard","meta":[],"categories":[11],"tags":[],"yoast_head":"<!-- This site is optimized with the Yoast SEO plugin v19.10 - https:\/\/yoast.com\/wordpress\/plugins\/seo\/ -->\n<title>Ausstellung &quot;Heimische Seen aus der Fischperspektive&quot; - Naturpark Stechlin-Ruppiner Land<\/title>\n<meta name=\"robots\" content=\"index, follow, max-snippet:-1, max-image-preview:large, max-video-preview:-1\" \/>\n<link rel=\"canonical\" href=\"https:\/\/www.naturparkmagazin.de\/stechlin\/heimische-seen-aus-der-fischperspektive\/\" \/>\n<meta property=\"og:locale\" content=\"de_DE\" \/>\n<meta property=\"og:type\" content=\"article\" \/>\n<meta property=\"og:title\" content=\"Ausstellung &quot;Heimische Seen aus der Fischperspektive&quot; - Naturpark Stechlin-Ruppiner Land\" \/>\n<meta property=\"og:description\" content=\"Oft endet unser Betrachtungsraum an der Wasseroberfl\u00e4che. Der Blick unter die Wasseroberfl\u00e4che \u2013 sozusagen aus der \u201eFischperspektive\u201c verr\u00e4t hingegen vieles zum Zustand unserer Seen. Besuchen Sie die Ausstellungser\u00f6ffnung am 5. Mai um 18 Uhr.\" \/>\n<meta property=\"og:url\" content=\"https:\/\/www.naturparkmagazin.de\/stechlin\/heimische-seen-aus-der-fischperspektive\/\" \/>\n<meta property=\"og:site_name\" content=\"Naturpark Stechlin-Ruppiner Land\" \/>\n<meta property=\"article:published_time\" content=\"2017-04-18T19:30:00+00:00\" \/>\n<meta property=\"article:modified_time\" content=\"2017-04-25T19:31:13+00:00\" \/>\n<meta property=\"og:image\" content=\"https:\/\/www.naturparkmagazin.de\/stechlin\/wp-content\/uploads\/sites\/38\/Oldorff_Augen_Hecht.jpg\" \/>\n\t<meta property=\"og:image:width\" content=\"200\" \/>\n\t<meta property=\"og:image:height\" content=\"200\" \/>\n\t<meta property=\"og:image:type\" content=\"image\/jpeg\" \/>\n<meta name=\"author\" content=\"marioschrumpf\" \/>\n<meta name=\"twitter:label1\" content=\"Verfasst von\" \/>\n\t<meta name=\"twitter:data1\" content=\"marioschrumpf\" \/>\n\t<meta name=\"twitter:label2\" content=\"Gesch\u00e4tzte Lesezeit\" \/>\n\t<meta name=\"twitter:data2\" content=\"1\u00a0Minute\" \/>\n<script type=\"application\/ld+json\" class=\"yoast-schema-graph\">{\"@context\":\"https:\/\/schema.org\",\"@graph\":[{\"@type\":\"WebPage\",\"@id\":\"https:\/\/www.naturparkmagazin.de\/stechlin\/heimische-seen-aus-der-fischperspektive\/\",\"url\":\"https:\/\/www.naturparkmagazin.de\/stechlin\/heimische-seen-aus-der-fischperspektive\/\",\"name\":\"Ausstellung \\\"Heimische Seen aus der Fischperspektive\\\" - Naturpark Stechlin-Ruppiner Land\",\"isPartOf\":{\"@id\":\"https:\/\/www.naturparkmagazin.de\/stechlin\/#website\"},\"datePublished\":\"2017-04-18T19:30:00+00:00\",\"dateModified\":\"2017-04-25T19:31:13+00:00\",\"author\":{\"@id\":\"https:\/\/www.naturparkmagazin.de\/stechlin\/#\/schema\/person\/3f0d93203df21c806dd63c76d9bb28bc\"},\"breadcrumb\":{\"@id\":\"https:\/\/www.naturparkmagazin.de\/stechlin\/heimische-seen-aus-der-fischperspektive\/#breadcrumb\"},\"inLanguage\":\"de\",\"potentialAction\":[{\"@type\":\"ReadAction\",\"target\":[\"https:\/\/www.naturparkmagazin.de\/stechlin\/heimische-seen-aus-der-fischperspektive\/\"]}]},{\"@type\":\"BreadcrumbList\",\"@id\":\"https:\/\/www.naturparkmagazin.de\/stechlin\/heimische-seen-aus-der-fischperspektive\/#breadcrumb\",\"itemListElement\":[{\"@type\":\"ListItem\",\"position\":1,\"name\":\"Home\",\"item\":\"https:\/\/www.naturparkmagazin.de\/stechlin\/\"},{\"@type\":\"ListItem\",\"position\":2,\"name\":\"Ausstellung &#8222;Heimische Seen aus der Fischperspektive&#8220;\"}]},{\"@type\":\"WebSite\",\"@id\":\"https:\/\/www.naturparkmagazin.de\/stechlin\/#website\",\"url\":\"https:\/\/www.naturparkmagazin.de\/stechlin\/\",\"name\":\"Naturpark Stechlin-Ruppiner Land\",\"description\":\"\",\"potentialAction\":[{\"@type\":\"SearchAction\",\"target\":{\"@type\":\"EntryPoint\",\"urlTemplate\":\"https:\/\/www.naturparkmagazin.de\/stechlin\/?s={search_term_string}\"},\"query-input\":\"required name=search_term_string\"}],\"inLanguage\":\"de\"},{\"@type\":\"Person\",\"@id\":\"https:\/\/www.naturparkmagazin.de\/stechlin\/#\/schema\/person\/3f0d93203df21c806dd63c76d9bb28bc\",\"name\":\"marioschrumpf\",\"url\":\"https:\/\/www.naturparkmagazin.de\/stechlin\/author\/marioschrumpf\/\"}]}<\/script>\n<!-- \/ Yoast SEO plugin. -->","yoast_head_json":{"title":"Ausstellung \"Heimische Seen aus der Fischperspektive\" - Naturpark Stechlin-Ruppiner Land","robots":{"index":"index","follow":"follow","max-snippet":"max-snippet:-1","max-image-preview":"max-image-preview:large","max-video-preview":"max-video-preview:-1"},"canonical":"https:\/\/www.naturparkmagazin.de\/stechlin\/heimische-seen-aus-der-fischperspektive\/","og_locale":"de_DE","og_type":"article","og_title":"Ausstellung \"Heimische Seen aus der Fischperspektive\" - Naturpark Stechlin-Ruppiner Land","og_description":"Oft endet unser Betrachtungsraum an der Wasseroberfl\u00e4che. Der Blick unter die Wasseroberfl\u00e4che \u2013 sozusagen aus der \u201eFischperspektive\u201c verr\u00e4t hingegen vieles zum Zustand unserer Seen. Besuchen Sie die Ausstellungser\u00f6ffnung am 5. Mai um 18 Uhr.","og_url":"https:\/\/www.naturparkmagazin.de\/stechlin\/heimische-seen-aus-der-fischperspektive\/","og_site_name":"Naturpark Stechlin-Ruppiner Land","article_published_time":"2017-04-18T19:30:00+00:00","article_modified_time":"2017-04-25T19:31:13+00:00","og_image":[{"width":200,"height":200,"url":"https:\/\/www.naturparkmagazin.de\/stechlin\/wp-content\/uploads\/sites\/38\/Oldorff_Augen_Hecht.jpg","type":"image\/jpeg"}],"author":"marioschrumpf","twitter_misc":{"Verfasst von":"marioschrumpf","Gesch\u00e4tzte Lesezeit":"1\u00a0Minute"},"schema":{"@context":"https:\/\/schema.org","@graph":[{"@type":"WebPage","@id":"https:\/\/www.naturparkmagazin.de\/stechlin\/heimische-seen-aus-der-fischperspektive\/","url":"https:\/\/www.naturparkmagazin.de\/stechlin\/heimische-seen-aus-der-fischperspektive\/","name":"Ausstellung \"Heimische Seen aus der Fischperspektive\" - Naturpark Stechlin-Ruppiner Land","isPartOf":{"@id":"https:\/\/www.naturparkmagazin.de\/stechlin\/#website"},"datePublished":"2017-04-18T19:30:00+00:00","dateModified":"2017-04-25T19:31:13+00:00","author":{"@id":"https:\/\/www.naturparkmagazin.de\/stechlin\/#\/schema\/person\/3f0d93203df21c806dd63c76d9bb28bc"},"breadcrumb":{"@id":"https:\/\/www.naturparkmagazin.de\/stechlin\/heimische-seen-aus-der-fischperspektive\/#breadcrumb"},"inLanguage":"de","potentialAction":[{"@type":"ReadAction","target":["https:\/\/www.naturparkmagazin.de\/stechlin\/heimische-seen-aus-der-fischperspektive\/"]}]},{"@type":"BreadcrumbList","@id":"https:\/\/www.naturparkmagazin.de\/stechlin\/heimische-seen-aus-der-fischperspektive\/#breadcrumb","itemListElement":[{"@type":"ListItem","position":1,"name":"Home","item":"https:\/\/www.naturparkmagazin.de\/stechlin\/"},{"@type":"ListItem","position":2,"name":"Ausstellung &#8222;Heimische Seen aus der Fischperspektive&#8220;"}]},{"@type":"WebSite","@id":"https:\/\/www.naturparkmagazin.de\/stechlin\/#website","url":"https:\/\/www.naturparkmagazin.de\/stechlin\/","name":"Naturpark Stechlin-Ruppiner Land","description":"","potentialAction":[{"@type":"SearchAction","target":{"@type":"EntryPoint","urlTemplate":"https:\/\/www.naturparkmagazin.de\/stechlin\/?s={search_term_string}"},"query-input":"required name=search_term_string"}],"inLanguage":"de"},{"@type":"Person","@id":"https:\/\/www.naturparkmagazin.de\/stechlin\/#\/schema\/person\/3f0d93203df21c806dd63c76d9bb28bc","name":"marioschrumpf","url":"https:\/\/www.naturparkmagazin.de\/stechlin\/author\/marioschrumpf\/"}]}},"_links":{"self":[{"href":"https:\/\/www.naturparkmagazin.de\/stechlin\/wp-json\/wp\/v2\/posts\/5435"}],"collection":[{"href":"https:\/\/www.naturparkmagazin.de\/stechlin\/wp-json\/wp\/v2\/posts"}],"about":[{"href":"https:\/\/www.naturparkmagazin.de\/stechlin\/wp-json\/wp\/v2\/types\/post"}],"author":[{"embeddable":true,"href":"https:\/\/www.naturparkmagazin.de\/stechlin\/wp-json\/wp\/v2\/users\/39"}],"replies":[{"embeddable":true,"href":"https:\/\/www.naturparkmagazin.de\/stechlin\/wp-json\/wp\/v2\/comments?post=5435"}],"version-history":[{"count":9,"href":"https:\/\/www.naturparkmagazin.de\/stechlin\/wp-json\/wp\/v2\/posts\/5435\/revisions"}],"predecessor-version":[{"id":5632,"href":"https:\/\/www.naturparkmagazin.de\/stechlin\/wp-json\/wp\/v2\/posts\/5435\/revisions\/5632"}],"wp:featuredmedia":[{"embeddable":true,"href":"https:\/\/www.naturparkmagazin.de\/stechlin\/wp-json\/wp\/v2\/media\/5436"}],"wp:attachment":[{"href":"https:\/\/www.naturparkmagazin.de\/stechlin\/wp-json\/wp\/v2\/media?parent=5435"}],"wp:term":[{"taxonomy":"category","embeddable":true,"href":"https:\/\/www.naturparkmagazin.de\/stechlin\/wp-json\/wp\/v2\/categories?post=5435"},{"taxonomy":"post_tag","embeddable":true,"href":"https:\/\/www.naturparkmagazin.de\/stechlin\/wp-json\/wp\/v2\/tags?post=5435"}],"curies":[{"name":"wp","href":"https:\/\/api.w.org\/{rel}","templated":true}]}}