{"id":544,"date":"2013-12-12T18:01:26","date_gmt":"2013-12-12T16:01:26","guid":{"rendered":"http:\/\/www.naturparkmagazin.de\/stechlin\/?p=544"},"modified":"2013-12-12T18:01:26","modified_gmt":"2013-12-12T16:01:26","slug":"die-fuenfte-kunstbank-wurde-eingeweiht-eine-reisebank-von-marina-schreiber","status":"publish","type":"post","link":"https:\/\/www.naturparkmagazin.de\/stechlin\/die-fuenfte-kunstbank-wurde-eingeweiht-eine-reisebank-von-marina-schreiber\/","title":{"rendered":"Die f\u00fcnfte Kunstbank wurde eingeweiht &#8211; eine Reisebank von Marina Schreiber"},"content":{"rendered":"<p><a href=\"https:\/\/www.naturparkmagazin.de\/stechlin\/wp-content\/uploads\/sites\/38\/Die-Gruene-Bank-mail.jpg\"><img decoding=\"async\" loading=\"lazy\" class=\"size-medium wp-image-545 \" title=\"Die-Gruene-Bank\" alt=\"Die-Gruene-Bank\" src=\"https:\/\/www.naturparkmagazin.de\/stechlin\/wp-content\/uploads\/sites\/38\/Die-Gruene-Bank-mail-620x435.jpg\" width=\"620\" height=\"435\" \/><\/a><\/p>\n<dl class=\"wp-caption alignnone\" id=\"attachment_545\" style=\"width: 617px;height: 50px\">\n<dt class=\"wp-caption-dt\"><\/dt>\n<dd class=\"wp-caption-dd\">Die-Gruene-Bank<\/dd>\n<\/dl>\n<p>Am 6. Dezember wurde die f\u00fcnfte Kunstbank des Projektes &#8222;Kunst B\u00e4nke Touren&#8220; in Neuruppin eingeweiht. Sie stammt von der in Betzin lebenden Bildhauerin Marina Schreiber.<\/p>\n<p>Die f\u00fcnfte Kunstbank soll als &#8222;Reisebank&#8220; von Ort zu Ort reisen und f\u00fcr das Projekt &#8222;Kunst B\u00e4nke Touren&#8220; unterwegs sein und werben. Erste Station ist die Galerie am Bollwerk in Neuruppin mit herrlichem Blick auf den Ruppiner See.<\/p>\n<p>Die Idee f\u00fcr die Bank von Marina Schreiber ist gleichzeitig der Titel: &#8222;Die gr\u00fcne Bank&#8220;. Was die Menschen damit assoziieren, \u00fcberl\u00e4sst die K\u00fcnstlerin ihnen gern selbst. Ganz anders als die ersten vier B\u00e4nke, ist &#8222;Die Gr\u00fcne Bank&#8220; weder aus Holz noch aus Stahl, sondern aus Polyester. Berrer gesagt, aus einem mit Aluminium verst\u00e4rktem Glasfasergewebe, das mit einem Polyesterharz einlaminiert wurde. F\u00fcr die fr\u00f6hlichen H\u00f6rner fertigte Marina Schreiber eine Form aus Kautschuk und Gips an, die mit Polyester ausgegossen wurde. Die F\u00fc\u00dfe sind aus Aluminium. Die Musterung entstand durch verschiedene Einf\u00e4rbungen des Materials.Insgesamt werden bis Ende 2014 dreizehn Kunstb\u00e4nke von zw\u00f6lf ausgew\u00e4hlten K\u00fcnstlern entstehen, die allesamt nicht nur dem k\u00fcnstlerischen Anspruch ihrer Erschaffer sondern auch ihrer Funktion als Sitzm\u00f6bel gerecht werden. Projekttr\u00e4ger ist die &#8222;Stiftung f\u00fcr den Landkreis Ostprignitz Ruppin&#8220;, unterst\u00fctzt von der LEADER-Aktions Gruppe (LAG OPR) &#8222;Regionalentwicklung Ostprignitz-Ruppin e. V.&#8220; Konzept und Projektleitung liegen in den H\u00e4nden von Cornelia Lambriev-Soost. com+B\u00fcro f\u00fcr Kommunikation und Kunst.<\/p>\n<p><span style=\"text-decoration: underline\">Bereits aufgestellte Kunstb\u00e4nke<\/span>:<\/p>\n<p>&#8222;Kubische Bank&#8220; &#8211; am Schlossteich von Horst, Holzgestalter Andreas Dorfstecher, 27.9.13<\/p>\n<p>&#8222;Zwieselbank&#8220; &#8211; am Verbindungsweg zwischen Blandikow und Grabow, Andreas Dorfstecher, 27.9.13<\/p>\n<p>&#8222;Parkbank&#8220; &#8211; im Gutspark Vichel, Bildhauer Frank Dornseif, 4.10.13<\/p>\n<p>&#8222;Schlossbank&#8220; &#8211; auf dem Gutshof von Karwe, Matthias Zagon Hohl-Stein, 30.10.2013<\/p>\n<p>&nbsp;<\/p>\n<p>&nbsp;<\/p>\n","protected":false},"excerpt":{"rendered":"<p>Am 6. Dezember wurde die f\u00fcnfte Kunstbank des Projektes &#8222;Kunst B\u00e4nke Touren&#8220; in Neuruppin eingeweiht. Sie stammt von der in Betzin lebenden Bildhauerin Marina Schreiber.<\/p>\n","protected":false},"author":39,"featured_media":545,"comment_status":"open","ping_status":"open","sticky":false,"template":"","format":"standard","meta":[],"categories":[7],"tags":[],"yoast_head":"<!-- This site is optimized with the Yoast SEO plugin v19.10 - https:\/\/yoast.com\/wordpress\/plugins\/seo\/ -->\n<title>Die f\u00fcnfte Kunstbank wurde eingeweiht - eine Reisebank von Marina Schreiber - Naturpark Stechlin-Ruppiner Land<\/title>\n<meta name=\"robots\" content=\"index, follow, max-snippet:-1, max-image-preview:large, max-video-preview:-1\" \/>\n<link rel=\"canonical\" href=\"https:\/\/www.naturparkmagazin.de\/stechlin\/die-fuenfte-kunstbank-wurde-eingeweiht-eine-reisebank-von-marina-schreiber\/\" \/>\n<meta property=\"og:locale\" content=\"de_DE\" \/>\n<meta property=\"og:type\" content=\"article\" \/>\n<meta property=\"og:title\" content=\"Die f\u00fcnfte Kunstbank wurde eingeweiht - eine Reisebank von Marina Schreiber - Naturpark Stechlin-Ruppiner Land\" \/>\n<meta property=\"og:description\" content=\"Am 6. Dezember wurde die f\u00fcnfte Kunstbank des Projektes &quot;Kunst B\u00e4nke Touren&quot; in Neuruppin eingeweiht. Sie stammt von der in Betzin lebenden Bildhauerin Marina Schreiber.\" \/>\n<meta property=\"og:url\" content=\"https:\/\/www.naturparkmagazin.de\/stechlin\/die-fuenfte-kunstbank-wurde-eingeweiht-eine-reisebank-von-marina-schreiber\/\" \/>\n<meta property=\"og:site_name\" content=\"Naturpark Stechlin-Ruppiner Land\" \/>\n<meta property=\"article:published_time\" content=\"2013-12-12T16:01:26+00:00\" \/>\n<meta property=\"og:image\" content=\"https:\/\/www.naturparkmagazin.de\/stechlin\/wp-content\/uploads\/sites\/38\/Die-Gruene-Bank-mail.jpg\" \/>\n\t<meta property=\"og:image:width\" content=\"700\" \/>\n\t<meta property=\"og:image:height\" content=\"492\" \/>\n\t<meta property=\"og:image:type\" content=\"image\/jpeg\" \/>\n<meta name=\"author\" content=\"marioschrumpf\" \/>\n<meta name=\"twitter:label1\" content=\"Verfasst von\" \/>\n\t<meta name=\"twitter:data1\" content=\"marioschrumpf\" \/>\n\t<meta name=\"twitter:label2\" content=\"Gesch\u00e4tzte Lesezeit\" \/>\n\t<meta name=\"twitter:data2\" content=\"1\u00a0Minute\" \/>\n<script type=\"application\/ld+json\" class=\"yoast-schema-graph\">{\"@context\":\"https:\/\/schema.org\",\"@graph\":[{\"@type\":\"WebPage\",\"@id\":\"https:\/\/www.naturparkmagazin.de\/stechlin\/die-fuenfte-kunstbank-wurde-eingeweiht-eine-reisebank-von-marina-schreiber\/\",\"url\":\"https:\/\/www.naturparkmagazin.de\/stechlin\/die-fuenfte-kunstbank-wurde-eingeweiht-eine-reisebank-von-marina-schreiber\/\",\"name\":\"Die f\u00fcnfte Kunstbank wurde eingeweiht - eine Reisebank von Marina Schreiber - Naturpark Stechlin-Ruppiner Land\",\"isPartOf\":{\"@id\":\"https:\/\/www.naturparkmagazin.de\/stechlin\/#website\"},\"datePublished\":\"2013-12-12T16:01:26+00:00\",\"dateModified\":\"2013-12-12T16:01:26+00:00\",\"author\":{\"@id\":\"https:\/\/www.naturparkmagazin.de\/stechlin\/#\/schema\/person\/3f0d93203df21c806dd63c76d9bb28bc\"},\"breadcrumb\":{\"@id\":\"https:\/\/www.naturparkmagazin.de\/stechlin\/die-fuenfte-kunstbank-wurde-eingeweiht-eine-reisebank-von-marina-schreiber\/#breadcrumb\"},\"inLanguage\":\"de\",\"potentialAction\":[{\"@type\":\"ReadAction\",\"target\":[\"https:\/\/www.naturparkmagazin.de\/stechlin\/die-fuenfte-kunstbank-wurde-eingeweiht-eine-reisebank-von-marina-schreiber\/\"]}]},{\"@type\":\"BreadcrumbList\",\"@id\":\"https:\/\/www.naturparkmagazin.de\/stechlin\/die-fuenfte-kunstbank-wurde-eingeweiht-eine-reisebank-von-marina-schreiber\/#breadcrumb\",\"itemListElement\":[{\"@type\":\"ListItem\",\"position\":1,\"name\":\"Home\",\"item\":\"https:\/\/www.naturparkmagazin.de\/stechlin\/\"},{\"@type\":\"ListItem\",\"position\":2,\"name\":\"Die f\u00fcnfte Kunstbank wurde eingeweiht &#8211; eine Reisebank von Marina Schreiber\"}]},{\"@type\":\"WebSite\",\"@id\":\"https:\/\/www.naturparkmagazin.de\/stechlin\/#website\",\"url\":\"https:\/\/www.naturparkmagazin.de\/stechlin\/\",\"name\":\"Naturpark Stechlin-Ruppiner Land\",\"description\":\"\",\"potentialAction\":[{\"@type\":\"SearchAction\",\"target\":{\"@type\":\"EntryPoint\",\"urlTemplate\":\"https:\/\/www.naturparkmagazin.de\/stechlin\/?s={search_term_string}\"},\"query-input\":\"required name=search_term_string\"}],\"inLanguage\":\"de\"},{\"@type\":\"Person\",\"@id\":\"https:\/\/www.naturparkmagazin.de\/stechlin\/#\/schema\/person\/3f0d93203df21c806dd63c76d9bb28bc\",\"name\":\"marioschrumpf\",\"url\":\"https:\/\/www.naturparkmagazin.de\/stechlin\/author\/marioschrumpf\/\"}]}<\/script>\n<!-- \/ Yoast SEO plugin. -->","yoast_head_json":{"title":"Die f\u00fcnfte Kunstbank wurde eingeweiht - eine Reisebank von Marina Schreiber - Naturpark Stechlin-Ruppiner Land","robots":{"index":"index","follow":"follow","max-snippet":"max-snippet:-1","max-image-preview":"max-image-preview:large","max-video-preview":"max-video-preview:-1"},"canonical":"https:\/\/www.naturparkmagazin.de\/stechlin\/die-fuenfte-kunstbank-wurde-eingeweiht-eine-reisebank-von-marina-schreiber\/","og_locale":"de_DE","og_type":"article","og_title":"Die f\u00fcnfte Kunstbank wurde eingeweiht - eine Reisebank von Marina Schreiber - Naturpark Stechlin-Ruppiner Land","og_description":"Am 6. Dezember wurde die f\u00fcnfte Kunstbank des Projektes \"Kunst B\u00e4nke Touren\" in Neuruppin eingeweiht. Sie stammt von der in Betzin lebenden Bildhauerin Marina Schreiber.","og_url":"https:\/\/www.naturparkmagazin.de\/stechlin\/die-fuenfte-kunstbank-wurde-eingeweiht-eine-reisebank-von-marina-schreiber\/","og_site_name":"Naturpark Stechlin-Ruppiner Land","article_published_time":"2013-12-12T16:01:26+00:00","og_image":[{"width":700,"height":492,"url":"https:\/\/www.naturparkmagazin.de\/stechlin\/wp-content\/uploads\/sites\/38\/Die-Gruene-Bank-mail.jpg","type":"image\/jpeg"}],"author":"marioschrumpf","twitter_misc":{"Verfasst von":"marioschrumpf","Gesch\u00e4tzte Lesezeit":"1\u00a0Minute"},"schema":{"@context":"https:\/\/schema.org","@graph":[{"@type":"WebPage","@id":"https:\/\/www.naturparkmagazin.de\/stechlin\/die-fuenfte-kunstbank-wurde-eingeweiht-eine-reisebank-von-marina-schreiber\/","url":"https:\/\/www.naturparkmagazin.de\/stechlin\/die-fuenfte-kunstbank-wurde-eingeweiht-eine-reisebank-von-marina-schreiber\/","name":"Die f\u00fcnfte Kunstbank wurde eingeweiht - eine Reisebank von Marina Schreiber - Naturpark Stechlin-Ruppiner Land","isPartOf":{"@id":"https:\/\/www.naturparkmagazin.de\/stechlin\/#website"},"datePublished":"2013-12-12T16:01:26+00:00","dateModified":"2013-12-12T16:01:26+00:00","author":{"@id":"https:\/\/www.naturparkmagazin.de\/stechlin\/#\/schema\/person\/3f0d93203df21c806dd63c76d9bb28bc"},"breadcrumb":{"@id":"https:\/\/www.naturparkmagazin.de\/stechlin\/die-fuenfte-kunstbank-wurde-eingeweiht-eine-reisebank-von-marina-schreiber\/#breadcrumb"},"inLanguage":"de","potentialAction":[{"@type":"ReadAction","target":["https:\/\/www.naturparkmagazin.de\/stechlin\/die-fuenfte-kunstbank-wurde-eingeweiht-eine-reisebank-von-marina-schreiber\/"]}]},{"@type":"BreadcrumbList","@id":"https:\/\/www.naturparkmagazin.de\/stechlin\/die-fuenfte-kunstbank-wurde-eingeweiht-eine-reisebank-von-marina-schreiber\/#breadcrumb","itemListElement":[{"@type":"ListItem","position":1,"name":"Home","item":"https:\/\/www.naturparkmagazin.de\/stechlin\/"},{"@type":"ListItem","position":2,"name":"Die f\u00fcnfte Kunstbank wurde eingeweiht &#8211; eine Reisebank von Marina Schreiber"}]},{"@type":"WebSite","@id":"https:\/\/www.naturparkmagazin.de\/stechlin\/#website","url":"https:\/\/www.naturparkmagazin.de\/stechlin\/","name":"Naturpark Stechlin-Ruppiner Land","description":"","potentialAction":[{"@type":"SearchAction","target":{"@type":"EntryPoint","urlTemplate":"https:\/\/www.naturparkmagazin.de\/stechlin\/?s={search_term_string}"},"query-input":"required name=search_term_string"}],"inLanguage":"de"},{"@type":"Person","@id":"https:\/\/www.naturparkmagazin.de\/stechlin\/#\/schema\/person\/3f0d93203df21c806dd63c76d9bb28bc","name":"marioschrumpf","url":"https:\/\/www.naturparkmagazin.de\/stechlin\/author\/marioschrumpf\/"}]}},"_links":{"self":[{"href":"https:\/\/www.naturparkmagazin.de\/stechlin\/wp-json\/wp\/v2\/posts\/544"}],"collection":[{"href":"https:\/\/www.naturparkmagazin.de\/stechlin\/wp-json\/wp\/v2\/posts"}],"about":[{"href":"https:\/\/www.naturparkmagazin.de\/stechlin\/wp-json\/wp\/v2\/types\/post"}],"author":[{"embeddable":true,"href":"https:\/\/www.naturparkmagazin.de\/stechlin\/wp-json\/wp\/v2\/users\/39"}],"replies":[{"embeddable":true,"href":"https:\/\/www.naturparkmagazin.de\/stechlin\/wp-json\/wp\/v2\/comments?post=544"}],"version-history":[{"count":2,"href":"https:\/\/www.naturparkmagazin.de\/stechlin\/wp-json\/wp\/v2\/posts\/544\/revisions"}],"predecessor-version":[{"id":575,"href":"https:\/\/www.naturparkmagazin.de\/stechlin\/wp-json\/wp\/v2\/posts\/544\/revisions\/575"}],"wp:featuredmedia":[{"embeddable":true,"href":"https:\/\/www.naturparkmagazin.de\/stechlin\/wp-json\/wp\/v2\/media\/545"}],"wp:attachment":[{"href":"https:\/\/www.naturparkmagazin.de\/stechlin\/wp-json\/wp\/v2\/media?parent=544"}],"wp:term":[{"taxonomy":"category","embeddable":true,"href":"https:\/\/www.naturparkmagazin.de\/stechlin\/wp-json\/wp\/v2\/categories?post=544"},{"taxonomy":"post_tag","embeddable":true,"href":"https:\/\/www.naturparkmagazin.de\/stechlin\/wp-json\/wp\/v2\/tags?post=544"}],"curies":[{"name":"wp","href":"https:\/\/api.w.org\/{rel}","templated":true}]}}