{"id":5446,"date":"2023-04-18T16:03:12","date_gmt":"2023-04-18T14:03:12","guid":{"rendered":"http:\/\/www.naturparkmagazin.de\/stechlin\/?p=5446"},"modified":"2025-04-25T08:46:38","modified_gmt":"2025-04-25T06:46:38","slug":"otter-und-biber-beobachten-uns-8","status":"publish","type":"post","link":"https:\/\/www.naturparkmagazin.de\/stechlin\/otter-und-biber-beobachten-uns-8\/","title":{"rendered":"Otter und Biber beobachten &#8211; uns (2023)"},"content":{"rendered":"<p><a href=\"https:\/\/www.naturparkmagazin.de\/stechlin\/wp-content\/uploads\/sites\/38\/Otter-und-Biber-beobachten-uns-012-500x300.jpg\"><img decoding=\"async\" loading=\"lazy\" class=\" size-thumbnail wp-image-3478 aligncenter\" src=\"https:\/\/www.naturparkmagazin.de\/stechlin\/wp-content\/uploads\/sites\/38\/Otter-und-Biber-beobachten-uns-012-500x300-300x200.jpg\" alt=\"NP SRL\/Archiv Naturwacht Stechlin-Ruppiner Land\" width=\"300\" height=\"200\" srcset=\"https:\/\/www.naturparkmagazin.de\/stechlin\/wp-content\/uploads\/sites\/38\/Otter-und-Biber-beobachten-uns-012-500x300-300x200.jpg 300w, https:\/\/www.naturparkmagazin.de\/stechlin\/wp-content\/uploads\/sites\/38\/Otter-und-Biber-beobachten-uns-012-500x300.jpg 500w, https:\/\/www.naturparkmagazin.de\/stechlin\/wp-content\/uploads\/sites\/38\/Otter-und-Biber-beobachten-uns-012-500x300-200x134.jpg 200w\" sizes=\"(max-width: 300px) 100vw, 300px\" \/><\/a><\/p>\n<p>Erleben Sie w\u00e4hrend einer Kanutour mit dem Ranger die Wildnis der Fristower Plagge. Kanus stehen zur Verf\u00fcgung. Es k\u00f6nnen auch eigene Kanus mitgebracht werden.<\/p>\n<p>&nbsp;<\/p>\n<div id=\"attachment_5613\" style=\"width: 310px\" class=\"wp-caption aligncenter\"><a href=\"https:\/\/www.naturparkmagazin.de\/stechlin\/wp-content\/uploads\/sites\/38\/Forellentrafo-Zippelsf\u00f6rde-35.jpg\"><img aria-describedby=\"caption-attachment-5613\" decoding=\"async\" loading=\"lazy\" class=\"size-thumbnail wp-image-5613\" src=\"https:\/\/www.naturparkmagazin.de\/stechlin\/wp-content\/uploads\/sites\/38\/Forellentrafo-Zippelsf\u00f6rde-35-300x180.jpg\" alt=\"Treffpunkt Forellentrafo\" width=\"300\" height=\"180\" srcset=\"https:\/\/www.naturparkmagazin.de\/stechlin\/wp-content\/uploads\/sites\/38\/Forellentrafo-Zippelsf\u00f6rde-35-300x180.jpg 300w, https:\/\/www.naturparkmagazin.de\/stechlin\/wp-content\/uploads\/sites\/38\/Forellentrafo-Zippelsf\u00f6rde-35.jpg 500w, https:\/\/www.naturparkmagazin.de\/stechlin\/wp-content\/uploads\/sites\/38\/Forellentrafo-Zippelsf\u00f6rde-35-200x120.jpg 200w\" sizes=\"(max-width: 300px) 100vw, 300px\" \/><\/a><p id=\"caption-attachment-5613\" class=\"wp-caption-text\">Treffpunkt Forellentrafo<\/p><\/div>\n<p>&nbsp;<\/p>\n<p><strong>Treffpunkt:<\/strong> 20. Mai, 17.00 Uhr, Zippelsf\u00f6rde, Parkplatz vor der Forellenzucht, am &#8222;Forellentrafo&#8220;<\/p>\n<p><strong>Dauer:<\/strong> 5 Stunden, ca. 12 km<\/p>\n<p><strong>Leitung\/ Anmeldung: <\/strong>Karen Steinberg, Mobil: 0175 7213053, Naturwacht Stechlin-Ruppiner Land<\/p>\n<p>Tel.\/Fax\/AB: 033933 879521<\/p>\n<p><strong>Anmeldeschluss: <\/strong>18.05.<\/p>\n<p><strong>Teilnehmerzahl:<\/strong> 7 bis 20 Personen<\/p>\n<p><strong>Kosten:<\/strong> 7 EUR pro Person f\u00fcr Kanuausleihe<\/p>\n","protected":false},"excerpt":{"rendered":"<p>Erleben Sie w\u00e4hrend einer Kanutour am 20. Mai mit unseren Rangern die Wildnis der Fristower Plagge.<\/p>\n","protected":false},"author":39,"featured_media":3596,"comment_status":"open","ping_status":"open","sticky":false,"template":"","format":"standard","meta":[],"categories":[11],"tags":[],"yoast_head":"<!-- This site is optimized with the Yoast SEO plugin v19.10 - https:\/\/yoast.com\/wordpress\/plugins\/seo\/ -->\n<title>Otter und Biber beobachten - uns (2023) - Naturpark Stechlin-Ruppiner Land<\/title>\n<meta name=\"robots\" content=\"index, follow, max-snippet:-1, max-image-preview:large, max-video-preview:-1\" \/>\n<link rel=\"canonical\" href=\"https:\/\/www.naturparkmagazin.de\/stechlin\/otter-und-biber-beobachten-uns-8\/\" \/>\n<meta property=\"og:locale\" content=\"de_DE\" \/>\n<meta property=\"og:type\" content=\"article\" \/>\n<meta property=\"og:title\" content=\"Otter und Biber beobachten - uns (2023) - Naturpark Stechlin-Ruppiner Land\" \/>\n<meta property=\"og:description\" content=\"Erleben Sie w\u00e4hrend einer Kanutour am 20. Mai mit unseren Rangern die Wildnis der Fristower Plagge.\" \/>\n<meta property=\"og:url\" content=\"https:\/\/www.naturparkmagazin.de\/stechlin\/otter-und-biber-beobachten-uns-8\/\" \/>\n<meta property=\"og:site_name\" content=\"Naturpark Stechlin-Ruppiner Land\" \/>\n<meta property=\"article:published_time\" content=\"2023-04-18T14:03:12+00:00\" \/>\n<meta property=\"article:modified_time\" content=\"2025-04-25T06:46:38+00:00\" \/>\n<meta property=\"og:image\" content=\"https:\/\/www.naturparkmagazin.de\/stechlin\/wp-content\/uploads\/sites\/38\/Biber_beitragsbild1.jpg\" \/>\n\t<meta property=\"og:image:width\" content=\"200\" \/>\n\t<meta property=\"og:image:height\" content=\"200\" \/>\n\t<meta property=\"og:image:type\" content=\"image\/jpeg\" \/>\n<meta name=\"author\" content=\"marioschrumpf\" \/>\n<meta name=\"twitter:label1\" content=\"Verfasst von\" \/>\n\t<meta name=\"twitter:data1\" content=\"marioschrumpf\" \/>\n\t<meta name=\"twitter:label2\" content=\"Gesch\u00e4tzte Lesezeit\" \/>\n\t<meta name=\"twitter:data2\" content=\"1\u00a0Minute\" \/>\n<script type=\"application\/ld+json\" class=\"yoast-schema-graph\">{\"@context\":\"https:\/\/schema.org\",\"@graph\":[{\"@type\":\"WebPage\",\"@id\":\"https:\/\/www.naturparkmagazin.de\/stechlin\/otter-und-biber-beobachten-uns-8\/\",\"url\":\"https:\/\/www.naturparkmagazin.de\/stechlin\/otter-und-biber-beobachten-uns-8\/\",\"name\":\"Otter und Biber beobachten - uns (2023) - Naturpark Stechlin-Ruppiner Land\",\"isPartOf\":{\"@id\":\"https:\/\/www.naturparkmagazin.de\/stechlin\/#website\"},\"datePublished\":\"2023-04-18T14:03:12+00:00\",\"dateModified\":\"2025-04-25T06:46:38+00:00\",\"author\":{\"@id\":\"https:\/\/www.naturparkmagazin.de\/stechlin\/#\/schema\/person\/3f0d93203df21c806dd63c76d9bb28bc\"},\"breadcrumb\":{\"@id\":\"https:\/\/www.naturparkmagazin.de\/stechlin\/otter-und-biber-beobachten-uns-8\/#breadcrumb\"},\"inLanguage\":\"de\",\"potentialAction\":[{\"@type\":\"ReadAction\",\"target\":[\"https:\/\/www.naturparkmagazin.de\/stechlin\/otter-und-biber-beobachten-uns-8\/\"]}]},{\"@type\":\"BreadcrumbList\",\"@id\":\"https:\/\/www.naturparkmagazin.de\/stechlin\/otter-und-biber-beobachten-uns-8\/#breadcrumb\",\"itemListElement\":[{\"@type\":\"ListItem\",\"position\":1,\"name\":\"Home\",\"item\":\"https:\/\/www.naturparkmagazin.de\/stechlin\/\"},{\"@type\":\"ListItem\",\"position\":2,\"name\":\"Otter und Biber beobachten &#8211; uns (2023)\"}]},{\"@type\":\"WebSite\",\"@id\":\"https:\/\/www.naturparkmagazin.de\/stechlin\/#website\",\"url\":\"https:\/\/www.naturparkmagazin.de\/stechlin\/\",\"name\":\"Naturpark Stechlin-Ruppiner Land\",\"description\":\"\",\"potentialAction\":[{\"@type\":\"SearchAction\",\"target\":{\"@type\":\"EntryPoint\",\"urlTemplate\":\"https:\/\/www.naturparkmagazin.de\/stechlin\/?s={search_term_string}\"},\"query-input\":\"required name=search_term_string\"}],\"inLanguage\":\"de\"},{\"@type\":\"Person\",\"@id\":\"https:\/\/www.naturparkmagazin.de\/stechlin\/#\/schema\/person\/3f0d93203df21c806dd63c76d9bb28bc\",\"name\":\"marioschrumpf\",\"url\":\"https:\/\/www.naturparkmagazin.de\/stechlin\/author\/marioschrumpf\/\"}]}<\/script>\n<!-- \/ Yoast SEO plugin. -->","yoast_head_json":{"title":"Otter und Biber beobachten - uns (2023) - Naturpark Stechlin-Ruppiner Land","robots":{"index":"index","follow":"follow","max-snippet":"max-snippet:-1","max-image-preview":"max-image-preview:large","max-video-preview":"max-video-preview:-1"},"canonical":"https:\/\/www.naturparkmagazin.de\/stechlin\/otter-und-biber-beobachten-uns-8\/","og_locale":"de_DE","og_type":"article","og_title":"Otter und Biber beobachten - uns (2023) - Naturpark Stechlin-Ruppiner Land","og_description":"Erleben Sie w\u00e4hrend einer Kanutour am 20. Mai mit unseren Rangern die Wildnis der Fristower Plagge.","og_url":"https:\/\/www.naturparkmagazin.de\/stechlin\/otter-und-biber-beobachten-uns-8\/","og_site_name":"Naturpark Stechlin-Ruppiner Land","article_published_time":"2023-04-18T14:03:12+00:00","article_modified_time":"2025-04-25T06:46:38+00:00","og_image":[{"width":200,"height":200,"url":"https:\/\/www.naturparkmagazin.de\/stechlin\/wp-content\/uploads\/sites\/38\/Biber_beitragsbild1.jpg","type":"image\/jpeg"}],"author":"marioschrumpf","twitter_misc":{"Verfasst von":"marioschrumpf","Gesch\u00e4tzte Lesezeit":"1\u00a0Minute"},"schema":{"@context":"https:\/\/schema.org","@graph":[{"@type":"WebPage","@id":"https:\/\/www.naturparkmagazin.de\/stechlin\/otter-und-biber-beobachten-uns-8\/","url":"https:\/\/www.naturparkmagazin.de\/stechlin\/otter-und-biber-beobachten-uns-8\/","name":"Otter und Biber beobachten - uns (2023) - Naturpark Stechlin-Ruppiner Land","isPartOf":{"@id":"https:\/\/www.naturparkmagazin.de\/stechlin\/#website"},"datePublished":"2023-04-18T14:03:12+00:00","dateModified":"2025-04-25T06:46:38+00:00","author":{"@id":"https:\/\/www.naturparkmagazin.de\/stechlin\/#\/schema\/person\/3f0d93203df21c806dd63c76d9bb28bc"},"breadcrumb":{"@id":"https:\/\/www.naturparkmagazin.de\/stechlin\/otter-und-biber-beobachten-uns-8\/#breadcrumb"},"inLanguage":"de","potentialAction":[{"@type":"ReadAction","target":["https:\/\/www.naturparkmagazin.de\/stechlin\/otter-und-biber-beobachten-uns-8\/"]}]},{"@type":"BreadcrumbList","@id":"https:\/\/www.naturparkmagazin.de\/stechlin\/otter-und-biber-beobachten-uns-8\/#breadcrumb","itemListElement":[{"@type":"ListItem","position":1,"name":"Home","item":"https:\/\/www.naturparkmagazin.de\/stechlin\/"},{"@type":"ListItem","position":2,"name":"Otter und Biber beobachten &#8211; uns (2023)"}]},{"@type":"WebSite","@id":"https:\/\/www.naturparkmagazin.de\/stechlin\/#website","url":"https:\/\/www.naturparkmagazin.de\/stechlin\/","name":"Naturpark Stechlin-Ruppiner Land","description":"","potentialAction":[{"@type":"SearchAction","target":{"@type":"EntryPoint","urlTemplate":"https:\/\/www.naturparkmagazin.de\/stechlin\/?s={search_term_string}"},"query-input":"required name=search_term_string"}],"inLanguage":"de"},{"@type":"Person","@id":"https:\/\/www.naturparkmagazin.de\/stechlin\/#\/schema\/person\/3f0d93203df21c806dd63c76d9bb28bc","name":"marioschrumpf","url":"https:\/\/www.naturparkmagazin.de\/stechlin\/author\/marioschrumpf\/"}]}},"_links":{"self":[{"href":"https:\/\/www.naturparkmagazin.de\/stechlin\/wp-json\/wp\/v2\/posts\/5446"}],"collection":[{"href":"https:\/\/www.naturparkmagazin.de\/stechlin\/wp-json\/wp\/v2\/posts"}],"about":[{"href":"https:\/\/www.naturparkmagazin.de\/stechlin\/wp-json\/wp\/v2\/types\/post"}],"author":[{"embeddable":true,"href":"https:\/\/www.naturparkmagazin.de\/stechlin\/wp-json\/wp\/v2\/users\/39"}],"replies":[{"embeddable":true,"href":"https:\/\/www.naturparkmagazin.de\/stechlin\/wp-json\/wp\/v2\/comments?post=5446"}],"version-history":[{"count":14,"href":"https:\/\/www.naturparkmagazin.de\/stechlin\/wp-json\/wp\/v2\/posts\/5446\/revisions"}],"predecessor-version":[{"id":17171,"href":"https:\/\/www.naturparkmagazin.de\/stechlin\/wp-json\/wp\/v2\/posts\/5446\/revisions\/17171"}],"wp:featuredmedia":[{"embeddable":true,"href":"https:\/\/www.naturparkmagazin.de\/stechlin\/wp-json\/wp\/v2\/media\/3596"}],"wp:attachment":[{"href":"https:\/\/www.naturparkmagazin.de\/stechlin\/wp-json\/wp\/v2\/media?parent=5446"}],"wp:term":[{"taxonomy":"category","embeddable":true,"href":"https:\/\/www.naturparkmagazin.de\/stechlin\/wp-json\/wp\/v2\/categories?post=5446"},{"taxonomy":"post_tag","embeddable":true,"href":"https:\/\/www.naturparkmagazin.de\/stechlin\/wp-json\/wp\/v2\/tags?post=5446"}],"curies":[{"name":"wp","href":"https:\/\/api.w.org\/{rel}","templated":true}]}}