{"id":5450,"date":"2017-04-18T10:00:39","date_gmt":"2017-04-18T08:00:39","guid":{"rendered":"http:\/\/www.naturparkmagazin.de\/stechlin\/?p=5450"},"modified":"2017-05-17T09:04:20","modified_gmt":"2017-05-17T07:04:20","slug":"die-kyritz-ruppiner-heide","status":"publish","type":"post","link":"https:\/\/www.naturparkmagazin.de\/stechlin\/die-kyritz-ruppiner-heide\/","title":{"rendered":"Wanderung von Rheinsberg durch die Kyritz-Ruppiner Heide nach Fretzdorf"},"content":{"rendered":"<p><a href=\"https:\/\/www.naturparkmagazin.de\/stechlin\/wp-content\/uploads\/sites\/38\/Logo-2017-Wandertag.jpg\"><img decoding=\"async\" loading=\"lazy\" class=\"alignleft size-thumbnail wp-image-4868\" src=\"https:\/\/www.naturparkmagazin.de\/stechlin\/wp-content\/uploads\/sites\/38\/Logo-2017-Wandertag-300x301.jpg\" alt=\"NP SRL\/VDN\" width=\"300\" height=\"301\" srcset=\"https:\/\/www.naturparkmagazin.de\/stechlin\/wp-content\/uploads\/sites\/38\/Logo-2017-Wandertag-300x301.jpg 300w, https:\/\/www.naturparkmagazin.de\/stechlin\/wp-content\/uploads\/sites\/38\/Logo-2017-Wandertag-620x622.jpg 620w, https:\/\/www.naturparkmagazin.de\/stechlin\/wp-content\/uploads\/sites\/38\/Logo-2017-Wandertag-200x201.jpg 200w, https:\/\/www.naturparkmagazin.de\/stechlin\/wp-content\/uploads\/sites\/38\/Logo-2017-Wandertag-30x30.jpg 30w, https:\/\/www.naturparkmagazin.de\/stechlin\/wp-content\/uploads\/sites\/38\/Logo-2017-Wandertag-670x672.jpg 670w, https:\/\/www.naturparkmagazin.de\/stechlin\/wp-content\/uploads\/sites\/38\/Logo-2017-Wandertag.jpg 870w\" sizes=\"(max-width: 300px) 100vw, 300px\" \/><\/a><\/p>\n<p>&nbsp;<\/p>\n<p>&nbsp;<\/p>\n<p>&nbsp;<\/p>\n<p>&nbsp;<\/p>\n<p>&nbsp;<\/p>\n<p>&nbsp;<\/p>\n<p>&nbsp;<\/p>\n<p>&nbsp;<\/p>\n<p>&nbsp;<\/p>\n<p>&nbsp;<\/p>\n<p>&nbsp;<\/p>\n<p>&nbsp;<\/p>\n<p>Kein geringerer als Dr. Wolfgang Pagel, Pr\u00e4sident des Berliner Wandersportverbandes f\u00fchrt die\u00a0durch den Naturpark Stechlin-Ruppiner Land im Rahmen des bundesweiten Naturparkwandertages.<\/p>\n<p>Die Tour geht \u00fcber 33 km vom Bahnhof Rheinsberg durch die Ruppiner Schweiz \u00fcber die Kyritz-Ruppiner Heide zum Bahnhof Fretzdorf. Das Wandertempo wird bei ca.\u00a05,0 km\/h liegen.<\/p>\n<p>Detailstrecke:<\/p>\n<p>Bf Rheinsberg \u2013 Kr\u00e4henberge \u2013 Braunsberg \u2013 Kalksee und NSG Ruppiner Schweiz \u2013 G\u00fchlen-Glienicke \u2013 Neuglienicke \u2013 Kyritz-Ruppiner Heide (ehem. \u201eBombodrom\u201c), S\u00fcdroute mit Sielmann-H\u00fcgel (Imbiss: \u201eFontane-Picknick\u201c mit regionalen Produkten) \u2013 Rossow (Dorfkirche, mittelalterliche Ausmalung: F\u00fchrung) \u2013 Bf Fretzdorf<\/p>\n<p><a href=\"https:\/\/www.naturparkmagazin.de\/stechlin\/wp-content\/uploads\/sites\/38\/Heidewanderung-Dorn_Silke-Oldorff.jpg\"><img decoding=\"async\" loading=\"lazy\" class=\"alignleft size-thumbnail wp-image-5607\" src=\"https:\/\/www.naturparkmagazin.de\/stechlin\/wp-content\/uploads\/sites\/38\/Heidewanderung-Dorn_Silke-Oldorff-300x180.jpg\" alt=\"NP SRL\/Silke Oldorff\" width=\"300\" height=\"180\" srcset=\"https:\/\/www.naturparkmagazin.de\/stechlin\/wp-content\/uploads\/sites\/38\/Heidewanderung-Dorn_Silke-Oldorff-300x180.jpg 300w, https:\/\/www.naturparkmagazin.de\/stechlin\/wp-content\/uploads\/sites\/38\/Heidewanderung-Dorn_Silke-Oldorff.jpg 500w, https:\/\/www.naturparkmagazin.de\/stechlin\/wp-content\/uploads\/sites\/38\/Heidewanderung-Dorn_Silke-Oldorff-200x120.jpg 200w\" sizes=\"(max-width: 300px) 100vw, 300px\" \/><\/a><\/p>\n<p>&nbsp;<\/p>\n<p>&nbsp;<\/p>\n<p>&nbsp;<\/p>\n<p>&nbsp;<\/p>\n<p>&nbsp;<\/p>\n<p>&nbsp;<\/p>\n<p>&nbsp;<\/p>\n<p>Auf dem Sielmann-H\u00fcgel ist ein &#8222;<em>Heide-Picknick<\/em>&#8220; mit regionalen Produkten geplant. In Rossow wird Nicole R\u00f6sler (zertifizierte Natur- und Landschaftsf\u00fchrerin) durch die Dorfkirche mit mittelalterlicher Ausmalung f\u00fchren.<\/p>\n<p><strong>Start:<\/strong> 8:49 Uhr am Bhf. Rheinsberg<\/p>\n<p><strong>Anmeldung beim Wanderleiter:<\/strong> bis 17.5. unter Tel. 03303\/403101<\/p>\n<p><strong>An- und Abreise ab\/nach Berlin: <\/strong>6:59 Uhr S1 ab Bln Gesundbrunnen, 07:51 Uhr Oranienburg, RB 54;\u00a0 Ziel: 18:06 Uhr ab Fretzdorf, RE 6;<\/p>\n<p><strong>Kosten: <\/strong>1\u20ac; zus\u00e4tzlich Kosten f\u00fcr Fontane-Picknick und Kirchenf\u00fchrung<\/p>\n<p><a href=\"https:\/\/www.naturparkmagazin.de\/stechlin\/wp-content\/uploads\/sites\/38\/F\u00fchrung-R\u00f6\u00dfler_123.jpg\"><img decoding=\"async\" loading=\"lazy\" class=\"alignleft size-thumbnail wp-image-5604\" src=\"https:\/\/www.naturparkmagazin.de\/stechlin\/wp-content\/uploads\/sites\/38\/F\u00fchrung-R\u00f6\u00dfler_123-300x180.jpg\" alt=\"NP SRL\/Mario Schrumpf\" width=\"300\" height=\"180\" srcset=\"https:\/\/www.naturparkmagazin.de\/stechlin\/wp-content\/uploads\/sites\/38\/F\u00fchrung-R\u00f6\u00dfler_123-300x180.jpg 300w, https:\/\/www.naturparkmagazin.de\/stechlin\/wp-content\/uploads\/sites\/38\/F\u00fchrung-R\u00f6\u00dfler_123.jpg 500w, https:\/\/www.naturparkmagazin.de\/stechlin\/wp-content\/uploads\/sites\/38\/F\u00fchrung-R\u00f6\u00dfler_123-200x120.jpg 200w\" sizes=\"(max-width: 300px) 100vw, 300px\" \/><\/a><\/p>\n","protected":false},"excerpt":{"rendered":"<p>Im Rahmen des bundesweiten Naturparkwandertages am 28. Mai geht es auf Schuster&#8217;s Rappen auf gro\u00dfe Tour mit dem Pr\u00e4sidenten des Berliner Wandersportverbandes.<\/p>\n","protected":false},"author":39,"featured_media":5602,"comment_status":"open","ping_status":"open","sticky":false,"template":"","format":"standard","meta":[],"categories":[11],"tags":[],"yoast_head":"<!-- This site is optimized with the Yoast SEO plugin v19.10 - https:\/\/yoast.com\/wordpress\/plugins\/seo\/ -->\n<title>Wanderung von Rheinsberg durch die Kyritz-Ruppiner Heide nach Fretzdorf - Naturpark Stechlin-Ruppiner Land<\/title>\n<meta name=\"robots\" content=\"index, follow, max-snippet:-1, max-image-preview:large, max-video-preview:-1\" \/>\n<link rel=\"canonical\" href=\"https:\/\/www.naturparkmagazin.de\/stechlin\/die-kyritz-ruppiner-heide\/\" \/>\n<meta property=\"og:locale\" content=\"de_DE\" \/>\n<meta property=\"og:type\" content=\"article\" \/>\n<meta property=\"og:title\" content=\"Wanderung von Rheinsberg durch die Kyritz-Ruppiner Heide nach Fretzdorf - Naturpark Stechlin-Ruppiner Land\" \/>\n<meta property=\"og:description\" content=\"Im Rahmen des bundesweiten Naturparkwandertages am 28. Mai geht es auf Schuster&#039;s Rappen auf gro\u00dfe Tour mit dem Pr\u00e4sidenten des Berliner Wandersportverbandes.\" \/>\n<meta property=\"og:url\" content=\"https:\/\/www.naturparkmagazin.de\/stechlin\/die-kyritz-ruppiner-heide\/\" \/>\n<meta property=\"og:site_name\" content=\"Naturpark Stechlin-Ruppiner Land\" \/>\n<meta property=\"article:published_time\" content=\"2017-04-18T08:00:39+00:00\" \/>\n<meta property=\"article:modified_time\" content=\"2017-05-17T07:04:20+00:00\" \/>\n<meta property=\"og:image\" content=\"https:\/\/www.naturparkmagazin.de\/stechlin\/wp-content\/uploads\/sites\/38\/Wandertag-2017.jpg\" \/>\n\t<meta property=\"og:image:width\" content=\"200\" \/>\n\t<meta property=\"og:image:height\" content=\"200\" \/>\n\t<meta property=\"og:image:type\" content=\"image\/jpeg\" \/>\n<meta name=\"author\" content=\"marioschrumpf\" \/>\n<meta name=\"twitter:label1\" content=\"Verfasst von\" \/>\n\t<meta name=\"twitter:data1\" content=\"marioschrumpf\" \/>\n\t<meta name=\"twitter:label2\" content=\"Gesch\u00e4tzte Lesezeit\" \/>\n\t<meta name=\"twitter:data2\" content=\"1\u00a0Minute\" \/>\n<script type=\"application\/ld+json\" class=\"yoast-schema-graph\">{\"@context\":\"https:\/\/schema.org\",\"@graph\":[{\"@type\":\"WebPage\",\"@id\":\"https:\/\/www.naturparkmagazin.de\/stechlin\/die-kyritz-ruppiner-heide\/\",\"url\":\"https:\/\/www.naturparkmagazin.de\/stechlin\/die-kyritz-ruppiner-heide\/\",\"name\":\"Wanderung von Rheinsberg durch die Kyritz-Ruppiner Heide nach Fretzdorf - Naturpark Stechlin-Ruppiner Land\",\"isPartOf\":{\"@id\":\"https:\/\/www.naturparkmagazin.de\/stechlin\/#website\"},\"datePublished\":\"2017-04-18T08:00:39+00:00\",\"dateModified\":\"2017-05-17T07:04:20+00:00\",\"author\":{\"@id\":\"https:\/\/www.naturparkmagazin.de\/stechlin\/#\/schema\/person\/3f0d93203df21c806dd63c76d9bb28bc\"},\"breadcrumb\":{\"@id\":\"https:\/\/www.naturparkmagazin.de\/stechlin\/die-kyritz-ruppiner-heide\/#breadcrumb\"},\"inLanguage\":\"de\",\"potentialAction\":[{\"@type\":\"ReadAction\",\"target\":[\"https:\/\/www.naturparkmagazin.de\/stechlin\/die-kyritz-ruppiner-heide\/\"]}]},{\"@type\":\"BreadcrumbList\",\"@id\":\"https:\/\/www.naturparkmagazin.de\/stechlin\/die-kyritz-ruppiner-heide\/#breadcrumb\",\"itemListElement\":[{\"@type\":\"ListItem\",\"position\":1,\"name\":\"Home\",\"item\":\"https:\/\/www.naturparkmagazin.de\/stechlin\/\"},{\"@type\":\"ListItem\",\"position\":2,\"name\":\"Wanderung von Rheinsberg durch die Kyritz-Ruppiner Heide nach Fretzdorf\"}]},{\"@type\":\"WebSite\",\"@id\":\"https:\/\/www.naturparkmagazin.de\/stechlin\/#website\",\"url\":\"https:\/\/www.naturparkmagazin.de\/stechlin\/\",\"name\":\"Naturpark Stechlin-Ruppiner Land\",\"description\":\"\",\"potentialAction\":[{\"@type\":\"SearchAction\",\"target\":{\"@type\":\"EntryPoint\",\"urlTemplate\":\"https:\/\/www.naturparkmagazin.de\/stechlin\/?s={search_term_string}\"},\"query-input\":\"required name=search_term_string\"}],\"inLanguage\":\"de\"},{\"@type\":\"Person\",\"@id\":\"https:\/\/www.naturparkmagazin.de\/stechlin\/#\/schema\/person\/3f0d93203df21c806dd63c76d9bb28bc\",\"name\":\"marioschrumpf\",\"url\":\"https:\/\/www.naturparkmagazin.de\/stechlin\/author\/marioschrumpf\/\"}]}<\/script>\n<!-- \/ Yoast SEO plugin. -->","yoast_head_json":{"title":"Wanderung von Rheinsberg durch die Kyritz-Ruppiner Heide nach Fretzdorf - Naturpark Stechlin-Ruppiner Land","robots":{"index":"index","follow":"follow","max-snippet":"max-snippet:-1","max-image-preview":"max-image-preview:large","max-video-preview":"max-video-preview:-1"},"canonical":"https:\/\/www.naturparkmagazin.de\/stechlin\/die-kyritz-ruppiner-heide\/","og_locale":"de_DE","og_type":"article","og_title":"Wanderung von Rheinsberg durch die Kyritz-Ruppiner Heide nach Fretzdorf - Naturpark Stechlin-Ruppiner Land","og_description":"Im Rahmen des bundesweiten Naturparkwandertages am 28. Mai geht es auf Schuster's Rappen auf gro\u00dfe Tour mit dem Pr\u00e4sidenten des Berliner Wandersportverbandes.","og_url":"https:\/\/www.naturparkmagazin.de\/stechlin\/die-kyritz-ruppiner-heide\/","og_site_name":"Naturpark Stechlin-Ruppiner Land","article_published_time":"2017-04-18T08:00:39+00:00","article_modified_time":"2017-05-17T07:04:20+00:00","og_image":[{"width":200,"height":200,"url":"https:\/\/www.naturparkmagazin.de\/stechlin\/wp-content\/uploads\/sites\/38\/Wandertag-2017.jpg","type":"image\/jpeg"}],"author":"marioschrumpf","twitter_misc":{"Verfasst von":"marioschrumpf","Gesch\u00e4tzte Lesezeit":"1\u00a0Minute"},"schema":{"@context":"https:\/\/schema.org","@graph":[{"@type":"WebPage","@id":"https:\/\/www.naturparkmagazin.de\/stechlin\/die-kyritz-ruppiner-heide\/","url":"https:\/\/www.naturparkmagazin.de\/stechlin\/die-kyritz-ruppiner-heide\/","name":"Wanderung von Rheinsberg durch die Kyritz-Ruppiner Heide nach Fretzdorf - Naturpark Stechlin-Ruppiner Land","isPartOf":{"@id":"https:\/\/www.naturparkmagazin.de\/stechlin\/#website"},"datePublished":"2017-04-18T08:00:39+00:00","dateModified":"2017-05-17T07:04:20+00:00","author":{"@id":"https:\/\/www.naturparkmagazin.de\/stechlin\/#\/schema\/person\/3f0d93203df21c806dd63c76d9bb28bc"},"breadcrumb":{"@id":"https:\/\/www.naturparkmagazin.de\/stechlin\/die-kyritz-ruppiner-heide\/#breadcrumb"},"inLanguage":"de","potentialAction":[{"@type":"ReadAction","target":["https:\/\/www.naturparkmagazin.de\/stechlin\/die-kyritz-ruppiner-heide\/"]}]},{"@type":"BreadcrumbList","@id":"https:\/\/www.naturparkmagazin.de\/stechlin\/die-kyritz-ruppiner-heide\/#breadcrumb","itemListElement":[{"@type":"ListItem","position":1,"name":"Home","item":"https:\/\/www.naturparkmagazin.de\/stechlin\/"},{"@type":"ListItem","position":2,"name":"Wanderung von Rheinsberg durch die Kyritz-Ruppiner Heide nach Fretzdorf"}]},{"@type":"WebSite","@id":"https:\/\/www.naturparkmagazin.de\/stechlin\/#website","url":"https:\/\/www.naturparkmagazin.de\/stechlin\/","name":"Naturpark Stechlin-Ruppiner Land","description":"","potentialAction":[{"@type":"SearchAction","target":{"@type":"EntryPoint","urlTemplate":"https:\/\/www.naturparkmagazin.de\/stechlin\/?s={search_term_string}"},"query-input":"required name=search_term_string"}],"inLanguage":"de"},{"@type":"Person","@id":"https:\/\/www.naturparkmagazin.de\/stechlin\/#\/schema\/person\/3f0d93203df21c806dd63c76d9bb28bc","name":"marioschrumpf","url":"https:\/\/www.naturparkmagazin.de\/stechlin\/author\/marioschrumpf\/"}]}},"_links":{"self":[{"href":"https:\/\/www.naturparkmagazin.de\/stechlin\/wp-json\/wp\/v2\/posts\/5450"}],"collection":[{"href":"https:\/\/www.naturparkmagazin.de\/stechlin\/wp-json\/wp\/v2\/posts"}],"about":[{"href":"https:\/\/www.naturparkmagazin.de\/stechlin\/wp-json\/wp\/v2\/types\/post"}],"author":[{"embeddable":true,"href":"https:\/\/www.naturparkmagazin.de\/stechlin\/wp-json\/wp\/v2\/users\/39"}],"replies":[{"embeddable":true,"href":"https:\/\/www.naturparkmagazin.de\/stechlin\/wp-json\/wp\/v2\/comments?post=5450"}],"version-history":[{"count":10,"href":"https:\/\/www.naturparkmagazin.de\/stechlin\/wp-json\/wp\/v2\/posts\/5450\/revisions"}],"predecessor-version":[{"id":5677,"href":"https:\/\/www.naturparkmagazin.de\/stechlin\/wp-json\/wp\/v2\/posts\/5450\/revisions\/5677"}],"wp:featuredmedia":[{"embeddable":true,"href":"https:\/\/www.naturparkmagazin.de\/stechlin\/wp-json\/wp\/v2\/media\/5602"}],"wp:attachment":[{"href":"https:\/\/www.naturparkmagazin.de\/stechlin\/wp-json\/wp\/v2\/media?parent=5450"}],"wp:term":[{"taxonomy":"category","embeddable":true,"href":"https:\/\/www.naturparkmagazin.de\/stechlin\/wp-json\/wp\/v2\/categories?post=5450"},{"taxonomy":"post_tag","embeddable":true,"href":"https:\/\/www.naturparkmagazin.de\/stechlin\/wp-json\/wp\/v2\/tags?post=5450"}],"curies":[{"name":"wp","href":"https:\/\/api.w.org\/{rel}","templated":true}]}}