{"id":5453,"date":"2018-04-14T10:30:21","date_gmt":"2018-04-14T08:30:21","guid":{"rendered":"http:\/\/www.naturparkmagazin.de\/stechlin\/?p=5453"},"modified":"2018-04-24T14:45:41","modified_gmt":"2018-04-24T12:45:41","slug":"orchideen-hueppen-oder-warum-sie-auch-knabenkraeuter-heissen","status":"publish","type":"post","link":"https:\/\/www.naturparkmagazin.de\/stechlin\/orchideen-hueppen-oder-warum-sie-auch-knabenkraeuter-heissen\/","title":{"rendered":"Orchideen h\u00fcppen, oder warum sie auch Knabenkr\u00e4uter hei\u00dfen\u2026"},"content":{"rendered":"<div id=\"attachment_5242\" style=\"width: 190px\" class=\"wp-caption aligncenter\"><a href=\"https:\/\/www.naturparkmagazin.de\/stechlin\/wp-content\/uploads\/sites\/38\/Orchideen2.jpg\"><img aria-describedby=\"caption-attachment-5242\" decoding=\"async\" loading=\"lazy\" class=\"wp-image-5242 size-full\" src=\"https:\/\/www.naturparkmagazin.de\/stechlin\/wp-content\/uploads\/sites\/38\/Orchideen2.jpg\" alt=\"NP SRL\/Dr. Mario Schrumpf\" width=\"180\" height=\"300\" \/><\/a><p id=\"caption-attachment-5242\" class=\"wp-caption-text\">Breitbl\u00e4ttriges Knabenkraut<\/p><\/div>\n<p>Zu einer kleine Reise mit Kaffee und Kuchen laden die KollegInnen der Naturwacht im Rahmen einer <strong>Rangererlebnistour am<\/strong> <strong>26. Mai<\/strong> ein.<\/p>\n<p>Warum sollte man dabei nicht auch noch <strong>einheimische Orchideen<\/strong> bewundern k\u00f6nnen?<\/p>\n<p>Besuchen Sie zwei Feuchtwiesen auf denen Orchideen wachsen und bl\u00fchen. Der erste Halt erfolgt gleich hier in Menz an der Schleusenwiese und der zweite Stopp wird in Zechlinerh\u00fctte an der Pfarrwiese eingelegt.<\/p>\n<p>An Ort und Stelle lernen Sie\u00a0Menschen kennen,\u00a0die diese Wiesen seit einem langen Zeitraum pflegen, Ver\u00e4nderungen dokumentieren und andere Leute, f\u00fcr Ihre zum Teil ehrenamtliche Arbeit, begeistern.<\/p>\n<p><a href=\"https:\/\/www.naturparkmagazin.de\/stechlin\/wp-content\/uploads\/sites\/38\/Orchideen_AG-Kinder.jpg\"><img decoding=\"async\" loading=\"lazy\" class=\" size-full wp-image-5834 aligncenter\" src=\"https:\/\/www.naturparkmagazin.de\/stechlin\/wp-content\/uploads\/sites\/38\/Orchideen_AG-Kinder.jpg\" alt=\"NP SRL\/Thomas Hahn\" width=\"200\" height=\"200\" srcset=\"https:\/\/www.naturparkmagazin.de\/stechlin\/wp-content\/uploads\/sites\/38\/Orchideen_AG-Kinder.jpg 200w, https:\/\/www.naturparkmagazin.de\/stechlin\/wp-content\/uploads\/sites\/38\/Orchideen_AG-Kinder-30x30.jpg 30w\" sizes=\"(max-width: 200px) 100vw, 200px\" \/><\/a><\/p>\n<p><strong>Treffpunkt:<\/strong> 26. Mai, 13.00Uhr, Parkplatz in Menz, neben dem NaturParkHaus Stechlin am Friedensplatz<\/p>\n<p><strong>Dauer:<\/strong> ca. 4 Stunden<\/p>\n<p><strong>Preis:<\/strong> 12,00 EUR (8,00 EUR f\u00fcr die F\u00fchrung durch die Naturwacht, 4,00 EUR f\u00fcr Kaffee und Kuchen)<\/p>\n<p>&nbsp;<\/p>\n<p>Da die G\u00e4ste mit den Fahrzeugen der Naturwacht transportiert werden, ist die Teilnehmerzahl auf 10 Personen beschr\u00e4nkt.<\/p>\n<p>&nbsp;<\/p>\n<p><strong>Anmeldungen bitte bis zum 23.5. 2018<\/strong>, unter Tel.\/Fax\/AB: 033082\/ 50214 oder 0170\/ 7926947, auf dem AB bitte eine R\u00fcckrufnummer hinterlassen!<\/p>\n<p>Bitte Gummistiefel mitbringen oder wasserfestes Schuhwerk tragen!<\/p>\n","protected":false},"excerpt":{"rendered":"<p>Zu einer kleine Reise mit Kaffee und Kuchen laden die Kolleginnen der Naturwacht im Rahmen einer Rangererlebnistour am 26. Mai ein.<\/p>\n","protected":false},"author":39,"featured_media":5454,"comment_status":"open","ping_status":"open","sticky":false,"template":"","format":"standard","meta":[],"categories":[11],"tags":[],"yoast_head":"<!-- This site is optimized with the Yoast SEO plugin v19.10 - https:\/\/yoast.com\/wordpress\/plugins\/seo\/ -->\n<title>Orchideen h\u00fcppen, oder warum sie auch Knabenkr\u00e4uter hei\u00dfen\u2026 - Naturpark Stechlin-Ruppiner Land<\/title>\n<meta name=\"robots\" content=\"index, follow, max-snippet:-1, max-image-preview:large, max-video-preview:-1\" \/>\n<link rel=\"canonical\" href=\"https:\/\/www.naturparkmagazin.de\/stechlin\/orchideen-hueppen-oder-warum-sie-auch-knabenkraeuter-heissen\/\" \/>\n<meta property=\"og:locale\" content=\"de_DE\" \/>\n<meta property=\"og:type\" content=\"article\" \/>\n<meta property=\"og:title\" content=\"Orchideen h\u00fcppen, oder warum sie auch Knabenkr\u00e4uter hei\u00dfen\u2026 - Naturpark Stechlin-Ruppiner Land\" \/>\n<meta property=\"og:description\" content=\"Zu einer kleine Reise mit Kaffee und Kuchen laden die Kolleginnen der Naturwacht im Rahmen einer Rangererlebnistour am 26. Mai ein.\" \/>\n<meta property=\"og:url\" content=\"https:\/\/www.naturparkmagazin.de\/stechlin\/orchideen-hueppen-oder-warum-sie-auch-knabenkraeuter-heissen\/\" \/>\n<meta property=\"og:site_name\" content=\"Naturpark Stechlin-Ruppiner Land\" \/>\n<meta property=\"article:published_time\" content=\"2018-04-14T08:30:21+00:00\" \/>\n<meta property=\"article:modified_time\" content=\"2018-04-24T12:45:41+00:00\" \/>\n<meta property=\"og:image\" content=\"https:\/\/www.naturparkmagazin.de\/stechlin\/wp-content\/uploads\/sites\/38\/Orchideen.jpg\" \/>\n\t<meta property=\"og:image:width\" content=\"200\" \/>\n\t<meta property=\"og:image:height\" content=\"200\" \/>\n\t<meta property=\"og:image:type\" content=\"image\/jpeg\" \/>\n<meta name=\"author\" content=\"marioschrumpf\" \/>\n<meta name=\"twitter:label1\" content=\"Verfasst von\" \/>\n\t<meta name=\"twitter:data1\" content=\"marioschrumpf\" \/>\n\t<meta name=\"twitter:label2\" content=\"Gesch\u00e4tzte Lesezeit\" \/>\n\t<meta name=\"twitter:data2\" content=\"1\u00a0Minute\" \/>\n<script type=\"application\/ld+json\" class=\"yoast-schema-graph\">{\"@context\":\"https:\/\/schema.org\",\"@graph\":[{\"@type\":\"WebPage\",\"@id\":\"https:\/\/www.naturparkmagazin.de\/stechlin\/orchideen-hueppen-oder-warum-sie-auch-knabenkraeuter-heissen\/\",\"url\":\"https:\/\/www.naturparkmagazin.de\/stechlin\/orchideen-hueppen-oder-warum-sie-auch-knabenkraeuter-heissen\/\",\"name\":\"Orchideen h\u00fcppen, oder warum sie auch Knabenkr\u00e4uter hei\u00dfen\u2026 - Naturpark Stechlin-Ruppiner Land\",\"isPartOf\":{\"@id\":\"https:\/\/www.naturparkmagazin.de\/stechlin\/#website\"},\"datePublished\":\"2018-04-14T08:30:21+00:00\",\"dateModified\":\"2018-04-24T12:45:41+00:00\",\"author\":{\"@id\":\"https:\/\/www.naturparkmagazin.de\/stechlin\/#\/schema\/person\/3f0d93203df21c806dd63c76d9bb28bc\"},\"breadcrumb\":{\"@id\":\"https:\/\/www.naturparkmagazin.de\/stechlin\/orchideen-hueppen-oder-warum-sie-auch-knabenkraeuter-heissen\/#breadcrumb\"},\"inLanguage\":\"de\",\"potentialAction\":[{\"@type\":\"ReadAction\",\"target\":[\"https:\/\/www.naturparkmagazin.de\/stechlin\/orchideen-hueppen-oder-warum-sie-auch-knabenkraeuter-heissen\/\"]}]},{\"@type\":\"BreadcrumbList\",\"@id\":\"https:\/\/www.naturparkmagazin.de\/stechlin\/orchideen-hueppen-oder-warum-sie-auch-knabenkraeuter-heissen\/#breadcrumb\",\"itemListElement\":[{\"@type\":\"ListItem\",\"position\":1,\"name\":\"Home\",\"item\":\"https:\/\/www.naturparkmagazin.de\/stechlin\/\"},{\"@type\":\"ListItem\",\"position\":2,\"name\":\"Orchideen h\u00fcppen, oder warum sie auch Knabenkr\u00e4uter hei\u00dfen\u2026\"}]},{\"@type\":\"WebSite\",\"@id\":\"https:\/\/www.naturparkmagazin.de\/stechlin\/#website\",\"url\":\"https:\/\/www.naturparkmagazin.de\/stechlin\/\",\"name\":\"Naturpark Stechlin-Ruppiner Land\",\"description\":\"\",\"potentialAction\":[{\"@type\":\"SearchAction\",\"target\":{\"@type\":\"EntryPoint\",\"urlTemplate\":\"https:\/\/www.naturparkmagazin.de\/stechlin\/?s={search_term_string}\"},\"query-input\":\"required name=search_term_string\"}],\"inLanguage\":\"de\"},{\"@type\":\"Person\",\"@id\":\"https:\/\/www.naturparkmagazin.de\/stechlin\/#\/schema\/person\/3f0d93203df21c806dd63c76d9bb28bc\",\"name\":\"marioschrumpf\",\"url\":\"https:\/\/www.naturparkmagazin.de\/stechlin\/author\/marioschrumpf\/\"}]}<\/script>\n<!-- \/ Yoast SEO plugin. -->","yoast_head_json":{"title":"Orchideen h\u00fcppen, oder warum sie auch Knabenkr\u00e4uter hei\u00dfen\u2026 - Naturpark Stechlin-Ruppiner Land","robots":{"index":"index","follow":"follow","max-snippet":"max-snippet:-1","max-image-preview":"max-image-preview:large","max-video-preview":"max-video-preview:-1"},"canonical":"https:\/\/www.naturparkmagazin.de\/stechlin\/orchideen-hueppen-oder-warum-sie-auch-knabenkraeuter-heissen\/","og_locale":"de_DE","og_type":"article","og_title":"Orchideen h\u00fcppen, oder warum sie auch Knabenkr\u00e4uter hei\u00dfen\u2026 - Naturpark Stechlin-Ruppiner Land","og_description":"Zu einer kleine Reise mit Kaffee und Kuchen laden die Kolleginnen der Naturwacht im Rahmen einer Rangererlebnistour am 26. Mai ein.","og_url":"https:\/\/www.naturparkmagazin.de\/stechlin\/orchideen-hueppen-oder-warum-sie-auch-knabenkraeuter-heissen\/","og_site_name":"Naturpark Stechlin-Ruppiner Land","article_published_time":"2018-04-14T08:30:21+00:00","article_modified_time":"2018-04-24T12:45:41+00:00","og_image":[{"width":200,"height":200,"url":"https:\/\/www.naturparkmagazin.de\/stechlin\/wp-content\/uploads\/sites\/38\/Orchideen.jpg","type":"image\/jpeg"}],"author":"marioschrumpf","twitter_misc":{"Verfasst von":"marioschrumpf","Gesch\u00e4tzte Lesezeit":"1\u00a0Minute"},"schema":{"@context":"https:\/\/schema.org","@graph":[{"@type":"WebPage","@id":"https:\/\/www.naturparkmagazin.de\/stechlin\/orchideen-hueppen-oder-warum-sie-auch-knabenkraeuter-heissen\/","url":"https:\/\/www.naturparkmagazin.de\/stechlin\/orchideen-hueppen-oder-warum-sie-auch-knabenkraeuter-heissen\/","name":"Orchideen h\u00fcppen, oder warum sie auch Knabenkr\u00e4uter hei\u00dfen\u2026 - Naturpark Stechlin-Ruppiner Land","isPartOf":{"@id":"https:\/\/www.naturparkmagazin.de\/stechlin\/#website"},"datePublished":"2018-04-14T08:30:21+00:00","dateModified":"2018-04-24T12:45:41+00:00","author":{"@id":"https:\/\/www.naturparkmagazin.de\/stechlin\/#\/schema\/person\/3f0d93203df21c806dd63c76d9bb28bc"},"breadcrumb":{"@id":"https:\/\/www.naturparkmagazin.de\/stechlin\/orchideen-hueppen-oder-warum-sie-auch-knabenkraeuter-heissen\/#breadcrumb"},"inLanguage":"de","potentialAction":[{"@type":"ReadAction","target":["https:\/\/www.naturparkmagazin.de\/stechlin\/orchideen-hueppen-oder-warum-sie-auch-knabenkraeuter-heissen\/"]}]},{"@type":"BreadcrumbList","@id":"https:\/\/www.naturparkmagazin.de\/stechlin\/orchideen-hueppen-oder-warum-sie-auch-knabenkraeuter-heissen\/#breadcrumb","itemListElement":[{"@type":"ListItem","position":1,"name":"Home","item":"https:\/\/www.naturparkmagazin.de\/stechlin\/"},{"@type":"ListItem","position":2,"name":"Orchideen h\u00fcppen, oder warum sie auch Knabenkr\u00e4uter hei\u00dfen\u2026"}]},{"@type":"WebSite","@id":"https:\/\/www.naturparkmagazin.de\/stechlin\/#website","url":"https:\/\/www.naturparkmagazin.de\/stechlin\/","name":"Naturpark Stechlin-Ruppiner Land","description":"","potentialAction":[{"@type":"SearchAction","target":{"@type":"EntryPoint","urlTemplate":"https:\/\/www.naturparkmagazin.de\/stechlin\/?s={search_term_string}"},"query-input":"required name=search_term_string"}],"inLanguage":"de"},{"@type":"Person","@id":"https:\/\/www.naturparkmagazin.de\/stechlin\/#\/schema\/person\/3f0d93203df21c806dd63c76d9bb28bc","name":"marioschrumpf","url":"https:\/\/www.naturparkmagazin.de\/stechlin\/author\/marioschrumpf\/"}]}},"_links":{"self":[{"href":"https:\/\/www.naturparkmagazin.de\/stechlin\/wp-json\/wp\/v2\/posts\/5453"}],"collection":[{"href":"https:\/\/www.naturparkmagazin.de\/stechlin\/wp-json\/wp\/v2\/posts"}],"about":[{"href":"https:\/\/www.naturparkmagazin.de\/stechlin\/wp-json\/wp\/v2\/types\/post"}],"author":[{"embeddable":true,"href":"https:\/\/www.naturparkmagazin.de\/stechlin\/wp-json\/wp\/v2\/users\/39"}],"replies":[{"embeddable":true,"href":"https:\/\/www.naturparkmagazin.de\/stechlin\/wp-json\/wp\/v2\/comments?post=5453"}],"version-history":[{"count":6,"href":"https:\/\/www.naturparkmagazin.de\/stechlin\/wp-json\/wp\/v2\/posts\/5453\/revisions"}],"predecessor-version":[{"id":6955,"href":"https:\/\/www.naturparkmagazin.de\/stechlin\/wp-json\/wp\/v2\/posts\/5453\/revisions\/6955"}],"wp:featuredmedia":[{"embeddable":true,"href":"https:\/\/www.naturparkmagazin.de\/stechlin\/wp-json\/wp\/v2\/media\/5454"}],"wp:attachment":[{"href":"https:\/\/www.naturparkmagazin.de\/stechlin\/wp-json\/wp\/v2\/media?parent=5453"}],"wp:term":[{"taxonomy":"category","embeddable":true,"href":"https:\/\/www.naturparkmagazin.de\/stechlin\/wp-json\/wp\/v2\/categories?post=5453"},{"taxonomy":"post_tag","embeddable":true,"href":"https:\/\/www.naturparkmagazin.de\/stechlin\/wp-json\/wp\/v2\/tags?post=5453"}],"curies":[{"name":"wp","href":"https:\/\/api.w.org\/{rel}","templated":true}]}}