{"id":5478,"date":"2017-04-18T09:18:33","date_gmt":"2017-04-18T07:18:33","guid":{"rendered":"http:\/\/www.naturparkmagazin.de\/stechlin\/?p=5478"},"modified":"2017-04-21T10:46:01","modified_gmt":"2017-04-21T08:46:01","slug":"menzer-kita-wird-haus-der-kleinen-forscher","status":"publish","type":"post","link":"https:\/\/www.naturparkmagazin.de\/stechlin\/menzer-kita-wird-haus-der-kleinen-forscher\/","title":{"rendered":"Menzer Kita wurde &#8222;Haus der kleinen Forscher&#8220;"},"content":{"rendered":"<div id=\"attachment_5495\" style=\"width: 210px\" class=\"wp-caption alignleft\"><a href=\"https:\/\/www.naturparkmagazin.de\/stechlin\/wp-content\/uploads\/sites\/38\/Kita-Menz-060417_01.jpg\"><img aria-describedby=\"caption-attachment-5495\" decoding=\"async\" loading=\"lazy\" class=\"size-full wp-image-5495\" src=\"https:\/\/www.naturparkmagazin.de\/stechlin\/wp-content\/uploads\/sites\/38\/Kita-Menz-060417_01.jpg\" alt=\"Die zuk\u00fcnftige Naturpark-Kita Menz wurde von der IHK mit dem Titel &quot;Haus der kleinen Forscher&quot; ausgezeichnet.\" width=\"200\" height=\"300\" \/><\/a><p id=\"caption-attachment-5495\" class=\"wp-caption-text\">Die zuk\u00fcnftige Naturpark-Kita Menz wurde von der IHK mit dem Titel &#8222;Haus der kleinen Forscher&#8220; ausgezeichnet.<\/p><\/div>\n<p>&nbsp;<\/p>\n<p>&nbsp;<\/p>\n<p>&nbsp;<\/p>\n<p>&nbsp;<\/p>\n<p>&nbsp;<\/p>\n<p>&nbsp;<\/p>\n<p>&nbsp;<\/p>\n<p>&nbsp;<\/p>\n<p>&nbsp;<\/p>\n<p>&nbsp;<\/p>\n<p>&nbsp;<\/p>\n<p>&nbsp;<\/p>\n<p>&nbsp;<\/p>\n<p>Gro\u00dfer Bahnhof in der Menzer Kita am 6. April. Die IHK Potsdam \u00fcberreicht die Zertifizierung f\u00fcr das &#8222;<em>Haus der kleinen Forscher<\/em>&#8222;.<\/p>\n<div id=\"attachment_5496\" style=\"width: 310px\" class=\"wp-caption alignleft\"><a href=\"https:\/\/www.naturparkmagazin.de\/stechlin\/wp-content\/uploads\/sites\/38\/Kita-Menz-060417_021.jpg\"><img aria-describedby=\"caption-attachment-5496\" decoding=\"async\" loading=\"lazy\" class=\"size-thumbnail wp-image-5496\" src=\"https:\/\/www.naturparkmagazin.de\/stechlin\/wp-content\/uploads\/sites\/38\/Kita-Menz-060417_021-300x180.jpg\" alt=\"Stolz nehmen die Kids die Auszeichnung entgegen.\" width=\"300\" height=\"180\" srcset=\"https:\/\/www.naturparkmagazin.de\/stechlin\/wp-content\/uploads\/sites\/38\/Kita-Menz-060417_021-300x180.jpg 300w, https:\/\/www.naturparkmagazin.de\/stechlin\/wp-content\/uploads\/sites\/38\/Kita-Menz-060417_021.jpg 500w, https:\/\/www.naturparkmagazin.de\/stechlin\/wp-content\/uploads\/sites\/38\/Kita-Menz-060417_021-200x120.jpg 200w\" sizes=\"(max-width: 300px) 100vw, 300px\" \/><\/a><p id=\"caption-attachment-5496\" class=\"wp-caption-text\">Stolz nehmen die Kids die Auszeichnung entgegen.<\/p><\/div>\n<p>&nbsp;<\/p>\n<p>&nbsp;<\/p>\n<p>&nbsp;<\/p>\n<p>&nbsp;<\/p>\n<p>&nbsp;<\/p>\n<p>&nbsp;<\/p>\n<p>&nbsp;<\/p>\n<p>&nbsp;<\/p>\n<p>F\u00fcr ihr kontinuierliches Engagement f\u00fcr die F\u00f6rderung fr\u00fcher Bildung im Bereich Naturwissenschaften, Mathematik und Technik erh\u00e4lt die Kita diesen Titel.<\/p>\n<div id=\"attachment_5497\" style=\"width: 310px\" class=\"wp-caption alignleft\"><a href=\"https:\/\/www.naturparkmagazin.de\/stechlin\/wp-content\/uploads\/sites\/38\/Kita-Menz-060417_026.jpg\"><img aria-describedby=\"caption-attachment-5497\" decoding=\"async\" loading=\"lazy\" class=\"size-thumbnail wp-image-5497\" src=\"https:\/\/www.naturparkmagazin.de\/stechlin\/wp-content\/uploads\/sites\/38\/Kita-Menz-060417_026-300x180.jpg\" alt=\"Beim Mitmachlied waren alle in Bewegung.\" width=\"300\" height=\"180\" srcset=\"https:\/\/www.naturparkmagazin.de\/stechlin\/wp-content\/uploads\/sites\/38\/Kita-Menz-060417_026-300x180.jpg 300w, https:\/\/www.naturparkmagazin.de\/stechlin\/wp-content\/uploads\/sites\/38\/Kita-Menz-060417_026.jpg 500w, https:\/\/www.naturparkmagazin.de\/stechlin\/wp-content\/uploads\/sites\/38\/Kita-Menz-060417_026-200x120.jpg 200w\" sizes=\"(max-width: 300px) 100vw, 300px\" \/><\/a><p id=\"caption-attachment-5497\" class=\"wp-caption-text\">Beim Mitmachlied waren alle in Bewegung.<\/p><\/div>\n<p>&nbsp;<\/p>\n<p>&nbsp;<\/p>\n<p>&nbsp;<\/p>\n<p>&nbsp;<\/p>\n<p>&nbsp;<\/p>\n<p>&nbsp;<\/p>\n<p>&nbsp;<\/p>\n<p>&nbsp;<\/p>\n<p>In einer kleinen Gespr\u00e4chsrunde wurden Elternvertreter, Kooperationspartner und Vertreter des Kitatr\u00e4gers Amt Gransee und Gemeinden \u00fcber die Hintergr\u00fcnde des Projektes informiert. W\u00e4hrenddessen hatten die Kinder mit helfenden Eltern die M\u00f6glichkeit zu experimentieren, zu forschen und zu spielen.<\/p>\n<p>&nbsp;<\/p>\n<div id=\"attachment_5498\" style=\"width: 310px\" class=\"wp-caption alignleft\"><a href=\"https:\/\/www.naturparkmagazin.de\/stechlin\/wp-content\/uploads\/sites\/38\/Kita-Menz-060417_07.jpg\"><img aria-describedby=\"caption-attachment-5498\" decoding=\"async\" loading=\"lazy\" class=\"size-thumbnail wp-image-5498\" src=\"https:\/\/www.naturparkmagazin.de\/stechlin\/wp-content\/uploads\/sites\/38\/Kita-Menz-060417_07-300x180.jpg\" alt=\"Die Netzwerkpartner der Menzer Kita sind gern der Einladung gefolgt.\" width=\"300\" height=\"180\" srcset=\"https:\/\/www.naturparkmagazin.de\/stechlin\/wp-content\/uploads\/sites\/38\/Kita-Menz-060417_07-300x180.jpg 300w, https:\/\/www.naturparkmagazin.de\/stechlin\/wp-content\/uploads\/sites\/38\/Kita-Menz-060417_07.jpg 500w, https:\/\/www.naturparkmagazin.de\/stechlin\/wp-content\/uploads\/sites\/38\/Kita-Menz-060417_07-200x120.jpg 200w\" sizes=\"(max-width: 300px) 100vw, 300px\" \/><\/a><p id=\"caption-attachment-5498\" class=\"wp-caption-text\">Die Netzwerkpartner der Menzer Kita sind gern der Einladung gefolgt.<\/p><\/div>\n","protected":false},"excerpt":{"rendered":"<p>Gro\u00dfer Bahnhof in der Menzer Kita am 6. April. Die IHK Potsdam \u00fcberreicht die Zertifizierung f\u00fcr das &#8222;Haus der kleinen Forscher&#8220;.<\/p>\n","protected":false},"author":39,"featured_media":5494,"comment_status":"open","ping_status":"open","sticky":false,"template":"","format":"standard","meta":[],"categories":[7],"tags":[],"yoast_head":"<!-- This site is optimized with the Yoast SEO plugin v19.10 - https:\/\/yoast.com\/wordpress\/plugins\/seo\/ -->\n<title>Menzer Kita wurde &quot;Haus der kleinen Forscher&quot; - Naturpark Stechlin-Ruppiner Land<\/title>\n<meta name=\"robots\" content=\"index, follow, max-snippet:-1, max-image-preview:large, max-video-preview:-1\" \/>\n<link rel=\"canonical\" href=\"https:\/\/www.naturparkmagazin.de\/stechlin\/menzer-kita-wird-haus-der-kleinen-forscher\/\" \/>\n<meta property=\"og:locale\" content=\"de_DE\" \/>\n<meta property=\"og:type\" content=\"article\" \/>\n<meta property=\"og:title\" content=\"Menzer Kita wurde &quot;Haus der kleinen Forscher&quot; - Naturpark Stechlin-Ruppiner Land\" \/>\n<meta property=\"og:description\" content=\"Gro\u00dfer Bahnhof in der Menzer Kita am 6. April. Die IHK Potsdam \u00fcberreicht die Zertifizierung f\u00fcr das &quot;Haus der kleinen Forscher&quot;.\" \/>\n<meta property=\"og:url\" content=\"https:\/\/www.naturparkmagazin.de\/stechlin\/menzer-kita-wird-haus-der-kleinen-forscher\/\" \/>\n<meta property=\"og:site_name\" content=\"Naturpark Stechlin-Ruppiner Land\" \/>\n<meta property=\"article:published_time\" content=\"2017-04-18T07:18:33+00:00\" \/>\n<meta property=\"article:modified_time\" content=\"2017-04-21T08:46:01+00:00\" \/>\n<meta property=\"og:image\" content=\"https:\/\/www.naturparkmagazin.de\/stechlin\/wp-content\/uploads\/sites\/38\/Kita-Menz-060417_11.jpg\" \/>\n\t<meta property=\"og:image:width\" content=\"200\" \/>\n\t<meta property=\"og:image:height\" content=\"200\" \/>\n\t<meta property=\"og:image:type\" content=\"image\/jpeg\" \/>\n<meta name=\"author\" content=\"marioschrumpf\" \/>\n<meta name=\"twitter:label1\" content=\"Verfasst von\" \/>\n\t<meta name=\"twitter:data1\" content=\"marioschrumpf\" \/>\n\t<meta name=\"twitter:label2\" content=\"Gesch\u00e4tzte Lesezeit\" \/>\n\t<meta name=\"twitter:data2\" content=\"1\u00a0Minute\" \/>\n<script type=\"application\/ld+json\" class=\"yoast-schema-graph\">{\"@context\":\"https:\/\/schema.org\",\"@graph\":[{\"@type\":\"WebPage\",\"@id\":\"https:\/\/www.naturparkmagazin.de\/stechlin\/menzer-kita-wird-haus-der-kleinen-forscher\/\",\"url\":\"https:\/\/www.naturparkmagazin.de\/stechlin\/menzer-kita-wird-haus-der-kleinen-forscher\/\",\"name\":\"Menzer Kita wurde \\\"Haus der kleinen Forscher\\\" - Naturpark Stechlin-Ruppiner Land\",\"isPartOf\":{\"@id\":\"https:\/\/www.naturparkmagazin.de\/stechlin\/#website\"},\"datePublished\":\"2017-04-18T07:18:33+00:00\",\"dateModified\":\"2017-04-21T08:46:01+00:00\",\"author\":{\"@id\":\"https:\/\/www.naturparkmagazin.de\/stechlin\/#\/schema\/person\/3f0d93203df21c806dd63c76d9bb28bc\"},\"breadcrumb\":{\"@id\":\"https:\/\/www.naturparkmagazin.de\/stechlin\/menzer-kita-wird-haus-der-kleinen-forscher\/#breadcrumb\"},\"inLanguage\":\"de\",\"potentialAction\":[{\"@type\":\"ReadAction\",\"target\":[\"https:\/\/www.naturparkmagazin.de\/stechlin\/menzer-kita-wird-haus-der-kleinen-forscher\/\"]}]},{\"@type\":\"BreadcrumbList\",\"@id\":\"https:\/\/www.naturparkmagazin.de\/stechlin\/menzer-kita-wird-haus-der-kleinen-forscher\/#breadcrumb\",\"itemListElement\":[{\"@type\":\"ListItem\",\"position\":1,\"name\":\"Home\",\"item\":\"https:\/\/www.naturparkmagazin.de\/stechlin\/\"},{\"@type\":\"ListItem\",\"position\":2,\"name\":\"Menzer Kita wurde &#8222;Haus der kleinen Forscher&#8220;\"}]},{\"@type\":\"WebSite\",\"@id\":\"https:\/\/www.naturparkmagazin.de\/stechlin\/#website\",\"url\":\"https:\/\/www.naturparkmagazin.de\/stechlin\/\",\"name\":\"Naturpark Stechlin-Ruppiner Land\",\"description\":\"\",\"potentialAction\":[{\"@type\":\"SearchAction\",\"target\":{\"@type\":\"EntryPoint\",\"urlTemplate\":\"https:\/\/www.naturparkmagazin.de\/stechlin\/?s={search_term_string}\"},\"query-input\":\"required name=search_term_string\"}],\"inLanguage\":\"de\"},{\"@type\":\"Person\",\"@id\":\"https:\/\/www.naturparkmagazin.de\/stechlin\/#\/schema\/person\/3f0d93203df21c806dd63c76d9bb28bc\",\"name\":\"marioschrumpf\",\"url\":\"https:\/\/www.naturparkmagazin.de\/stechlin\/author\/marioschrumpf\/\"}]}<\/script>\n<!-- \/ Yoast SEO plugin. -->","yoast_head_json":{"title":"Menzer Kita wurde \"Haus der kleinen Forscher\" - Naturpark Stechlin-Ruppiner Land","robots":{"index":"index","follow":"follow","max-snippet":"max-snippet:-1","max-image-preview":"max-image-preview:large","max-video-preview":"max-video-preview:-1"},"canonical":"https:\/\/www.naturparkmagazin.de\/stechlin\/menzer-kita-wird-haus-der-kleinen-forscher\/","og_locale":"de_DE","og_type":"article","og_title":"Menzer Kita wurde \"Haus der kleinen Forscher\" - Naturpark Stechlin-Ruppiner Land","og_description":"Gro\u00dfer Bahnhof in der Menzer Kita am 6. April. Die IHK Potsdam \u00fcberreicht die Zertifizierung f\u00fcr das \"Haus der kleinen Forscher\".","og_url":"https:\/\/www.naturparkmagazin.de\/stechlin\/menzer-kita-wird-haus-der-kleinen-forscher\/","og_site_name":"Naturpark Stechlin-Ruppiner Land","article_published_time":"2017-04-18T07:18:33+00:00","article_modified_time":"2017-04-21T08:46:01+00:00","og_image":[{"width":200,"height":200,"url":"https:\/\/www.naturparkmagazin.de\/stechlin\/wp-content\/uploads\/sites\/38\/Kita-Menz-060417_11.jpg","type":"image\/jpeg"}],"author":"marioschrumpf","twitter_misc":{"Verfasst von":"marioschrumpf","Gesch\u00e4tzte Lesezeit":"1\u00a0Minute"},"schema":{"@context":"https:\/\/schema.org","@graph":[{"@type":"WebPage","@id":"https:\/\/www.naturparkmagazin.de\/stechlin\/menzer-kita-wird-haus-der-kleinen-forscher\/","url":"https:\/\/www.naturparkmagazin.de\/stechlin\/menzer-kita-wird-haus-der-kleinen-forscher\/","name":"Menzer Kita wurde \"Haus der kleinen Forscher\" - Naturpark Stechlin-Ruppiner Land","isPartOf":{"@id":"https:\/\/www.naturparkmagazin.de\/stechlin\/#website"},"datePublished":"2017-04-18T07:18:33+00:00","dateModified":"2017-04-21T08:46:01+00:00","author":{"@id":"https:\/\/www.naturparkmagazin.de\/stechlin\/#\/schema\/person\/3f0d93203df21c806dd63c76d9bb28bc"},"breadcrumb":{"@id":"https:\/\/www.naturparkmagazin.de\/stechlin\/menzer-kita-wird-haus-der-kleinen-forscher\/#breadcrumb"},"inLanguage":"de","potentialAction":[{"@type":"ReadAction","target":["https:\/\/www.naturparkmagazin.de\/stechlin\/menzer-kita-wird-haus-der-kleinen-forscher\/"]}]},{"@type":"BreadcrumbList","@id":"https:\/\/www.naturparkmagazin.de\/stechlin\/menzer-kita-wird-haus-der-kleinen-forscher\/#breadcrumb","itemListElement":[{"@type":"ListItem","position":1,"name":"Home","item":"https:\/\/www.naturparkmagazin.de\/stechlin\/"},{"@type":"ListItem","position":2,"name":"Menzer Kita wurde &#8222;Haus der kleinen Forscher&#8220;"}]},{"@type":"WebSite","@id":"https:\/\/www.naturparkmagazin.de\/stechlin\/#website","url":"https:\/\/www.naturparkmagazin.de\/stechlin\/","name":"Naturpark Stechlin-Ruppiner Land","description":"","potentialAction":[{"@type":"SearchAction","target":{"@type":"EntryPoint","urlTemplate":"https:\/\/www.naturparkmagazin.de\/stechlin\/?s={search_term_string}"},"query-input":"required name=search_term_string"}],"inLanguage":"de"},{"@type":"Person","@id":"https:\/\/www.naturparkmagazin.de\/stechlin\/#\/schema\/person\/3f0d93203df21c806dd63c76d9bb28bc","name":"marioschrumpf","url":"https:\/\/www.naturparkmagazin.de\/stechlin\/author\/marioschrumpf\/"}]}},"_links":{"self":[{"href":"https:\/\/www.naturparkmagazin.de\/stechlin\/wp-json\/wp\/v2\/posts\/5478"}],"collection":[{"href":"https:\/\/www.naturparkmagazin.de\/stechlin\/wp-json\/wp\/v2\/posts"}],"about":[{"href":"https:\/\/www.naturparkmagazin.de\/stechlin\/wp-json\/wp\/v2\/types\/post"}],"author":[{"embeddable":true,"href":"https:\/\/www.naturparkmagazin.de\/stechlin\/wp-json\/wp\/v2\/users\/39"}],"replies":[{"embeddable":true,"href":"https:\/\/www.naturparkmagazin.de\/stechlin\/wp-json\/wp\/v2\/comments?post=5478"}],"version-history":[{"count":5,"href":"https:\/\/www.naturparkmagazin.de\/stechlin\/wp-json\/wp\/v2\/posts\/5478\/revisions"}],"predecessor-version":[{"id":5499,"href":"https:\/\/www.naturparkmagazin.de\/stechlin\/wp-json\/wp\/v2\/posts\/5478\/revisions\/5499"}],"wp:featuredmedia":[{"embeddable":true,"href":"https:\/\/www.naturparkmagazin.de\/stechlin\/wp-json\/wp\/v2\/media\/5494"}],"wp:attachment":[{"href":"https:\/\/www.naturparkmagazin.de\/stechlin\/wp-json\/wp\/v2\/media?parent=5478"}],"wp:term":[{"taxonomy":"category","embeddable":true,"href":"https:\/\/www.naturparkmagazin.de\/stechlin\/wp-json\/wp\/v2\/categories?post=5478"},{"taxonomy":"post_tag","embeddable":true,"href":"https:\/\/www.naturparkmagazin.de\/stechlin\/wp-json\/wp\/v2\/tags?post=5478"}],"curies":[{"name":"wp","href":"https:\/\/api.w.org\/{rel}","templated":true}]}}